{"id":35245,"date":"2026-03-01T09:12:29","date_gmt":"2026-03-01T08:12:29","guid":{"rendered":"https:\/\/veritasinfo.org\/?p=35245"},"modified":"2026-03-01T09:12:29","modified_gmt":"2026-03-01T08:12:29","slug":"rrefimi-i-sheremet-sejdiut-si-iu-vrane-kater-djeme-nga-forcat-serbe","status":"publish","type":"post","link":"https:\/\/veritasinfo.org\/?p=35245","title":{"rendered":"Rr\u00ebfimi i Sheremet Sejdiut, si iu vran\u00eb kat\u00ebr djem\u00eb nga forcat serbe"},"content":{"rendered":"<p>Skenderaj, 1 mars 2026 09:10<\/p>\n<p>\u00c7do 28 shkurt, od\u00ebn e sht\u00ebpis\u00eb s\u00eb tij e hap p\u00ebr mysafir\u00eb t\u00eb shumt\u00eb.<\/p>\n<p>Sheremet Sejdiu, brenda saj ka edhe shum\u00eb kujtime q\u00eb p\u00ebrkojn\u00eb me k\u00ebt\u00eb dat\u00eb.<\/p>\n<p>N\u00eb oborrin e sht\u00ebpis\u00eb n\u00eb \u00c7irez t\u00eb Skenderajt, para 28 vitesh atij iu vran\u00eb nga forcat serbe kat\u00ebr djemt\u00eb e tij.<\/p>\n<p>E mallin p\u00ebr ta e heq duke shikuar fotografit\u00eb e tyre q\u00eb i ka t\u00eb vendosura n\u00eb ball\u00eb t\u00eb saj.<\/p>\n<p>Sejdiu, tash 84-vje\u00e7ar e ka ende t\u00eb fresk\u00ebt momentin kur morri vesh se kat\u00ebr djemt\u00eb e tij nuk jetojn\u00eb m\u00eb.<\/p>\n<p>\u201cHina thash\u00eb t\u2019i shoh\u00eb robt\u00eb, gruja pom thot\u00eb mbet\u00ebm pa djem\u00eb, a e pe tha, po, thash\u00eb si ke pa more po le qysh ka th\u00ebn\u00eb zoti s\u2019dijsha kah me ja majt\u00eb, po thom\u00eb o n\u00eb dor\u00eb t\u00eb zotit skem qa me b\u00eb. Kur dal nj\u00eb re e Halimit i pash\u00eb dy posht\u00eb thash\u00eb dy kokan t\u00eb vram\u00eb, kur erdha aty dy mrena k\u00ebtu, u kan\u00eb Nazmia dhe Bekimi t\u00eb vrar\u00eb, t\u00eb nes\u00ebrmen i kan\u00eb marr\u00eb Bedrin dhe Beqirin andej n\u00eb lug\u00eb i kan\u00eb pru k\u00ebtu mrena. Ndaq 10 mij\u00eb, 20 mij\u00eb jan\u00eb kan\u00eb, ran\u00eb, por ne prej serbit kur s\u2019kem prit\u00eb mir\u00eb o vllau jem\u201d , thot\u00eb Shermet Sejdiu, babai i kat\u00ebr djem\u00ebve t\u00eb vrar\u00eb.<\/p>\n<p>Tragjedin\u00eb, Sejdiu e p\u00ebrjetoi r\u00ebnd\u00eb. Forc\u00ebn p\u00ebr ta p\u00ebrballuar dhimbjen, thot\u00eb se e gjeti tek Zoti.<\/p>\n<p>\u201cE gjeta forc\u00ebn te Zoti te njer\u00ebzit qysh njer\u00ebzit njer\u00ebzit e menq\u00ebm dijshin pajtojshin folshin fjal\u00eb, e marrshe at\u00eb fjal\u00eb e ngoj sa mir\u00eb fole ti, sa mir\u00eb fole ti edhe iu kam mb\u00ebshtet\u00eb zotit, qatyne fjal\u00ebve t\u00eb mira, e paska shkru zoti qashtu, duhet me u pajtu\u2026 Sm\u00eb ka nz\u00ebn\u00eb gjumi i kam marr\u00eb n\u00eb gryk\u00eb, jam shku e jam ra, sm\u00eb ka nij ai daja, e morra Beqirin, edhe Bekimin, qetu n\u00eb q\u00ebt an\u00eb jan\u00eb kan\u00eb bineqt s\u2019mi kan\u00eb nda U\u00c7K-ja, beso kat\u00ebr her\u00eb kam ardh\u00eb i kam marr\u00eb n\u00eb gryk\u00eb t\u00eb kat\u00ebrtit mos ta l\u00eb nj\u00ebrin po t\u00eb kat\u00ebrtit\u201d, thot\u00eb ai p\u00ebr T\u00ebv\u00eb1.<\/p>\n<p>Kufomat e kat\u00ebr djemve, para lamtumir\u00ebs s\u00eb fundit, Sejdiu i mbuloi me flamurin komb\u00ebtar.<\/p>\n<p>Ky moment u p\u00ebrjet\u00ebsua p\u00ebrmes k\u00ebsaj fotografie.<\/p>\n<p>\u201cA mundesh me ardh\u00eb me u ul\u00eb k\u00ebmb\u00ebkryq, thash\u00eb po vallai kurdush, bile ma b\u00ebjke dikush mbuloi kufomat ja po shkoj pot bij \u00e7ar\u00e7af\u00eb, i thash\u00eb o kumbar\u00eb nuk jan\u00eb si te Braimi i Ajetit, Brahimi i ka marr\u00eb k\u00ebtu i ka pru n\u00eb sht\u00ebpi, mu mi kan\u00eb thy me dyer e dritare po kan\u00eb qef me i pa ushtria k\u00ebrrsh me gja krejt mos i mlo thash\u00eb qaty ka me il\u00ebn\u00eb ata htojshin let\u00eb viojn\u00eb te shohin \u00e7ka kan\u00eb b\u00ebr\u00eb k\u00ebtu, kan\u00eb vrar\u00eb\u201d, shprehet Sjediu.<\/p>\n<p>P\u00ebrball\u00eb sht\u00ebpis\u00eb, Sejdiu e ka t\u00eb vendosur lapidarin e t\u00eb kat\u00ebr djemve, p\u00ebr t\u00eb cilin ai p\u00ebrkujdeset \u00e7do dit\u00eb.<\/p>\n","protected":false},"excerpt":{"rendered":"<p>Skenderaj, 1 mars 2026 09:10 \u00c7do 28 shkurt, od\u00ebn e sht\u00ebpis\u00eb s\u00eb tij e hap p\u00ebr mysafir\u00eb t\u00eb shumt\u00eb. Sheremet Sejdiu, brenda saj ka edhe<\/p>\n","protected":false},"author":7,"featured_media":35246,"comment_status":"open","ping_status":"open","sticky":false,"template":"","format":"standard","meta":{"footnotes":""},"categories":[60],"tags":[],"class_list":["post-35245","post","type-post","status-publish","format-standard","has-post-thumbnail","hentry","category-shoqerore-sq"],"yoast_head":"<!-- This site is optimized with the Yoast SEO plugin v25.3.1 - https:\/\/yoast.com\/wordpress\/plugins\/seo\/ -->\n<title>Rr\u00ebfimi i Sheremet Sejdiut, si iu vran\u00eb kat\u00ebr djem\u00eb nga forcat serbe -<\/title>\n<meta name=\"robots\" content=\"index, follow, max-snippet:-1, max-image-preview:large, max-video-preview:-1\" \/>\n<link rel=\"canonical\" href=\"https:\/\/veritasinfo.org\/?p=35245\" \/>\n<meta property=\"og:locale\" content=\"en_US\" \/>\n<meta property=\"og:type\" content=\"article\" \/>\n<meta property=\"og:title\" content=\"Rr\u00ebfimi i Sheremet Sejdiut, si iu vran\u00eb kat\u00ebr djem\u00eb nga forcat serbe -\" \/>\n<meta property=\"og:description\" content=\"Skenderaj, 1 mars 2026 09:10 \u00c7do 28 shkurt, od\u00ebn e sht\u00ebpis\u00eb s\u00eb tij e hap p\u00ebr mysafir\u00eb t\u00eb shumt\u00eb. Sheremet Sejdiu, brenda saj ka edhe\" \/>\n<meta property=\"og:url\" content=\"https:\/\/veritasinfo.org\/?p=35245\" \/>\n<meta property=\"article:published_time\" content=\"2026-03-01T08:12:29+00:00\" \/>\n<meta property=\"og:image\" content=\"https:\/\/veritasinfo.org\/wp-content\/uploads\/2026\/03\/images.jpeg\" \/>\n\t<meta property=\"og:image:width\" content=\"575\" \/>\n\t<meta property=\"og:image:height\" content=\"347\" \/>\n\t<meta property=\"og:image:type\" content=\"image\/jpeg\" \/>\n<meta name=\"author\" content=\"US6\" \/>\n<meta name=\"twitter:card\" content=\"summary_large_image\" \/>\n<meta name=\"twitter:label1\" content=\"Written by\" \/>\n\t<meta name=\"twitter:data1\" content=\"US6\" \/>\n\t<meta name=\"twitter:label2\" content=\"Est. reading time\" \/>\n\t<meta name=\"twitter:data2\" content=\"3 minutes\" \/>\n<script type=\"application\/ld+json\" class=\"yoast-schema-graph\">{\"@context\":\"https:\/\/schema.org\",\"@graph\":[{\"@type\":\"WebPage\",\"@id\":\"https:\/\/veritasinfo.org\/?p=35245\",\"url\":\"https:\/\/veritasinfo.org\/?p=35245\",\"name\":\"Rr\u00ebfimi i Sheremet Sejdiut, si iu vran\u00eb kat\u00ebr djem\u00eb nga forcat serbe -\",\"isPartOf\":{\"@id\":\"https:\/\/veritasinfo.org\/#website\"},\"primaryImageOfPage\":{\"@id\":\"https:\/\/veritasinfo.org\/?p=35245#primaryimage\"},\"image\":{\"@id\":\"https:\/\/veritasinfo.org\/?p=35245#primaryimage\"},\"thumbnailUrl\":\"https:\/\/veritasinfo.org\/wp-content\/uploads\/2026\/03\/images.jpeg\",\"datePublished\":\"2026-03-01T08:12:29+00:00\",\"author\":{\"@id\":\"https:\/\/veritasinfo.org\/#\/schema\/person\/fe199eede04c3937362892b7444747cc\"},\"breadcrumb\":{\"@id\":\"https:\/\/veritasinfo.org\/?p=35245#breadcrumb\"},\"inLanguage\":\"en-US\",\"potentialAction\":[{\"@type\":\"ReadAction\",\"target\":[\"https:\/\/veritasinfo.org\/?p=35245\"]}]},{\"@type\":\"ImageObject\",\"inLanguage\":\"en-US\",\"@id\":\"https:\/\/veritasinfo.org\/?p=35245#primaryimage\",\"url\":\"https:\/\/veritasinfo.org\/wp-content\/uploads\/2026\/03\/images.jpeg\",\"contentUrl\":\"https:\/\/veritasinfo.org\/wp-content\/uploads\/2026\/03\/images.jpeg\",\"width\":575,\"height\":347},{\"@type\":\"BreadcrumbList\",\"@id\":\"https:\/\/veritasinfo.org\/?p=35245#breadcrumb\",\"itemListElement\":[{\"@type\":\"ListItem\",\"position\":1,\"name\":\"Home\",\"item\":\"https:\/\/veritasinfo.org\/\"},{\"@type\":\"ListItem\",\"position\":2,\"name\":\"Rr\u00ebfimi i Sheremet Sejdiut, si iu vran\u00eb kat\u00ebr djem\u00eb nga forcat serbe\"}]},{\"@type\":\"WebSite\",\"@id\":\"https:\/\/veritasinfo.org\/#website\",\"url\":\"https:\/\/veritasinfo.org\/\",\"name\":\"\",\"description\":\"\",\"potentialAction\":[{\"@type\":\"SearchAction\",\"target\":{\"@type\":\"EntryPoint\",\"urlTemplate\":\"https:\/\/veritasinfo.org\/?s={search_term_string}\"},\"query-input\":{\"@type\":\"PropertyValueSpecification\",\"valueRequired\":true,\"valueName\":\"search_term_string\"}}],\"inLanguage\":\"en-US\"},{\"@type\":\"Person\",\"@id\":\"https:\/\/veritasinfo.org\/#\/schema\/person\/fe199eede04c3937362892b7444747cc\",\"name\":\"US6\",\"image\":{\"@type\":\"ImageObject\",\"inLanguage\":\"en-US\",\"@id\":\"https:\/\/veritasinfo.org\/#\/schema\/person\/image\/\",\"url\":\"https:\/\/secure.gravatar.com\/avatar\/cb16c3c31c9d23b9b8c705964598220b3014e42ff51eb540ff23cefa3ae8c15f?s=96&d=mm&r=g\",\"contentUrl\":\"https:\/\/secure.gravatar.com\/avatar\/cb16c3c31c9d23b9b8c705964598220b3014e42ff51eb540ff23cefa3ae8c15f?s=96&d=mm&r=g\",\"caption\":\"US6\"},\"url\":\"https:\/\/veritasinfo.org\/?author=7\"}]}<\/script>\n<!-- \/ Yoast SEO plugin. -->","yoast_head_json":{"title":"Rr\u00ebfimi i Sheremet Sejdiut, si iu vran\u00eb kat\u00ebr djem\u00eb nga forcat serbe -","robots":{"index":"index","follow":"follow","max-snippet":"max-snippet:-1","max-image-preview":"max-image-preview:large","max-video-preview":"max-video-preview:-1"},"canonical":"https:\/\/veritasinfo.org\/?p=35245","og_locale":"en_US","og_type":"article","og_title":"Rr\u00ebfimi i Sheremet Sejdiut, si iu vran\u00eb kat\u00ebr djem\u00eb nga forcat serbe -","og_description":"Skenderaj, 1 mars 2026 09:10 \u00c7do 28 shkurt, od\u00ebn e sht\u00ebpis\u00eb s\u00eb tij e hap p\u00ebr mysafir\u00eb t\u00eb shumt\u00eb. Sheremet Sejdiu, brenda saj ka edhe","og_url":"https:\/\/veritasinfo.org\/?p=35245","article_published_time":"2026-03-01T08:12:29+00:00","og_image":[{"width":575,"height":347,"url":"https:\/\/veritasinfo.org\/wp-content\/uploads\/2026\/03\/images.jpeg","type":"image\/jpeg"}],"author":"US6","twitter_card":"summary_large_image","twitter_misc":{"Written by":"US6","Est. reading time":"3 minutes"},"schema":{"@context":"https:\/\/schema.org","@graph":[{"@type":"WebPage","@id":"https:\/\/veritasinfo.org\/?p=35245","url":"https:\/\/veritasinfo.org\/?p=35245","name":"Rr\u00ebfimi i Sheremet Sejdiut, si iu vran\u00eb kat\u00ebr djem\u00eb nga forcat serbe -","isPartOf":{"@id":"https:\/\/veritasinfo.org\/#website"},"primaryImageOfPage":{"@id":"https:\/\/veritasinfo.org\/?p=35245#primaryimage"},"image":{"@id":"https:\/\/veritasinfo.org\/?p=35245#primaryimage"},"thumbnailUrl":"https:\/\/veritasinfo.org\/wp-content\/uploads\/2026\/03\/images.jpeg","datePublished":"2026-03-01T08:12:29+00:00","author":{"@id":"https:\/\/veritasinfo.org\/#\/schema\/person\/fe199eede04c3937362892b7444747cc"},"breadcrumb":{"@id":"https:\/\/veritasinfo.org\/?p=35245#breadcrumb"},"inLanguage":"en-US","potentialAction":[{"@type":"ReadAction","target":["https:\/\/veritasinfo.org\/?p=35245"]}]},{"@type":"ImageObject","inLanguage":"en-US","@id":"https:\/\/veritasinfo.org\/?p=35245#primaryimage","url":"https:\/\/veritasinfo.org\/wp-content\/uploads\/2026\/03\/images.jpeg","contentUrl":"https:\/\/veritasinfo.org\/wp-content\/uploads\/2026\/03\/images.jpeg","width":575,"height":347},{"@type":"BreadcrumbList","@id":"https:\/\/veritasinfo.org\/?p=35245#breadcrumb","itemListElement":[{"@type":"ListItem","position":1,"name":"Home","item":"https:\/\/veritasinfo.org\/"},{"@type":"ListItem","position":2,"name":"Rr\u00ebfimi i Sheremet Sejdiut, si iu vran\u00eb kat\u00ebr djem\u00eb nga forcat serbe"}]},{"@type":"WebSite","@id":"https:\/\/veritasinfo.org\/#website","url":"https:\/\/veritasinfo.org\/","name":"","description":"","potentialAction":[{"@type":"SearchAction","target":{"@type":"EntryPoint","urlTemplate":"https:\/\/veritasinfo.org\/?s={search_term_string}"},"query-input":{"@type":"PropertyValueSpecification","valueRequired":true,"valueName":"search_term_string"}}],"inLanguage":"en-US"},{"@type":"Person","@id":"https:\/\/veritasinfo.org\/#\/schema\/person\/fe199eede04c3937362892b7444747cc","name":"US6","image":{"@type":"ImageObject","inLanguage":"en-US","@id":"https:\/\/veritasinfo.org\/#\/schema\/person\/image\/","url":"https:\/\/secure.gravatar.com\/avatar\/cb16c3c31c9d23b9b8c705964598220b3014e42ff51eb540ff23cefa3ae8c15f?s=96&d=mm&r=g","contentUrl":"https:\/\/secure.gravatar.com\/avatar\/cb16c3c31c9d23b9b8c705964598220b3014e42ff51eb540ff23cefa3ae8c15f?s=96&d=mm&r=g","caption":"US6"},"url":"https:\/\/veritasinfo.org\/?author=7"}]}},"featured_image_urls":{"full":["https:\/\/veritasinfo.org\/wp-content\/uploads\/2026\/03\/images.jpeg",575,347,false],"thumbnail":["https:\/\/veritasinfo.org\/wp-content\/uploads\/2026\/03\/images-150x150.jpeg",150,150,true],"medium":["https:\/\/veritasinfo.org\/wp-content\/uploads\/2026\/03\/images-300x181.jpeg",300,181,true],"medium_large":["https:\/\/veritasinfo.org\/wp-content\/uploads\/2026\/03\/images.jpeg",575,347,false],"large":["https:\/\/veritasinfo.org\/wp-content\/uploads\/2026\/03\/images.jpeg",575,347,false],"1536x1536":["https:\/\/veritasinfo.org\/wp-content\/uploads\/2026\/03\/images.jpeg",575,347,false],"2048x2048":["https:\/\/veritasinfo.org\/wp-content\/uploads\/2026\/03\/images.jpeg",575,347,false],"kreeti-slider-full":["https:\/\/veritasinfo.org\/wp-content\/uploads\/2026\/03\/images.jpeg",575,347,false],"kreeti-featured":["https:\/\/veritasinfo.org\/wp-content\/uploads\/2026\/03\/images.jpeg",575,347,false],"kreeti-medium":["https:\/\/veritasinfo.org\/wp-content\/uploads\/2026\/03\/images.jpeg",575,347,false],"kreeti-medium-square":["https:\/\/veritasinfo.org\/wp-content\/uploads\/2026\/03\/images.jpeg",350,211,false]},"author_info":{"info":["US6"]},"category_info":"<a href=\"https:\/\/veritasinfo.org\/?cat=60\" rel=\"category\">Shoq\u00ebrore<\/a>","tag_info":"Shoq\u00ebrore","comment_count":"0","_links":{"self":[{"href":"https:\/\/veritasinfo.org\/index.php?rest_route=\/wp\/v2\/posts\/35245","targetHints":{"allow":["GET"]}}],"collection":[{"href":"https:\/\/veritasinfo.org\/index.php?rest_route=\/wp\/v2\/posts"}],"about":[{"href":"https:\/\/veritasinfo.org\/index.php?rest_route=\/wp\/v2\/types\/post"}],"author":[{"embeddable":true,"href":"https:\/\/veritasinfo.org\/index.php?rest_route=\/wp\/v2\/users\/7"}],"replies":[{"embeddable":true,"href":"https:\/\/veritasinfo.org\/index.php?rest_route=%2Fwp%2Fv2%2Fcomments&post=35245"}],"version-history":[{"count":1,"href":"https:\/\/veritasinfo.org\/index.php?rest_route=\/wp\/v2\/posts\/35245\/revisions"}],"predecessor-version":[{"id":35247,"href":"https:\/\/veritasinfo.org\/index.php?rest_route=\/wp\/v2\/posts\/35245\/revisions\/35247"}],"wp:featuredmedia":[{"embeddable":true,"href":"https:\/\/veritasinfo.org\/index.php?rest_route=\/wp\/v2\/media\/35246"}],"wp:attachment":[{"href":"https:\/\/veritasinfo.org\/index.php?rest_route=%2Fwp%2Fv2%2Fmedia&parent=35245"}],"wp:term":[{"taxonomy":"category","embeddable":true,"href":"https:\/\/veritasinfo.org\/index.php?rest_route=%2Fwp%2Fv2%2Fcategories&post=35245"},{"taxonomy":"post_tag","embeddable":true,"href":"https:\/\/veritasinfo.org\/index.php?rest_route=%2Fwp%2Fv2%2Ftags&post=35245"}],"curies":[{"name":"wp","href":"https:\/\/api.w.org\/{rel}","templated":true}]}}