{"id":35216,"date":"2026-02-28T19:26:05","date_gmt":"2026-02-28T18:26:05","guid":{"rendered":"https:\/\/veritasinfo.org\/?p=35216"},"modified":"2026-02-28T19:26:05","modified_gmt":"2026-02-28T18:26:05","slug":"kurti-ska-kandidat-konsensual-shpresojme-te-kete-gare-per-president","status":"publish","type":"post","link":"https:\/\/veritasinfo.org\/?p=35216","title":{"rendered":"Kurti: S\u2019ka kandidat konsensual, shpresojm\u00eb t\u00eb ket\u00eb gar\u00eb p\u00ebr president"},"content":{"rendered":"<p>Prishtin\u00eb, 28 shkurt 2026 19:22<\/p>\n<p>Kryeministri Albin Kurti, ka deklaruar se ende nuk ka nj\u00eb em\u00ebr konsensual p\u00ebr president t\u00eb shtetit, teksa ka th\u00ebn\u00eb se shpreson q\u00eb jav\u00ebn tjet\u00ebr t\u00eb ket\u00eb gar\u00eb p\u00ebr k\u00ebt\u00eb post.<\/p>\n<p>N\u00eb nj\u00eb deklarat\u00eb p\u00ebr media pas takimit me kryetarin e Partis\u00eb Demokratike t\u00eb Kosov\u00ebs, Kurti ka th\u00ebn\u00eb se \u201ckur nuk ka mund\u00ebsi p\u00ebr marr\u00ebveshje politike p\u00ebr propozime konsensuale, at\u00ebher\u00eb do t\u00eb ket\u00eb propozime partiake\u201d. Ai ka th\u00ebn\u00eb se \u201cpropozimet partiake do t\u00eb merren vesh shpejt\u201d.<\/p>\n<p>Kurti ka th\u00ebn\u00eb se Bedri Hamza nuk ka dh\u00ebn\u00eb em\u00ebr t\u00eb p\u00ebrve\u00e7\u00ebm.<\/p>\n<p>\u201cTash lajmi i mir\u00eb \u00ebsht\u00eb q\u00eb PDK-ja ka vendosur t\u00eb propozoj\u00eb nj\u00eb kandidat dhe kjo jep shpres\u00eb p\u00ebr nj\u00eb gar\u00eb interesante n\u00eb jav\u00ebn e ardhshme. Meqen\u00ebse kandidati i propozuar si konkluzion i mbledhjes s\u00eb Kryesis\u00eb s\u00eb PDK-s\u00eb do t\u00eb jet\u00eb propozim partiak, at\u00ebher\u00eb secila parti i ka propozimet e veta. Secila parti \u00ebsht\u00eb ve\u00e7mas. Ne nuk kemi arritur t\u00eb kemi nj\u00eb kandidat q\u00eb do t\u00eb ishte konsensual. S\u00eb paku jo deri tani e q\u00eb do t\u00eb shkonte p\u00ebrtej propozimeve partiake\u201d, ka th\u00ebn\u00eb Kurti.<\/p>\n<p>Pas takimit t\u00eb mbajtur sot, kryetari i PDK-s\u00eb, Bedri Hamza, tha se i ka ofruar Kurtit \u201copsionin e fundit\u201d q\u00eb PDK-ja ta propozoj\u00eb emrin e kandidatit p\u00ebr president. N\u00eb konferenc\u00eb, Hamza tha se Kurti i ka th\u00ebn\u00eb se \u201cn\u00eb k\u00ebt\u00eb rast do t\u00eb dal\u00eb edhe ai me nj\u00eb em\u00ebr\u201d. Hamza ka shtuar se e ka refuzuar \u201cgar\u00ebn\u201d duke th\u00ebn\u00eb se \u201cdihet rezultati\u201d.<\/p>\n<p>\u201cPor meqen\u00ebse kryesia e PDK-s\u00eb insiston n\u00eb propozime t\u00eb partive, at\u00ebher\u00eb si\u00e7 \u00ebsht\u00eb Bedri Hamza kryetar i PDK-s\u00eb edhe un\u00eb jam kryetar i L\u00ebvizjes Vet\u00ebvendosje, natyrisht subjekte politike t\u00eb ndara dhe konkurruese, rivale n\u00eb sken\u00ebn politike. Por po e ritheksoj q\u00eb \u00ebsht\u00eb nj\u00eb njoftim i mir\u00eb q\u00eb PDK-ja e ka diskutuar dhe e ka konstatuar q\u00eb ajo si parti ka nevoj\u00eb t\u00eb ket\u00eb propozimin e saj. Tash, ne e dim\u00eb q\u00eb si mazhoranc\u00eb i kemi 66 deputet\u00eb, nga t\u00eb cil\u00ebt 57 jan\u00eb t\u00eb L\u00ebvizjes Vet\u00ebvendosje me partner\u00ebt tan\u00eb t\u00eb koalicionit parazgjedhor Guxo dhe Alternativa. N\u00eb an\u00ebn tjet\u00ebr t\u00eb k\u00ebtij 66-shit ton\u00eb q\u00eb m\u00eb votoi p\u00ebr Kryeminist\u00ebr n\u00eb k\u00ebt\u00eb mandat t\u00eb legjislatur\u00ebs s\u00eb dhjet\u00eb, e kemi PDK-n\u00eb e cila i ka 22 deputet\u00eb, pra nj\u00eb t\u00eb tret\u00ebn e mazhoranc\u00ebs. Dhe megjithat\u00eb, ata jan\u00eb subjekti i dyt\u00eb p\u00ebr nga pesha n\u00eb Kuvendin e Republik\u00ebs dhe askush nuk mund t\u00eb jet\u00eb af\u00ebr sikur ata q\u00eb k\u00ebt\u00eb num\u00ebr 22 ta b\u00ebj\u00eb 30, duke shtuar edhe tet\u00eb n\u00ebnshkrime p\u00ebr propozimin q\u00eb do t\u00eb jet\u00eb nga ana e PDK-s\u00eb. Ta shohim tash se si do t\u00eb ec\u00eb kjo pun\u00eb, por n\u00eb rastin m\u00eb t\u00eb keq aty mund t\u00eb ndihmojm\u00eb ne, ose mund t\u2019i ndihmoj\u00eb edhe dikush tjet\u00ebr, n\u00eb m\u00ebnyr\u00eb q\u00eb t\u00eb kemi gar\u00eb. Sepse ju e dini q\u00eb aktgjykimi i Gjykat\u00ebs Kushtetuese para m\u00eb shum\u00eb se nj\u00eb dekade k\u00ebrkon q\u00eb t\u00eb ket\u00eb gar\u00eb. Pra, nuk \u00ebsht\u00eb e mundshme q\u00eb t\u00eb ket\u00eb nj\u00eb propozim dhe n\u00eb flet\u00ebvotim p\u00ebr president t\u00eb jet\u00eb ve\u00e7se nj\u00eb em\u00ebr i p\u00ebrve\u00e7\u00ebm. Andaj shpresoj q\u00eb t\u00eb kemi nj\u00eb gar\u00eb ku emrat t\u00eb dihen sa m\u00eb shpejt, por tash p\u00ebr tash ky nuk \u00ebsht\u00eb rasti\u201d, u shpreh Kurti.<\/p>\n<p>Ai ka paralajm\u00ebruar se t\u00eb diel\u00ebn do t\u00eb mbahet mbledhja e K\u00ebshillit t\u00eb P\u00ebrgjithsh\u00ebm t\u00eb L\u00ebvizjes Vet\u00ebvendosje. Ka th\u00ebn\u00eb se aty do t\u00eb diskutohet edhe \u00e7\u00ebshtja e presidentit duke e nd\u00ebrlidhur me \u201cpropozimet partiake\u201d.<\/p>\n","protected":false},"excerpt":{"rendered":"<p>Prishtin\u00eb, 28 shkurt 2026 19:22 Kryeministri Albin Kurti, ka deklaruar se ende nuk ka nj\u00eb em\u00ebr konsensual p\u00ebr president t\u00eb shtetit, teksa ka th\u00ebn\u00eb se<\/p>\n","protected":false},"author":7,"featured_media":35217,"comment_status":"open","ping_status":"open","sticky":false,"template":"","format":"standard","meta":{"footnotes":""},"categories":[58],"tags":[],"class_list":["post-35216","post","type-post","status-publish","format-standard","has-post-thumbnail","hentry","category-politike-sq"],"yoast_head":"<!-- This site is optimized with the Yoast SEO plugin v25.3.1 - https:\/\/yoast.com\/wordpress\/plugins\/seo\/ -->\n<title>Kurti: S\u2019ka kandidat konsensual, shpresojm\u00eb t\u00eb ket\u00eb gar\u00eb p\u00ebr president -<\/title>\n<meta name=\"robots\" content=\"index, follow, max-snippet:-1, max-image-preview:large, max-video-preview:-1\" \/>\n<link rel=\"canonical\" href=\"https:\/\/veritasinfo.org\/?p=35216\" \/>\n<meta property=\"og:locale\" content=\"en_US\" \/>\n<meta property=\"og:type\" content=\"article\" \/>\n<meta property=\"og:title\" content=\"Kurti: S\u2019ka kandidat konsensual, shpresojm\u00eb t\u00eb ket\u00eb gar\u00eb p\u00ebr president -\" \/>\n<meta property=\"og:description\" content=\"Prishtin\u00eb, 28 shkurt 2026 19:22 Kryeministri Albin Kurti, ka deklaruar se ende nuk ka nj\u00eb em\u00ebr konsensual p\u00ebr president t\u00eb shtetit, teksa ka th\u00ebn\u00eb se\" \/>\n<meta property=\"og:url\" content=\"https:\/\/veritasinfo.org\/?p=35216\" \/>\n<meta property=\"article:published_time\" content=\"2026-02-28T18:26:05+00:00\" \/>\n<meta property=\"og:image\" content=\"https:\/\/veritasinfo.org\/wp-content\/uploads\/2026\/02\/35965d9c-fdb3-499d-91c7-8287aec09121.webp\" \/>\n\t<meta property=\"og:image:width\" content=\"1360\" \/>\n\t<meta property=\"og:image:height\" content=\"870\" \/>\n\t<meta property=\"og:image:type\" content=\"image\/webp\" \/>\n<meta name=\"author\" content=\"US6\" \/>\n<meta name=\"twitter:card\" content=\"summary_large_image\" \/>\n<meta name=\"twitter:label1\" content=\"Written by\" \/>\n\t<meta name=\"twitter:data1\" content=\"US6\" \/>\n\t<meta name=\"twitter:label2\" content=\"Est. reading time\" \/>\n\t<meta name=\"twitter:data2\" content=\"3 minutes\" \/>\n<script type=\"application\/ld+json\" class=\"yoast-schema-graph\">{\"@context\":\"https:\/\/schema.org\",\"@graph\":[{\"@type\":\"WebPage\",\"@id\":\"https:\/\/veritasinfo.org\/?p=35216\",\"url\":\"https:\/\/veritasinfo.org\/?p=35216\",\"name\":\"Kurti: S\u2019ka kandidat konsensual, shpresojm\u00eb t\u00eb ket\u00eb gar\u00eb p\u00ebr president -\",\"isPartOf\":{\"@id\":\"https:\/\/veritasinfo.org\/#website\"},\"primaryImageOfPage\":{\"@id\":\"https:\/\/veritasinfo.org\/?p=35216#primaryimage\"},\"image\":{\"@id\":\"https:\/\/veritasinfo.org\/?p=35216#primaryimage\"},\"thumbnailUrl\":\"https:\/\/veritasinfo.org\/wp-content\/uploads\/2026\/02\/35965d9c-fdb3-499d-91c7-8287aec09121.webp\",\"datePublished\":\"2026-02-28T18:26:05+00:00\",\"author\":{\"@id\":\"https:\/\/veritasinfo.org\/#\/schema\/person\/fe199eede04c3937362892b7444747cc\"},\"breadcrumb\":{\"@id\":\"https:\/\/veritasinfo.org\/?p=35216#breadcrumb\"},\"inLanguage\":\"en-US\",\"potentialAction\":[{\"@type\":\"ReadAction\",\"target\":[\"https:\/\/veritasinfo.org\/?p=35216\"]}]},{\"@type\":\"ImageObject\",\"inLanguage\":\"en-US\",\"@id\":\"https:\/\/veritasinfo.org\/?p=35216#primaryimage\",\"url\":\"https:\/\/veritasinfo.org\/wp-content\/uploads\/2026\/02\/35965d9c-fdb3-499d-91c7-8287aec09121.webp\",\"contentUrl\":\"https:\/\/veritasinfo.org\/wp-content\/uploads\/2026\/02\/35965d9c-fdb3-499d-91c7-8287aec09121.webp\",\"width\":1360,\"height\":870},{\"@type\":\"BreadcrumbList\",\"@id\":\"https:\/\/veritasinfo.org\/?p=35216#breadcrumb\",\"itemListElement\":[{\"@type\":\"ListItem\",\"position\":1,\"name\":\"Home\",\"item\":\"https:\/\/veritasinfo.org\/\"},{\"@type\":\"ListItem\",\"position\":2,\"name\":\"Kurti: S\u2019ka kandidat konsensual, shpresojm\u00eb t\u00eb ket\u00eb gar\u00eb p\u00ebr president\"}]},{\"@type\":\"WebSite\",\"@id\":\"https:\/\/veritasinfo.org\/#website\",\"url\":\"https:\/\/veritasinfo.org\/\",\"name\":\"\",\"description\":\"\",\"potentialAction\":[{\"@type\":\"SearchAction\",\"target\":{\"@type\":\"EntryPoint\",\"urlTemplate\":\"https:\/\/veritasinfo.org\/?s={search_term_string}\"},\"query-input\":{\"@type\":\"PropertyValueSpecification\",\"valueRequired\":true,\"valueName\":\"search_term_string\"}}],\"inLanguage\":\"en-US\"},{\"@type\":\"Person\",\"@id\":\"https:\/\/veritasinfo.org\/#\/schema\/person\/fe199eede04c3937362892b7444747cc\",\"name\":\"US6\",\"image\":{\"@type\":\"ImageObject\",\"inLanguage\":\"en-US\",\"@id\":\"https:\/\/veritasinfo.org\/#\/schema\/person\/image\/\",\"url\":\"https:\/\/secure.gravatar.com\/avatar\/cb16c3c31c9d23b9b8c705964598220b3014e42ff51eb540ff23cefa3ae8c15f?s=96&d=mm&r=g\",\"contentUrl\":\"https:\/\/secure.gravatar.com\/avatar\/cb16c3c31c9d23b9b8c705964598220b3014e42ff51eb540ff23cefa3ae8c15f?s=96&d=mm&r=g\",\"caption\":\"US6\"},\"url\":\"https:\/\/veritasinfo.org\/?author=7\"}]}<\/script>\n<!-- \/ Yoast SEO plugin. -->","yoast_head_json":{"title":"Kurti: S\u2019ka kandidat konsensual, shpresojm\u00eb t\u00eb ket\u00eb gar\u00eb p\u00ebr president -","robots":{"index":"index","follow":"follow","max-snippet":"max-snippet:-1","max-image-preview":"max-image-preview:large","max-video-preview":"max-video-preview:-1"},"canonical":"https:\/\/veritasinfo.org\/?p=35216","og_locale":"en_US","og_type":"article","og_title":"Kurti: S\u2019ka kandidat konsensual, shpresojm\u00eb t\u00eb ket\u00eb gar\u00eb p\u00ebr president -","og_description":"Prishtin\u00eb, 28 shkurt 2026 19:22 Kryeministri Albin Kurti, ka deklaruar se ende nuk ka nj\u00eb em\u00ebr konsensual p\u00ebr president t\u00eb shtetit, teksa ka th\u00ebn\u00eb se","og_url":"https:\/\/veritasinfo.org\/?p=35216","article_published_time":"2026-02-28T18:26:05+00:00","og_image":[{"width":1360,"height":870,"url":"https:\/\/veritasinfo.org\/wp-content\/uploads\/2026\/02\/35965d9c-fdb3-499d-91c7-8287aec09121.webp","type":"image\/webp"}],"author":"US6","twitter_card":"summary_large_image","twitter_misc":{"Written by":"US6","Est. reading time":"3 minutes"},"schema":{"@context":"https:\/\/schema.org","@graph":[{"@type":"WebPage","@id":"https:\/\/veritasinfo.org\/?p=35216","url":"https:\/\/veritasinfo.org\/?p=35216","name":"Kurti: S\u2019ka kandidat konsensual, shpresojm\u00eb t\u00eb ket\u00eb gar\u00eb p\u00ebr president -","isPartOf":{"@id":"https:\/\/veritasinfo.org\/#website"},"primaryImageOfPage":{"@id":"https:\/\/veritasinfo.org\/?p=35216#primaryimage"},"image":{"@id":"https:\/\/veritasinfo.org\/?p=35216#primaryimage"},"thumbnailUrl":"https:\/\/veritasinfo.org\/wp-content\/uploads\/2026\/02\/35965d9c-fdb3-499d-91c7-8287aec09121.webp","datePublished":"2026-02-28T18:26:05+00:00","author":{"@id":"https:\/\/veritasinfo.org\/#\/schema\/person\/fe199eede04c3937362892b7444747cc"},"breadcrumb":{"@id":"https:\/\/veritasinfo.org\/?p=35216#breadcrumb"},"inLanguage":"en-US","potentialAction":[{"@type":"ReadAction","target":["https:\/\/veritasinfo.org\/?p=35216"]}]},{"@type":"ImageObject","inLanguage":"en-US","@id":"https:\/\/veritasinfo.org\/?p=35216#primaryimage","url":"https:\/\/veritasinfo.org\/wp-content\/uploads\/2026\/02\/35965d9c-fdb3-499d-91c7-8287aec09121.webp","contentUrl":"https:\/\/veritasinfo.org\/wp-content\/uploads\/2026\/02\/35965d9c-fdb3-499d-91c7-8287aec09121.webp","width":1360,"height":870},{"@type":"BreadcrumbList","@id":"https:\/\/veritasinfo.org\/?p=35216#breadcrumb","itemListElement":[{"@type":"ListItem","position":1,"name":"Home","item":"https:\/\/veritasinfo.org\/"},{"@type":"ListItem","position":2,"name":"Kurti: S\u2019ka kandidat konsensual, shpresojm\u00eb t\u00eb ket\u00eb gar\u00eb p\u00ebr president"}]},{"@type":"WebSite","@id":"https:\/\/veritasinfo.org\/#website","url":"https:\/\/veritasinfo.org\/","name":"","description":"","potentialAction":[{"@type":"SearchAction","target":{"@type":"EntryPoint","urlTemplate":"https:\/\/veritasinfo.org\/?s={search_term_string}"},"query-input":{"@type":"PropertyValueSpecification","valueRequired":true,"valueName":"search_term_string"}}],"inLanguage":"en-US"},{"@type":"Person","@id":"https:\/\/veritasinfo.org\/#\/schema\/person\/fe199eede04c3937362892b7444747cc","name":"US6","image":{"@type":"ImageObject","inLanguage":"en-US","@id":"https:\/\/veritasinfo.org\/#\/schema\/person\/image\/","url":"https:\/\/secure.gravatar.com\/avatar\/cb16c3c31c9d23b9b8c705964598220b3014e42ff51eb540ff23cefa3ae8c15f?s=96&d=mm&r=g","contentUrl":"https:\/\/secure.gravatar.com\/avatar\/cb16c3c31c9d23b9b8c705964598220b3014e42ff51eb540ff23cefa3ae8c15f?s=96&d=mm&r=g","caption":"US6"},"url":"https:\/\/veritasinfo.org\/?author=7"}]}},"featured_image_urls":{"full":["https:\/\/veritasinfo.org\/wp-content\/uploads\/2026\/02\/35965d9c-fdb3-499d-91c7-8287aec09121.webp",1360,870,false],"thumbnail":["https:\/\/veritasinfo.org\/wp-content\/uploads\/2026\/02\/35965d9c-fdb3-499d-91c7-8287aec09121-150x150.webp",150,150,true],"medium":["https:\/\/veritasinfo.org\/wp-content\/uploads\/2026\/02\/35965d9c-fdb3-499d-91c7-8287aec09121-300x192.webp",300,192,true],"medium_large":["https:\/\/veritasinfo.org\/wp-content\/uploads\/2026\/02\/35965d9c-fdb3-499d-91c7-8287aec09121-768x491.webp",640,409,true],"large":["https:\/\/veritasinfo.org\/wp-content\/uploads\/2026\/02\/35965d9c-fdb3-499d-91c7-8287aec09121-1024x655.webp",640,409,true],"1536x1536":["https:\/\/veritasinfo.org\/wp-content\/uploads\/2026\/02\/35965d9c-fdb3-499d-91c7-8287aec09121.webp",1360,870,false],"2048x2048":["https:\/\/veritasinfo.org\/wp-content\/uploads\/2026\/02\/35965d9c-fdb3-499d-91c7-8287aec09121.webp",1360,870,false],"kreeti-slider-full":["https:\/\/veritasinfo.org\/wp-content\/uploads\/2026\/02\/35965d9c-fdb3-499d-91c7-8287aec09121.webp",1126,720,false],"kreeti-featured":["https:\/\/veritasinfo.org\/wp-content\/uploads\/2026\/02\/35965d9c-fdb3-499d-91c7-8287aec09121.webp",1024,655,false],"kreeti-medium":["https:\/\/veritasinfo.org\/wp-content\/uploads\/2026\/02\/35965d9c-fdb3-499d-91c7-8287aec09121.webp",720,461,false],"kreeti-medium-square":["https:\/\/veritasinfo.org\/wp-content\/uploads\/2026\/02\/35965d9c-fdb3-499d-91c7-8287aec09121.webp",350,224,false]},"author_info":{"info":["US6"]},"category_info":"<a href=\"https:\/\/veritasinfo.org\/?cat=58\" rel=\"category\">Politik\u00eb<\/a>","tag_info":"Politik\u00eb","comment_count":"0","_links":{"self":[{"href":"https:\/\/veritasinfo.org\/index.php?rest_route=\/wp\/v2\/posts\/35216","targetHints":{"allow":["GET"]}}],"collection":[{"href":"https:\/\/veritasinfo.org\/index.php?rest_route=\/wp\/v2\/posts"}],"about":[{"href":"https:\/\/veritasinfo.org\/index.php?rest_route=\/wp\/v2\/types\/post"}],"author":[{"embeddable":true,"href":"https:\/\/veritasinfo.org\/index.php?rest_route=\/wp\/v2\/users\/7"}],"replies":[{"embeddable":true,"href":"https:\/\/veritasinfo.org\/index.php?rest_route=%2Fwp%2Fv2%2Fcomments&post=35216"}],"version-history":[{"count":1,"href":"https:\/\/veritasinfo.org\/index.php?rest_route=\/wp\/v2\/posts\/35216\/revisions"}],"predecessor-version":[{"id":35218,"href":"https:\/\/veritasinfo.org\/index.php?rest_route=\/wp\/v2\/posts\/35216\/revisions\/35218"}],"wp:featuredmedia":[{"embeddable":true,"href":"https:\/\/veritasinfo.org\/index.php?rest_route=\/wp\/v2\/media\/35217"}],"wp:attachment":[{"href":"https:\/\/veritasinfo.org\/index.php?rest_route=%2Fwp%2Fv2%2Fmedia&parent=35216"}],"wp:term":[{"taxonomy":"category","embeddable":true,"href":"https:\/\/veritasinfo.org\/index.php?rest_route=%2Fwp%2Fv2%2Fcategories&post=35216"},{"taxonomy":"post_tag","embeddable":true,"href":"https:\/\/veritasinfo.org\/index.php?rest_route=%2Fwp%2Fv2%2Ftags&post=35216"}],"curies":[{"name":"wp","href":"https:\/\/api.w.org\/{rel}","templated":true}]}}