{"id":35200,"date":"2026-02-28T17:35:06","date_gmt":"2026-02-28T16:35:06","guid":{"rendered":"https:\/\/veritasinfo.org\/?p=35200"},"modified":"2026-02-28T17:35:06","modified_gmt":"2026-02-28T16:35:06","slug":"kurti-dhe-hamza-takohen-ne-kuvend-per-ceshtjen-e-zgjedhjes-se-presidentit","status":"publish","type":"post","link":"https:\/\/veritasinfo.org\/?p=35200","title":{"rendered":"Kurti dhe Hamza takohen n\u00eb Kuvend p\u00ebr \u00e7\u00ebshtjen e zgjedhjes s\u00eb presidentit"},"content":{"rendered":"<p>Prishtin\u00eb, 28 shkurt 2026 17:34<\/p>\n<p>Kryeministri Albin Kurti \u00ebsht\u00eb duke u takuar me kryetarin e PDK-s\u00eb, Bedri Hamza, p\u00ebr t\u00eb diskutuar p\u00ebr \u00e7\u00ebshtjen e zgjedhjes s\u00eb presidentit\/es.<\/p>\n<p>T\u00eb dy kan\u00eb arritur n\u00eb Kuvendin e Kosov\u00ebs, nd\u00ebrsa takimi ishte planifikuar n\u00eb or\u00ebn 16:00. Ky \u00ebsht\u00eb takimi i dyt\u00eb i tyre p\u00ebr k\u00ebt\u00eb tem\u00eb.<\/p>\n<p>Hamza ritakohet me Kurtin, pas mbledhjes q\u00eb pati Kryesia e PDK-s\u00eb lidhur me k\u00ebt\u00eb \u00e7\u00ebshtje.<\/p>\n<p>\u201cTash po shkojm\u00eb n\u00eb takim, po maksimalizojm\u00eb p\u00ebrpjekjet q\u00eb jav\u00ebn e ardhshme gjith\u00e7ka t\u00eb kuror\u00ebzohet me sukses\u201d, ka deklaruar Kurti.<\/p>\n<p>\u201cTema e diskutimit \u00ebsht\u00eb situata aktuale politike\u201d, ka th\u00ebn\u00eb Hamza shkurt para mediave, nd\u00ebrkaq nuk \u00ebsht\u00eb deklaruar p\u00ebr q\u00ebndrimet e subjektit q\u00eb udh\u00ebheq n\u00eb raport me kandidatin q\u00eb do ta pranonin si president apo presidente t\u00eb ardhshme.<\/p>\n","protected":false},"excerpt":{"rendered":"<p>Prishtin\u00eb, 28 shkurt 2026 17:34 Kryeministri Albin Kurti \u00ebsht\u00eb duke u takuar me kryetarin e PDK-s\u00eb, Bedri Hamza, p\u00ebr t\u00eb diskutuar p\u00ebr \u00e7\u00ebshtjen e zgjedhjes<\/p>\n","protected":false},"author":7,"featured_media":35201,"comment_status":"open","ping_status":"open","sticky":false,"template":"","format":"standard","meta":{"footnotes":""},"categories":[58],"tags":[],"class_list":["post-35200","post","type-post","status-publish","format-standard","has-post-thumbnail","hentry","category-politike-sq"],"yoast_head":"<!-- This site is optimized with the Yoast SEO plugin v25.3.1 - https:\/\/yoast.com\/wordpress\/plugins\/seo\/ -->\n<title>Kurti dhe Hamza takohen n\u00eb Kuvend p\u00ebr \u00e7\u00ebshtjen e zgjedhjes s\u00eb presidentit -<\/title>\n<meta name=\"robots\" content=\"index, follow, max-snippet:-1, max-image-preview:large, max-video-preview:-1\" \/>\n<link rel=\"canonical\" href=\"https:\/\/veritasinfo.org\/?p=35200\" \/>\n<meta property=\"og:locale\" content=\"en_US\" \/>\n<meta property=\"og:type\" content=\"article\" \/>\n<meta property=\"og:title\" content=\"Kurti dhe Hamza takohen n\u00eb Kuvend p\u00ebr \u00e7\u00ebshtjen e zgjedhjes s\u00eb presidentit -\" \/>\n<meta property=\"og:description\" content=\"Prishtin\u00eb, 28 shkurt 2026 17:34 Kryeministri Albin Kurti \u00ebsht\u00eb duke u takuar me kryetarin e PDK-s\u00eb, Bedri Hamza, p\u00ebr t\u00eb diskutuar p\u00ebr \u00e7\u00ebshtjen e zgjedhjes\" \/>\n<meta property=\"og:url\" content=\"https:\/\/veritasinfo.org\/?p=35200\" \/>\n<meta property=\"article:published_time\" content=\"2026-02-28T16:35:06+00:00\" \/>\n<meta property=\"og:image\" content=\"https:\/\/veritasinfo.org\/wp-content\/uploads\/2026\/02\/2-8.jpg\" \/>\n\t<meta property=\"og:image:width\" content=\"676\" \/>\n\t<meta property=\"og:image:height\" content=\"428\" \/>\n\t<meta property=\"og:image:type\" content=\"image\/jpeg\" \/>\n<meta name=\"author\" content=\"US6\" \/>\n<meta name=\"twitter:card\" content=\"summary_large_image\" \/>\n<meta name=\"twitter:label1\" content=\"Written by\" \/>\n\t<meta name=\"twitter:data1\" content=\"US6\" \/>\n\t<meta name=\"twitter:label2\" content=\"Est. reading time\" \/>\n\t<meta name=\"twitter:data2\" content=\"1 minute\" \/>\n<script type=\"application\/ld+json\" class=\"yoast-schema-graph\">{\"@context\":\"https:\/\/schema.org\",\"@graph\":[{\"@type\":\"WebPage\",\"@id\":\"https:\/\/veritasinfo.org\/?p=35200\",\"url\":\"https:\/\/veritasinfo.org\/?p=35200\",\"name\":\"Kurti dhe Hamza takohen n\u00eb Kuvend p\u00ebr \u00e7\u00ebshtjen e zgjedhjes s\u00eb presidentit -\",\"isPartOf\":{\"@id\":\"https:\/\/veritasinfo.org\/#website\"},\"primaryImageOfPage\":{\"@id\":\"https:\/\/veritasinfo.org\/?p=35200#primaryimage\"},\"image\":{\"@id\":\"https:\/\/veritasinfo.org\/?p=35200#primaryimage\"},\"thumbnailUrl\":\"https:\/\/veritasinfo.org\/wp-content\/uploads\/2026\/02\/2-8.jpg\",\"datePublished\":\"2026-02-28T16:35:06+00:00\",\"author\":{\"@id\":\"https:\/\/veritasinfo.org\/#\/schema\/person\/fe199eede04c3937362892b7444747cc\"},\"breadcrumb\":{\"@id\":\"https:\/\/veritasinfo.org\/?p=35200#breadcrumb\"},\"inLanguage\":\"en-US\",\"potentialAction\":[{\"@type\":\"ReadAction\",\"target\":[\"https:\/\/veritasinfo.org\/?p=35200\"]}]},{\"@type\":\"ImageObject\",\"inLanguage\":\"en-US\",\"@id\":\"https:\/\/veritasinfo.org\/?p=35200#primaryimage\",\"url\":\"https:\/\/veritasinfo.org\/wp-content\/uploads\/2026\/02\/2-8.jpg\",\"contentUrl\":\"https:\/\/veritasinfo.org\/wp-content\/uploads\/2026\/02\/2-8.jpg\",\"width\":676,\"height\":428},{\"@type\":\"BreadcrumbList\",\"@id\":\"https:\/\/veritasinfo.org\/?p=35200#breadcrumb\",\"itemListElement\":[{\"@type\":\"ListItem\",\"position\":1,\"name\":\"Home\",\"item\":\"https:\/\/veritasinfo.org\/\"},{\"@type\":\"ListItem\",\"position\":2,\"name\":\"Kurti dhe Hamza takohen n\u00eb Kuvend p\u00ebr \u00e7\u00ebshtjen e zgjedhjes s\u00eb presidentit\"}]},{\"@type\":\"WebSite\",\"@id\":\"https:\/\/veritasinfo.org\/#website\",\"url\":\"https:\/\/veritasinfo.org\/\",\"name\":\"\",\"description\":\"\",\"potentialAction\":[{\"@type\":\"SearchAction\",\"target\":{\"@type\":\"EntryPoint\",\"urlTemplate\":\"https:\/\/veritasinfo.org\/?s={search_term_string}\"},\"query-input\":{\"@type\":\"PropertyValueSpecification\",\"valueRequired\":true,\"valueName\":\"search_term_string\"}}],\"inLanguage\":\"en-US\"},{\"@type\":\"Person\",\"@id\":\"https:\/\/veritasinfo.org\/#\/schema\/person\/fe199eede04c3937362892b7444747cc\",\"name\":\"US6\",\"image\":{\"@type\":\"ImageObject\",\"inLanguage\":\"en-US\",\"@id\":\"https:\/\/veritasinfo.org\/#\/schema\/person\/image\/\",\"url\":\"https:\/\/secure.gravatar.com\/avatar\/cb16c3c31c9d23b9b8c705964598220b3014e42ff51eb540ff23cefa3ae8c15f?s=96&d=mm&r=g\",\"contentUrl\":\"https:\/\/secure.gravatar.com\/avatar\/cb16c3c31c9d23b9b8c705964598220b3014e42ff51eb540ff23cefa3ae8c15f?s=96&d=mm&r=g\",\"caption\":\"US6\"},\"url\":\"https:\/\/veritasinfo.org\/?author=7\"}]}<\/script>\n<!-- \/ Yoast SEO plugin. -->","yoast_head_json":{"title":"Kurti dhe Hamza takohen n\u00eb Kuvend p\u00ebr \u00e7\u00ebshtjen e zgjedhjes s\u00eb presidentit -","robots":{"index":"index","follow":"follow","max-snippet":"max-snippet:-1","max-image-preview":"max-image-preview:large","max-video-preview":"max-video-preview:-1"},"canonical":"https:\/\/veritasinfo.org\/?p=35200","og_locale":"en_US","og_type":"article","og_title":"Kurti dhe Hamza takohen n\u00eb Kuvend p\u00ebr \u00e7\u00ebshtjen e zgjedhjes s\u00eb presidentit -","og_description":"Prishtin\u00eb, 28 shkurt 2026 17:34 Kryeministri Albin Kurti \u00ebsht\u00eb duke u takuar me kryetarin e PDK-s\u00eb, Bedri Hamza, p\u00ebr t\u00eb diskutuar p\u00ebr \u00e7\u00ebshtjen e zgjedhjes","og_url":"https:\/\/veritasinfo.org\/?p=35200","article_published_time":"2026-02-28T16:35:06+00:00","og_image":[{"width":676,"height":428,"url":"https:\/\/veritasinfo.org\/wp-content\/uploads\/2026\/02\/2-8.jpg","type":"image\/jpeg"}],"author":"US6","twitter_card":"summary_large_image","twitter_misc":{"Written by":"US6","Est. reading time":"1 minute"},"schema":{"@context":"https:\/\/schema.org","@graph":[{"@type":"WebPage","@id":"https:\/\/veritasinfo.org\/?p=35200","url":"https:\/\/veritasinfo.org\/?p=35200","name":"Kurti dhe Hamza takohen n\u00eb Kuvend p\u00ebr \u00e7\u00ebshtjen e zgjedhjes s\u00eb presidentit -","isPartOf":{"@id":"https:\/\/veritasinfo.org\/#website"},"primaryImageOfPage":{"@id":"https:\/\/veritasinfo.org\/?p=35200#primaryimage"},"image":{"@id":"https:\/\/veritasinfo.org\/?p=35200#primaryimage"},"thumbnailUrl":"https:\/\/veritasinfo.org\/wp-content\/uploads\/2026\/02\/2-8.jpg","datePublished":"2026-02-28T16:35:06+00:00","author":{"@id":"https:\/\/veritasinfo.org\/#\/schema\/person\/fe199eede04c3937362892b7444747cc"},"breadcrumb":{"@id":"https:\/\/veritasinfo.org\/?p=35200#breadcrumb"},"inLanguage":"en-US","potentialAction":[{"@type":"ReadAction","target":["https:\/\/veritasinfo.org\/?p=35200"]}]},{"@type":"ImageObject","inLanguage":"en-US","@id":"https:\/\/veritasinfo.org\/?p=35200#primaryimage","url":"https:\/\/veritasinfo.org\/wp-content\/uploads\/2026\/02\/2-8.jpg","contentUrl":"https:\/\/veritasinfo.org\/wp-content\/uploads\/2026\/02\/2-8.jpg","width":676,"height":428},{"@type":"BreadcrumbList","@id":"https:\/\/veritasinfo.org\/?p=35200#breadcrumb","itemListElement":[{"@type":"ListItem","position":1,"name":"Home","item":"https:\/\/veritasinfo.org\/"},{"@type":"ListItem","position":2,"name":"Kurti dhe Hamza takohen n\u00eb Kuvend p\u00ebr \u00e7\u00ebshtjen e zgjedhjes s\u00eb presidentit"}]},{"@type":"WebSite","@id":"https:\/\/veritasinfo.org\/#website","url":"https:\/\/veritasinfo.org\/","name":"","description":"","potentialAction":[{"@type":"SearchAction","target":{"@type":"EntryPoint","urlTemplate":"https:\/\/veritasinfo.org\/?s={search_term_string}"},"query-input":{"@type":"PropertyValueSpecification","valueRequired":true,"valueName":"search_term_string"}}],"inLanguage":"en-US"},{"@type":"Person","@id":"https:\/\/veritasinfo.org\/#\/schema\/person\/fe199eede04c3937362892b7444747cc","name":"US6","image":{"@type":"ImageObject","inLanguage":"en-US","@id":"https:\/\/veritasinfo.org\/#\/schema\/person\/image\/","url":"https:\/\/secure.gravatar.com\/avatar\/cb16c3c31c9d23b9b8c705964598220b3014e42ff51eb540ff23cefa3ae8c15f?s=96&d=mm&r=g","contentUrl":"https:\/\/secure.gravatar.com\/avatar\/cb16c3c31c9d23b9b8c705964598220b3014e42ff51eb540ff23cefa3ae8c15f?s=96&d=mm&r=g","caption":"US6"},"url":"https:\/\/veritasinfo.org\/?author=7"}]}},"featured_image_urls":{"full":["https:\/\/veritasinfo.org\/wp-content\/uploads\/2026\/02\/2-8.jpg",676,428,false],"thumbnail":["https:\/\/veritasinfo.org\/wp-content\/uploads\/2026\/02\/2-8-150x150.jpg",150,150,true],"medium":["https:\/\/veritasinfo.org\/wp-content\/uploads\/2026\/02\/2-8-300x190.jpg",300,190,true],"medium_large":["https:\/\/veritasinfo.org\/wp-content\/uploads\/2026\/02\/2-8.jpg",640,405,false],"large":["https:\/\/veritasinfo.org\/wp-content\/uploads\/2026\/02\/2-8.jpg",640,405,false],"1536x1536":["https:\/\/veritasinfo.org\/wp-content\/uploads\/2026\/02\/2-8.jpg",676,428,false],"2048x2048":["https:\/\/veritasinfo.org\/wp-content\/uploads\/2026\/02\/2-8.jpg",676,428,false],"kreeti-slider-full":["https:\/\/veritasinfo.org\/wp-content\/uploads\/2026\/02\/2-8.jpg",676,428,false],"kreeti-featured":["https:\/\/veritasinfo.org\/wp-content\/uploads\/2026\/02\/2-8.jpg",676,428,false],"kreeti-medium":["https:\/\/veritasinfo.org\/wp-content\/uploads\/2026\/02\/2-8.jpg",676,428,false],"kreeti-medium-square":["https:\/\/veritasinfo.org\/wp-content\/uploads\/2026\/02\/2-8.jpg",350,222,false]},"author_info":{"info":["US6"]},"category_info":"<a href=\"https:\/\/veritasinfo.org\/?cat=58\" rel=\"category\">Politik\u00eb<\/a>","tag_info":"Politik\u00eb","comment_count":"0","_links":{"self":[{"href":"https:\/\/veritasinfo.org\/index.php?rest_route=\/wp\/v2\/posts\/35200","targetHints":{"allow":["GET"]}}],"collection":[{"href":"https:\/\/veritasinfo.org\/index.php?rest_route=\/wp\/v2\/posts"}],"about":[{"href":"https:\/\/veritasinfo.org\/index.php?rest_route=\/wp\/v2\/types\/post"}],"author":[{"embeddable":true,"href":"https:\/\/veritasinfo.org\/index.php?rest_route=\/wp\/v2\/users\/7"}],"replies":[{"embeddable":true,"href":"https:\/\/veritasinfo.org\/index.php?rest_route=%2Fwp%2Fv2%2Fcomments&post=35200"}],"version-history":[{"count":1,"href":"https:\/\/veritasinfo.org\/index.php?rest_route=\/wp\/v2\/posts\/35200\/revisions"}],"predecessor-version":[{"id":35202,"href":"https:\/\/veritasinfo.org\/index.php?rest_route=\/wp\/v2\/posts\/35200\/revisions\/35202"}],"wp:featuredmedia":[{"embeddable":true,"href":"https:\/\/veritasinfo.org\/index.php?rest_route=\/wp\/v2\/media\/35201"}],"wp:attachment":[{"href":"https:\/\/veritasinfo.org\/index.php?rest_route=%2Fwp%2Fv2%2Fmedia&parent=35200"}],"wp:term":[{"taxonomy":"category","embeddable":true,"href":"https:\/\/veritasinfo.org\/index.php?rest_route=%2Fwp%2Fv2%2Fcategories&post=35200"},{"taxonomy":"post_tag","embeddable":true,"href":"https:\/\/veritasinfo.org\/index.php?rest_route=%2Fwp%2Fv2%2Ftags&post=35200"}],"curies":[{"name":"wp","href":"https:\/\/api.w.org\/{rel}","templated":true}]}}