{"id":35182,"date":"2026-02-28T14:58:46","date_gmt":"2026-02-28T13:58:46","guid":{"rendered":"https:\/\/veritasinfo.org\/?p=35182"},"modified":"2026-02-28T14:59:08","modified_gmt":"2026-02-28T13:59:08","slug":"https-www-rtklive-com-sq-news-single-phpid718489","status":"publish","type":"post","link":"https:\/\/veritasinfo.org\/?p=35182","title":{"rendered":"Medvegja me pak banor shqiptar, shkaktar pasivizimi i adresave"},"content":{"rendered":"<p>Prishtin\u00eb, 28 shkurt 2026 14:58<\/p>\n<p>N\u00eb Komun\u00ebn e Medvegj\u00ebs shqiptar\u00ebt po i fshijn\u00eb nga regjistrat administrative. Pasivizimi i adresave, s\u00eb fundmi \u00ebsht\u00eb nj\u00eb praktik\u00eb administrative e autoriteteve serbe, p\u00ebrmes s\u00eb cil\u00ebs shqiptar\u00ebt autokton\u00eb mbesin pa adres\u00eb vendbanimi n\u00eb regjistrat civil, duke humbur k\u00ebshtu edhe t\u00eb drejt\u00ebn e vot\u00ebs, at\u00eb t\u00eb sh\u00ebrbimeve sh\u00ebndet\u00ebsore, p\u00ebrfitimit t\u00eb pensionit, regjistrimit t\u00eb pron\u00ebs dhe at\u00eb t\u00eb rinovimit t\u00eb dokumentit t\u00eb identitetit.<\/p>\n<p>&#8220;Sfida kryesore \u00ebsht\u00eb lufta burokratike q\u00eb qeveria serbe q\u00eb e ka shpallur ndaj pakic\u00ebs shqiptare n\u00eb Serbi do t\u00eb thot\u00eb e ashtuquajtura fenomeni I pasi vizimit p\u00ebrmes s\u00eb cilit \u00ebsht\u00eb duke u b\u00ebr\u00eb nj\u00eb pastrim etnik me mjete burokratike kjo \u00ebsht\u00eb sfida kryesore nga vitet e kaluara&#8221;, tha Arben Ferati, banor i Medvegj\u00ebs.<\/p>\n<p>Fshirja nga regjistrat administrative ul p\u00ebrqindjen e shqiptar\u00ebve n\u00eb komun\u00eb. Ky manipulim statistikash sh\u00ebrben p\u00ebr t\u00eb justifikuar m\u00eb pas heqjen e t\u00eb drejtave kolektive, uljen e p\u00ebrfaq\u00ebsimit politik dhe dob\u00ebsimin e pranis\u00eb shqiptare n\u00eb institucione.<\/p>\n<p>Ka vite q\u00eb shqiptar\u00ebt e Medvegj\u00ebs, p\u00ebrmes shoqatave komb\u00ebtare dhe aktivist\u00ebt e t\u00eb drejtave t\u00eb njeriut, ngren\u00eb z\u00ebrin n\u00eb forma t\u00eb shumta e drejtojn\u00eb ankesa edhe n\u00eb adres\u00eb t\u00eb institucioneve nd\u00ebrkomb\u00ebtare. Megjith\u00ebk\u00ebt\u00eb, procesi vazhdon me ritme t\u00eb ngadalta, nd\u00ebrsa \u00e7do vit qindra shqiptar\u00eb humbasin statusin e vendbanimit.<\/p>\n<p>&#8220;Ruajtja e gjendjes momentale tash sigurisht qeverit\u00eb e shteteve edhe e Kosov\u00ebs edhe e Shqip\u00ebris\u00eb duhet t\u00eb mobilizohen m\u00eb shum\u00eb dhe t\u00eb punojn\u00eb n\u00eb rujatjen e k\u00ebtyre individ\u00ebve q\u00eb p\u00ebr momentin jan\u00eb duke jetuar n\u00eb Medvegj\u00eb. Natyrisht kthimi i familjeve \u00ebsht\u00eb pak problem n\u00eb vete sepse infrastruktura pothuajse \u00ebsht\u00eb e shkat\u00ebrruar&#8221;, theksoi Hamdi Halimi, m\u00ebsimdh\u00ebn\u00ebs.<\/p>\n<p>Rexhep Abazi, banor n\u00eb Banj\u00eb t\u00eb Sjarin\u00ebs tha se &#8216;af\u00ebr 4 mij\u00eb persona t\u00eb mosh\u00ebs madhore shqiptar t\u00eb Medvegj\u00ebs banor rezident t\u00eb lindur, t\u00eb rritur k\u00ebtu edhe gjysh\u00ebt dhe st\u00ebrgjysh\u00ebt e tyre p\u00ebrpara t\u00eb lindur dhe t\u00eb vdekur k\u00ebtu jan\u00eb pasivizuar adresat e tyre. Pasivizimi I adresave \u00ebsht\u00eb q\u00eb e b\u00ebn personin inekzistent n\u00eb k\u00ebt\u00eb vend&#8217;.<\/p>\n<p>44 vendbanime n\u00eb Medvegj\u00eb, me 524 kilometra katror\u00eb, referuar statistikave t\u00eb regjistrimit t\u00eb popullsis\u00eb t\u00eb vitit 2022 kishin 6360 banor\u00eb, 905 prej tyre shqiptar\u00eb.<\/p>\n<p>Derisa Serbia aplikon ligjin p\u00ebr vendbanim dhe q\u00ebndrimin e p\u00ebrhersh\u00ebm dhe t\u00eb p\u00ebrkohsh\u00ebm t\u00eb shtetasve n\u00eb m\u00ebnyr\u00eb t\u00eb nj\u00eb anshme faktor\u00ebt vendor\u00eb dhe nacional do t\u00eb duhej t\u00eb sensibilizonin dhe t\u00eb mbronin t\u00eb drejtat e shqiptar\u00ebve t\u00eb Medvegj\u00ebs, nj\u00eb nga tri komunat shqiptare t\u00eb Lugin\u00ebs.<\/p>\n","protected":false},"excerpt":{"rendered":"<p>Prishtin\u00eb, 28 shkurt 2026 14:58 N\u00eb Komun\u00ebn e Medvegj\u00ebs shqiptar\u00ebt po i fshijn\u00eb nga regjistrat administrative. Pasivizimi i adresave, s\u00eb fundmi \u00ebsht\u00eb nj\u00eb praktik\u00eb administrative<\/p>\n","protected":false},"author":7,"featured_media":35183,"comment_status":"open","ping_status":"open","sticky":false,"template":"","format":"standard","meta":{"footnotes":""},"categories":[60],"tags":[],"class_list":["post-35182","post","type-post","status-publish","format-standard","has-post-thumbnail","hentry","category-shoqerore-sq"],"yoast_head":"<!-- This site is optimized with the Yoast SEO plugin v25.3.1 - https:\/\/yoast.com\/wordpress\/plugins\/seo\/ -->\n<title>Medvegja me pak banor shqiptar, shkaktar pasivizimi i adresave -<\/title>\n<meta name=\"robots\" content=\"index, follow, max-snippet:-1, max-image-preview:large, max-video-preview:-1\" \/>\n<link rel=\"canonical\" href=\"https:\/\/veritasinfo.org\/?p=35182\" \/>\n<meta property=\"og:locale\" content=\"en_US\" \/>\n<meta property=\"og:type\" content=\"article\" \/>\n<meta property=\"og:title\" content=\"Medvegja me pak banor shqiptar, shkaktar pasivizimi i adresave -\" \/>\n<meta property=\"og:description\" content=\"Prishtin\u00eb, 28 shkurt 2026 14:58 N\u00eb Komun\u00ebn e Medvegj\u00ebs shqiptar\u00ebt po i fshijn\u00eb nga regjistrat administrative. Pasivizimi i adresave, s\u00eb fundmi \u00ebsht\u00eb nj\u00eb praktik\u00eb administrative\" \/>\n<meta property=\"og:url\" content=\"https:\/\/veritasinfo.org\/?p=35182\" \/>\n<meta property=\"article:published_time\" content=\"2026-02-28T13:58:46+00:00\" \/>\n<meta property=\"article:modified_time\" content=\"2026-02-28T13:59:08+00:00\" \/>\n<meta property=\"og:image\" content=\"https:\/\/veritasinfo.org\/wp-content\/uploads\/2026\/02\/718489-qu8WlVVZND.jpg\" \/>\n\t<meta property=\"og:image:width\" content=\"780\" \/>\n\t<meta property=\"og:image:height\" content=\"500\" \/>\n\t<meta property=\"og:image:type\" content=\"image\/jpeg\" \/>\n<meta name=\"author\" content=\"US6\" \/>\n<meta name=\"twitter:card\" content=\"summary_large_image\" \/>\n<meta name=\"twitter:label1\" content=\"Written by\" \/>\n\t<meta name=\"twitter:data1\" content=\"US6\" \/>\n\t<meta name=\"twitter:label2\" content=\"Est. reading time\" \/>\n\t<meta name=\"twitter:data2\" content=\"2 minutes\" \/>\n<script type=\"application\/ld+json\" class=\"yoast-schema-graph\">{\"@context\":\"https:\/\/schema.org\",\"@graph\":[{\"@type\":\"WebPage\",\"@id\":\"https:\/\/veritasinfo.org\/?p=35182\",\"url\":\"https:\/\/veritasinfo.org\/?p=35182\",\"name\":\"Medvegja me pak banor shqiptar, shkaktar pasivizimi i adresave -\",\"isPartOf\":{\"@id\":\"https:\/\/veritasinfo.org\/#website\"},\"primaryImageOfPage\":{\"@id\":\"https:\/\/veritasinfo.org\/?p=35182#primaryimage\"},\"image\":{\"@id\":\"https:\/\/veritasinfo.org\/?p=35182#primaryimage\"},\"thumbnailUrl\":\"https:\/\/veritasinfo.org\/wp-content\/uploads\/2026\/02\/718489-qu8WlVVZND.jpg\",\"datePublished\":\"2026-02-28T13:58:46+00:00\",\"dateModified\":\"2026-02-28T13:59:08+00:00\",\"author\":{\"@id\":\"https:\/\/veritasinfo.org\/#\/schema\/person\/fe199eede04c3937362892b7444747cc\"},\"breadcrumb\":{\"@id\":\"https:\/\/veritasinfo.org\/?p=35182#breadcrumb\"},\"inLanguage\":\"en-US\",\"potentialAction\":[{\"@type\":\"ReadAction\",\"target\":[\"https:\/\/veritasinfo.org\/?p=35182\"]}]},{\"@type\":\"ImageObject\",\"inLanguage\":\"en-US\",\"@id\":\"https:\/\/veritasinfo.org\/?p=35182#primaryimage\",\"url\":\"https:\/\/veritasinfo.org\/wp-content\/uploads\/2026\/02\/718489-qu8WlVVZND.jpg\",\"contentUrl\":\"https:\/\/veritasinfo.org\/wp-content\/uploads\/2026\/02\/718489-qu8WlVVZND.jpg\",\"width\":780,\"height\":500},{\"@type\":\"BreadcrumbList\",\"@id\":\"https:\/\/veritasinfo.org\/?p=35182#breadcrumb\",\"itemListElement\":[{\"@type\":\"ListItem\",\"position\":1,\"name\":\"Home\",\"item\":\"https:\/\/veritasinfo.org\/\"},{\"@type\":\"ListItem\",\"position\":2,\"name\":\"Medvegja me pak banor shqiptar, shkaktar pasivizimi i adresave\"}]},{\"@type\":\"WebSite\",\"@id\":\"https:\/\/veritasinfo.org\/#website\",\"url\":\"https:\/\/veritasinfo.org\/\",\"name\":\"\",\"description\":\"\",\"potentialAction\":[{\"@type\":\"SearchAction\",\"target\":{\"@type\":\"EntryPoint\",\"urlTemplate\":\"https:\/\/veritasinfo.org\/?s={search_term_string}\"},\"query-input\":{\"@type\":\"PropertyValueSpecification\",\"valueRequired\":true,\"valueName\":\"search_term_string\"}}],\"inLanguage\":\"en-US\"},{\"@type\":\"Person\",\"@id\":\"https:\/\/veritasinfo.org\/#\/schema\/person\/fe199eede04c3937362892b7444747cc\",\"name\":\"US6\",\"image\":{\"@type\":\"ImageObject\",\"inLanguage\":\"en-US\",\"@id\":\"https:\/\/veritasinfo.org\/#\/schema\/person\/image\/\",\"url\":\"https:\/\/secure.gravatar.com\/avatar\/cb16c3c31c9d23b9b8c705964598220b3014e42ff51eb540ff23cefa3ae8c15f?s=96&d=mm&r=g\",\"contentUrl\":\"https:\/\/secure.gravatar.com\/avatar\/cb16c3c31c9d23b9b8c705964598220b3014e42ff51eb540ff23cefa3ae8c15f?s=96&d=mm&r=g\",\"caption\":\"US6\"},\"url\":\"https:\/\/veritasinfo.org\/?author=7\"}]}<\/script>\n<!-- \/ Yoast SEO plugin. -->","yoast_head_json":{"title":"Medvegja me pak banor shqiptar, shkaktar pasivizimi i adresave -","robots":{"index":"index","follow":"follow","max-snippet":"max-snippet:-1","max-image-preview":"max-image-preview:large","max-video-preview":"max-video-preview:-1"},"canonical":"https:\/\/veritasinfo.org\/?p=35182","og_locale":"en_US","og_type":"article","og_title":"Medvegja me pak banor shqiptar, shkaktar pasivizimi i adresave -","og_description":"Prishtin\u00eb, 28 shkurt 2026 14:58 N\u00eb Komun\u00ebn e Medvegj\u00ebs shqiptar\u00ebt po i fshijn\u00eb nga regjistrat administrative. Pasivizimi i adresave, s\u00eb fundmi \u00ebsht\u00eb nj\u00eb praktik\u00eb administrative","og_url":"https:\/\/veritasinfo.org\/?p=35182","article_published_time":"2026-02-28T13:58:46+00:00","article_modified_time":"2026-02-28T13:59:08+00:00","og_image":[{"width":780,"height":500,"url":"https:\/\/veritasinfo.org\/wp-content\/uploads\/2026\/02\/718489-qu8WlVVZND.jpg","type":"image\/jpeg"}],"author":"US6","twitter_card":"summary_large_image","twitter_misc":{"Written by":"US6","Est. reading time":"2 minutes"},"schema":{"@context":"https:\/\/schema.org","@graph":[{"@type":"WebPage","@id":"https:\/\/veritasinfo.org\/?p=35182","url":"https:\/\/veritasinfo.org\/?p=35182","name":"Medvegja me pak banor shqiptar, shkaktar pasivizimi i adresave -","isPartOf":{"@id":"https:\/\/veritasinfo.org\/#website"},"primaryImageOfPage":{"@id":"https:\/\/veritasinfo.org\/?p=35182#primaryimage"},"image":{"@id":"https:\/\/veritasinfo.org\/?p=35182#primaryimage"},"thumbnailUrl":"https:\/\/veritasinfo.org\/wp-content\/uploads\/2026\/02\/718489-qu8WlVVZND.jpg","datePublished":"2026-02-28T13:58:46+00:00","dateModified":"2026-02-28T13:59:08+00:00","author":{"@id":"https:\/\/veritasinfo.org\/#\/schema\/person\/fe199eede04c3937362892b7444747cc"},"breadcrumb":{"@id":"https:\/\/veritasinfo.org\/?p=35182#breadcrumb"},"inLanguage":"en-US","potentialAction":[{"@type":"ReadAction","target":["https:\/\/veritasinfo.org\/?p=35182"]}]},{"@type":"ImageObject","inLanguage":"en-US","@id":"https:\/\/veritasinfo.org\/?p=35182#primaryimage","url":"https:\/\/veritasinfo.org\/wp-content\/uploads\/2026\/02\/718489-qu8WlVVZND.jpg","contentUrl":"https:\/\/veritasinfo.org\/wp-content\/uploads\/2026\/02\/718489-qu8WlVVZND.jpg","width":780,"height":500},{"@type":"BreadcrumbList","@id":"https:\/\/veritasinfo.org\/?p=35182#breadcrumb","itemListElement":[{"@type":"ListItem","position":1,"name":"Home","item":"https:\/\/veritasinfo.org\/"},{"@type":"ListItem","position":2,"name":"Medvegja me pak banor shqiptar, shkaktar pasivizimi i adresave"}]},{"@type":"WebSite","@id":"https:\/\/veritasinfo.org\/#website","url":"https:\/\/veritasinfo.org\/","name":"","description":"","potentialAction":[{"@type":"SearchAction","target":{"@type":"EntryPoint","urlTemplate":"https:\/\/veritasinfo.org\/?s={search_term_string}"},"query-input":{"@type":"PropertyValueSpecification","valueRequired":true,"valueName":"search_term_string"}}],"inLanguage":"en-US"},{"@type":"Person","@id":"https:\/\/veritasinfo.org\/#\/schema\/person\/fe199eede04c3937362892b7444747cc","name":"US6","image":{"@type":"ImageObject","inLanguage":"en-US","@id":"https:\/\/veritasinfo.org\/#\/schema\/person\/image\/","url":"https:\/\/secure.gravatar.com\/avatar\/cb16c3c31c9d23b9b8c705964598220b3014e42ff51eb540ff23cefa3ae8c15f?s=96&d=mm&r=g","contentUrl":"https:\/\/secure.gravatar.com\/avatar\/cb16c3c31c9d23b9b8c705964598220b3014e42ff51eb540ff23cefa3ae8c15f?s=96&d=mm&r=g","caption":"US6"},"url":"https:\/\/veritasinfo.org\/?author=7"}]}},"featured_image_urls":{"full":["https:\/\/veritasinfo.org\/wp-content\/uploads\/2026\/02\/718489-qu8WlVVZND.jpg",780,500,false],"thumbnail":["https:\/\/veritasinfo.org\/wp-content\/uploads\/2026\/02\/718489-qu8WlVVZND-150x150.jpg",150,150,true],"medium":["https:\/\/veritasinfo.org\/wp-content\/uploads\/2026\/02\/718489-qu8WlVVZND-300x192.jpg",300,192,true],"medium_large":["https:\/\/veritasinfo.org\/wp-content\/uploads\/2026\/02\/718489-qu8WlVVZND-768x492.jpg",640,410,true],"large":["https:\/\/veritasinfo.org\/wp-content\/uploads\/2026\/02\/718489-qu8WlVVZND.jpg",640,410,false],"1536x1536":["https:\/\/veritasinfo.org\/wp-content\/uploads\/2026\/02\/718489-qu8WlVVZND.jpg",780,500,false],"2048x2048":["https:\/\/veritasinfo.org\/wp-content\/uploads\/2026\/02\/718489-qu8WlVVZND.jpg",780,500,false],"kreeti-slider-full":["https:\/\/veritasinfo.org\/wp-content\/uploads\/2026\/02\/718489-qu8WlVVZND.jpg",780,500,false],"kreeti-featured":["https:\/\/veritasinfo.org\/wp-content\/uploads\/2026\/02\/718489-qu8WlVVZND.jpg",780,500,false],"kreeti-medium":["https:\/\/veritasinfo.org\/wp-content\/uploads\/2026\/02\/718489-qu8WlVVZND.jpg",720,462,false],"kreeti-medium-square":["https:\/\/veritasinfo.org\/wp-content\/uploads\/2026\/02\/718489-qu8WlVVZND.jpg",350,224,false]},"author_info":{"info":["US6"]},"category_info":"<a href=\"https:\/\/veritasinfo.org\/?cat=60\" rel=\"category\">Shoq\u00ebrore<\/a>","tag_info":"Shoq\u00ebrore","comment_count":"0","_links":{"self":[{"href":"https:\/\/veritasinfo.org\/index.php?rest_route=\/wp\/v2\/posts\/35182","targetHints":{"allow":["GET"]}}],"collection":[{"href":"https:\/\/veritasinfo.org\/index.php?rest_route=\/wp\/v2\/posts"}],"about":[{"href":"https:\/\/veritasinfo.org\/index.php?rest_route=\/wp\/v2\/types\/post"}],"author":[{"embeddable":true,"href":"https:\/\/veritasinfo.org\/index.php?rest_route=\/wp\/v2\/users\/7"}],"replies":[{"embeddable":true,"href":"https:\/\/veritasinfo.org\/index.php?rest_route=%2Fwp%2Fv2%2Fcomments&post=35182"}],"version-history":[{"count":2,"href":"https:\/\/veritasinfo.org\/index.php?rest_route=\/wp\/v2\/posts\/35182\/revisions"}],"predecessor-version":[{"id":35185,"href":"https:\/\/veritasinfo.org\/index.php?rest_route=\/wp\/v2\/posts\/35182\/revisions\/35185"}],"wp:featuredmedia":[{"embeddable":true,"href":"https:\/\/veritasinfo.org\/index.php?rest_route=\/wp\/v2\/media\/35183"}],"wp:attachment":[{"href":"https:\/\/veritasinfo.org\/index.php?rest_route=%2Fwp%2Fv2%2Fmedia&parent=35182"}],"wp:term":[{"taxonomy":"category","embeddable":true,"href":"https:\/\/veritasinfo.org\/index.php?rest_route=%2Fwp%2Fv2%2Fcategories&post=35182"},{"taxonomy":"post_tag","embeddable":true,"href":"https:\/\/veritasinfo.org\/index.php?rest_route=%2Fwp%2Fv2%2Ftags&post=35182"}],"curies":[{"name":"wp","href":"https:\/\/api.w.org\/{rel}","templated":true}]}}