{"id":35165,"date":"2026-02-28T13:15:49","date_gmt":"2026-02-28T12:15:49","guid":{"rendered":"https:\/\/veritasinfo.org\/?p=35165"},"modified":"2026-02-28T13:15:49","modified_gmt":"2026-02-28T12:15:49","slug":"ministria-e-jashtme-e-kosovesjemi-me-trump-kunder-regjimit-te-iranit","status":"publish","type":"post","link":"https:\/\/veritasinfo.org\/?p=35165","title":{"rendered":"Ministria e Jashtme e Kosov\u00ebs:Jemi me Trump, kund\u00ebr regjimit t\u00eb Iranit"},"content":{"rendered":"<p>Prishtin\u00eb 28 Shkurt 2026 13:14<\/p>\n<p>Shtetet e Bashkuara t\u00eb Amerik\u00ebs kan\u00eb nd\u00ebrmarr\u00eb nj\u00eb sulm ushtarak ndaj regjimit t\u00eb Ajatollah\u00ebve n\u00eb Iran, nj\u00eb regjim q\u00eb p\u00ebr dekada ka shtypur popullin e vet, ka destabilizuar rajonin dhe ka k\u00ebrc\u00ebnuar paqen dhe sigurin\u00eb nd\u00ebrkomb\u00ebtare.<\/p>\n<p>Ne q\u00ebndrojm\u00eb krah Presidentit Donald Trump n\u00eb p\u00ebrpjekjen p\u00ebr t\u00eb frenuar regjimet q\u00eb k\u00ebrc\u00ebnojn\u00eb popujt e lir\u00eb, p\u00ebr t\u00eb mbrojtur stabilitetin global dhe p\u00ebr t\u00eb mb\u00ebshtetur aspiratat legjitime t\u00eb popullit iranian p\u00ebr liri, dinjitet dhe demokraci.<\/p>\n<p>Regjimet q\u00eb shtypin qytetar\u00ebt e tyre, q\u00eb mb\u00ebshtesin dhun\u00ebn ndaj vendeve demokratike dhe q\u00eb k\u00ebrc\u00ebnojn\u00eb popuj t\u00eb tjer\u00eb, nuk mund t\u00eb jen\u00eb faktor paqeje.<\/p>\n<p>Liria, t\u00eb drejtat e njeriut dhe sundimi i ligjit jan\u00eb vlera universale q\u00eb meritojn\u00eb mbrojtje t\u00eb pal\u00ebkundur.<\/p>\n<p>Q\u00ebndrojm\u00eb t\u00eb vendosur kund\u00ebr regjimit iranian dhe n\u00eb mb\u00ebshtetje t\u00eb Presidentit Trump, duke u solidarizuar me popullin iranian p\u00ebr nj\u00eb t\u00eb ardhme t\u00eb lir\u00eb dhe demokratike, thuhet n\u00eb reagimin e Ministris\u00eb s\u00eb Jashtme q\u00eb udh\u00ebhiqet nga Glauk Konjufca.<\/p>\n","protected":false},"excerpt":{"rendered":"<p>Prishtin\u00eb 28 Shkurt 2026 13:14 Shtetet e Bashkuara t\u00eb Amerik\u00ebs kan\u00eb nd\u00ebrmarr\u00eb nj\u00eb sulm ushtarak ndaj regjimit t\u00eb Ajatollah\u00ebve n\u00eb Iran, nj\u00eb regjim q\u00eb p\u00ebr<\/p>\n","protected":false},"author":6,"featured_media":35166,"comment_status":"open","ping_status":"open","sticky":false,"template":"","format":"standard","meta":{"footnotes":""},"categories":[60],"tags":[],"class_list":["post-35165","post","type-post","status-publish","format-standard","has-post-thumbnail","hentry","category-shoqerore-sq"],"yoast_head":"<!-- This site is optimized with the Yoast SEO plugin v25.3.1 - https:\/\/yoast.com\/wordpress\/plugins\/seo\/ -->\n<title>Ministria e Jashtme e Kosov\u00ebs:Jemi me Trump, kund\u00ebr regjimit t\u00eb Iranit -<\/title>\n<meta name=\"robots\" content=\"index, follow, max-snippet:-1, max-image-preview:large, max-video-preview:-1\" \/>\n<link rel=\"canonical\" href=\"https:\/\/veritasinfo.org\/?p=35165\" \/>\n<meta property=\"og:locale\" content=\"en_US\" \/>\n<meta property=\"og:type\" content=\"article\" \/>\n<meta property=\"og:title\" content=\"Ministria e Jashtme e Kosov\u00ebs:Jemi me Trump, kund\u00ebr regjimit t\u00eb Iranit -\" \/>\n<meta property=\"og:description\" content=\"Prishtin\u00eb 28 Shkurt 2026 13:14 Shtetet e Bashkuara t\u00eb Amerik\u00ebs kan\u00eb nd\u00ebrmarr\u00eb nj\u00eb sulm ushtarak ndaj regjimit t\u00eb Ajatollah\u00ebve n\u00eb Iran, nj\u00eb regjim q\u00eb p\u00ebr\" \/>\n<meta property=\"og:url\" content=\"https:\/\/veritasinfo.org\/?p=35165\" \/>\n<meta property=\"article:published_time\" content=\"2026-02-28T12:15:49+00:00\" \/>\n<meta property=\"og:image\" content=\"https:\/\/veritasinfo.org\/wp-content\/uploads\/2026\/02\/images-2.webp\" \/>\n\t<meta property=\"og:image:width\" content=\"556\" \/>\n\t<meta property=\"og:image:height\" content=\"552\" \/>\n\t<meta property=\"og:image:type\" content=\"image\/webp\" \/>\n<meta name=\"author\" content=\"US5\" \/>\n<meta name=\"twitter:card\" content=\"summary_large_image\" \/>\n<meta name=\"twitter:label1\" content=\"Written by\" \/>\n\t<meta name=\"twitter:data1\" content=\"US5\" \/>\n<script type=\"application\/ld+json\" class=\"yoast-schema-graph\">{\"@context\":\"https:\/\/schema.org\",\"@graph\":[{\"@type\":\"WebPage\",\"@id\":\"https:\/\/veritasinfo.org\/?p=35165\",\"url\":\"https:\/\/veritasinfo.org\/?p=35165\",\"name\":\"Ministria e Jashtme e Kosov\u00ebs:Jemi me Trump, kund\u00ebr regjimit t\u00eb Iranit -\",\"isPartOf\":{\"@id\":\"https:\/\/veritasinfo.org\/#website\"},\"primaryImageOfPage\":{\"@id\":\"https:\/\/veritasinfo.org\/?p=35165#primaryimage\"},\"image\":{\"@id\":\"https:\/\/veritasinfo.org\/?p=35165#primaryimage\"},\"thumbnailUrl\":\"https:\/\/veritasinfo.org\/wp-content\/uploads\/2026\/02\/images-2.webp\",\"datePublished\":\"2026-02-28T12:15:49+00:00\",\"author\":{\"@id\":\"https:\/\/veritasinfo.org\/#\/schema\/person\/bc442336e35414d04494ab8fb45db4c6\"},\"breadcrumb\":{\"@id\":\"https:\/\/veritasinfo.org\/?p=35165#breadcrumb\"},\"inLanguage\":\"en-US\",\"potentialAction\":[{\"@type\":\"ReadAction\",\"target\":[\"https:\/\/veritasinfo.org\/?p=35165\"]}]},{\"@type\":\"ImageObject\",\"inLanguage\":\"en-US\",\"@id\":\"https:\/\/veritasinfo.org\/?p=35165#primaryimage\",\"url\":\"https:\/\/veritasinfo.org\/wp-content\/uploads\/2026\/02\/images-2.webp\",\"contentUrl\":\"https:\/\/veritasinfo.org\/wp-content\/uploads\/2026\/02\/images-2.webp\",\"width\":556,\"height\":552},{\"@type\":\"BreadcrumbList\",\"@id\":\"https:\/\/veritasinfo.org\/?p=35165#breadcrumb\",\"itemListElement\":[{\"@type\":\"ListItem\",\"position\":1,\"name\":\"Home\",\"item\":\"https:\/\/veritasinfo.org\/\"},{\"@type\":\"ListItem\",\"position\":2,\"name\":\"Ministria e Jashtme e Kosov\u00ebs:Jemi me Trump, kund\u00ebr regjimit t\u00eb Iranit\"}]},{\"@type\":\"WebSite\",\"@id\":\"https:\/\/veritasinfo.org\/#website\",\"url\":\"https:\/\/veritasinfo.org\/\",\"name\":\"\",\"description\":\"\",\"potentialAction\":[{\"@type\":\"SearchAction\",\"target\":{\"@type\":\"EntryPoint\",\"urlTemplate\":\"https:\/\/veritasinfo.org\/?s={search_term_string}\"},\"query-input\":{\"@type\":\"PropertyValueSpecification\",\"valueRequired\":true,\"valueName\":\"search_term_string\"}}],\"inLanguage\":\"en-US\"},{\"@type\":\"Person\",\"@id\":\"https:\/\/veritasinfo.org\/#\/schema\/person\/bc442336e35414d04494ab8fb45db4c6\",\"name\":\"US5\",\"image\":{\"@type\":\"ImageObject\",\"inLanguage\":\"en-US\",\"@id\":\"https:\/\/veritasinfo.org\/#\/schema\/person\/image\/\",\"url\":\"https:\/\/secure.gravatar.com\/avatar\/16a61e7272a0c5d001121ebb9e60e925d5816e4ac1e443ed3e640d9a6ae55d0c?s=96&d=mm&r=g\",\"contentUrl\":\"https:\/\/secure.gravatar.com\/avatar\/16a61e7272a0c5d001121ebb9e60e925d5816e4ac1e443ed3e640d9a6ae55d0c?s=96&d=mm&r=g\",\"caption\":\"US5\"},\"url\":\"https:\/\/veritasinfo.org\/?author=6\"}]}<\/script>\n<!-- \/ Yoast SEO plugin. -->","yoast_head_json":{"title":"Ministria e Jashtme e Kosov\u00ebs:Jemi me Trump, kund\u00ebr regjimit t\u00eb Iranit -","robots":{"index":"index","follow":"follow","max-snippet":"max-snippet:-1","max-image-preview":"max-image-preview:large","max-video-preview":"max-video-preview:-1"},"canonical":"https:\/\/veritasinfo.org\/?p=35165","og_locale":"en_US","og_type":"article","og_title":"Ministria e Jashtme e Kosov\u00ebs:Jemi me Trump, kund\u00ebr regjimit t\u00eb Iranit -","og_description":"Prishtin\u00eb 28 Shkurt 2026 13:14 Shtetet e Bashkuara t\u00eb Amerik\u00ebs kan\u00eb nd\u00ebrmarr\u00eb nj\u00eb sulm ushtarak ndaj regjimit t\u00eb Ajatollah\u00ebve n\u00eb Iran, nj\u00eb regjim q\u00eb p\u00ebr","og_url":"https:\/\/veritasinfo.org\/?p=35165","article_published_time":"2026-02-28T12:15:49+00:00","og_image":[{"width":556,"height":552,"url":"https:\/\/veritasinfo.org\/wp-content\/uploads\/2026\/02\/images-2.webp","type":"image\/webp"}],"author":"US5","twitter_card":"summary_large_image","twitter_misc":{"Written by":"US5"},"schema":{"@context":"https:\/\/schema.org","@graph":[{"@type":"WebPage","@id":"https:\/\/veritasinfo.org\/?p=35165","url":"https:\/\/veritasinfo.org\/?p=35165","name":"Ministria e Jashtme e Kosov\u00ebs:Jemi me Trump, kund\u00ebr regjimit t\u00eb Iranit -","isPartOf":{"@id":"https:\/\/veritasinfo.org\/#website"},"primaryImageOfPage":{"@id":"https:\/\/veritasinfo.org\/?p=35165#primaryimage"},"image":{"@id":"https:\/\/veritasinfo.org\/?p=35165#primaryimage"},"thumbnailUrl":"https:\/\/veritasinfo.org\/wp-content\/uploads\/2026\/02\/images-2.webp","datePublished":"2026-02-28T12:15:49+00:00","author":{"@id":"https:\/\/veritasinfo.org\/#\/schema\/person\/bc442336e35414d04494ab8fb45db4c6"},"breadcrumb":{"@id":"https:\/\/veritasinfo.org\/?p=35165#breadcrumb"},"inLanguage":"en-US","potentialAction":[{"@type":"ReadAction","target":["https:\/\/veritasinfo.org\/?p=35165"]}]},{"@type":"ImageObject","inLanguage":"en-US","@id":"https:\/\/veritasinfo.org\/?p=35165#primaryimage","url":"https:\/\/veritasinfo.org\/wp-content\/uploads\/2026\/02\/images-2.webp","contentUrl":"https:\/\/veritasinfo.org\/wp-content\/uploads\/2026\/02\/images-2.webp","width":556,"height":552},{"@type":"BreadcrumbList","@id":"https:\/\/veritasinfo.org\/?p=35165#breadcrumb","itemListElement":[{"@type":"ListItem","position":1,"name":"Home","item":"https:\/\/veritasinfo.org\/"},{"@type":"ListItem","position":2,"name":"Ministria e Jashtme e Kosov\u00ebs:Jemi me Trump, kund\u00ebr regjimit t\u00eb Iranit"}]},{"@type":"WebSite","@id":"https:\/\/veritasinfo.org\/#website","url":"https:\/\/veritasinfo.org\/","name":"","description":"","potentialAction":[{"@type":"SearchAction","target":{"@type":"EntryPoint","urlTemplate":"https:\/\/veritasinfo.org\/?s={search_term_string}"},"query-input":{"@type":"PropertyValueSpecification","valueRequired":true,"valueName":"search_term_string"}}],"inLanguage":"en-US"},{"@type":"Person","@id":"https:\/\/veritasinfo.org\/#\/schema\/person\/bc442336e35414d04494ab8fb45db4c6","name":"US5","image":{"@type":"ImageObject","inLanguage":"en-US","@id":"https:\/\/veritasinfo.org\/#\/schema\/person\/image\/","url":"https:\/\/secure.gravatar.com\/avatar\/16a61e7272a0c5d001121ebb9e60e925d5816e4ac1e443ed3e640d9a6ae55d0c?s=96&d=mm&r=g","contentUrl":"https:\/\/secure.gravatar.com\/avatar\/16a61e7272a0c5d001121ebb9e60e925d5816e4ac1e443ed3e640d9a6ae55d0c?s=96&d=mm&r=g","caption":"US5"},"url":"https:\/\/veritasinfo.org\/?author=6"}]}},"featured_image_urls":{"full":["https:\/\/veritasinfo.org\/wp-content\/uploads\/2026\/02\/images-2.webp",556,552,false],"thumbnail":["https:\/\/veritasinfo.org\/wp-content\/uploads\/2026\/02\/images-2-150x150.webp",150,150,true],"medium":["https:\/\/veritasinfo.org\/wp-content\/uploads\/2026\/02\/images-2-300x298.webp",300,298,true],"medium_large":["https:\/\/veritasinfo.org\/wp-content\/uploads\/2026\/02\/images-2.webp",556,552,false],"large":["https:\/\/veritasinfo.org\/wp-content\/uploads\/2026\/02\/images-2.webp",556,552,false],"1536x1536":["https:\/\/veritasinfo.org\/wp-content\/uploads\/2026\/02\/images-2.webp",556,552,false],"2048x2048":["https:\/\/veritasinfo.org\/wp-content\/uploads\/2026\/02\/images-2.webp",556,552,false],"kreeti-slider-full":["https:\/\/veritasinfo.org\/wp-content\/uploads\/2026\/02\/images-2.webp",556,552,false],"kreeti-featured":["https:\/\/veritasinfo.org\/wp-content\/uploads\/2026\/02\/images-2.webp",556,552,false],"kreeti-medium":["https:\/\/veritasinfo.org\/wp-content\/uploads\/2026\/02\/images-2.webp",534,530,false],"kreeti-medium-square":["https:\/\/veritasinfo.org\/wp-content\/uploads\/2026\/02\/images-2.webp",350,347,false]},"author_info":{"info":["US5"]},"category_info":"<a href=\"https:\/\/veritasinfo.org\/?cat=60\" rel=\"category\">Shoq\u00ebrore<\/a>","tag_info":"Shoq\u00ebrore","comment_count":"0","_links":{"self":[{"href":"https:\/\/veritasinfo.org\/index.php?rest_route=\/wp\/v2\/posts\/35165","targetHints":{"allow":["GET"]}}],"collection":[{"href":"https:\/\/veritasinfo.org\/index.php?rest_route=\/wp\/v2\/posts"}],"about":[{"href":"https:\/\/veritasinfo.org\/index.php?rest_route=\/wp\/v2\/types\/post"}],"author":[{"embeddable":true,"href":"https:\/\/veritasinfo.org\/index.php?rest_route=\/wp\/v2\/users\/6"}],"replies":[{"embeddable":true,"href":"https:\/\/veritasinfo.org\/index.php?rest_route=%2Fwp%2Fv2%2Fcomments&post=35165"}],"version-history":[{"count":1,"href":"https:\/\/veritasinfo.org\/index.php?rest_route=\/wp\/v2\/posts\/35165\/revisions"}],"predecessor-version":[{"id":35167,"href":"https:\/\/veritasinfo.org\/index.php?rest_route=\/wp\/v2\/posts\/35165\/revisions\/35167"}],"wp:featuredmedia":[{"embeddable":true,"href":"https:\/\/veritasinfo.org\/index.php?rest_route=\/wp\/v2\/media\/35166"}],"wp:attachment":[{"href":"https:\/\/veritasinfo.org\/index.php?rest_route=%2Fwp%2Fv2%2Fmedia&parent=35165"}],"wp:term":[{"taxonomy":"category","embeddable":true,"href":"https:\/\/veritasinfo.org\/index.php?rest_route=%2Fwp%2Fv2%2Fcategories&post=35165"},{"taxonomy":"post_tag","embeddable":true,"href":"https:\/\/veritasinfo.org\/index.php?rest_route=%2Fwp%2Fv2%2Ftags&post=35165"}],"curies":[{"name":"wp","href":"https:\/\/api.w.org\/{rel}","templated":true}]}}