{"id":35161,"date":"2026-02-28T12:33:53","date_gmt":"2026-02-28T11:33:53","guid":{"rendered":"https:\/\/veritasinfo.org\/?p=35161"},"modified":"2026-02-28T12:33:53","modified_gmt":"2026-02-28T11:33:53","slug":"macedoncia-ucesce-kosova-u-stabilizacionim-snagama-za-gazu-je-strateska-odluka-za-zemlju","status":"publish","type":"post","link":"https:\/\/veritasinfo.org\/?p=35161&lang=sr","title":{"rendered":"Ma\u0107edoncia: U\u010de\u0161c\u0301e Kosova u Stabilizacionim snagama za Gazu je strate\u0161ka odluka za zemlju"},"content":{"rendered":"<p>Pri\u0161tina, 28. februar 2026, 12:28<\/p>\n<p>Ministarstvo odbrane je u fazi zavr\u0161ne analize o tome koje \u0107e jedinice Bezbednosnih snaga biti upu\u0107ene u Gazu.<\/p>\n<p>Ministar, Ejup Ma\u0107edonci, ka\u017ee za KosovaPress da \u0107e biti kombinacija kapaciteta, jer prema njegovim re\u010dima ne\u0107e biti samo tipi\u010dno vojni kapaciteti, ve\u0107 i kapaciteti za deminiranje i potragu i spasavanje. On nagla\u0161ava da je u\u010de\u0161\u0107e Kosova u Stabilizacionim snagama za Gazu strate\u0161ka odluka za zemlju, uprkos riziku koji mo\u017ee postojati.<\/p>\n<p>\u201eTrenutno, dok govorimo, nalazimo se u fazi, mo\u017eemo re\u0107i, zavr\u0161ne analize sa kojim jedinicama \u0107emo se rasporediti na Bliskom istoku za operaciju u okviru stabilizacionih snaga. Zajedno sa komandantom BSK-a nalazimo se u zavr\u0161nim fazama definisanja kapaciteta. Me\u0111utim, ono \u0161to ovde mogu da ka\u017eem jeste da \u0107emo imati kombinaciju kapaciteta, ne\u0107e biti samo tipi\u010dno vojni kapaciteti, ali ne\u0107e biti ni samo tipi\u010dni kapaciteti koji se odnose na deminiranje, potragu i spasavanje. Dakle, bi\u0107e kombinacija. Me\u0111utim, i dalje \u010dekamo, mo\u017eemo re\u0107i, analize, ali i kona\u010dnu koordinaciju sa komandantom stabilizacionih snaga, ameri\u010dkim generalom, kako bismo do\u0161li do zaklju\u010dka koje kapacitete \u0107emo imati\u201c, ka\u017ee on.<\/p>\n<p>Prema njegovim re\u010dima, nakon usvajanja sporazuma u Vladi i Skup\u0161tini, BSK \u0107e poslati nekoliko jedinica u Gazu radi procene bezbednosnog rizika, imaju\u0107i u vidu da je na toj teritoriji i dalje aktivan rat.<\/p>\n<p>\u201eSmatram da je zaista strate\u0161ka odluka Republike Kosovo ideja da se rasporede trupe u Gazu, odnosno na Bliski istok, jer se u ovom periodu o kojem govorimo razmatraju i aspekti baza gde \u0107e one biti tamo\u2026 Naravno da radimo i procenu rizika. Ima\u0107emo jedinice koje \u0107emo poslati radi procene rizika. Me\u0111utim, mi smo spremni i da preuzmemo rizik u vezi sa na\u0161im odlukama\u2026 Verujem da \u0107emo tokom ovih nedelja imati predlog za Vladu Republike Kosovo radi dono\u0161enja politi\u010dke odluke, koja se potom, uz odobrenje ve\u0107ine poslanika, pretvara u ovla\u0161\u0107enje za u\u010de\u0161\u0107e u operaciji van zemlje. I poslednji korak je ovla\u0161\u0107enje predsednice na osnovu te dve odluke za upu\u0107ivanje BSK-a van zemlje\u201c, dodaje Ma\u010dedonci.<\/p>\n<p>Upitan ko ima zasluge za u\u010de\u0161\u0107e BSK-a u Stabilizacionim snagama u Gazi, kao i za \u010dlanstvo u Odboru za mir, Ma\u010dedonci je rekao da su dr\u017eavna dostignu\u0107a Kosova zasluga svih institucija.<\/p>\n<p>Me\u0111utim, poja\u0161njava da su on i premijer Aljbin Kurti bili anga\u017eovani na u\u010de\u0161\u0107u u Stabilizacionim snagama u Gazi, koje se formiraju na osnovu rezolucije UN. U me\u0111uvremenu, dodaje da je Odbor za mir inicijativa Sjedinjenih Ameri\u010dkih Dr\u017eava koja se vi\u0161e bavi politi\u010dkim upravljanjem mirom i bezbedno\u0161\u0107u u svetu.<\/p>\n<p>\u201eSmatram da su u ovom delu dostignu\u0107a na dr\u017eavnom nivou zasluge svih institucija, pre svega gra\u0111ana Kosova i na\u0161eg evroatlantskog opredeljenja. \u0160to se ti\u010de poja\u0161njenja uloge, ove stabilizacione snage, kao \u0161to sam ponovo rekao, grade se pozivaju\u0107i se na rezoluciju UN, odnosno Saveta bezbednosti UN. Dok je Odbor za mir inicijativa Sjedinjenih Ameri\u010dkih Dr\u017eava za izgradnju, mo\u017eemo re\u0107i, institucije politi\u010dkog upravljanja mirom i bezbedno\u0161\u0107u u svetu\u2026 Poverenje Sjedinjenih Ameri\u010dkih Dr\u017eava, smatram da je pre svega poverenje u institucije na\u0161e zemlje, poverenje u na\u0161u demokratiju, poverenje u na\u0161e nepokolebljivo evroatlantsko opredeljenje, poverenje u partnerstvo koje smo tokom godina izgradili sa Sjedinjenim Ameri\u010dkim Dr\u017eavama, a zatim je individualni rad svakog od nas na neki na\u010din dodatno ja\u010danje tog poverenja. I smatram da je to zaista kolektivno dostignu\u0107e, dostignu\u0107e institucija i gra\u0111ana Kosova, \u0161to se ogleda u poverenju koje SAD imaju\u201c, izjavio je on.<\/p>\n<p>Pored toga, Ma\u010dedonci obja\u0161njava i zanimljivu \u010dinjenicu kako vojska Kosova u\u010destvuje u o\u010duvanju mira u Gazi, dok na Kosovu tu ulogu imaju trupe KFOR-a.<\/p>\n<p>On ka\u017ee da je to regulisano Rezolucijom 1244 Saveta bezbednosti UN, ali dodaje da \u0107e izgradnja kapaciteta BSK-a u narednim godinama dovesti do dijaloga sa NATO-om u vezi sa pitanjem nadle\u017enosti i bezbednosnih odgovornosti na Kosovu.<\/p>\n<p>\u201eDa, to se obja\u0161njava \u010dinjenicom da i dalje imamo na snazi rezoluciju Saveta bezbednosti UN, Rezoluciju 1244, koja do sada nije ukinuta i koja je dala mandat NATO-u da ima svoje snage u Republici Kosovo. Ne ka\u017eem da nije potrebno da imamo takve snage u Republici Kosovo, ali smo tokom godina, uz o\u010duvanje bezbednosti, izgradili sopstvene kapacitete koji su sposobni da izvoze bezbednost van zemlje i smatram da \u0107emo u narednim godinama imati ozbiljniji i dublji dijalog sa NATO-om o pitanju nadle\u017enosti i odgovornosti bezbednosnih institucija na Kosovu, uklju\u010duju\u0107i Bezbednosne snage Kosova, koje svakim danom sve vi\u0161e poprimaju karakter zaista profesionalne, kredibilne i sposobne snage da budu deo me\u0111unarodnih napora za mir i bezbednost\u201c, istakao je ministar Ma\u0107edonci.<\/p>\n","protected":false},"excerpt":{"rendered":"<p>Pri\u0161tina, 28. februar 2026, 12:28 Ministarstvo odbrane je u fazi zavr\u0161ne analize o tome koje \u0107e jedinice Bezbednosnih snaga biti upu\u0107ene u Gazu. Ministar, Ejup<\/p>\n","protected":false},"author":6,"featured_media":35162,"comment_status":"open","ping_status":"open","sticky":false,"template":"","format":"standard","meta":{"footnotes":""},"categories":[28],"tags":[],"class_list":["post-35161","post","type-post","status-publish","format-standard","has-post-thumbnail","hentry","category-politika"],"yoast_head":"<!-- This site is optimized with the Yoast SEO plugin v25.3.1 - https:\/\/yoast.com\/wordpress\/plugins\/seo\/ -->\n<title>Ma\u0107edoncia: U\u010de\u0161c\u0301e Kosova u Stabilizacionim snagama za Gazu je strate\u0161ka odluka za zemlju -<\/title>\n<meta name=\"robots\" content=\"index, follow, max-snippet:-1, max-image-preview:large, max-video-preview:-1\" \/>\n<link rel=\"canonical\" href=\"https:\/\/veritasinfo.org\/?p=35161&lang=sr\" \/>\n<meta property=\"og:locale\" content=\"en_US\" \/>\n<meta property=\"og:type\" content=\"article\" \/>\n<meta property=\"og:title\" content=\"Ma\u0107edoncia: U\u010de\u0161c\u0301e Kosova u Stabilizacionim snagama za Gazu je strate\u0161ka odluka za zemlju -\" \/>\n<meta property=\"og:description\" content=\"Pri\u0161tina, 28. februar 2026, 12:28 Ministarstvo odbrane je u fazi zavr\u0161ne analize o tome koje \u0107e jedinice Bezbednosnih snaga biti upu\u0107ene u Gazu. Ministar, Ejup\" \/>\n<meta property=\"og:url\" content=\"https:\/\/veritasinfo.org\/?p=35161&amp;lang=sr\" \/>\n<meta property=\"article:published_time\" content=\"2026-02-28T11:33:53+00:00\" \/>\n<meta property=\"og:image\" content=\"https:\/\/veritasinfo.org\/wp-content\/uploads\/2026\/02\/IMG-20260228-WA0004-1.jpg\" \/>\n\t<meta property=\"og:image:width\" content=\"600\" \/>\n\t<meta property=\"og:image:height\" content=\"371\" \/>\n\t<meta property=\"og:image:type\" content=\"image\/jpeg\" \/>\n<meta name=\"author\" content=\"US5\" \/>\n<meta name=\"twitter:card\" content=\"summary_large_image\" \/>\n<meta name=\"twitter:label1\" content=\"Written by\" \/>\n\t<meta name=\"twitter:data1\" content=\"US5\" \/>\n<script type=\"application\/ld+json\" class=\"yoast-schema-graph\">{\"@context\":\"https:\/\/schema.org\",\"@graph\":[{\"@type\":\"WebPage\",\"@id\":\"https:\/\/veritasinfo.org\/?p=35161&lang=sr\",\"url\":\"https:\/\/veritasinfo.org\/?p=35161&lang=sr\",\"name\":\"Ma\u0107edoncia: U\u010de\u0161c\u0301e Kosova u Stabilizacionim snagama za Gazu je strate\u0161ka odluka za zemlju -\",\"isPartOf\":{\"@id\":\"https:\/\/veritasinfo.org\/#website\"},\"primaryImageOfPage\":{\"@id\":\"https:\/\/veritasinfo.org\/?p=35161&lang=sr#primaryimage\"},\"image\":{\"@id\":\"https:\/\/veritasinfo.org\/?p=35161&lang=sr#primaryimage\"},\"thumbnailUrl\":\"https:\/\/veritasinfo.org\/wp-content\/uploads\/2026\/02\/IMG-20260228-WA0004-1.jpg\",\"datePublished\":\"2026-02-28T11:33:53+00:00\",\"author\":{\"@id\":\"https:\/\/veritasinfo.org\/#\/schema\/person\/bc442336e35414d04494ab8fb45db4c6\"},\"breadcrumb\":{\"@id\":\"https:\/\/veritasinfo.org\/?p=35161&lang=sr#breadcrumb\"},\"inLanguage\":\"en-US\",\"potentialAction\":[{\"@type\":\"ReadAction\",\"target\":[\"https:\/\/veritasinfo.org\/?p=35161&lang=sr\"]}]},{\"@type\":\"ImageObject\",\"inLanguage\":\"en-US\",\"@id\":\"https:\/\/veritasinfo.org\/?p=35161&lang=sr#primaryimage\",\"url\":\"https:\/\/veritasinfo.org\/wp-content\/uploads\/2026\/02\/IMG-20260228-WA0004-1.jpg\",\"contentUrl\":\"https:\/\/veritasinfo.org\/wp-content\/uploads\/2026\/02\/IMG-20260228-WA0004-1.jpg\",\"width\":600,\"height\":371},{\"@type\":\"BreadcrumbList\",\"@id\":\"https:\/\/veritasinfo.org\/?p=35161&lang=sr#breadcrumb\",\"itemListElement\":[{\"@type\":\"ListItem\",\"position\":1,\"name\":\"Home\",\"item\":\"https:\/\/veritasinfo.org\/\"},{\"@type\":\"ListItem\",\"position\":2,\"name\":\"Ma\u0107edoncia: U\u010de\u0161c\u0301e Kosova u Stabilizacionim snagama za Gazu je strate\u0161ka odluka za zemlju\"}]},{\"@type\":\"WebSite\",\"@id\":\"https:\/\/veritasinfo.org\/#website\",\"url\":\"https:\/\/veritasinfo.org\/\",\"name\":\"\",\"description\":\"\",\"potentialAction\":[{\"@type\":\"SearchAction\",\"target\":{\"@type\":\"EntryPoint\",\"urlTemplate\":\"https:\/\/veritasinfo.org\/?s={search_term_string}\"},\"query-input\":{\"@type\":\"PropertyValueSpecification\",\"valueRequired\":true,\"valueName\":\"search_term_string\"}}],\"inLanguage\":\"en-US\"},{\"@type\":\"Person\",\"@id\":\"https:\/\/veritasinfo.org\/#\/schema\/person\/bc442336e35414d04494ab8fb45db4c6\",\"name\":\"US5\",\"image\":{\"@type\":\"ImageObject\",\"inLanguage\":\"en-US\",\"@id\":\"https:\/\/veritasinfo.org\/#\/schema\/person\/image\/\",\"url\":\"https:\/\/secure.gravatar.com\/avatar\/16a61e7272a0c5d001121ebb9e60e925d5816e4ac1e443ed3e640d9a6ae55d0c?s=96&d=mm&r=g\",\"contentUrl\":\"https:\/\/secure.gravatar.com\/avatar\/16a61e7272a0c5d001121ebb9e60e925d5816e4ac1e443ed3e640d9a6ae55d0c?s=96&d=mm&r=g\",\"caption\":\"US5\"},\"url\":\"https:\/\/veritasinfo.org\/?author=6\"}]}<\/script>\n<!-- \/ Yoast SEO plugin. -->","yoast_head_json":{"title":"Ma\u0107edoncia: U\u010de\u0161c\u0301e Kosova u Stabilizacionim snagama za Gazu je strate\u0161ka odluka za zemlju -","robots":{"index":"index","follow":"follow","max-snippet":"max-snippet:-1","max-image-preview":"max-image-preview:large","max-video-preview":"max-video-preview:-1"},"canonical":"https:\/\/veritasinfo.org\/?p=35161&lang=sr","og_locale":"en_US","og_type":"article","og_title":"Ma\u0107edoncia: U\u010de\u0161c\u0301e Kosova u Stabilizacionim snagama za Gazu je strate\u0161ka odluka za zemlju -","og_description":"Pri\u0161tina, 28. februar 2026, 12:28 Ministarstvo odbrane je u fazi zavr\u0161ne analize o tome koje \u0107e jedinice Bezbednosnih snaga biti upu\u0107ene u Gazu. Ministar, Ejup","og_url":"https:\/\/veritasinfo.org\/?p=35161&lang=sr","article_published_time":"2026-02-28T11:33:53+00:00","og_image":[{"width":600,"height":371,"url":"https:\/\/veritasinfo.org\/wp-content\/uploads\/2026\/02\/IMG-20260228-WA0004-1.jpg","type":"image\/jpeg"}],"author":"US5","twitter_card":"summary_large_image","twitter_misc":{"Written by":"US5"},"schema":{"@context":"https:\/\/schema.org","@graph":[{"@type":"WebPage","@id":"https:\/\/veritasinfo.org\/?p=35161&lang=sr","url":"https:\/\/veritasinfo.org\/?p=35161&lang=sr","name":"Ma\u0107edoncia: U\u010de\u0161c\u0301e Kosova u Stabilizacionim snagama za Gazu je strate\u0161ka odluka za zemlju -","isPartOf":{"@id":"https:\/\/veritasinfo.org\/#website"},"primaryImageOfPage":{"@id":"https:\/\/veritasinfo.org\/?p=35161&lang=sr#primaryimage"},"image":{"@id":"https:\/\/veritasinfo.org\/?p=35161&lang=sr#primaryimage"},"thumbnailUrl":"https:\/\/veritasinfo.org\/wp-content\/uploads\/2026\/02\/IMG-20260228-WA0004-1.jpg","datePublished":"2026-02-28T11:33:53+00:00","author":{"@id":"https:\/\/veritasinfo.org\/#\/schema\/person\/bc442336e35414d04494ab8fb45db4c6"},"breadcrumb":{"@id":"https:\/\/veritasinfo.org\/?p=35161&lang=sr#breadcrumb"},"inLanguage":"en-US","potentialAction":[{"@type":"ReadAction","target":["https:\/\/veritasinfo.org\/?p=35161&lang=sr"]}]},{"@type":"ImageObject","inLanguage":"en-US","@id":"https:\/\/veritasinfo.org\/?p=35161&lang=sr#primaryimage","url":"https:\/\/veritasinfo.org\/wp-content\/uploads\/2026\/02\/IMG-20260228-WA0004-1.jpg","contentUrl":"https:\/\/veritasinfo.org\/wp-content\/uploads\/2026\/02\/IMG-20260228-WA0004-1.jpg","width":600,"height":371},{"@type":"BreadcrumbList","@id":"https:\/\/veritasinfo.org\/?p=35161&lang=sr#breadcrumb","itemListElement":[{"@type":"ListItem","position":1,"name":"Home","item":"https:\/\/veritasinfo.org\/"},{"@type":"ListItem","position":2,"name":"Ma\u0107edoncia: U\u010de\u0161c\u0301e Kosova u Stabilizacionim snagama za Gazu je strate\u0161ka odluka za zemlju"}]},{"@type":"WebSite","@id":"https:\/\/veritasinfo.org\/#website","url":"https:\/\/veritasinfo.org\/","name":"","description":"","potentialAction":[{"@type":"SearchAction","target":{"@type":"EntryPoint","urlTemplate":"https:\/\/veritasinfo.org\/?s={search_term_string}"},"query-input":{"@type":"PropertyValueSpecification","valueRequired":true,"valueName":"search_term_string"}}],"inLanguage":"en-US"},{"@type":"Person","@id":"https:\/\/veritasinfo.org\/#\/schema\/person\/bc442336e35414d04494ab8fb45db4c6","name":"US5","image":{"@type":"ImageObject","inLanguage":"en-US","@id":"https:\/\/veritasinfo.org\/#\/schema\/person\/image\/","url":"https:\/\/secure.gravatar.com\/avatar\/16a61e7272a0c5d001121ebb9e60e925d5816e4ac1e443ed3e640d9a6ae55d0c?s=96&d=mm&r=g","contentUrl":"https:\/\/secure.gravatar.com\/avatar\/16a61e7272a0c5d001121ebb9e60e925d5816e4ac1e443ed3e640d9a6ae55d0c?s=96&d=mm&r=g","caption":"US5"},"url":"https:\/\/veritasinfo.org\/?author=6"}]}},"featured_image_urls":{"full":["https:\/\/veritasinfo.org\/wp-content\/uploads\/2026\/02\/IMG-20260228-WA0004-1.jpg",600,371,false],"thumbnail":["https:\/\/veritasinfo.org\/wp-content\/uploads\/2026\/02\/IMG-20260228-WA0004-1-150x150.jpg",150,150,true],"medium":["https:\/\/veritasinfo.org\/wp-content\/uploads\/2026\/02\/IMG-20260228-WA0004-1-300x186.jpg",300,186,true],"medium_large":["https:\/\/veritasinfo.org\/wp-content\/uploads\/2026\/02\/IMG-20260228-WA0004-1.jpg",600,371,false],"large":["https:\/\/veritasinfo.org\/wp-content\/uploads\/2026\/02\/IMG-20260228-WA0004-1.jpg",600,371,false],"1536x1536":["https:\/\/veritasinfo.org\/wp-content\/uploads\/2026\/02\/IMG-20260228-WA0004-1.jpg",600,371,false],"2048x2048":["https:\/\/veritasinfo.org\/wp-content\/uploads\/2026\/02\/IMG-20260228-WA0004-1.jpg",600,371,false],"kreeti-slider-full":["https:\/\/veritasinfo.org\/wp-content\/uploads\/2026\/02\/IMG-20260228-WA0004-1.jpg",600,371,false],"kreeti-featured":["https:\/\/veritasinfo.org\/wp-content\/uploads\/2026\/02\/IMG-20260228-WA0004-1.jpg",600,371,false],"kreeti-medium":["https:\/\/veritasinfo.org\/wp-content\/uploads\/2026\/02\/IMG-20260228-WA0004-1.jpg",600,371,false],"kreeti-medium-square":["https:\/\/veritasinfo.org\/wp-content\/uploads\/2026\/02\/IMG-20260228-WA0004-1.jpg",350,216,false]},"author_info":{"info":["US5"]},"category_info":"<a href=\"https:\/\/veritasinfo.org\/?cat=28&#038;lang=sr\" rel=\"category\">Politika<\/a>","tag_info":"Politika","comment_count":"0","_links":{"self":[{"href":"https:\/\/veritasinfo.org\/index.php?rest_route=\/wp\/v2\/posts\/35161","targetHints":{"allow":["GET"]}}],"collection":[{"href":"https:\/\/veritasinfo.org\/index.php?rest_route=\/wp\/v2\/posts"}],"about":[{"href":"https:\/\/veritasinfo.org\/index.php?rest_route=\/wp\/v2\/types\/post"}],"author":[{"embeddable":true,"href":"https:\/\/veritasinfo.org\/index.php?rest_route=\/wp\/v2\/users\/6"}],"replies":[{"embeddable":true,"href":"https:\/\/veritasinfo.org\/index.php?rest_route=%2Fwp%2Fv2%2Fcomments&post=35161"}],"version-history":[{"count":1,"href":"https:\/\/veritasinfo.org\/index.php?rest_route=\/wp\/v2\/posts\/35161\/revisions"}],"predecessor-version":[{"id":35163,"href":"https:\/\/veritasinfo.org\/index.php?rest_route=\/wp\/v2\/posts\/35161\/revisions\/35163"}],"wp:featuredmedia":[{"embeddable":true,"href":"https:\/\/veritasinfo.org\/index.php?rest_route=\/wp\/v2\/media\/35162"}],"wp:attachment":[{"href":"https:\/\/veritasinfo.org\/index.php?rest_route=%2Fwp%2Fv2%2Fmedia&parent=35161"}],"wp:term":[{"taxonomy":"category","embeddable":true,"href":"https:\/\/veritasinfo.org\/index.php?rest_route=%2Fwp%2Fv2%2Fcategories&post=35161"},{"taxonomy":"post_tag","embeddable":true,"href":"https:\/\/veritasinfo.org\/index.php?rest_route=%2Fwp%2Fv2%2Ftags&post=35161"}],"curies":[{"name":"wp","href":"https:\/\/api.w.org\/{rel}","templated":true}]}}