{"id":35158,"date":"2026-02-28T12:31:39","date_gmt":"2026-02-28T11:31:39","guid":{"rendered":"https:\/\/veritasinfo.org\/?p=35158"},"modified":"2026-02-28T12:31:39","modified_gmt":"2026-02-28T11:31:39","slug":"maqedonci-pjesemarrja-e-kosoves-ne-forcen-stabilizuese-per-gazen-eshte-nje-vendim-strategjik-per-vendin","status":"publish","type":"post","link":"https:\/\/veritasinfo.org\/?p=35158","title":{"rendered":"Maqedonci: Pjes\u00ebmarrja e Kosov\u00ebs n\u00eb Forc\u00ebn Stabilizuese p\u00ebr Gaz\u00ebn \u00ebsht\u00eb nj\u00eb vendim strategjik p\u00ebr vendin"},"content":{"rendered":"<p>Prishtin\u00eb 28 Shkurt 2026 12:28<\/p>\n<p>Ministria e Mbrojtjes \u00ebsht\u00eb n\u00eb faz\u00ebn e analiz\u00ebs p\u00ebrfundimtare se \u00e7far\u00eb trupash t\u00eb Forc\u00ebs s\u00eb Siguris\u00eb do t\u00eb zbarkojn\u00eb n\u00eb Gaza.<\/p>\n<p>Ministri, Ejup Maqedonci thot\u00eb p\u00ebr KosovaPress se do t\u00eb ket\u00eb nj\u00eb kombinim t\u00eb kapaciteteve, meq\u00eb sipas tij nuk do ket\u00eb vet\u00ebm tipike ushtarake por edhe me deminim dhe k\u00ebrkim-shp\u00ebtim. Ai n\u00ebnvizon se pjes\u00ebmarrja e Kosov\u00ebs n\u00eb Forc\u00ebn Stabilizuese p\u00ebr Gaz\u00ebn \u00ebsht\u00eb nj\u00eb vendim strategjik p\u00ebr vendin, pavar\u00ebsisht rrezikut q\u00eb mund t\u00eb paraqitet.<\/p>\n<p>\u201cAktualisht, kur po flasim, jemi n\u00eb faz\u00ebn, mund t\u00eb themi, t\u00eb analiz\u00ebs p\u00ebrfundimtare se me \u00e7far\u00eb trupash do t\u00eb dislokohemi n\u00eb, mund t\u00eb themi, n\u00eb Lindjen e Mesme p\u00ebr operacionin n\u00eb kuad\u00ebr t\u00eb forc\u00ebs stabilizuese. Bashk\u00eb me komandantin e FSK-s\u00eb, jemi n\u00eb fazat e fundit t\u00eb p\u00ebrcaktimit p\u00ebr kapacitetet. Mir\u00ebpo, \u00e7ka mund t\u00eb them k\u00ebtu \u00ebsht\u00eb q\u00eb do t\u00eb kemi nj\u00eb kombinim t\u00eb kapaciteteve, nuk do t\u00eb ket\u00eb vet\u00ebm kapacitete tipike ushtarake, por nuk do t\u00eb ket\u00eb as vet\u00ebm kapacitete tipike q\u00eb kan\u00eb t\u00eb b\u00ebjn\u00eb me deminim, me k\u00ebrkim-shp\u00ebtim. Pra, do t\u00eb jet\u00eb nj\u00eb kombinim. Mir\u00ebpo, ende jemi n\u00eb pritje, mund t\u00eb themi, t\u00eb analizave, por edhe t\u00eb nj\u00eb koordinimi p\u00ebrfundimtar me komandantin e forc\u00ebs stabilizuese, gjeneralin amerikan, p\u00ebr t\u00eb ardhur n\u00eb p\u00ebrfundim se \u00e7far\u00eb kapacitete do t\u00eb kemi\u201d, thot\u00eb ai.<\/p>\n<p>Sipas tij, pas miratimit t\u00eb marr\u00ebveshjes n\u00eb Qeveri dhe Kuvend, FSK-ja do t\u00eb d\u00ebrgoj\u00eb disa nj\u00ebsi n\u00eb Gaza p\u00ebr vler\u00ebsim t\u00eb aspektit t\u00eb rrezikut, duke marr\u00eb parasysh se n\u00eb ky territor ende \u00ebsht\u00eb nj\u00eb luft\u00eb aktive.<\/p>\n<p>\u201cUn\u00eb vler\u00ebsoj q\u00eb \u00ebsht\u00eb me t\u00eb v\u00ebrtet\u00eb nj\u00eb vendim strategjik i Republik\u00ebs s\u00eb Kosov\u00ebs ideja p\u00ebr t\u00eb zbarkuar me trupa n\u00eb Gaza, po mendoj n\u00eb Lindjen e Mesme, sepse tanim\u00eb n\u00eb k\u00ebt\u00eb periudh\u00eb kur po flasim jan\u00eb duke u shqyrtuar edhe aspekti i bazave se ku do t\u00eb jen\u00eb atje\u2026 Normalisht q\u00eb ne b\u00ebjm\u00eb edhe vler\u00ebsimin e rrezikut. Ne do t\u00eb kemi nj\u00ebsi q\u00eb do t\u2019i d\u00ebrgojm\u00eb p\u00ebr vler\u00ebsim t\u00eb aspektit t\u00eb rrezikut. Mir\u00ebpo, ne edhe jemi t\u00eb gatsh\u00ebm t\u00eb marrim rrezik mbi vendimet tona\u2026 Un\u00eb besoj q\u00eb brenda k\u00ebtyre jav\u00ebve ne do t\u00eb kemi propozimin p\u00ebr Qeverin\u00eb e Republik\u00ebs s\u00eb Kosov\u00ebs, p\u00ebr t\u00eb marr\u00eb vendimin politik, i cili pastaj me miratim, pra me miratimin e shumic\u00ebs s\u00eb deputet\u00ebve, shnd\u00ebrrohet n\u00eb autorizim p\u00ebr pjes\u00ebmarrje n\u00eb operacion jasht\u00eb vendit. Dhe hapi i fundit \u00ebsht\u00eb autorizimi i presidentes bazuar n\u00eb dy vendimet p\u00ebr t\u00eb d\u00ebrguar FSK-n\u00eb pra jasht\u00eb vendit\u201d, shton Maqedonci.<\/p>\n<p>I pyetur se kush i ka meritat p\u00ebr pjes\u00ebmarrjen e FSK-s\u00eb n\u00eb Forc\u00ebn Stabilizuese n\u00eb Gaza si dhe an\u00ebtar\u00ebsimin n\u00eb Bordin e Paqes, Maqedonci tha se arritjet shtet\u00ebrore t\u00eb Kosov\u00ebs jan\u00eb merit\u00eb e t\u00eb gjitha institucioneve.<\/p>\n<p>Por, sqaron se ky dhe kryeministrit Albin Kurti jan\u00eb angazhuar p\u00ebr pjes\u00ebmarrje n\u00eb Forc\u00ebn Stabilizuese n\u00eb Gaza i cili po nd\u00ebrtohet bazuar n\u00eb rezolut\u00ebn e OKB-s\u00eb. Nd\u00ebrkaq, shton se Bordi i Paqes \u00ebsht\u00eb nj\u00eb iniciativ\u00eb e ShBA-s\u00eb q\u00eb merret m\u00eb shum\u00eb me administrimin politik t\u00eb paqes dhe siguris\u00eb n\u00eb bot\u00eb.<\/p>\n<p>\u201cUn\u00eb vler\u00ebsoj q\u00eb n\u00eb k\u00ebt\u00eb pjes\u00ebn e arritjeve n\u00eb nivel shtet\u00ebror, meritat jan\u00eb t\u00eb t\u00eb gjitha institucioneve, pik\u00eb s\u00eb pari t\u00eb qytetar\u00ebve t\u00eb Kosov\u00ebs dhe orientimit ton\u00eb euro-atlantik. Kurse, te, mund t\u00eb themi, ajo sqarimi i rolit, kjo Forc\u00eb Stabilizuese, e thash\u00eb edhe nj\u00ebher\u00eb, \u00ebsht\u00eb nj\u00eb forc\u00eb e cila po nd\u00ebrtohet duke iu referuar nj\u00eb rezolute t\u00eb OKB-s\u00eb, pra t\u00eb K\u00ebshillit t\u00eb Sigurimit t\u00eb OKB-s\u00eb. P\u00ebrderisa Bordi i Paqes \u00ebsht\u00eb nj\u00eb iniciativ\u00eb e Shteteve t\u00eb Bashkuara t\u00eb Amerik\u00ebs p\u00ebr t\u00eb nd\u00ebrtuar, mund t\u00eb themi, at\u00eb institucionin e administrimit politik t\u00eb paqes dhe siguris\u00eb n\u00eb bot\u00eb\u2026 Besimi i Shteteve t\u00eb Bashkuara t\u00eb Amerik\u00ebs, un\u00eb vler\u00ebsoj q\u00eb para s\u00eb gjithash \u00ebsht\u00eb besim n\u00eb institucionet e vendit ton\u00eb, \u00ebsht\u00eb besim n\u00eb demokracin\u00eb ton\u00eb, besim n\u00eb orientimin ton\u00eb t\u00eb pal\u00ebkundur euro-atlantik, besim n\u00eb partneritetin q\u00eb kemi nd\u00ebrtuar nd\u00ebr vite me Shtetet e Bashkuara t\u00eb Amerik\u00ebs, pastaj puna individuale e secilit prej nesh \u00ebsht\u00eb nj\u00ebfar\u00eb forme ushqim i k\u00ebtij besimi. Dhe vler\u00ebsoj q\u00eb \u00ebsht\u00eb me t\u00eb v\u00ebrtet\u00eb nj\u00eb arritje kolektive, nj\u00eb arritje e institucioneve, e qytetar\u00ebve t\u00eb Kosov\u00ebs dhe kjo po shfaqet me besimin q\u00eb SHBA-t\u00eb kan\u00eb\u201d, deklaron ai.<\/p>\n<p>Krahas k\u00ebsaj, Maqedonci shpjegon edhe faktin interesant se si ushtria e Kosov\u00ebs po merr pjes\u00eb n\u00eb ruajtjen e paqes n\u00eb Gaza, nd\u00ebrsa n\u00eb Kosov\u00eb k\u00ebt\u00eb pun\u00eb e kryejn trupat t\u00eb KFOR-it.<\/p>\n<p>Ai thot\u00eb se nj\u00eb gj\u00eb e till\u00eb \u00ebsht\u00eb e rregulluar me rezolut\u00ebn 1244 t\u00eb K\u00ebshillit t\u00eb Sigurimit t\u00eb OKB-s\u00eb, por shton se nd\u00ebrtimi i kapaciteteve t\u00eb FSK-s\u00eb do t\u00eb b\u00ebj\u00eb q\u00eb viteve n\u00eb vijim t\u00eb ket\u00eb nj\u00eb dialog me NATO-n rreth \u00e7\u00ebshtjes s\u00eb kompetencave dhe p\u00ebrgjegj\u00ebsive t\u00eb siguris\u00eb n\u00eb Kosov\u00eb.<\/p>\n<p>\u201cPo, kjo shpjegohet p\u00ebr faktin q\u00eb ende kemi n\u00eb vend nj\u00eb rezolut\u00eb t\u00eb K\u00ebshillit t\u00eb Sigurimit t\u00eb OKB-s\u00eb, rezolut\u00ebn 1244, normalisht deri m\u00eb tani e pashfuqizuar dhe q\u00eb ka mandatuar NATO-n q\u00eb t\u00eb ket\u00eb nj\u00eb trup n\u00eb Republik\u00ebn e Kosov\u00ebs. Un\u00eb nuk po e them q\u00eb nuk \u00ebsht\u00eb e nevojshme q\u00eb t\u00eb kemi nj\u00eb trup t\u00eb till\u00eb n\u00eb Republik\u00ebn e Kosov\u00ebs, mir\u00ebpo ne me koh\u00ebn, pra gjat\u00eb k\u00ebtyre viteve, krahas konsumimit t\u00eb siguris\u00eb, ne kemi nd\u00ebrtuar kapacitetet tona q\u00eb t\u00eb jen\u00eb t\u00eb afta p\u00ebr t\u00eb eksportuar siguri jasht\u00eb vendit dhe un\u00eb vler\u00ebsoj q\u00eb n\u00eb vitet n\u00eb vijim ne do t\u00eb kemi nj\u00eb dialog m\u00eb serioz dhe m\u00eb t\u00eb thell\u00eb me NATO-n rreth \u00e7\u00ebshtjes s\u00eb kompetencave dhe p\u00ebrgjegj\u00ebsive t\u00eb institucioneve t\u00eb siguris\u00eb n\u00eb Kosov\u00eb, duke p\u00ebrfshir\u00eb Forc\u00ebn e Siguris\u00eb s\u00eb Kosov\u00ebs, e cila \u00e7do dit\u00eb e m\u00eb tep\u00ebr \u00ebsht\u00eb duke marr\u00eb karakterin e nj\u00eb force me t\u00eb v\u00ebrtet\u00eb profesionale, kredibile dhe t\u00eb aft\u00eb q\u00eb t\u00eb jet\u00eb pjes\u00eb e p\u00ebrpjekjeve nd\u00ebrkomb\u00ebtare p\u00ebr paqe dhe siguri\u201d, thekson ministri Maqedonci.<\/p>\n","protected":false},"excerpt":{"rendered":"<p>Prishtin\u00eb 28 Shkurt 2026 12:28 Ministria e Mbrojtjes \u00ebsht\u00eb n\u00eb faz\u00ebn e analiz\u00ebs p\u00ebrfundimtare se \u00e7far\u00eb trupash t\u00eb Forc\u00ebs s\u00eb Siguris\u00eb do t\u00eb zbarkojn\u00eb n\u00eb<\/p>\n","protected":false},"author":6,"featured_media":35159,"comment_status":"open","ping_status":"open","sticky":false,"template":"","format":"standard","meta":{"footnotes":""},"categories":[58],"tags":[],"class_list":["post-35158","post","type-post","status-publish","format-standard","has-post-thumbnail","hentry","category-politike-sq"],"yoast_head":"<!-- This site is optimized with the Yoast SEO plugin v25.3.1 - https:\/\/yoast.com\/wordpress\/plugins\/seo\/ -->\n<title>Maqedonci: Pjes\u00ebmarrja e Kosov\u00ebs n\u00eb Forc\u00ebn Stabilizuese p\u00ebr Gaz\u00ebn \u00ebsht\u00eb nj\u00eb vendim strategjik p\u00ebr vendin -<\/title>\n<meta name=\"robots\" content=\"index, follow, max-snippet:-1, max-image-preview:large, max-video-preview:-1\" \/>\n<link rel=\"canonical\" href=\"https:\/\/veritasinfo.org\/?p=35158\" \/>\n<meta property=\"og:locale\" content=\"en_US\" \/>\n<meta property=\"og:type\" content=\"article\" \/>\n<meta property=\"og:title\" content=\"Maqedonci: Pjes\u00ebmarrja e Kosov\u00ebs n\u00eb Forc\u00ebn Stabilizuese p\u00ebr Gaz\u00ebn \u00ebsht\u00eb nj\u00eb vendim strategjik p\u00ebr vendin -\" \/>\n<meta property=\"og:description\" content=\"Prishtin\u00eb 28 Shkurt 2026 12:28 Ministria e Mbrojtjes \u00ebsht\u00eb n\u00eb faz\u00ebn e analiz\u00ebs p\u00ebrfundimtare se \u00e7far\u00eb trupash t\u00eb Forc\u00ebs s\u00eb Siguris\u00eb do t\u00eb zbarkojn\u00eb n\u00eb\" \/>\n<meta property=\"og:url\" content=\"https:\/\/veritasinfo.org\/?p=35158\" \/>\n<meta property=\"article:published_time\" content=\"2026-02-28T11:31:39+00:00\" \/>\n<meta property=\"og:image\" content=\"https:\/\/veritasinfo.org\/wp-content\/uploads\/2026\/02\/IMG-20260228-WA0004.jpg\" \/>\n\t<meta property=\"og:image:width\" content=\"600\" \/>\n\t<meta property=\"og:image:height\" content=\"371\" \/>\n\t<meta property=\"og:image:type\" content=\"image\/jpeg\" \/>\n<meta name=\"author\" content=\"US5\" \/>\n<meta name=\"twitter:card\" content=\"summary_large_image\" \/>\n<meta name=\"twitter:label1\" content=\"Written by\" \/>\n\t<meta name=\"twitter:data1\" content=\"US5\" \/>\n\t<meta name=\"twitter:label2\" content=\"Est. reading time\" \/>\n\t<meta name=\"twitter:data2\" content=\"1 minute\" \/>\n<script type=\"application\/ld+json\" class=\"yoast-schema-graph\">{\"@context\":\"https:\/\/schema.org\",\"@graph\":[{\"@type\":\"WebPage\",\"@id\":\"https:\/\/veritasinfo.org\/?p=35158\",\"url\":\"https:\/\/veritasinfo.org\/?p=35158\",\"name\":\"Maqedonci: Pjes\u00ebmarrja e Kosov\u00ebs n\u00eb Forc\u00ebn Stabilizuese p\u00ebr Gaz\u00ebn \u00ebsht\u00eb nj\u00eb vendim strategjik p\u00ebr vendin -\",\"isPartOf\":{\"@id\":\"https:\/\/veritasinfo.org\/#website\"},\"primaryImageOfPage\":{\"@id\":\"https:\/\/veritasinfo.org\/?p=35158#primaryimage\"},\"image\":{\"@id\":\"https:\/\/veritasinfo.org\/?p=35158#primaryimage\"},\"thumbnailUrl\":\"https:\/\/veritasinfo.org\/wp-content\/uploads\/2026\/02\/IMG-20260228-WA0004.jpg\",\"datePublished\":\"2026-02-28T11:31:39+00:00\",\"author\":{\"@id\":\"https:\/\/veritasinfo.org\/#\/schema\/person\/bc442336e35414d04494ab8fb45db4c6\"},\"breadcrumb\":{\"@id\":\"https:\/\/veritasinfo.org\/?p=35158#breadcrumb\"},\"inLanguage\":\"en-US\",\"potentialAction\":[{\"@type\":\"ReadAction\",\"target\":[\"https:\/\/veritasinfo.org\/?p=35158\"]}]},{\"@type\":\"ImageObject\",\"inLanguage\":\"en-US\",\"@id\":\"https:\/\/veritasinfo.org\/?p=35158#primaryimage\",\"url\":\"https:\/\/veritasinfo.org\/wp-content\/uploads\/2026\/02\/IMG-20260228-WA0004.jpg\",\"contentUrl\":\"https:\/\/veritasinfo.org\/wp-content\/uploads\/2026\/02\/IMG-20260228-WA0004.jpg\",\"width\":600,\"height\":371},{\"@type\":\"BreadcrumbList\",\"@id\":\"https:\/\/veritasinfo.org\/?p=35158#breadcrumb\",\"itemListElement\":[{\"@type\":\"ListItem\",\"position\":1,\"name\":\"Home\",\"item\":\"https:\/\/veritasinfo.org\/\"},{\"@type\":\"ListItem\",\"position\":2,\"name\":\"Maqedonci: Pjes\u00ebmarrja e Kosov\u00ebs n\u00eb Forc\u00ebn Stabilizuese p\u00ebr Gaz\u00ebn \u00ebsht\u00eb nj\u00eb vendim strategjik p\u00ebr vendin\"}]},{\"@type\":\"WebSite\",\"@id\":\"https:\/\/veritasinfo.org\/#website\",\"url\":\"https:\/\/veritasinfo.org\/\",\"name\":\"\",\"description\":\"\",\"potentialAction\":[{\"@type\":\"SearchAction\",\"target\":{\"@type\":\"EntryPoint\",\"urlTemplate\":\"https:\/\/veritasinfo.org\/?s={search_term_string}\"},\"query-input\":{\"@type\":\"PropertyValueSpecification\",\"valueRequired\":true,\"valueName\":\"search_term_string\"}}],\"inLanguage\":\"en-US\"},{\"@type\":\"Person\",\"@id\":\"https:\/\/veritasinfo.org\/#\/schema\/person\/bc442336e35414d04494ab8fb45db4c6\",\"name\":\"US5\",\"image\":{\"@type\":\"ImageObject\",\"inLanguage\":\"en-US\",\"@id\":\"https:\/\/veritasinfo.org\/#\/schema\/person\/image\/\",\"url\":\"https:\/\/secure.gravatar.com\/avatar\/16a61e7272a0c5d001121ebb9e60e925d5816e4ac1e443ed3e640d9a6ae55d0c?s=96&d=mm&r=g\",\"contentUrl\":\"https:\/\/secure.gravatar.com\/avatar\/16a61e7272a0c5d001121ebb9e60e925d5816e4ac1e443ed3e640d9a6ae55d0c?s=96&d=mm&r=g\",\"caption\":\"US5\"},\"url\":\"https:\/\/veritasinfo.org\/?author=6\"}]}<\/script>\n<!-- \/ Yoast SEO plugin. -->","yoast_head_json":{"title":"Maqedonci: Pjes\u00ebmarrja e Kosov\u00ebs n\u00eb Forc\u00ebn Stabilizuese p\u00ebr Gaz\u00ebn \u00ebsht\u00eb nj\u00eb vendim strategjik p\u00ebr vendin -","robots":{"index":"index","follow":"follow","max-snippet":"max-snippet:-1","max-image-preview":"max-image-preview:large","max-video-preview":"max-video-preview:-1"},"canonical":"https:\/\/veritasinfo.org\/?p=35158","og_locale":"en_US","og_type":"article","og_title":"Maqedonci: Pjes\u00ebmarrja e Kosov\u00ebs n\u00eb Forc\u00ebn Stabilizuese p\u00ebr Gaz\u00ebn \u00ebsht\u00eb nj\u00eb vendim strategjik p\u00ebr vendin -","og_description":"Prishtin\u00eb 28 Shkurt 2026 12:28 Ministria e Mbrojtjes \u00ebsht\u00eb n\u00eb faz\u00ebn e analiz\u00ebs p\u00ebrfundimtare se \u00e7far\u00eb trupash t\u00eb Forc\u00ebs s\u00eb Siguris\u00eb do t\u00eb zbarkojn\u00eb n\u00eb","og_url":"https:\/\/veritasinfo.org\/?p=35158","article_published_time":"2026-02-28T11:31:39+00:00","og_image":[{"width":600,"height":371,"url":"https:\/\/veritasinfo.org\/wp-content\/uploads\/2026\/02\/IMG-20260228-WA0004.jpg","type":"image\/jpeg"}],"author":"US5","twitter_card":"summary_large_image","twitter_misc":{"Written by":"US5","Est. reading time":"1 minute"},"schema":{"@context":"https:\/\/schema.org","@graph":[{"@type":"WebPage","@id":"https:\/\/veritasinfo.org\/?p=35158","url":"https:\/\/veritasinfo.org\/?p=35158","name":"Maqedonci: Pjes\u00ebmarrja e Kosov\u00ebs n\u00eb Forc\u00ebn Stabilizuese p\u00ebr Gaz\u00ebn \u00ebsht\u00eb nj\u00eb vendim strategjik p\u00ebr vendin -","isPartOf":{"@id":"https:\/\/veritasinfo.org\/#website"},"primaryImageOfPage":{"@id":"https:\/\/veritasinfo.org\/?p=35158#primaryimage"},"image":{"@id":"https:\/\/veritasinfo.org\/?p=35158#primaryimage"},"thumbnailUrl":"https:\/\/veritasinfo.org\/wp-content\/uploads\/2026\/02\/IMG-20260228-WA0004.jpg","datePublished":"2026-02-28T11:31:39+00:00","author":{"@id":"https:\/\/veritasinfo.org\/#\/schema\/person\/bc442336e35414d04494ab8fb45db4c6"},"breadcrumb":{"@id":"https:\/\/veritasinfo.org\/?p=35158#breadcrumb"},"inLanguage":"en-US","potentialAction":[{"@type":"ReadAction","target":["https:\/\/veritasinfo.org\/?p=35158"]}]},{"@type":"ImageObject","inLanguage":"en-US","@id":"https:\/\/veritasinfo.org\/?p=35158#primaryimage","url":"https:\/\/veritasinfo.org\/wp-content\/uploads\/2026\/02\/IMG-20260228-WA0004.jpg","contentUrl":"https:\/\/veritasinfo.org\/wp-content\/uploads\/2026\/02\/IMG-20260228-WA0004.jpg","width":600,"height":371},{"@type":"BreadcrumbList","@id":"https:\/\/veritasinfo.org\/?p=35158#breadcrumb","itemListElement":[{"@type":"ListItem","position":1,"name":"Home","item":"https:\/\/veritasinfo.org\/"},{"@type":"ListItem","position":2,"name":"Maqedonci: Pjes\u00ebmarrja e Kosov\u00ebs n\u00eb Forc\u00ebn Stabilizuese p\u00ebr Gaz\u00ebn \u00ebsht\u00eb nj\u00eb vendim strategjik p\u00ebr vendin"}]},{"@type":"WebSite","@id":"https:\/\/veritasinfo.org\/#website","url":"https:\/\/veritasinfo.org\/","name":"","description":"","potentialAction":[{"@type":"SearchAction","target":{"@type":"EntryPoint","urlTemplate":"https:\/\/veritasinfo.org\/?s={search_term_string}"},"query-input":{"@type":"PropertyValueSpecification","valueRequired":true,"valueName":"search_term_string"}}],"inLanguage":"en-US"},{"@type":"Person","@id":"https:\/\/veritasinfo.org\/#\/schema\/person\/bc442336e35414d04494ab8fb45db4c6","name":"US5","image":{"@type":"ImageObject","inLanguage":"en-US","@id":"https:\/\/veritasinfo.org\/#\/schema\/person\/image\/","url":"https:\/\/secure.gravatar.com\/avatar\/16a61e7272a0c5d001121ebb9e60e925d5816e4ac1e443ed3e640d9a6ae55d0c?s=96&d=mm&r=g","contentUrl":"https:\/\/secure.gravatar.com\/avatar\/16a61e7272a0c5d001121ebb9e60e925d5816e4ac1e443ed3e640d9a6ae55d0c?s=96&d=mm&r=g","caption":"US5"},"url":"https:\/\/veritasinfo.org\/?author=6"}]}},"featured_image_urls":{"full":["https:\/\/veritasinfo.org\/wp-content\/uploads\/2026\/02\/IMG-20260228-WA0004.jpg",600,371,false],"thumbnail":["https:\/\/veritasinfo.org\/wp-content\/uploads\/2026\/02\/IMG-20260228-WA0004-150x150.jpg",150,150,true],"medium":["https:\/\/veritasinfo.org\/wp-content\/uploads\/2026\/02\/IMG-20260228-WA0004-300x186.jpg",300,186,true],"medium_large":["https:\/\/veritasinfo.org\/wp-content\/uploads\/2026\/02\/IMG-20260228-WA0004.jpg",600,371,false],"large":["https:\/\/veritasinfo.org\/wp-content\/uploads\/2026\/02\/IMG-20260228-WA0004.jpg",600,371,false],"1536x1536":["https:\/\/veritasinfo.org\/wp-content\/uploads\/2026\/02\/IMG-20260228-WA0004.jpg",600,371,false],"2048x2048":["https:\/\/veritasinfo.org\/wp-content\/uploads\/2026\/02\/IMG-20260228-WA0004.jpg",600,371,false],"kreeti-slider-full":["https:\/\/veritasinfo.org\/wp-content\/uploads\/2026\/02\/IMG-20260228-WA0004.jpg",600,371,false],"kreeti-featured":["https:\/\/veritasinfo.org\/wp-content\/uploads\/2026\/02\/IMG-20260228-WA0004.jpg",600,371,false],"kreeti-medium":["https:\/\/veritasinfo.org\/wp-content\/uploads\/2026\/02\/IMG-20260228-WA0004.jpg",600,371,false],"kreeti-medium-square":["https:\/\/veritasinfo.org\/wp-content\/uploads\/2026\/02\/IMG-20260228-WA0004.jpg",350,216,false]},"author_info":{"info":["US5"]},"category_info":"<a href=\"https:\/\/veritasinfo.org\/?cat=58\" rel=\"category\">Politik\u00eb<\/a>","tag_info":"Politik\u00eb","comment_count":"0","_links":{"self":[{"href":"https:\/\/veritasinfo.org\/index.php?rest_route=\/wp\/v2\/posts\/35158","targetHints":{"allow":["GET"]}}],"collection":[{"href":"https:\/\/veritasinfo.org\/index.php?rest_route=\/wp\/v2\/posts"}],"about":[{"href":"https:\/\/veritasinfo.org\/index.php?rest_route=\/wp\/v2\/types\/post"}],"author":[{"embeddable":true,"href":"https:\/\/veritasinfo.org\/index.php?rest_route=\/wp\/v2\/users\/6"}],"replies":[{"embeddable":true,"href":"https:\/\/veritasinfo.org\/index.php?rest_route=%2Fwp%2Fv2%2Fcomments&post=35158"}],"version-history":[{"count":1,"href":"https:\/\/veritasinfo.org\/index.php?rest_route=\/wp\/v2\/posts\/35158\/revisions"}],"predecessor-version":[{"id":35160,"href":"https:\/\/veritasinfo.org\/index.php?rest_route=\/wp\/v2\/posts\/35158\/revisions\/35160"}],"wp:featuredmedia":[{"embeddable":true,"href":"https:\/\/veritasinfo.org\/index.php?rest_route=\/wp\/v2\/media\/35159"}],"wp:attachment":[{"href":"https:\/\/veritasinfo.org\/index.php?rest_route=%2Fwp%2Fv2%2Fmedia&parent=35158"}],"wp:term":[{"taxonomy":"category","embeddable":true,"href":"https:\/\/veritasinfo.org\/index.php?rest_route=%2Fwp%2Fv2%2Fcategories&post=35158"},{"taxonomy":"post_tag","embeddable":true,"href":"https:\/\/veritasinfo.org\/index.php?rest_route=%2Fwp%2Fv2%2Ftags&post=35158"}],"curies":[{"name":"wp","href":"https:\/\/api.w.org\/{rel}","templated":true}]}}