{"id":35139,"date":"2026-02-28T11:43:04","date_gmt":"2026-02-28T10:43:04","guid":{"rendered":"https:\/\/veritasinfo.org\/?p=35139"},"modified":"2026-02-28T11:43:04","modified_gmt":"2026-02-28T10:43:04","slug":"demtime-te-perhershme-te-shikimit-rreziqet-nga-perdorimi-i-papergjegjshem-i-lasereve-policia-ne-ferizaj-sensibilizon-te-rinjte","status":"publish","type":"post","link":"https:\/\/veritasinfo.org\/?p=35139","title":{"rendered":"D\u00ebmtime t\u00eb p\u00ebrhershme t\u00eb shikimit\u201d &#8211; rreziqet nga p\u00ebrdorimi i pap\u00ebrgjegjsh\u00ebm i laser\u00ebve, Policia n\u00eb Ferizaj sensibilizon t\u00eb rinjt\u00eb"},"content":{"rendered":"<p>Prishtin\u00eb 28 Shkurt 2026 11:42<\/p>\n<p>Drejtoria Rajonale e Policis\u00eb n\u00eb Ferizaj, p\u00ebrkat\u00ebsisht nj\u00ebsit\u00eb e sektorit dhe policis\u00eb n\u00eb komunitet, n\u00eb kuad\u00ebr t\u00eb projektit \u201cParandalimi i p\u00ebrdorimit t\u00eb rreziksh\u00ebm t\u00eb laser\u00ebve nga t\u00eb rinjt\u00eb\u201d, kan\u00eb realizuar aktivitete sensibilizuese lidhur me k\u00ebt\u00eb \u00e7\u00ebshtje.<\/p>\n<p>Aktivitetet jan\u00eb zhvilluar n\u00eb t\u00eb gjitha komunat e rajonit t\u00eb Ferizajt, p\u00ebrkat\u00ebsisht n\u00eb: Ferizaj, Ka\u00e7anik, Shtime, Sht\u00ebrpc\u00eb dhe Han t\u00eb Elezit.<\/p>\n<p>Instruktor\u00ebt policor\u00eb kan\u00eb mbajtur ligj\u00ebrata vet\u00ebdij\u00ebsuese me nx\u00ebn\u00ebs t\u00eb shkollave t\u00eb mesme t\u00eb ul\u00ebta dhe t\u00eb mesme t\u00eb larta, si dhe takime informuese me stafin arsimor dhe k\u00ebshillat e prind\u00ebrve lidhur me mbik\u00ebqyrjen e f\u00ebmij\u00ebve n\u00eb p\u00ebrdorimin e pajisjeve laserike.<\/p>\n<p>Gjithashtu, jan\u00eb vendosur poster\u00eb informues n\u00eb lokacione me frekuentim m\u00eb t\u00eb madh t\u00eb qytetar\u00ebve, me q\u00ebllim rritjen e nd\u00ebrgjegj\u00ebsimit publik.<\/p>\n<p>P\u00ebrmes k\u00ebtyre aktiviteteve dhe materialeve informuese synohet njoftimi i nx\u00ebn\u00ebsve, prind\u00ebrve dhe qytetar\u00ebve mbi pasojat dhe rreziqet q\u00eb mund t\u00eb shkaktoj\u00eb p\u00ebrdorimi i pakontrolluar i pajisjeve laserike.<\/p>\n<p>Rikujtojm\u00eb se drejtimi i rrezeve laser ndaj personave, automjeteve apo mjeteve ajrore p\u00ebrb\u00ebn veprim t\u00eb rreziksh\u00ebm dhe t\u00eb d\u00ebnuesh\u00ebm, i cili mund t\u00eb shkaktoj\u00eb pasoja serioze p\u00ebr sh\u00ebndetin (d\u00ebmtime t\u00eb p\u00ebrhershme t\u00eb shikimit) dhe p\u00ebr sigurin\u00eb n\u00eb komunikacion.<\/p>\n","protected":false},"excerpt":{"rendered":"<p>Prishtin\u00eb 28 Shkurt 2026 11:42 Drejtoria Rajonale e Policis\u00eb n\u00eb Ferizaj, p\u00ebrkat\u00ebsisht nj\u00ebsit\u00eb e sektorit dhe policis\u00eb n\u00eb komunitet, n\u00eb kuad\u00ebr t\u00eb projektit \u201cParandalimi i<\/p>\n","protected":false},"author":6,"featured_media":35140,"comment_status":"open","ping_status":"open","sticky":false,"template":"","format":"standard","meta":{"footnotes":""},"categories":[52],"tags":[],"class_list":["post-35139","post","type-post","status-publish","format-standard","has-post-thumbnail","hentry","category-komunat-sq"],"yoast_head":"<!-- This site is optimized with the Yoast SEO plugin v25.3.1 - https:\/\/yoast.com\/wordpress\/plugins\/seo\/ -->\n<title>D\u00ebmtime t\u00eb p\u00ebrhershme t\u00eb shikimit\u201d - rreziqet nga p\u00ebrdorimi i pap\u00ebrgjegjsh\u00ebm i laser\u00ebve, Policia n\u00eb Ferizaj sensibilizon t\u00eb rinjt\u00eb -<\/title>\n<meta name=\"robots\" content=\"index, follow, max-snippet:-1, max-image-preview:large, max-video-preview:-1\" \/>\n<link rel=\"canonical\" href=\"https:\/\/veritasinfo.org\/?p=35139\" \/>\n<meta property=\"og:locale\" content=\"en_US\" \/>\n<meta property=\"og:type\" content=\"article\" \/>\n<meta property=\"og:title\" content=\"D\u00ebmtime t\u00eb p\u00ebrhershme t\u00eb shikimit\u201d - rreziqet nga p\u00ebrdorimi i pap\u00ebrgjegjsh\u00ebm i laser\u00ebve, Policia n\u00eb Ferizaj sensibilizon t\u00eb rinjt\u00eb -\" \/>\n<meta property=\"og:description\" content=\"Prishtin\u00eb 28 Shkurt 2026 11:42 Drejtoria Rajonale e Policis\u00eb n\u00eb Ferizaj, p\u00ebrkat\u00ebsisht nj\u00ebsit\u00eb e sektorit dhe policis\u00eb n\u00eb komunitet, n\u00eb kuad\u00ebr t\u00eb projektit \u201cParandalimi i\" \/>\n<meta property=\"og:url\" content=\"https:\/\/veritasinfo.org\/?p=35139\" \/>\n<meta property=\"article:published_time\" content=\"2026-02-28T10:43:04+00:00\" \/>\n<meta property=\"og:image\" content=\"https:\/\/veritasinfo.org\/wp-content\/uploads\/2026\/02\/image-4-2.webp\" \/>\n\t<meta property=\"og:image:width\" content=\"1245\" \/>\n\t<meta property=\"og:image:height\" content=\"700\" \/>\n\t<meta property=\"og:image:type\" content=\"image\/webp\" \/>\n<meta name=\"author\" content=\"US5\" \/>\n<meta name=\"twitter:card\" content=\"summary_large_image\" \/>\n<meta name=\"twitter:label1\" content=\"Written by\" \/>\n\t<meta name=\"twitter:data1\" content=\"US5\" \/>\n<script type=\"application\/ld+json\" class=\"yoast-schema-graph\">{\"@context\":\"https:\/\/schema.org\",\"@graph\":[{\"@type\":\"WebPage\",\"@id\":\"https:\/\/veritasinfo.org\/?p=35139\",\"url\":\"https:\/\/veritasinfo.org\/?p=35139\",\"name\":\"D\u00ebmtime t\u00eb p\u00ebrhershme t\u00eb shikimit\u201d - rreziqet nga p\u00ebrdorimi i pap\u00ebrgjegjsh\u00ebm i laser\u00ebve, Policia n\u00eb Ferizaj sensibilizon t\u00eb rinjt\u00eb -\",\"isPartOf\":{\"@id\":\"https:\/\/veritasinfo.org\/#website\"},\"primaryImageOfPage\":{\"@id\":\"https:\/\/veritasinfo.org\/?p=35139#primaryimage\"},\"image\":{\"@id\":\"https:\/\/veritasinfo.org\/?p=35139#primaryimage\"},\"thumbnailUrl\":\"https:\/\/veritasinfo.org\/wp-content\/uploads\/2026\/02\/image-4-2.webp\",\"datePublished\":\"2026-02-28T10:43:04+00:00\",\"author\":{\"@id\":\"https:\/\/veritasinfo.org\/#\/schema\/person\/bc442336e35414d04494ab8fb45db4c6\"},\"breadcrumb\":{\"@id\":\"https:\/\/veritasinfo.org\/?p=35139#breadcrumb\"},\"inLanguage\":\"en-US\",\"potentialAction\":[{\"@type\":\"ReadAction\",\"target\":[\"https:\/\/veritasinfo.org\/?p=35139\"]}]},{\"@type\":\"ImageObject\",\"inLanguage\":\"en-US\",\"@id\":\"https:\/\/veritasinfo.org\/?p=35139#primaryimage\",\"url\":\"https:\/\/veritasinfo.org\/wp-content\/uploads\/2026\/02\/image-4-2.webp\",\"contentUrl\":\"https:\/\/veritasinfo.org\/wp-content\/uploads\/2026\/02\/image-4-2.webp\",\"width\":1245,\"height\":700},{\"@type\":\"BreadcrumbList\",\"@id\":\"https:\/\/veritasinfo.org\/?p=35139#breadcrumb\",\"itemListElement\":[{\"@type\":\"ListItem\",\"position\":1,\"name\":\"Home\",\"item\":\"https:\/\/veritasinfo.org\/\"},{\"@type\":\"ListItem\",\"position\":2,\"name\":\"D\u00ebmtime t\u00eb p\u00ebrhershme t\u00eb shikimit\u201d &#8211; rreziqet nga p\u00ebrdorimi i pap\u00ebrgjegjsh\u00ebm i laser\u00ebve, Policia n\u00eb Ferizaj sensibilizon t\u00eb rinjt\u00eb\"}]},{\"@type\":\"WebSite\",\"@id\":\"https:\/\/veritasinfo.org\/#website\",\"url\":\"https:\/\/veritasinfo.org\/\",\"name\":\"\",\"description\":\"\",\"potentialAction\":[{\"@type\":\"SearchAction\",\"target\":{\"@type\":\"EntryPoint\",\"urlTemplate\":\"https:\/\/veritasinfo.org\/?s={search_term_string}\"},\"query-input\":{\"@type\":\"PropertyValueSpecification\",\"valueRequired\":true,\"valueName\":\"search_term_string\"}}],\"inLanguage\":\"en-US\"},{\"@type\":\"Person\",\"@id\":\"https:\/\/veritasinfo.org\/#\/schema\/person\/bc442336e35414d04494ab8fb45db4c6\",\"name\":\"US5\",\"image\":{\"@type\":\"ImageObject\",\"inLanguage\":\"en-US\",\"@id\":\"https:\/\/veritasinfo.org\/#\/schema\/person\/image\/\",\"url\":\"https:\/\/secure.gravatar.com\/avatar\/16a61e7272a0c5d001121ebb9e60e925d5816e4ac1e443ed3e640d9a6ae55d0c?s=96&d=mm&r=g\",\"contentUrl\":\"https:\/\/secure.gravatar.com\/avatar\/16a61e7272a0c5d001121ebb9e60e925d5816e4ac1e443ed3e640d9a6ae55d0c?s=96&d=mm&r=g\",\"caption\":\"US5\"},\"url\":\"https:\/\/veritasinfo.org\/?author=6\"}]}<\/script>\n<!-- \/ Yoast SEO plugin. -->","yoast_head_json":{"title":"D\u00ebmtime t\u00eb p\u00ebrhershme t\u00eb shikimit\u201d - rreziqet nga p\u00ebrdorimi i pap\u00ebrgjegjsh\u00ebm i laser\u00ebve, Policia n\u00eb Ferizaj sensibilizon t\u00eb rinjt\u00eb -","robots":{"index":"index","follow":"follow","max-snippet":"max-snippet:-1","max-image-preview":"max-image-preview:large","max-video-preview":"max-video-preview:-1"},"canonical":"https:\/\/veritasinfo.org\/?p=35139","og_locale":"en_US","og_type":"article","og_title":"D\u00ebmtime t\u00eb p\u00ebrhershme t\u00eb shikimit\u201d - rreziqet nga p\u00ebrdorimi i pap\u00ebrgjegjsh\u00ebm i laser\u00ebve, Policia n\u00eb Ferizaj sensibilizon t\u00eb rinjt\u00eb -","og_description":"Prishtin\u00eb 28 Shkurt 2026 11:42 Drejtoria Rajonale e Policis\u00eb n\u00eb Ferizaj, p\u00ebrkat\u00ebsisht nj\u00ebsit\u00eb e sektorit dhe policis\u00eb n\u00eb komunitet, n\u00eb kuad\u00ebr t\u00eb projektit \u201cParandalimi i","og_url":"https:\/\/veritasinfo.org\/?p=35139","article_published_time":"2026-02-28T10:43:04+00:00","og_image":[{"width":1245,"height":700,"url":"https:\/\/veritasinfo.org\/wp-content\/uploads\/2026\/02\/image-4-2.webp","type":"image\/webp"}],"author":"US5","twitter_card":"summary_large_image","twitter_misc":{"Written by":"US5"},"schema":{"@context":"https:\/\/schema.org","@graph":[{"@type":"WebPage","@id":"https:\/\/veritasinfo.org\/?p=35139","url":"https:\/\/veritasinfo.org\/?p=35139","name":"D\u00ebmtime t\u00eb p\u00ebrhershme t\u00eb shikimit\u201d - rreziqet nga p\u00ebrdorimi i pap\u00ebrgjegjsh\u00ebm i laser\u00ebve, Policia n\u00eb Ferizaj sensibilizon t\u00eb rinjt\u00eb -","isPartOf":{"@id":"https:\/\/veritasinfo.org\/#website"},"primaryImageOfPage":{"@id":"https:\/\/veritasinfo.org\/?p=35139#primaryimage"},"image":{"@id":"https:\/\/veritasinfo.org\/?p=35139#primaryimage"},"thumbnailUrl":"https:\/\/veritasinfo.org\/wp-content\/uploads\/2026\/02\/image-4-2.webp","datePublished":"2026-02-28T10:43:04+00:00","author":{"@id":"https:\/\/veritasinfo.org\/#\/schema\/person\/bc442336e35414d04494ab8fb45db4c6"},"breadcrumb":{"@id":"https:\/\/veritasinfo.org\/?p=35139#breadcrumb"},"inLanguage":"en-US","potentialAction":[{"@type":"ReadAction","target":["https:\/\/veritasinfo.org\/?p=35139"]}]},{"@type":"ImageObject","inLanguage":"en-US","@id":"https:\/\/veritasinfo.org\/?p=35139#primaryimage","url":"https:\/\/veritasinfo.org\/wp-content\/uploads\/2026\/02\/image-4-2.webp","contentUrl":"https:\/\/veritasinfo.org\/wp-content\/uploads\/2026\/02\/image-4-2.webp","width":1245,"height":700},{"@type":"BreadcrumbList","@id":"https:\/\/veritasinfo.org\/?p=35139#breadcrumb","itemListElement":[{"@type":"ListItem","position":1,"name":"Home","item":"https:\/\/veritasinfo.org\/"},{"@type":"ListItem","position":2,"name":"D\u00ebmtime t\u00eb p\u00ebrhershme t\u00eb shikimit\u201d &#8211; rreziqet nga p\u00ebrdorimi i pap\u00ebrgjegjsh\u00ebm i laser\u00ebve, Policia n\u00eb Ferizaj sensibilizon t\u00eb rinjt\u00eb"}]},{"@type":"WebSite","@id":"https:\/\/veritasinfo.org\/#website","url":"https:\/\/veritasinfo.org\/","name":"","description":"","potentialAction":[{"@type":"SearchAction","target":{"@type":"EntryPoint","urlTemplate":"https:\/\/veritasinfo.org\/?s={search_term_string}"},"query-input":{"@type":"PropertyValueSpecification","valueRequired":true,"valueName":"search_term_string"}}],"inLanguage":"en-US"},{"@type":"Person","@id":"https:\/\/veritasinfo.org\/#\/schema\/person\/bc442336e35414d04494ab8fb45db4c6","name":"US5","image":{"@type":"ImageObject","inLanguage":"en-US","@id":"https:\/\/veritasinfo.org\/#\/schema\/person\/image\/","url":"https:\/\/secure.gravatar.com\/avatar\/16a61e7272a0c5d001121ebb9e60e925d5816e4ac1e443ed3e640d9a6ae55d0c?s=96&d=mm&r=g","contentUrl":"https:\/\/secure.gravatar.com\/avatar\/16a61e7272a0c5d001121ebb9e60e925d5816e4ac1e443ed3e640d9a6ae55d0c?s=96&d=mm&r=g","caption":"US5"},"url":"https:\/\/veritasinfo.org\/?author=6"}]}},"featured_image_urls":{"full":["https:\/\/veritasinfo.org\/wp-content\/uploads\/2026\/02\/image-4-2.webp",1245,700,false],"thumbnail":["https:\/\/veritasinfo.org\/wp-content\/uploads\/2026\/02\/image-4-2-150x150.webp",150,150,true],"medium":["https:\/\/veritasinfo.org\/wp-content\/uploads\/2026\/02\/image-4-2-300x169.webp",300,169,true],"medium_large":["https:\/\/veritasinfo.org\/wp-content\/uploads\/2026\/02\/image-4-2-768x432.webp",640,360,true],"large":["https:\/\/veritasinfo.org\/wp-content\/uploads\/2026\/02\/image-4-2-1024x576.webp",640,360,true],"1536x1536":["https:\/\/veritasinfo.org\/wp-content\/uploads\/2026\/02\/image-4-2.webp",1245,700,false],"2048x2048":["https:\/\/veritasinfo.org\/wp-content\/uploads\/2026\/02\/image-4-2.webp",1245,700,false],"kreeti-slider-full":["https:\/\/veritasinfo.org\/wp-content\/uploads\/2026\/02\/image-4-2.webp",1245,700,false],"kreeti-featured":["https:\/\/veritasinfo.org\/wp-content\/uploads\/2026\/02\/image-4-2.webp",1024,576,false],"kreeti-medium":["https:\/\/veritasinfo.org\/wp-content\/uploads\/2026\/02\/image-4-2.webp",720,405,false],"kreeti-medium-square":["https:\/\/veritasinfo.org\/wp-content\/uploads\/2026\/02\/image-4-2.webp",350,197,false]},"author_info":{"info":["US5"]},"category_info":"<a href=\"https:\/\/veritasinfo.org\/?cat=52\" rel=\"category\">Komunat<\/a>","tag_info":"Komunat","comment_count":"0","_links":{"self":[{"href":"https:\/\/veritasinfo.org\/index.php?rest_route=\/wp\/v2\/posts\/35139","targetHints":{"allow":["GET"]}}],"collection":[{"href":"https:\/\/veritasinfo.org\/index.php?rest_route=\/wp\/v2\/posts"}],"about":[{"href":"https:\/\/veritasinfo.org\/index.php?rest_route=\/wp\/v2\/types\/post"}],"author":[{"embeddable":true,"href":"https:\/\/veritasinfo.org\/index.php?rest_route=\/wp\/v2\/users\/6"}],"replies":[{"embeddable":true,"href":"https:\/\/veritasinfo.org\/index.php?rest_route=%2Fwp%2Fv2%2Fcomments&post=35139"}],"version-history":[{"count":1,"href":"https:\/\/veritasinfo.org\/index.php?rest_route=\/wp\/v2\/posts\/35139\/revisions"}],"predecessor-version":[{"id":35141,"href":"https:\/\/veritasinfo.org\/index.php?rest_route=\/wp\/v2\/posts\/35139\/revisions\/35141"}],"wp:featuredmedia":[{"embeddable":true,"href":"https:\/\/veritasinfo.org\/index.php?rest_route=\/wp\/v2\/media\/35140"}],"wp:attachment":[{"href":"https:\/\/veritasinfo.org\/index.php?rest_route=%2Fwp%2Fv2%2Fmedia&parent=35139"}],"wp:term":[{"taxonomy":"category","embeddable":true,"href":"https:\/\/veritasinfo.org\/index.php?rest_route=%2Fwp%2Fv2%2Fcategories&post=35139"},{"taxonomy":"post_tag","embeddable":true,"href":"https:\/\/veritasinfo.org\/index.php?rest_route=%2Fwp%2Fv2%2Ftags&post=35139"}],"curies":[{"name":"wp","href":"https:\/\/api.w.org\/{rel}","templated":true}]}}