{"id":35133,"date":"2026-02-28T11:17:14","date_gmt":"2026-02-28T10:17:14","guid":{"rendered":"https:\/\/veritasinfo.org\/?p=35133"},"modified":"2026-02-28T11:17:14","modified_gmt":"2026-02-28T10:17:14","slug":"pas-sulmeve-ne-iran-ministria-e-jashtme-mesazh-per-shtetasit-shqiptare-ne-izrael-tregoni-kujdes","status":"publish","type":"post","link":"https:\/\/veritasinfo.org\/?p=35133","title":{"rendered":"Pas sulmeve n\u00eb Iran, Ministria e Jashtme mesazh p\u00ebr shtetasit shqiptar\u00eb n\u00eb Izrael: Tregoni kujdes"},"content":{"rendered":"<p>Prishtin\u00eb 28 Shkurt 2026 11:16<\/p>\n<p>Pas sulmeve t\u00eb p\u00ebrbashk\u00ebta t\u00eb Shteteve t\u00eb Bashkuara dhe Izraelit n\u00eb Iran, ministria e Pun\u00ebve t\u00eb Jashtme t\u00eb Shqip\u00ebris\u00eb u b\u00ebn thirrje shtetasve shqiptar\u00eb q\u00eb jetojn\u00eb n\u00eb shtetin hebre q\u00eb t\u00eb tregojn\u00eb kujdes t\u00eb shtuar, t\u00eb ndjekin me v\u00ebmendje njoftimet zyrtare dhe t\u00eb respektojn\u00eb udh\u00ebzimet e siguris\u00eb s\u00eb autoriteteve vendore.<\/p>\n<p>Ambasada Shqiptare n\u00eb Tel Aviv thot\u00eb se \u00ebsht\u00eb n\u00eb dispozicion t\u00eb plot\u00eb t\u00eb qytetar\u00ebve t\u00eb tyre t\u00eb ndodhur n\u00eb Izrael dhe \u00ebsht\u00eb n\u00eb komunikim t\u00eb vazhduesh\u00ebm me autoritetet vendase.<\/p>\n<p>Njoftimi i plot\u00eb:<\/p>\n<p>N\u00eb vijim t\u00eb situat\u00ebs s\u00eb jasht\u00ebzakonshme u b\u00ebjm\u00eb thirrje t\u00eb gjith\u00eb qytetar\u00ebve shqiptar\u00eb q\u00eb ndodhen n\u00eb Izrael t\u00eb tregojn\u00eb kujdes t\u00eb shtuar, t\u00eb ndjekin me v\u00ebmendje njoftimet zyrtare dhe t\u00eb respektojn\u00eb udh\u00ebzimet e siguris\u00eb s\u00eb autoriteteve vendore.<\/p>\n<p>Ministria e Pun\u00ebve t\u00eb Jashtme dhe Ambasada Shqiptare n\u00eb Tel Aviv, po ndjekin nga af\u00ebr zhvillimet. Njoftojm\u00eb se Ambasada Shqiptare n\u00eb Tel Aviv \u00ebsht\u00eb n\u00eb dispozicion t\u00eb plot\u00eb t\u00eb qytetar\u00ebve tan\u00eb t\u00eb ndodhur n\u00eb Izrael dhe \u00ebsht\u00eb n\u00eb komunikim t\u00eb vazhduesh\u00ebm me autoritetet vendase.<\/p>\n<p>P\u00ebr \u00e7do nevoj\u00eb emergjente, qytetar\u00ebt shqiptar\u00eb q\u00eb gjenden n\u00eb Izrael, jan\u00eb t\u00eb lutur t\u00eb kontaktojn\u00eb n\u00eb numrat: +972549042813 +972544806601.<\/p>\n<p>Lutemi, kontaktet e emergjenc\u00ebs t\u00eb p\u00ebrdoren vet\u00ebm nga qytetar\u00ebt e ndodhur n\u00eb Izrael. K\u00ebto kontakte nuk do t\u00eb mund t\u00eb japin informacione p\u00ebr median.<\/p>\n","protected":false},"excerpt":{"rendered":"<p>Prishtin\u00eb 28 Shkurt 2026 11:16 Pas sulmeve t\u00eb p\u00ebrbashk\u00ebta t\u00eb Shteteve t\u00eb Bashkuara dhe Izraelit n\u00eb Iran, ministria e Pun\u00ebve t\u00eb Jashtme t\u00eb Shqip\u00ebris\u00eb u<\/p>\n","protected":false},"author":6,"featured_media":35134,"comment_status":"open","ping_status":"open","sticky":false,"template":"","format":"standard","meta":{"footnotes":""},"categories":[72],"tags":[],"class_list":["post-35133","post","type-post","status-publish","format-standard","has-post-thumbnail","hentry","category-bota"],"yoast_head":"<!-- This site is optimized with the Yoast SEO plugin v25.3.1 - https:\/\/yoast.com\/wordpress\/plugins\/seo\/ -->\n<title>Pas sulmeve n\u00eb Iran, Ministria e Jashtme mesazh p\u00ebr shtetasit shqiptar\u00eb n\u00eb Izrael: Tregoni kujdes -<\/title>\n<meta name=\"robots\" content=\"index, follow, max-snippet:-1, max-image-preview:large, max-video-preview:-1\" \/>\n<link rel=\"canonical\" href=\"https:\/\/veritasinfo.org\/?p=35133\" \/>\n<meta property=\"og:locale\" content=\"en_US\" \/>\n<meta property=\"og:type\" content=\"article\" \/>\n<meta property=\"og:title\" content=\"Pas sulmeve n\u00eb Iran, Ministria e Jashtme mesazh p\u00ebr shtetasit shqiptar\u00eb n\u00eb Izrael: Tregoni kujdes -\" \/>\n<meta property=\"og:description\" content=\"Prishtin\u00eb 28 Shkurt 2026 11:16 Pas sulmeve t\u00eb p\u00ebrbashk\u00ebta t\u00eb Shteteve t\u00eb Bashkuara dhe Izraelit n\u00eb Iran, ministria e Pun\u00ebve t\u00eb Jashtme t\u00eb Shqip\u00ebris\u00eb u\" \/>\n<meta property=\"og:url\" content=\"https:\/\/veritasinfo.org\/?p=35133\" \/>\n<meta property=\"article:published_time\" content=\"2026-02-28T10:17:14+00:00\" \/>\n<meta property=\"og:image\" content=\"https:\/\/veritasinfo.org\/wp-content\/uploads\/2026\/02\/MPJ-Tirane-Albania-Shqiperia.webp\" \/>\n\t<meta property=\"og:image:width\" content=\"1440\" \/>\n\t<meta property=\"og:image:height\" content=\"891\" \/>\n\t<meta property=\"og:image:type\" content=\"image\/webp\" \/>\n<meta name=\"author\" content=\"US5\" \/>\n<meta name=\"twitter:card\" content=\"summary_large_image\" \/>\n<meta name=\"twitter:label1\" content=\"Written by\" \/>\n\t<meta name=\"twitter:data1\" content=\"US5\" \/>\n<script type=\"application\/ld+json\" class=\"yoast-schema-graph\">{\"@context\":\"https:\/\/schema.org\",\"@graph\":[{\"@type\":\"WebPage\",\"@id\":\"https:\/\/veritasinfo.org\/?p=35133\",\"url\":\"https:\/\/veritasinfo.org\/?p=35133\",\"name\":\"Pas sulmeve n\u00eb Iran, Ministria e Jashtme mesazh p\u00ebr shtetasit shqiptar\u00eb n\u00eb Izrael: Tregoni kujdes -\",\"isPartOf\":{\"@id\":\"https:\/\/veritasinfo.org\/#website\"},\"primaryImageOfPage\":{\"@id\":\"https:\/\/veritasinfo.org\/?p=35133#primaryimage\"},\"image\":{\"@id\":\"https:\/\/veritasinfo.org\/?p=35133#primaryimage\"},\"thumbnailUrl\":\"https:\/\/veritasinfo.org\/wp-content\/uploads\/2026\/02\/MPJ-Tirane-Albania-Shqiperia.webp\",\"datePublished\":\"2026-02-28T10:17:14+00:00\",\"author\":{\"@id\":\"https:\/\/veritasinfo.org\/#\/schema\/person\/bc442336e35414d04494ab8fb45db4c6\"},\"breadcrumb\":{\"@id\":\"https:\/\/veritasinfo.org\/?p=35133#breadcrumb\"},\"inLanguage\":\"en-US\",\"potentialAction\":[{\"@type\":\"ReadAction\",\"target\":[\"https:\/\/veritasinfo.org\/?p=35133\"]}]},{\"@type\":\"ImageObject\",\"inLanguage\":\"en-US\",\"@id\":\"https:\/\/veritasinfo.org\/?p=35133#primaryimage\",\"url\":\"https:\/\/veritasinfo.org\/wp-content\/uploads\/2026\/02\/MPJ-Tirane-Albania-Shqiperia.webp\",\"contentUrl\":\"https:\/\/veritasinfo.org\/wp-content\/uploads\/2026\/02\/MPJ-Tirane-Albania-Shqiperia.webp\",\"width\":1440,\"height\":891},{\"@type\":\"BreadcrumbList\",\"@id\":\"https:\/\/veritasinfo.org\/?p=35133#breadcrumb\",\"itemListElement\":[{\"@type\":\"ListItem\",\"position\":1,\"name\":\"Home\",\"item\":\"https:\/\/veritasinfo.org\/\"},{\"@type\":\"ListItem\",\"position\":2,\"name\":\"Pas sulmeve n\u00eb Iran, Ministria e Jashtme mesazh p\u00ebr shtetasit shqiptar\u00eb n\u00eb Izrael: Tregoni kujdes\"}]},{\"@type\":\"WebSite\",\"@id\":\"https:\/\/veritasinfo.org\/#website\",\"url\":\"https:\/\/veritasinfo.org\/\",\"name\":\"\",\"description\":\"\",\"potentialAction\":[{\"@type\":\"SearchAction\",\"target\":{\"@type\":\"EntryPoint\",\"urlTemplate\":\"https:\/\/veritasinfo.org\/?s={search_term_string}\"},\"query-input\":{\"@type\":\"PropertyValueSpecification\",\"valueRequired\":true,\"valueName\":\"search_term_string\"}}],\"inLanguage\":\"en-US\"},{\"@type\":\"Person\",\"@id\":\"https:\/\/veritasinfo.org\/#\/schema\/person\/bc442336e35414d04494ab8fb45db4c6\",\"name\":\"US5\",\"image\":{\"@type\":\"ImageObject\",\"inLanguage\":\"en-US\",\"@id\":\"https:\/\/veritasinfo.org\/#\/schema\/person\/image\/\",\"url\":\"https:\/\/secure.gravatar.com\/avatar\/16a61e7272a0c5d001121ebb9e60e925d5816e4ac1e443ed3e640d9a6ae55d0c?s=96&d=mm&r=g\",\"contentUrl\":\"https:\/\/secure.gravatar.com\/avatar\/16a61e7272a0c5d001121ebb9e60e925d5816e4ac1e443ed3e640d9a6ae55d0c?s=96&d=mm&r=g\",\"caption\":\"US5\"},\"url\":\"https:\/\/veritasinfo.org\/?author=6\"}]}<\/script>\n<!-- \/ Yoast SEO plugin. -->","yoast_head_json":{"title":"Pas sulmeve n\u00eb Iran, Ministria e Jashtme mesazh p\u00ebr shtetasit shqiptar\u00eb n\u00eb Izrael: Tregoni kujdes -","robots":{"index":"index","follow":"follow","max-snippet":"max-snippet:-1","max-image-preview":"max-image-preview:large","max-video-preview":"max-video-preview:-1"},"canonical":"https:\/\/veritasinfo.org\/?p=35133","og_locale":"en_US","og_type":"article","og_title":"Pas sulmeve n\u00eb Iran, Ministria e Jashtme mesazh p\u00ebr shtetasit shqiptar\u00eb n\u00eb Izrael: Tregoni kujdes -","og_description":"Prishtin\u00eb 28 Shkurt 2026 11:16 Pas sulmeve t\u00eb p\u00ebrbashk\u00ebta t\u00eb Shteteve t\u00eb Bashkuara dhe Izraelit n\u00eb Iran, ministria e Pun\u00ebve t\u00eb Jashtme t\u00eb Shqip\u00ebris\u00eb u","og_url":"https:\/\/veritasinfo.org\/?p=35133","article_published_time":"2026-02-28T10:17:14+00:00","og_image":[{"width":1440,"height":891,"url":"https:\/\/veritasinfo.org\/wp-content\/uploads\/2026\/02\/MPJ-Tirane-Albania-Shqiperia.webp","type":"image\/webp"}],"author":"US5","twitter_card":"summary_large_image","twitter_misc":{"Written by":"US5"},"schema":{"@context":"https:\/\/schema.org","@graph":[{"@type":"WebPage","@id":"https:\/\/veritasinfo.org\/?p=35133","url":"https:\/\/veritasinfo.org\/?p=35133","name":"Pas sulmeve n\u00eb Iran, Ministria e Jashtme mesazh p\u00ebr shtetasit shqiptar\u00eb n\u00eb Izrael: Tregoni kujdes -","isPartOf":{"@id":"https:\/\/veritasinfo.org\/#website"},"primaryImageOfPage":{"@id":"https:\/\/veritasinfo.org\/?p=35133#primaryimage"},"image":{"@id":"https:\/\/veritasinfo.org\/?p=35133#primaryimage"},"thumbnailUrl":"https:\/\/veritasinfo.org\/wp-content\/uploads\/2026\/02\/MPJ-Tirane-Albania-Shqiperia.webp","datePublished":"2026-02-28T10:17:14+00:00","author":{"@id":"https:\/\/veritasinfo.org\/#\/schema\/person\/bc442336e35414d04494ab8fb45db4c6"},"breadcrumb":{"@id":"https:\/\/veritasinfo.org\/?p=35133#breadcrumb"},"inLanguage":"en-US","potentialAction":[{"@type":"ReadAction","target":["https:\/\/veritasinfo.org\/?p=35133"]}]},{"@type":"ImageObject","inLanguage":"en-US","@id":"https:\/\/veritasinfo.org\/?p=35133#primaryimage","url":"https:\/\/veritasinfo.org\/wp-content\/uploads\/2026\/02\/MPJ-Tirane-Albania-Shqiperia.webp","contentUrl":"https:\/\/veritasinfo.org\/wp-content\/uploads\/2026\/02\/MPJ-Tirane-Albania-Shqiperia.webp","width":1440,"height":891},{"@type":"BreadcrumbList","@id":"https:\/\/veritasinfo.org\/?p=35133#breadcrumb","itemListElement":[{"@type":"ListItem","position":1,"name":"Home","item":"https:\/\/veritasinfo.org\/"},{"@type":"ListItem","position":2,"name":"Pas sulmeve n\u00eb Iran, Ministria e Jashtme mesazh p\u00ebr shtetasit shqiptar\u00eb n\u00eb Izrael: Tregoni kujdes"}]},{"@type":"WebSite","@id":"https:\/\/veritasinfo.org\/#website","url":"https:\/\/veritasinfo.org\/","name":"","description":"","potentialAction":[{"@type":"SearchAction","target":{"@type":"EntryPoint","urlTemplate":"https:\/\/veritasinfo.org\/?s={search_term_string}"},"query-input":{"@type":"PropertyValueSpecification","valueRequired":true,"valueName":"search_term_string"}}],"inLanguage":"en-US"},{"@type":"Person","@id":"https:\/\/veritasinfo.org\/#\/schema\/person\/bc442336e35414d04494ab8fb45db4c6","name":"US5","image":{"@type":"ImageObject","inLanguage":"en-US","@id":"https:\/\/veritasinfo.org\/#\/schema\/person\/image\/","url":"https:\/\/secure.gravatar.com\/avatar\/16a61e7272a0c5d001121ebb9e60e925d5816e4ac1e443ed3e640d9a6ae55d0c?s=96&d=mm&r=g","contentUrl":"https:\/\/secure.gravatar.com\/avatar\/16a61e7272a0c5d001121ebb9e60e925d5816e4ac1e443ed3e640d9a6ae55d0c?s=96&d=mm&r=g","caption":"US5"},"url":"https:\/\/veritasinfo.org\/?author=6"}]}},"featured_image_urls":{"full":["https:\/\/veritasinfo.org\/wp-content\/uploads\/2026\/02\/MPJ-Tirane-Albania-Shqiperia.webp",1440,891,false],"thumbnail":["https:\/\/veritasinfo.org\/wp-content\/uploads\/2026\/02\/MPJ-Tirane-Albania-Shqiperia-150x150.webp",150,150,true],"medium":["https:\/\/veritasinfo.org\/wp-content\/uploads\/2026\/02\/MPJ-Tirane-Albania-Shqiperia-300x186.webp",300,186,true],"medium_large":["https:\/\/veritasinfo.org\/wp-content\/uploads\/2026\/02\/MPJ-Tirane-Albania-Shqiperia-768x475.webp",640,396,true],"large":["https:\/\/veritasinfo.org\/wp-content\/uploads\/2026\/02\/MPJ-Tirane-Albania-Shqiperia-1024x634.webp",640,396,true],"1536x1536":["https:\/\/veritasinfo.org\/wp-content\/uploads\/2026\/02\/MPJ-Tirane-Albania-Shqiperia.webp",1440,891,false],"2048x2048":["https:\/\/veritasinfo.org\/wp-content\/uploads\/2026\/02\/MPJ-Tirane-Albania-Shqiperia.webp",1440,891,false],"kreeti-slider-full":["https:\/\/veritasinfo.org\/wp-content\/uploads\/2026\/02\/MPJ-Tirane-Albania-Shqiperia.webp",1164,720,false],"kreeti-featured":["https:\/\/veritasinfo.org\/wp-content\/uploads\/2026\/02\/MPJ-Tirane-Albania-Shqiperia.webp",1024,634,false],"kreeti-medium":["https:\/\/veritasinfo.org\/wp-content\/uploads\/2026\/02\/MPJ-Tirane-Albania-Shqiperia.webp",720,446,false],"kreeti-medium-square":["https:\/\/veritasinfo.org\/wp-content\/uploads\/2026\/02\/MPJ-Tirane-Albania-Shqiperia.webp",350,217,false]},"author_info":{"info":["US5"]},"category_info":"<a href=\"https:\/\/veritasinfo.org\/?cat=72\" rel=\"category\">Bota<\/a>","tag_info":"Bota","comment_count":"0","_links":{"self":[{"href":"https:\/\/veritasinfo.org\/index.php?rest_route=\/wp\/v2\/posts\/35133","targetHints":{"allow":["GET"]}}],"collection":[{"href":"https:\/\/veritasinfo.org\/index.php?rest_route=\/wp\/v2\/posts"}],"about":[{"href":"https:\/\/veritasinfo.org\/index.php?rest_route=\/wp\/v2\/types\/post"}],"author":[{"embeddable":true,"href":"https:\/\/veritasinfo.org\/index.php?rest_route=\/wp\/v2\/users\/6"}],"replies":[{"embeddable":true,"href":"https:\/\/veritasinfo.org\/index.php?rest_route=%2Fwp%2Fv2%2Fcomments&post=35133"}],"version-history":[{"count":1,"href":"https:\/\/veritasinfo.org\/index.php?rest_route=\/wp\/v2\/posts\/35133\/revisions"}],"predecessor-version":[{"id":35135,"href":"https:\/\/veritasinfo.org\/index.php?rest_route=\/wp\/v2\/posts\/35133\/revisions\/35135"}],"wp:featuredmedia":[{"embeddable":true,"href":"https:\/\/veritasinfo.org\/index.php?rest_route=\/wp\/v2\/media\/35134"}],"wp:attachment":[{"href":"https:\/\/veritasinfo.org\/index.php?rest_route=%2Fwp%2Fv2%2Fmedia&parent=35133"}],"wp:term":[{"taxonomy":"category","embeddable":true,"href":"https:\/\/veritasinfo.org\/index.php?rest_route=%2Fwp%2Fv2%2Fcategories&post=35133"},{"taxonomy":"post_tag","embeddable":true,"href":"https:\/\/veritasinfo.org\/index.php?rest_route=%2Fwp%2Fv2%2Ftags&post=35133"}],"curies":[{"name":"wp","href":"https:\/\/api.w.org\/{rel}","templated":true}]}}