{"id":35115,"date":"2026-02-28T11:02:39","date_gmt":"2026-02-28T10:02:39","guid":{"rendered":"https:\/\/veritasinfo.org\/?p=35115"},"modified":"2026-02-28T11:02:39","modified_gmt":"2026-02-28T10:02:39","slug":"arbereshet-e-kalabrise-sjellin-trashegimine-shqiptare-ne-skenen-e-universitetit-te-kulturave-ne-gjeneve","status":"publish","type":"post","link":"https:\/\/veritasinfo.org\/?p=35115","title":{"rendered":"Arb\u00ebresh\u00ebt e Kalabris\u00eb sjellin trash\u00ebgimin\u00eb shqiptare n\u00eb sken\u00ebn e Universitetit t\u00eb Kulturave n\u00eb Gjenev\u00eb"},"content":{"rendered":"<p>Prishtin\u00eb 28 Shkurt 2026 11:01<\/p>\n<p>Universit\u00e9 des cultures de Gen\u00e8ve organizon koncert me Arb\u00ebresh\u00ebt e Kalabris\u00eb n\u00eb Gjenev\u00eb.<br \/>\nUniversit\u00e9 des cultures de Gen\u00e8ve ka njoftuar organizimin e nj\u00eb koncerti t\u00eb ve\u00e7ant\u00eb kushtuar kultur\u00ebs arb\u00ebreshe t\u00eb Kalabris\u00eb, i cili do t\u00eb mbahet m\u00eb 7 mars 2026 n\u00eb Gjenev\u00eb, shkruan albinfo.ch.<\/p>\n<p>Sipas njoftimit zyrtar, n\u00eb k\u00ebt\u00eb aktivitet do t\u00eb interpretoj\u00eb grupi muzikor \u201cOkarina\u201d nga Gjeneva, si dhe dy grupe t\u00eb njohura arb\u00ebreshe nga Italia: \u201cGjaku i Arb\u00ebrit\u201d nga Frascineto dhe \u201cK\u00ebng\u00ebtar\u00ebt e Motit\u201d nga zona Lungro\u2013Firmo n\u00eb Kalabri.Koncerti \u201cLes Arb\u00ebresh de Calabre\u201d synon t\u00eb promovoj\u00eb trash\u00ebgimin\u00eb kulturore, muzik\u00ebn tradicionale dhe identitetin e komunitetit arb\u00ebresh, i cili prej shekujsh ruan gjuh\u00ebn dhe zakonet shqiptare n\u00eb jug t\u00eb Italis\u00eb. Programi p\u00ebrfshin k\u00ebng\u00eb arb\u00ebreshe dhe k\u00ebng\u00eb qytetare, duke sjell\u00eb nj\u00eb nd\u00ebrthurje t\u00eb tradit\u00ebs me elemente artistike bashk\u00ebkohore, shkruan tutje albinfo.ch.<\/p>\n<p>Ngjarja do t\u00eb zhvillohet n\u00eb Sall\u00ebn du M\u00f4le n\u00eb Gjenev\u00eb, me hapjen e dyerve nga ora 18:00, nd\u00ebrsa organizator\u00ebt kan\u00eb paralajm\u00ebruar edhe pjes\u00eb shoq\u00ebruese me bar dhe momente bashk\u00ebbisedimi p\u00ebr pjes\u00ebmarr\u00ebsit.<\/p>\n<p>Ky koncert p\u00ebrb\u00ebn nj\u00eb mund\u00ebsi t\u00eb r\u00ebnd\u00ebsishme p\u00ebr t\u00eb forcuar lidhjet mes komunitetit shqiptar dhe publikut nd\u00ebrkomb\u00ebtar n\u00eb Gjenev\u00eb, duke promovuar vlerat kulturore dhe historike t\u00eb arb\u00ebresh\u00ebve t\u00eb Kalabris\u00eb.<\/p>\n","protected":false},"excerpt":{"rendered":"<p>Prishtin\u00eb 28 Shkurt 2026 11:01 Universit\u00e9 des cultures de Gen\u00e8ve organizon koncert me Arb\u00ebresh\u00ebt e Kalabris\u00eb n\u00eb Gjenev\u00eb. Universit\u00e9 des cultures de Gen\u00e8ve ka njoftuar<\/p>\n","protected":false},"author":6,"featured_media":35116,"comment_status":"open","ping_status":"open","sticky":false,"template":"","format":"standard","meta":{"footnotes":""},"categories":[54],"tags":[],"class_list":["post-35115","post","type-post","status-publish","format-standard","has-post-thumbnail","hentry","category-kulture-sq"],"yoast_head":"<!-- This site is optimized with the Yoast SEO plugin v25.3.1 - https:\/\/yoast.com\/wordpress\/plugins\/seo\/ -->\n<title>Arb\u00ebresh\u00ebt e Kalabris\u00eb sjellin trash\u00ebgimin\u00eb shqiptare n\u00eb sken\u00ebn e Universitetit t\u00eb Kulturave n\u00eb Gjenev\u00eb -<\/title>\n<meta name=\"robots\" content=\"index, follow, max-snippet:-1, max-image-preview:large, max-video-preview:-1\" \/>\n<link rel=\"canonical\" href=\"https:\/\/veritasinfo.org\/?p=35115\" \/>\n<meta property=\"og:locale\" content=\"en_US\" \/>\n<meta property=\"og:type\" content=\"article\" \/>\n<meta property=\"og:title\" content=\"Arb\u00ebresh\u00ebt e Kalabris\u00eb sjellin trash\u00ebgimin\u00eb shqiptare n\u00eb sken\u00ebn e Universitetit t\u00eb Kulturave n\u00eb Gjenev\u00eb -\" \/>\n<meta property=\"og:description\" content=\"Prishtin\u00eb 28 Shkurt 2026 11:01 Universit\u00e9 des cultures de Gen\u00e8ve organizon koncert me Arb\u00ebresh\u00ebt e Kalabris\u00eb n\u00eb Gjenev\u00eb. Universit\u00e9 des cultures de Gen\u00e8ve ka njoftuar\" \/>\n<meta property=\"og:url\" content=\"https:\/\/veritasinfo.org\/?p=35115\" \/>\n<meta property=\"article:published_time\" content=\"2026-02-28T10:02:39+00:00\" \/>\n<meta property=\"og:image\" content=\"https:\/\/veritasinfo.org\/wp-content\/uploads\/2026\/02\/9f18aa7a-66f9-4be1-84b4-5e830a083817.jpeg\" \/>\n\t<meta property=\"og:image:width\" content=\"1284\" \/>\n\t<meta property=\"og:image:height\" content=\"866\" \/>\n\t<meta property=\"og:image:type\" content=\"image\/jpeg\" \/>\n<meta name=\"author\" content=\"US5\" \/>\n<meta name=\"twitter:card\" content=\"summary_large_image\" \/>\n<meta name=\"twitter:label1\" content=\"Written by\" \/>\n\t<meta name=\"twitter:data1\" content=\"US5\" \/>\n<script type=\"application\/ld+json\" class=\"yoast-schema-graph\">{\"@context\":\"https:\/\/schema.org\",\"@graph\":[{\"@type\":\"WebPage\",\"@id\":\"https:\/\/veritasinfo.org\/?p=35115\",\"url\":\"https:\/\/veritasinfo.org\/?p=35115\",\"name\":\"Arb\u00ebresh\u00ebt e Kalabris\u00eb sjellin trash\u00ebgimin\u00eb shqiptare n\u00eb sken\u00ebn e Universitetit t\u00eb Kulturave n\u00eb Gjenev\u00eb -\",\"isPartOf\":{\"@id\":\"https:\/\/veritasinfo.org\/#website\"},\"primaryImageOfPage\":{\"@id\":\"https:\/\/veritasinfo.org\/?p=35115#primaryimage\"},\"image\":{\"@id\":\"https:\/\/veritasinfo.org\/?p=35115#primaryimage\"},\"thumbnailUrl\":\"https:\/\/veritasinfo.org\/wp-content\/uploads\/2026\/02\/9f18aa7a-66f9-4be1-84b4-5e830a083817.jpeg\",\"datePublished\":\"2026-02-28T10:02:39+00:00\",\"author\":{\"@id\":\"https:\/\/veritasinfo.org\/#\/schema\/person\/bc442336e35414d04494ab8fb45db4c6\"},\"breadcrumb\":{\"@id\":\"https:\/\/veritasinfo.org\/?p=35115#breadcrumb\"},\"inLanguage\":\"en-US\",\"potentialAction\":[{\"@type\":\"ReadAction\",\"target\":[\"https:\/\/veritasinfo.org\/?p=35115\"]}]},{\"@type\":\"ImageObject\",\"inLanguage\":\"en-US\",\"@id\":\"https:\/\/veritasinfo.org\/?p=35115#primaryimage\",\"url\":\"https:\/\/veritasinfo.org\/wp-content\/uploads\/2026\/02\/9f18aa7a-66f9-4be1-84b4-5e830a083817.jpeg\",\"contentUrl\":\"https:\/\/veritasinfo.org\/wp-content\/uploads\/2026\/02\/9f18aa7a-66f9-4be1-84b4-5e830a083817.jpeg\",\"width\":1284,\"height\":866},{\"@type\":\"BreadcrumbList\",\"@id\":\"https:\/\/veritasinfo.org\/?p=35115#breadcrumb\",\"itemListElement\":[{\"@type\":\"ListItem\",\"position\":1,\"name\":\"Home\",\"item\":\"https:\/\/veritasinfo.org\/\"},{\"@type\":\"ListItem\",\"position\":2,\"name\":\"Arb\u00ebresh\u00ebt e Kalabris\u00eb sjellin trash\u00ebgimin\u00eb shqiptare n\u00eb sken\u00ebn e Universitetit t\u00eb Kulturave n\u00eb Gjenev\u00eb\"}]},{\"@type\":\"WebSite\",\"@id\":\"https:\/\/veritasinfo.org\/#website\",\"url\":\"https:\/\/veritasinfo.org\/\",\"name\":\"\",\"description\":\"\",\"potentialAction\":[{\"@type\":\"SearchAction\",\"target\":{\"@type\":\"EntryPoint\",\"urlTemplate\":\"https:\/\/veritasinfo.org\/?s={search_term_string}\"},\"query-input\":{\"@type\":\"PropertyValueSpecification\",\"valueRequired\":true,\"valueName\":\"search_term_string\"}}],\"inLanguage\":\"en-US\"},{\"@type\":\"Person\",\"@id\":\"https:\/\/veritasinfo.org\/#\/schema\/person\/bc442336e35414d04494ab8fb45db4c6\",\"name\":\"US5\",\"image\":{\"@type\":\"ImageObject\",\"inLanguage\":\"en-US\",\"@id\":\"https:\/\/veritasinfo.org\/#\/schema\/person\/image\/\",\"url\":\"https:\/\/secure.gravatar.com\/avatar\/16a61e7272a0c5d001121ebb9e60e925d5816e4ac1e443ed3e640d9a6ae55d0c?s=96&d=mm&r=g\",\"contentUrl\":\"https:\/\/secure.gravatar.com\/avatar\/16a61e7272a0c5d001121ebb9e60e925d5816e4ac1e443ed3e640d9a6ae55d0c?s=96&d=mm&r=g\",\"caption\":\"US5\"},\"url\":\"https:\/\/veritasinfo.org\/?author=6\"}]}<\/script>\n<!-- \/ Yoast SEO plugin. -->","yoast_head_json":{"title":"Arb\u00ebresh\u00ebt e Kalabris\u00eb sjellin trash\u00ebgimin\u00eb shqiptare n\u00eb sken\u00ebn e Universitetit t\u00eb Kulturave n\u00eb Gjenev\u00eb -","robots":{"index":"index","follow":"follow","max-snippet":"max-snippet:-1","max-image-preview":"max-image-preview:large","max-video-preview":"max-video-preview:-1"},"canonical":"https:\/\/veritasinfo.org\/?p=35115","og_locale":"en_US","og_type":"article","og_title":"Arb\u00ebresh\u00ebt e Kalabris\u00eb sjellin trash\u00ebgimin\u00eb shqiptare n\u00eb sken\u00ebn e Universitetit t\u00eb Kulturave n\u00eb Gjenev\u00eb -","og_description":"Prishtin\u00eb 28 Shkurt 2026 11:01 Universit\u00e9 des cultures de Gen\u00e8ve organizon koncert me Arb\u00ebresh\u00ebt e Kalabris\u00eb n\u00eb Gjenev\u00eb. Universit\u00e9 des cultures de Gen\u00e8ve ka njoftuar","og_url":"https:\/\/veritasinfo.org\/?p=35115","article_published_time":"2026-02-28T10:02:39+00:00","og_image":[{"width":1284,"height":866,"url":"https:\/\/veritasinfo.org\/wp-content\/uploads\/2026\/02\/9f18aa7a-66f9-4be1-84b4-5e830a083817.jpeg","type":"image\/jpeg"}],"author":"US5","twitter_card":"summary_large_image","twitter_misc":{"Written by":"US5"},"schema":{"@context":"https:\/\/schema.org","@graph":[{"@type":"WebPage","@id":"https:\/\/veritasinfo.org\/?p=35115","url":"https:\/\/veritasinfo.org\/?p=35115","name":"Arb\u00ebresh\u00ebt e Kalabris\u00eb sjellin trash\u00ebgimin\u00eb shqiptare n\u00eb sken\u00ebn e Universitetit t\u00eb Kulturave n\u00eb Gjenev\u00eb -","isPartOf":{"@id":"https:\/\/veritasinfo.org\/#website"},"primaryImageOfPage":{"@id":"https:\/\/veritasinfo.org\/?p=35115#primaryimage"},"image":{"@id":"https:\/\/veritasinfo.org\/?p=35115#primaryimage"},"thumbnailUrl":"https:\/\/veritasinfo.org\/wp-content\/uploads\/2026\/02\/9f18aa7a-66f9-4be1-84b4-5e830a083817.jpeg","datePublished":"2026-02-28T10:02:39+00:00","author":{"@id":"https:\/\/veritasinfo.org\/#\/schema\/person\/bc442336e35414d04494ab8fb45db4c6"},"breadcrumb":{"@id":"https:\/\/veritasinfo.org\/?p=35115#breadcrumb"},"inLanguage":"en-US","potentialAction":[{"@type":"ReadAction","target":["https:\/\/veritasinfo.org\/?p=35115"]}]},{"@type":"ImageObject","inLanguage":"en-US","@id":"https:\/\/veritasinfo.org\/?p=35115#primaryimage","url":"https:\/\/veritasinfo.org\/wp-content\/uploads\/2026\/02\/9f18aa7a-66f9-4be1-84b4-5e830a083817.jpeg","contentUrl":"https:\/\/veritasinfo.org\/wp-content\/uploads\/2026\/02\/9f18aa7a-66f9-4be1-84b4-5e830a083817.jpeg","width":1284,"height":866},{"@type":"BreadcrumbList","@id":"https:\/\/veritasinfo.org\/?p=35115#breadcrumb","itemListElement":[{"@type":"ListItem","position":1,"name":"Home","item":"https:\/\/veritasinfo.org\/"},{"@type":"ListItem","position":2,"name":"Arb\u00ebresh\u00ebt e Kalabris\u00eb sjellin trash\u00ebgimin\u00eb shqiptare n\u00eb sken\u00ebn e Universitetit t\u00eb Kulturave n\u00eb Gjenev\u00eb"}]},{"@type":"WebSite","@id":"https:\/\/veritasinfo.org\/#website","url":"https:\/\/veritasinfo.org\/","name":"","description":"","potentialAction":[{"@type":"SearchAction","target":{"@type":"EntryPoint","urlTemplate":"https:\/\/veritasinfo.org\/?s={search_term_string}"},"query-input":{"@type":"PropertyValueSpecification","valueRequired":true,"valueName":"search_term_string"}}],"inLanguage":"en-US"},{"@type":"Person","@id":"https:\/\/veritasinfo.org\/#\/schema\/person\/bc442336e35414d04494ab8fb45db4c6","name":"US5","image":{"@type":"ImageObject","inLanguage":"en-US","@id":"https:\/\/veritasinfo.org\/#\/schema\/person\/image\/","url":"https:\/\/secure.gravatar.com\/avatar\/16a61e7272a0c5d001121ebb9e60e925d5816e4ac1e443ed3e640d9a6ae55d0c?s=96&d=mm&r=g","contentUrl":"https:\/\/secure.gravatar.com\/avatar\/16a61e7272a0c5d001121ebb9e60e925d5816e4ac1e443ed3e640d9a6ae55d0c?s=96&d=mm&r=g","caption":"US5"},"url":"https:\/\/veritasinfo.org\/?author=6"}]}},"featured_image_urls":{"full":["https:\/\/veritasinfo.org\/wp-content\/uploads\/2026\/02\/9f18aa7a-66f9-4be1-84b4-5e830a083817.jpeg",1284,866,false],"thumbnail":["https:\/\/veritasinfo.org\/wp-content\/uploads\/2026\/02\/9f18aa7a-66f9-4be1-84b4-5e830a083817-150x150.jpeg",150,150,true],"medium":["https:\/\/veritasinfo.org\/wp-content\/uploads\/2026\/02\/9f18aa7a-66f9-4be1-84b4-5e830a083817-300x202.jpeg",300,202,true],"medium_large":["https:\/\/veritasinfo.org\/wp-content\/uploads\/2026\/02\/9f18aa7a-66f9-4be1-84b4-5e830a083817-768x518.jpeg",640,432,true],"large":["https:\/\/veritasinfo.org\/wp-content\/uploads\/2026\/02\/9f18aa7a-66f9-4be1-84b4-5e830a083817-1024x691.jpeg",640,432,true],"1536x1536":["https:\/\/veritasinfo.org\/wp-content\/uploads\/2026\/02\/9f18aa7a-66f9-4be1-84b4-5e830a083817.jpeg",1284,866,false],"2048x2048":["https:\/\/veritasinfo.org\/wp-content\/uploads\/2026\/02\/9f18aa7a-66f9-4be1-84b4-5e830a083817.jpeg",1284,866,false],"kreeti-slider-full":["https:\/\/veritasinfo.org\/wp-content\/uploads\/2026\/02\/9f18aa7a-66f9-4be1-84b4-5e830a083817.jpeg",1068,720,false],"kreeti-featured":["https:\/\/veritasinfo.org\/wp-content\/uploads\/2026\/02\/9f18aa7a-66f9-4be1-84b4-5e830a083817.jpeg",1024,691,false],"kreeti-medium":["https:\/\/veritasinfo.org\/wp-content\/uploads\/2026\/02\/9f18aa7a-66f9-4be1-84b4-5e830a083817.jpeg",720,486,false],"kreeti-medium-square":["https:\/\/veritasinfo.org\/wp-content\/uploads\/2026\/02\/9f18aa7a-66f9-4be1-84b4-5e830a083817.jpeg",350,236,false]},"author_info":{"info":["US5"]},"category_info":"<a href=\"https:\/\/veritasinfo.org\/?cat=54\" rel=\"category\">Kultur\u00eb<\/a>","tag_info":"Kultur\u00eb","comment_count":"0","_links":{"self":[{"href":"https:\/\/veritasinfo.org\/index.php?rest_route=\/wp\/v2\/posts\/35115","targetHints":{"allow":["GET"]}}],"collection":[{"href":"https:\/\/veritasinfo.org\/index.php?rest_route=\/wp\/v2\/posts"}],"about":[{"href":"https:\/\/veritasinfo.org\/index.php?rest_route=\/wp\/v2\/types\/post"}],"author":[{"embeddable":true,"href":"https:\/\/veritasinfo.org\/index.php?rest_route=\/wp\/v2\/users\/6"}],"replies":[{"embeddable":true,"href":"https:\/\/veritasinfo.org\/index.php?rest_route=%2Fwp%2Fv2%2Fcomments&post=35115"}],"version-history":[{"count":1,"href":"https:\/\/veritasinfo.org\/index.php?rest_route=\/wp\/v2\/posts\/35115\/revisions"}],"predecessor-version":[{"id":35117,"href":"https:\/\/veritasinfo.org\/index.php?rest_route=\/wp\/v2\/posts\/35115\/revisions\/35117"}],"wp:featuredmedia":[{"embeddable":true,"href":"https:\/\/veritasinfo.org\/index.php?rest_route=\/wp\/v2\/media\/35116"}],"wp:attachment":[{"href":"https:\/\/veritasinfo.org\/index.php?rest_route=%2Fwp%2Fv2%2Fmedia&parent=35115"}],"wp:term":[{"taxonomy":"category","embeddable":true,"href":"https:\/\/veritasinfo.org\/index.php?rest_route=%2Fwp%2Fv2%2Fcategories&post=35115"},{"taxonomy":"post_tag","embeddable":true,"href":"https:\/\/veritasinfo.org\/index.php?rest_route=%2Fwp%2Fv2%2Ftags&post=35115"}],"curies":[{"name":"wp","href":"https:\/\/api.w.org\/{rel}","templated":true}]}}