{"id":35090,"date":"2026-02-28T09:16:29","date_gmt":"2026-02-28T08:16:29","guid":{"rendered":"https:\/\/veritasinfo.org\/?p=35090"},"modified":"2026-02-28T09:16:29","modified_gmt":"2026-02-28T08:16:29","slug":"begaj-gjate-vizites-ne-maqedonine-e-veriut-shqiperia-e-vlereson-rmv-ne-per-bashkepunimin-me-kosoven","status":"publish","type":"post","link":"https:\/\/veritasinfo.org\/?p=35090","title":{"rendered":"Begaj gjat\u00eb vizit\u00ebs n\u00eb Maqedonin\u00eb e Veriut: Shqip\u00ebria e vler\u00ebson RMV-n\u00eb p\u00ebr bashk\u00ebpunimin me Kosov\u00ebn"},"content":{"rendered":"<p>Prishtin\u00eb 28 Shkurt 2026 9:15<\/p>\n<p>Presidenti i Shqip\u00ebris\u00eb, Bajram Begaj, deklaroi sot n\u00eb Shkup se Shqip\u00ebria e mb\u00ebshtet an\u00ebtar\u00ebsimin e Kosov\u00ebs n\u00eb organizatat nd\u00ebrkomb\u00ebtare dhe se nuk \u00ebsht\u00eb e drejt\u00eb q\u00eb ajo t\u00eb mbetet jasht\u00eb proceseve euroatlantike.<\/p>\n<p>\u201cShqip\u00ebria e vler\u00ebson Maqedonin\u00eb e Veriut p\u00ebr bashk\u00ebpunimin me Kosov\u00ebn, p\u00ebr mb\u00ebshtetjen dhe p\u00ebr faktin se ishte nd\u00ebr t\u00eb parat q\u00eb njohu pavar\u00ebsin\u00eb e saj. Kjo \u00ebsht\u00eb nj\u00eb investim n\u00eb sigurin\u00eb e gjith\u00eb rajonit\u201d, tha Begaj n\u00eb fjalimin para deputet\u00ebve n\u00eb Kuvendin e Maqedonis\u00eb s\u00eb Veriut.<\/p>\n<p>Ai theksoi se bashk\u00ebpunimi rajonal \u00ebsht\u00eb element ky\u00e7 p\u00ebr afrimin me Bashkimin Evropian.<\/p>\n<p>\u201cIntegrimi evropian nuk \u00ebsht\u00eb vet\u00ebm objektiv i Shqip\u00ebris\u00eb, por projekt i p\u00ebrbashk\u00ebt dhe drejtim strategjik i zhvillimit t\u00eb vendeve tona. Vendet tona meritojn\u00eb m\u00eb shum\u00eb mb\u00ebshtetje n\u00eb rrug\u00ebn drejt integrimit evropian, sepse an\u00ebtar\u00ebsimi nuk \u00ebsht\u00eb vet\u00ebm proces natyral, por proces i merituar nga i cili p\u00ebrfitojn\u00eb si rajoni, ashtu edhe BE-ja\u201d, u shpreh ai.<\/p>\n<p>Begaj shtoi se Evropa nuk \u00ebsht\u00eb vet\u00ebm destinacion, por standard; se Evropa n\u00ebnkupton sundim t\u00eb ligjit, institucione funksionale dhe barazi p\u00ebr t\u00eb gjith\u00eb qytetar\u00ebt.<\/p>\n<p>\u201cMaqedonia e Veriut ka marr\u00eb vendime t\u00eb v\u00ebshtira, dhe Shqip\u00ebria ju ka mb\u00ebshtetur pa hezitim. Fqinj\u00ebsia nuk \u00ebsht\u00eb vet\u00ebm realitet gjeografik. \u00c7far\u00ebdo q\u00eb t\u00eb ndodh\u00eb n\u00eb nivel nd\u00ebrkomb\u00ebtar, Shqip\u00ebria dhe Maqedonia e Veriut do t\u00eb mbeten fqinje. Nuk ka r\u00ebnd\u00ebsi vet\u00ebm sa af\u00ebr jemi, por sa t\u00eb fort\u00eb jemi s\u00eb bashku dhe si do t\u00eb bashk\u00ebpunojm\u00eb, koordinohemi dhe sa vizionar\u00eb do t\u00eb jemi\u201d, tha Begaj, sipas agjencis\u00eb shtet\u00ebrore t\u00eb lajmeve MIA.<\/p>\n<p>Presidenti shqiptar mb\u00ebrriti dje pasdite n\u00eb nj\u00eb vizit\u00eb tre-ditore n\u00eb Maqedonin\u00eb e Veriut, t\u00eb cil\u00ebn e nisi n\u00eb komun\u00ebn \u00c7air t\u00eb Shkupit, ku kryetar \u00ebsht\u00eb Izet Mexhiti, nj\u00eb nga lider\u00ebt e koalicionit qeveris\u00ebs shqiptar VLEN.<\/p>\n<p>Sot, Begaj zhvilloi takime me presidenten e Maqedonis\u00eb s\u00eb Veriut, Gordana Siljanovska Davkova, kryeministrin Hristijan Mickoski dhe kryetarin e parlamentit, Afrim Gashi.<\/p>\n<p>Vizit\u00ebn n\u00eb Maqedonin\u00eb e Veriut, Begaj do ta p\u00ebrmbyll\u00eb nes\u00ebr n\u00eb Tetov\u00eb, ku kryetar komune \u00ebsht\u00eb Bilal Kasami, po ashtu nj\u00eb nga lider\u00ebt e VLEN.<\/p>\n","protected":false},"excerpt":{"rendered":"<p>Prishtin\u00eb 28 Shkurt 2026 9:15 Presidenti i Shqip\u00ebris\u00eb, Bajram Begaj, deklaroi sot n\u00eb Shkup se Shqip\u00ebria e mb\u00ebshtet an\u00ebtar\u00ebsimin e Kosov\u00ebs n\u00eb organizatat nd\u00ebrkomb\u00ebtare dhe<\/p>\n","protected":false},"author":6,"featured_media":35091,"comment_status":"open","ping_status":"open","sticky":false,"template":"","format":"standard","meta":{"footnotes":""},"categories":[58],"tags":[],"class_list":["post-35090","post","type-post","status-publish","format-standard","has-post-thumbnail","hentry","category-politike-sq"],"yoast_head":"<!-- This site is optimized with the Yoast SEO plugin v25.3.1 - https:\/\/yoast.com\/wordpress\/plugins\/seo\/ -->\n<title>Begaj gjat\u00eb vizit\u00ebs n\u00eb Maqedonin\u00eb e Veriut: Shqip\u00ebria e vler\u00ebson RMV-n\u00eb p\u00ebr bashk\u00ebpunimin me Kosov\u00ebn -<\/title>\n<meta name=\"robots\" content=\"index, follow, max-snippet:-1, max-image-preview:large, max-video-preview:-1\" \/>\n<link rel=\"canonical\" href=\"https:\/\/veritasinfo.org\/?p=35090\" \/>\n<meta property=\"og:locale\" content=\"en_US\" \/>\n<meta property=\"og:type\" content=\"article\" \/>\n<meta property=\"og:title\" content=\"Begaj gjat\u00eb vizit\u00ebs n\u00eb Maqedonin\u00eb e Veriut: Shqip\u00ebria e vler\u00ebson RMV-n\u00eb p\u00ebr bashk\u00ebpunimin me Kosov\u00ebn -\" \/>\n<meta property=\"og:description\" content=\"Prishtin\u00eb 28 Shkurt 2026 9:15 Presidenti i Shqip\u00ebris\u00eb, Bajram Begaj, deklaroi sot n\u00eb Shkup se Shqip\u00ebria e mb\u00ebshtet an\u00ebtar\u00ebsimin e Kosov\u00ebs n\u00eb organizatat nd\u00ebrkomb\u00ebtare dhe\" \/>\n<meta property=\"og:url\" content=\"https:\/\/veritasinfo.org\/?p=35090\" \/>\n<meta property=\"article:published_time\" content=\"2026-02-28T08:16:29+00:00\" \/>\n<meta property=\"og:image\" content=\"https:\/\/veritasinfo.org\/wp-content\/uploads\/2026\/02\/5555-12.png\" \/>\n\t<meta property=\"og:image:width\" content=\"600\" \/>\n\t<meta property=\"og:image:height\" content=\"360\" \/>\n\t<meta property=\"og:image:type\" content=\"image\/png\" \/>\n<meta name=\"author\" content=\"US5\" \/>\n<meta name=\"twitter:card\" content=\"summary_large_image\" \/>\n<meta name=\"twitter:label1\" content=\"Written by\" \/>\n\t<meta name=\"twitter:data1\" content=\"US5\" \/>\n\t<meta name=\"twitter:label2\" content=\"Est. reading time\" \/>\n\t<meta name=\"twitter:data2\" content=\"1 minute\" \/>\n<script type=\"application\/ld+json\" class=\"yoast-schema-graph\">{\"@context\":\"https:\/\/schema.org\",\"@graph\":[{\"@type\":\"WebPage\",\"@id\":\"https:\/\/veritasinfo.org\/?p=35090\",\"url\":\"https:\/\/veritasinfo.org\/?p=35090\",\"name\":\"Begaj gjat\u00eb vizit\u00ebs n\u00eb Maqedonin\u00eb e Veriut: Shqip\u00ebria e vler\u00ebson RMV-n\u00eb p\u00ebr bashk\u00ebpunimin me Kosov\u00ebn -\",\"isPartOf\":{\"@id\":\"https:\/\/veritasinfo.org\/#website\"},\"primaryImageOfPage\":{\"@id\":\"https:\/\/veritasinfo.org\/?p=35090#primaryimage\"},\"image\":{\"@id\":\"https:\/\/veritasinfo.org\/?p=35090#primaryimage\"},\"thumbnailUrl\":\"https:\/\/veritasinfo.org\/wp-content\/uploads\/2026\/02\/5555-12.png\",\"datePublished\":\"2026-02-28T08:16:29+00:00\",\"author\":{\"@id\":\"https:\/\/veritasinfo.org\/#\/schema\/person\/bc442336e35414d04494ab8fb45db4c6\"},\"breadcrumb\":{\"@id\":\"https:\/\/veritasinfo.org\/?p=35090#breadcrumb\"},\"inLanguage\":\"en-US\",\"potentialAction\":[{\"@type\":\"ReadAction\",\"target\":[\"https:\/\/veritasinfo.org\/?p=35090\"]}]},{\"@type\":\"ImageObject\",\"inLanguage\":\"en-US\",\"@id\":\"https:\/\/veritasinfo.org\/?p=35090#primaryimage\",\"url\":\"https:\/\/veritasinfo.org\/wp-content\/uploads\/2026\/02\/5555-12.png\",\"contentUrl\":\"https:\/\/veritasinfo.org\/wp-content\/uploads\/2026\/02\/5555-12.png\",\"width\":600,\"height\":360},{\"@type\":\"BreadcrumbList\",\"@id\":\"https:\/\/veritasinfo.org\/?p=35090#breadcrumb\",\"itemListElement\":[{\"@type\":\"ListItem\",\"position\":1,\"name\":\"Home\",\"item\":\"https:\/\/veritasinfo.org\/\"},{\"@type\":\"ListItem\",\"position\":2,\"name\":\"Begaj gjat\u00eb vizit\u00ebs n\u00eb Maqedonin\u00eb e Veriut: Shqip\u00ebria e vler\u00ebson RMV-n\u00eb p\u00ebr bashk\u00ebpunimin me Kosov\u00ebn\"}]},{\"@type\":\"WebSite\",\"@id\":\"https:\/\/veritasinfo.org\/#website\",\"url\":\"https:\/\/veritasinfo.org\/\",\"name\":\"\",\"description\":\"\",\"potentialAction\":[{\"@type\":\"SearchAction\",\"target\":{\"@type\":\"EntryPoint\",\"urlTemplate\":\"https:\/\/veritasinfo.org\/?s={search_term_string}\"},\"query-input\":{\"@type\":\"PropertyValueSpecification\",\"valueRequired\":true,\"valueName\":\"search_term_string\"}}],\"inLanguage\":\"en-US\"},{\"@type\":\"Person\",\"@id\":\"https:\/\/veritasinfo.org\/#\/schema\/person\/bc442336e35414d04494ab8fb45db4c6\",\"name\":\"US5\",\"image\":{\"@type\":\"ImageObject\",\"inLanguage\":\"en-US\",\"@id\":\"https:\/\/veritasinfo.org\/#\/schema\/person\/image\/\",\"url\":\"https:\/\/secure.gravatar.com\/avatar\/16a61e7272a0c5d001121ebb9e60e925d5816e4ac1e443ed3e640d9a6ae55d0c?s=96&d=mm&r=g\",\"contentUrl\":\"https:\/\/secure.gravatar.com\/avatar\/16a61e7272a0c5d001121ebb9e60e925d5816e4ac1e443ed3e640d9a6ae55d0c?s=96&d=mm&r=g\",\"caption\":\"US5\"},\"url\":\"https:\/\/veritasinfo.org\/?author=6\"}]}<\/script>\n<!-- \/ Yoast SEO plugin. -->","yoast_head_json":{"title":"Begaj gjat\u00eb vizit\u00ebs n\u00eb Maqedonin\u00eb e Veriut: Shqip\u00ebria e vler\u00ebson RMV-n\u00eb p\u00ebr bashk\u00ebpunimin me Kosov\u00ebn -","robots":{"index":"index","follow":"follow","max-snippet":"max-snippet:-1","max-image-preview":"max-image-preview:large","max-video-preview":"max-video-preview:-1"},"canonical":"https:\/\/veritasinfo.org\/?p=35090","og_locale":"en_US","og_type":"article","og_title":"Begaj gjat\u00eb vizit\u00ebs n\u00eb Maqedonin\u00eb e Veriut: Shqip\u00ebria e vler\u00ebson RMV-n\u00eb p\u00ebr bashk\u00ebpunimin me Kosov\u00ebn -","og_description":"Prishtin\u00eb 28 Shkurt 2026 9:15 Presidenti i Shqip\u00ebris\u00eb, Bajram Begaj, deklaroi sot n\u00eb Shkup se Shqip\u00ebria e mb\u00ebshtet an\u00ebtar\u00ebsimin e Kosov\u00ebs n\u00eb organizatat nd\u00ebrkomb\u00ebtare dhe","og_url":"https:\/\/veritasinfo.org\/?p=35090","article_published_time":"2026-02-28T08:16:29+00:00","og_image":[{"width":600,"height":360,"url":"https:\/\/veritasinfo.org\/wp-content\/uploads\/2026\/02\/5555-12.png","type":"image\/png"}],"author":"US5","twitter_card":"summary_large_image","twitter_misc":{"Written by":"US5","Est. reading time":"1 minute"},"schema":{"@context":"https:\/\/schema.org","@graph":[{"@type":"WebPage","@id":"https:\/\/veritasinfo.org\/?p=35090","url":"https:\/\/veritasinfo.org\/?p=35090","name":"Begaj gjat\u00eb vizit\u00ebs n\u00eb Maqedonin\u00eb e Veriut: Shqip\u00ebria e vler\u00ebson RMV-n\u00eb p\u00ebr bashk\u00ebpunimin me Kosov\u00ebn -","isPartOf":{"@id":"https:\/\/veritasinfo.org\/#website"},"primaryImageOfPage":{"@id":"https:\/\/veritasinfo.org\/?p=35090#primaryimage"},"image":{"@id":"https:\/\/veritasinfo.org\/?p=35090#primaryimage"},"thumbnailUrl":"https:\/\/veritasinfo.org\/wp-content\/uploads\/2026\/02\/5555-12.png","datePublished":"2026-02-28T08:16:29+00:00","author":{"@id":"https:\/\/veritasinfo.org\/#\/schema\/person\/bc442336e35414d04494ab8fb45db4c6"},"breadcrumb":{"@id":"https:\/\/veritasinfo.org\/?p=35090#breadcrumb"},"inLanguage":"en-US","potentialAction":[{"@type":"ReadAction","target":["https:\/\/veritasinfo.org\/?p=35090"]}]},{"@type":"ImageObject","inLanguage":"en-US","@id":"https:\/\/veritasinfo.org\/?p=35090#primaryimage","url":"https:\/\/veritasinfo.org\/wp-content\/uploads\/2026\/02\/5555-12.png","contentUrl":"https:\/\/veritasinfo.org\/wp-content\/uploads\/2026\/02\/5555-12.png","width":600,"height":360},{"@type":"BreadcrumbList","@id":"https:\/\/veritasinfo.org\/?p=35090#breadcrumb","itemListElement":[{"@type":"ListItem","position":1,"name":"Home","item":"https:\/\/veritasinfo.org\/"},{"@type":"ListItem","position":2,"name":"Begaj gjat\u00eb vizit\u00ebs n\u00eb Maqedonin\u00eb e Veriut: Shqip\u00ebria e vler\u00ebson RMV-n\u00eb p\u00ebr bashk\u00ebpunimin me Kosov\u00ebn"}]},{"@type":"WebSite","@id":"https:\/\/veritasinfo.org\/#website","url":"https:\/\/veritasinfo.org\/","name":"","description":"","potentialAction":[{"@type":"SearchAction","target":{"@type":"EntryPoint","urlTemplate":"https:\/\/veritasinfo.org\/?s={search_term_string}"},"query-input":{"@type":"PropertyValueSpecification","valueRequired":true,"valueName":"search_term_string"}}],"inLanguage":"en-US"},{"@type":"Person","@id":"https:\/\/veritasinfo.org\/#\/schema\/person\/bc442336e35414d04494ab8fb45db4c6","name":"US5","image":{"@type":"ImageObject","inLanguage":"en-US","@id":"https:\/\/veritasinfo.org\/#\/schema\/person\/image\/","url":"https:\/\/secure.gravatar.com\/avatar\/16a61e7272a0c5d001121ebb9e60e925d5816e4ac1e443ed3e640d9a6ae55d0c?s=96&d=mm&r=g","contentUrl":"https:\/\/secure.gravatar.com\/avatar\/16a61e7272a0c5d001121ebb9e60e925d5816e4ac1e443ed3e640d9a6ae55d0c?s=96&d=mm&r=g","caption":"US5"},"url":"https:\/\/veritasinfo.org\/?author=6"}]}},"featured_image_urls":{"full":["https:\/\/veritasinfo.org\/wp-content\/uploads\/2026\/02\/5555-12.png",600,360,false],"thumbnail":["https:\/\/veritasinfo.org\/wp-content\/uploads\/2026\/02\/5555-12-150x150.png",150,150,true],"medium":["https:\/\/veritasinfo.org\/wp-content\/uploads\/2026\/02\/5555-12-300x180.png",300,180,true],"medium_large":["https:\/\/veritasinfo.org\/wp-content\/uploads\/2026\/02\/5555-12.png",600,360,false],"large":["https:\/\/veritasinfo.org\/wp-content\/uploads\/2026\/02\/5555-12.png",600,360,false],"1536x1536":["https:\/\/veritasinfo.org\/wp-content\/uploads\/2026\/02\/5555-12.png",600,360,false],"2048x2048":["https:\/\/veritasinfo.org\/wp-content\/uploads\/2026\/02\/5555-12.png",600,360,false],"kreeti-slider-full":["https:\/\/veritasinfo.org\/wp-content\/uploads\/2026\/02\/5555-12.png",600,360,false],"kreeti-featured":["https:\/\/veritasinfo.org\/wp-content\/uploads\/2026\/02\/5555-12.png",600,360,false],"kreeti-medium":["https:\/\/veritasinfo.org\/wp-content\/uploads\/2026\/02\/5555-12.png",600,360,false],"kreeti-medium-square":["https:\/\/veritasinfo.org\/wp-content\/uploads\/2026\/02\/5555-12.png",350,210,false]},"author_info":{"info":["US5"]},"category_info":"<a href=\"https:\/\/veritasinfo.org\/?cat=58\" rel=\"category\">Politik\u00eb<\/a>","tag_info":"Politik\u00eb","comment_count":"0","_links":{"self":[{"href":"https:\/\/veritasinfo.org\/index.php?rest_route=\/wp\/v2\/posts\/35090","targetHints":{"allow":["GET"]}}],"collection":[{"href":"https:\/\/veritasinfo.org\/index.php?rest_route=\/wp\/v2\/posts"}],"about":[{"href":"https:\/\/veritasinfo.org\/index.php?rest_route=\/wp\/v2\/types\/post"}],"author":[{"embeddable":true,"href":"https:\/\/veritasinfo.org\/index.php?rest_route=\/wp\/v2\/users\/6"}],"replies":[{"embeddable":true,"href":"https:\/\/veritasinfo.org\/index.php?rest_route=%2Fwp%2Fv2%2Fcomments&post=35090"}],"version-history":[{"count":1,"href":"https:\/\/veritasinfo.org\/index.php?rest_route=\/wp\/v2\/posts\/35090\/revisions"}],"predecessor-version":[{"id":35092,"href":"https:\/\/veritasinfo.org\/index.php?rest_route=\/wp\/v2\/posts\/35090\/revisions\/35092"}],"wp:featuredmedia":[{"embeddable":true,"href":"https:\/\/veritasinfo.org\/index.php?rest_route=\/wp\/v2\/media\/35091"}],"wp:attachment":[{"href":"https:\/\/veritasinfo.org\/index.php?rest_route=%2Fwp%2Fv2%2Fmedia&parent=35090"}],"wp:term":[{"taxonomy":"category","embeddable":true,"href":"https:\/\/veritasinfo.org\/index.php?rest_route=%2Fwp%2Fv2%2Fcategories&post=35090"},{"taxonomy":"post_tag","embeddable":true,"href":"https:\/\/veritasinfo.org\/index.php?rest_route=%2Fwp%2Fv2%2Ftags&post=35090"}],"curies":[{"name":"wp","href":"https:\/\/api.w.org\/{rel}","templated":true}]}}