{"id":35072,"date":"2026-02-28T08:56:23","date_gmt":"2026-02-28T07:56:23","guid":{"rendered":"https:\/\/veritasinfo.org\/?p=35072"},"modified":"2026-02-28T08:56:23","modified_gmt":"2026-02-28T07:56:23","slug":"izraeli-sulmon-iranin","status":"publish","type":"post","link":"https:\/\/veritasinfo.org\/?p=35072","title":{"rendered":"Izraeli sulmon Iranin"},"content":{"rendered":"<p>Prishtin\u00eb 28  Shkurt 2026 8:55<\/p>\n<p>Ministri izraelit i mbrojtjes, Israel Katz, tha se Izraeli ka sulmuar Iranin me q\u00ebllim, si\u00e7 pretendojn\u00eb ata, p\u00ebr t\u00eb eliminuar k\u00ebrc\u00ebnimet ndaj shtetit.<\/p>\n<p>N\u00eb mbar\u00eb Izraelin po bien sirenat e alarmit p\u00ebr rrezik ajror, nd\u00ebrsa pritet nj\u00eb kund\u00ebrsulm i menj\u00ebhersh\u00ebm.<\/p>\n<p>Si\u00e7 \u00ebsht\u00eb njoftuar nga Ministria e Mbrojtjes, veprimi ushtarak \u00ebsht\u00eb nd\u00ebrmarr\u00eb p\u00ebr t\u00eb neutralizuar k\u00ebrc\u00ebnimet e menj\u00ebhershme q\u00eb i kanosen Izraelit, shkruan<\/p>\n","protected":false},"excerpt":{"rendered":"<p>Prishtin\u00eb 28 Shkurt 2026 8:55 Ministri izraelit i mbrojtjes, Israel Katz, tha se Izraeli ka sulmuar Iranin me q\u00ebllim, si\u00e7 pretendojn\u00eb ata, p\u00ebr t\u00eb eliminuar<\/p>\n","protected":false},"author":6,"featured_media":35073,"comment_status":"open","ping_status":"open","sticky":false,"template":"","format":"standard","meta":{"footnotes":""},"categories":[72],"tags":[],"class_list":["post-35072","post","type-post","status-publish","format-standard","has-post-thumbnail","hentry","category-bota"],"yoast_head":"<!-- This site is optimized with the Yoast SEO plugin v25.3.1 - https:\/\/yoast.com\/wordpress\/plugins\/seo\/ -->\n<title>Izraeli sulmon Iranin -<\/title>\n<meta name=\"robots\" content=\"index, follow, max-snippet:-1, max-image-preview:large, max-video-preview:-1\" \/>\n<link rel=\"canonical\" href=\"https:\/\/veritasinfo.org\/?p=35072\" \/>\n<meta property=\"og:locale\" content=\"en_US\" \/>\n<meta property=\"og:type\" content=\"article\" \/>\n<meta property=\"og:title\" content=\"Izraeli sulmon Iranin -\" \/>\n<meta property=\"og:description\" content=\"Prishtin\u00eb 28 Shkurt 2026 8:55 Ministri izraelit i mbrojtjes, Israel Katz, tha se Izraeli ka sulmuar Iranin me q\u00ebllim, si\u00e7 pretendojn\u00eb ata, p\u00ebr t\u00eb eliminuar\" \/>\n<meta property=\"og:url\" content=\"https:\/\/veritasinfo.org\/?p=35072\" \/>\n<meta property=\"article:published_time\" content=\"2026-02-28T07:56:23+00:00\" \/>\n<meta property=\"og:image\" content=\"https:\/\/veritasinfo.org\/wp-content\/uploads\/2026\/02\/Izraeli-sulmon-me-raketa-Iranin-ia-godet-objektivin-me-te-larget-Insajderi.org_.jpg\" \/>\n\t<meta property=\"og:image:width\" content=\"960\" \/>\n\t<meta property=\"og:image:height\" content=\"540\" \/>\n\t<meta property=\"og:image:type\" content=\"image\/jpeg\" \/>\n<meta name=\"author\" content=\"US5\" \/>\n<meta name=\"twitter:card\" content=\"summary_large_image\" \/>\n<meta name=\"twitter:label1\" content=\"Written by\" \/>\n\t<meta name=\"twitter:data1\" content=\"US5\" \/>\n<script type=\"application\/ld+json\" class=\"yoast-schema-graph\">{\"@context\":\"https:\/\/schema.org\",\"@graph\":[{\"@type\":\"WebPage\",\"@id\":\"https:\/\/veritasinfo.org\/?p=35072\",\"url\":\"https:\/\/veritasinfo.org\/?p=35072\",\"name\":\"Izraeli sulmon Iranin -\",\"isPartOf\":{\"@id\":\"https:\/\/veritasinfo.org\/#website\"},\"primaryImageOfPage\":{\"@id\":\"https:\/\/veritasinfo.org\/?p=35072#primaryimage\"},\"image\":{\"@id\":\"https:\/\/veritasinfo.org\/?p=35072#primaryimage\"},\"thumbnailUrl\":\"https:\/\/veritasinfo.org\/wp-content\/uploads\/2026\/02\/Izraeli-sulmon-me-raketa-Iranin-ia-godet-objektivin-me-te-larget-Insajderi.org_.jpg\",\"datePublished\":\"2026-02-28T07:56:23+00:00\",\"author\":{\"@id\":\"https:\/\/veritasinfo.org\/#\/schema\/person\/bc442336e35414d04494ab8fb45db4c6\"},\"breadcrumb\":{\"@id\":\"https:\/\/veritasinfo.org\/?p=35072#breadcrumb\"},\"inLanguage\":\"en-US\",\"potentialAction\":[{\"@type\":\"ReadAction\",\"target\":[\"https:\/\/veritasinfo.org\/?p=35072\"]}]},{\"@type\":\"ImageObject\",\"inLanguage\":\"en-US\",\"@id\":\"https:\/\/veritasinfo.org\/?p=35072#primaryimage\",\"url\":\"https:\/\/veritasinfo.org\/wp-content\/uploads\/2026\/02\/Izraeli-sulmon-me-raketa-Iranin-ia-godet-objektivin-me-te-larget-Insajderi.org_.jpg\",\"contentUrl\":\"https:\/\/veritasinfo.org\/wp-content\/uploads\/2026\/02\/Izraeli-sulmon-me-raketa-Iranin-ia-godet-objektivin-me-te-larget-Insajderi.org_.jpg\",\"width\":960,\"height\":540},{\"@type\":\"BreadcrumbList\",\"@id\":\"https:\/\/veritasinfo.org\/?p=35072#breadcrumb\",\"itemListElement\":[{\"@type\":\"ListItem\",\"position\":1,\"name\":\"Home\",\"item\":\"https:\/\/veritasinfo.org\/\"},{\"@type\":\"ListItem\",\"position\":2,\"name\":\"Izraeli sulmon Iranin\"}]},{\"@type\":\"WebSite\",\"@id\":\"https:\/\/veritasinfo.org\/#website\",\"url\":\"https:\/\/veritasinfo.org\/\",\"name\":\"\",\"description\":\"\",\"potentialAction\":[{\"@type\":\"SearchAction\",\"target\":{\"@type\":\"EntryPoint\",\"urlTemplate\":\"https:\/\/veritasinfo.org\/?s={search_term_string}\"},\"query-input\":{\"@type\":\"PropertyValueSpecification\",\"valueRequired\":true,\"valueName\":\"search_term_string\"}}],\"inLanguage\":\"en-US\"},{\"@type\":\"Person\",\"@id\":\"https:\/\/veritasinfo.org\/#\/schema\/person\/bc442336e35414d04494ab8fb45db4c6\",\"name\":\"US5\",\"image\":{\"@type\":\"ImageObject\",\"inLanguage\":\"en-US\",\"@id\":\"https:\/\/veritasinfo.org\/#\/schema\/person\/image\/\",\"url\":\"https:\/\/secure.gravatar.com\/avatar\/16a61e7272a0c5d001121ebb9e60e925d5816e4ac1e443ed3e640d9a6ae55d0c?s=96&d=mm&r=g\",\"contentUrl\":\"https:\/\/secure.gravatar.com\/avatar\/16a61e7272a0c5d001121ebb9e60e925d5816e4ac1e443ed3e640d9a6ae55d0c?s=96&d=mm&r=g\",\"caption\":\"US5\"},\"url\":\"https:\/\/veritasinfo.org\/?author=6\"}]}<\/script>\n<!-- \/ Yoast SEO plugin. -->","yoast_head_json":{"title":"Izraeli sulmon Iranin -","robots":{"index":"index","follow":"follow","max-snippet":"max-snippet:-1","max-image-preview":"max-image-preview:large","max-video-preview":"max-video-preview:-1"},"canonical":"https:\/\/veritasinfo.org\/?p=35072","og_locale":"en_US","og_type":"article","og_title":"Izraeli sulmon Iranin -","og_description":"Prishtin\u00eb 28 Shkurt 2026 8:55 Ministri izraelit i mbrojtjes, Israel Katz, tha se Izraeli ka sulmuar Iranin me q\u00ebllim, si\u00e7 pretendojn\u00eb ata, p\u00ebr t\u00eb eliminuar","og_url":"https:\/\/veritasinfo.org\/?p=35072","article_published_time":"2026-02-28T07:56:23+00:00","og_image":[{"width":960,"height":540,"url":"https:\/\/veritasinfo.org\/wp-content\/uploads\/2026\/02\/Izraeli-sulmon-me-raketa-Iranin-ia-godet-objektivin-me-te-larget-Insajderi.org_.jpg","type":"image\/jpeg"}],"author":"US5","twitter_card":"summary_large_image","twitter_misc":{"Written by":"US5"},"schema":{"@context":"https:\/\/schema.org","@graph":[{"@type":"WebPage","@id":"https:\/\/veritasinfo.org\/?p=35072","url":"https:\/\/veritasinfo.org\/?p=35072","name":"Izraeli sulmon Iranin -","isPartOf":{"@id":"https:\/\/veritasinfo.org\/#website"},"primaryImageOfPage":{"@id":"https:\/\/veritasinfo.org\/?p=35072#primaryimage"},"image":{"@id":"https:\/\/veritasinfo.org\/?p=35072#primaryimage"},"thumbnailUrl":"https:\/\/veritasinfo.org\/wp-content\/uploads\/2026\/02\/Izraeli-sulmon-me-raketa-Iranin-ia-godet-objektivin-me-te-larget-Insajderi.org_.jpg","datePublished":"2026-02-28T07:56:23+00:00","author":{"@id":"https:\/\/veritasinfo.org\/#\/schema\/person\/bc442336e35414d04494ab8fb45db4c6"},"breadcrumb":{"@id":"https:\/\/veritasinfo.org\/?p=35072#breadcrumb"},"inLanguage":"en-US","potentialAction":[{"@type":"ReadAction","target":["https:\/\/veritasinfo.org\/?p=35072"]}]},{"@type":"ImageObject","inLanguage":"en-US","@id":"https:\/\/veritasinfo.org\/?p=35072#primaryimage","url":"https:\/\/veritasinfo.org\/wp-content\/uploads\/2026\/02\/Izraeli-sulmon-me-raketa-Iranin-ia-godet-objektivin-me-te-larget-Insajderi.org_.jpg","contentUrl":"https:\/\/veritasinfo.org\/wp-content\/uploads\/2026\/02\/Izraeli-sulmon-me-raketa-Iranin-ia-godet-objektivin-me-te-larget-Insajderi.org_.jpg","width":960,"height":540},{"@type":"BreadcrumbList","@id":"https:\/\/veritasinfo.org\/?p=35072#breadcrumb","itemListElement":[{"@type":"ListItem","position":1,"name":"Home","item":"https:\/\/veritasinfo.org\/"},{"@type":"ListItem","position":2,"name":"Izraeli sulmon Iranin"}]},{"@type":"WebSite","@id":"https:\/\/veritasinfo.org\/#website","url":"https:\/\/veritasinfo.org\/","name":"","description":"","potentialAction":[{"@type":"SearchAction","target":{"@type":"EntryPoint","urlTemplate":"https:\/\/veritasinfo.org\/?s={search_term_string}"},"query-input":{"@type":"PropertyValueSpecification","valueRequired":true,"valueName":"search_term_string"}}],"inLanguage":"en-US"},{"@type":"Person","@id":"https:\/\/veritasinfo.org\/#\/schema\/person\/bc442336e35414d04494ab8fb45db4c6","name":"US5","image":{"@type":"ImageObject","inLanguage":"en-US","@id":"https:\/\/veritasinfo.org\/#\/schema\/person\/image\/","url":"https:\/\/secure.gravatar.com\/avatar\/16a61e7272a0c5d001121ebb9e60e925d5816e4ac1e443ed3e640d9a6ae55d0c?s=96&d=mm&r=g","contentUrl":"https:\/\/secure.gravatar.com\/avatar\/16a61e7272a0c5d001121ebb9e60e925d5816e4ac1e443ed3e640d9a6ae55d0c?s=96&d=mm&r=g","caption":"US5"},"url":"https:\/\/veritasinfo.org\/?author=6"}]}},"featured_image_urls":{"full":["https:\/\/veritasinfo.org\/wp-content\/uploads\/2026\/02\/Izraeli-sulmon-me-raketa-Iranin-ia-godet-objektivin-me-te-larget-Insajderi.org_.jpg",960,540,false],"thumbnail":["https:\/\/veritasinfo.org\/wp-content\/uploads\/2026\/02\/Izraeli-sulmon-me-raketa-Iranin-ia-godet-objektivin-me-te-larget-Insajderi.org_-150x150.jpg",150,150,true],"medium":["https:\/\/veritasinfo.org\/wp-content\/uploads\/2026\/02\/Izraeli-sulmon-me-raketa-Iranin-ia-godet-objektivin-me-te-larget-Insajderi.org_-300x169.jpg",300,169,true],"medium_large":["https:\/\/veritasinfo.org\/wp-content\/uploads\/2026\/02\/Izraeli-sulmon-me-raketa-Iranin-ia-godet-objektivin-me-te-larget-Insajderi.org_-768x432.jpg",640,360,true],"large":["https:\/\/veritasinfo.org\/wp-content\/uploads\/2026\/02\/Izraeli-sulmon-me-raketa-Iranin-ia-godet-objektivin-me-te-larget-Insajderi.org_.jpg",640,360,false],"1536x1536":["https:\/\/veritasinfo.org\/wp-content\/uploads\/2026\/02\/Izraeli-sulmon-me-raketa-Iranin-ia-godet-objektivin-me-te-larget-Insajderi.org_.jpg",960,540,false],"2048x2048":["https:\/\/veritasinfo.org\/wp-content\/uploads\/2026\/02\/Izraeli-sulmon-me-raketa-Iranin-ia-godet-objektivin-me-te-larget-Insajderi.org_.jpg",960,540,false],"kreeti-slider-full":["https:\/\/veritasinfo.org\/wp-content\/uploads\/2026\/02\/Izraeli-sulmon-me-raketa-Iranin-ia-godet-objektivin-me-te-larget-Insajderi.org_.jpg",960,540,false],"kreeti-featured":["https:\/\/veritasinfo.org\/wp-content\/uploads\/2026\/02\/Izraeli-sulmon-me-raketa-Iranin-ia-godet-objektivin-me-te-larget-Insajderi.org_.jpg",960,540,false],"kreeti-medium":["https:\/\/veritasinfo.org\/wp-content\/uploads\/2026\/02\/Izraeli-sulmon-me-raketa-Iranin-ia-godet-objektivin-me-te-larget-Insajderi.org_.jpg",720,405,false],"kreeti-medium-square":["https:\/\/veritasinfo.org\/wp-content\/uploads\/2026\/02\/Izraeli-sulmon-me-raketa-Iranin-ia-godet-objektivin-me-te-larget-Insajderi.org_.jpg",350,197,false]},"author_info":{"info":["US5"]},"category_info":"<a href=\"https:\/\/veritasinfo.org\/?cat=72\" rel=\"category\">Bota<\/a>","tag_info":"Bota","comment_count":"0","_links":{"self":[{"href":"https:\/\/veritasinfo.org\/index.php?rest_route=\/wp\/v2\/posts\/35072","targetHints":{"allow":["GET"]}}],"collection":[{"href":"https:\/\/veritasinfo.org\/index.php?rest_route=\/wp\/v2\/posts"}],"about":[{"href":"https:\/\/veritasinfo.org\/index.php?rest_route=\/wp\/v2\/types\/post"}],"author":[{"embeddable":true,"href":"https:\/\/veritasinfo.org\/index.php?rest_route=\/wp\/v2\/users\/6"}],"replies":[{"embeddable":true,"href":"https:\/\/veritasinfo.org\/index.php?rest_route=%2Fwp%2Fv2%2Fcomments&post=35072"}],"version-history":[{"count":1,"href":"https:\/\/veritasinfo.org\/index.php?rest_route=\/wp\/v2\/posts\/35072\/revisions"}],"predecessor-version":[{"id":35074,"href":"https:\/\/veritasinfo.org\/index.php?rest_route=\/wp\/v2\/posts\/35072\/revisions\/35074"}],"wp:featuredmedia":[{"embeddable":true,"href":"https:\/\/veritasinfo.org\/index.php?rest_route=\/wp\/v2\/media\/35073"}],"wp:attachment":[{"href":"https:\/\/veritasinfo.org\/index.php?rest_route=%2Fwp%2Fv2%2Fmedia&parent=35072"}],"wp:term":[{"taxonomy":"category","embeddable":true,"href":"https:\/\/veritasinfo.org\/index.php?rest_route=%2Fwp%2Fv2%2Fcategories&post=35072"},{"taxonomy":"post_tag","embeddable":true,"href":"https:\/\/veritasinfo.org\/index.php?rest_route=%2Fwp%2Fv2%2Ftags&post=35072"}],"curies":[{"name":"wp","href":"https:\/\/api.w.org\/{rel}","templated":true}]}}