{"id":35067,"date":"2026-02-28T07:50:12","date_gmt":"2026-02-28T06:50:12","guid":{"rendered":"https:\/\/veritasinfo.org\/?p=35067"},"modified":"2026-02-28T07:50:12","modified_gmt":"2026-02-28T06:50:12","slug":"28-vjet-nga-beteja-e-likoshanit-dhe-qirezit","status":"publish","type":"post","link":"https:\/\/veritasinfo.org\/?p=35067","title":{"rendered":"28 vjet nga beteja e Likoshanit dhe Qirezit"},"content":{"rendered":"<p>Prishtin\u00eb, 28 shkurt 2026 07:40<\/p>\n<p>Sot b\u00ebhen 28 vjet nga fillimi i luft\u00ebs n\u00eb Kosov\u00eb, e cila nisi n\u00eb fshatrat e Drenic\u00ebs, Likoshan dhe Qirez, ku te vendi i quajtur \u201cTe tre lisat\u201d u zhvilluan luftimet mes Ushtris\u00eb \u00c7lirimtare t\u00eb Kosov\u00ebs dhe forcave serbe.<\/p>\n<p>N\u00eb luftimet e zhvilluara mbet\u00ebn t\u00eb vrar\u00eb disa polic\u00eb serb\u00eb. Si pasoj\u00eb e k\u00ebsaj, forcat e armikut rrethuan t\u00eb dy fshatrat ku ekzekutuan 24 civil\u00eb t\u00eb pafajsh\u00ebm.<\/p>\n<p>N\u00eb luftimet e zhvilluara mbet\u00ebn t\u00eb vrar\u00eb disa polic\u00eb serb\u00eb. Si pasoj\u00eb e k\u00ebsaj, forcat e armikut rrethuan t\u00eb dy fshatrat ku ekzekutuan 24 civil\u00eb t\u00eb pafajsh\u00ebm.<\/p>\n<p>N\u00eb rrethimin e fshatrave, armiku p\u00ebrdori artileri t\u00eb r\u00ebnd\u00eb, duke p\u00ebrfshir\u00eb helikopter\u00eb dhe shum\u00eb mjete tjera t\u00eb blinduara, p\u00ebrfshir\u00eb edhe tanke, raporton kp.<\/p>\n<p>Qysh n\u00eb dit\u00ebn e par\u00eb t\u00eb luftimeve, armiku kreu masakrat ndaj civil\u00ebve, vet\u00ebm n\u00eb familjen Ahmeti vrau 11 persona.<\/p>\n<p>Pas pak dit\u00ebsh, m\u00eb 5 mars, ushtria dhe policia serbe rrethuan familjen e Komandantit Legjendar t\u00eb U\u00c7K-s\u00eb, ku familja Jashari rezistoi p\u00ebr 3 dit\u00eb dhe 3 net n\u00eb luftimet kund\u00ebr armikut.<\/p>\n<p>Me luft\u00ebn e Prekazit, tani m\u00eb \u00e7do gj\u00eb ishte e qart\u00eb, n\u00eb Kosov\u00eb lufta p\u00ebr liri nuk do t\u00eb kishte m\u00eb t\u00eb ndalur.<\/p>\n<p>Gjat\u00eb luftimeve deri n\u00eb \u00e7lirimin e vendit, rreth 1 milion shqiptar\u00eb u d\u00ebbuan nga Kosova, 15.000 u vran\u00eb, 2.400 prej tyre ran\u00eb d\u00ebshmor\u00eb. Armiku kreu shum\u00eb masakra, si at\u00eb n\u00eb Abri, Re\u00e7ak, Meje, e shum\u00eb e shum\u00eb t\u00eb tjera.<\/p>\n<p>Gjat\u00eb luft\u00ebs jan\u00eb zhdukur rreth 5.000 njer\u00ebz, fati i shumic\u00ebs prej tyre \u00ebsht\u00eb zbardhur deri n\u00eb vitin 2007, por ende nuk dihet p\u00ebr fatin e mbi nj\u00ebmij\u00eb shqiptar\u00ebve t\u00eb zhdukur.<\/p>\n<p>N\u00eb k\u00ebt\u00eb periudh\u00eb kohore jan\u00eb p\u00ebrdhunuar af\u00ebr 20 mij\u00eb femra shqiptare. Gjat\u00eb periudh\u00ebs kohore mars 1998 &#8211; qershor 1999, nj\u00ebsit\u00eb kriminale dhe artileria e rend\u00eb serbe kan\u00eb shkat\u00ebrruar dhe djegur pjes\u00ebrisht ose t\u00ebr\u00ebsisht rreth 1.100 vend-banime shqiptare, kan\u00eb pla\u00e7kitur, djegur e shkat\u00ebrruar mbi 200.000 sht\u00ebpi, banesa, lokale afariste, pun\u00ebtori zejtare, fabrika, shkolla, biblioteka, monumente kulturore-historike, objekte kulturore, shkencore, fetare etj.<\/p>\n<p>Kjo luft\u00eb q\u00eb filloi nga 28 shkurt 1998 e deri m\u00eb 23 mars 1999 u zhvillua mes Ushtris\u00eb \u00c7lirimtare t\u00eb Kosov\u00ebs dhe forcave kriminale serbe.<\/p>\n<p>Nd\u00ebrsa nga 24 mars 1999 e deri m\u00eb 10 qershor 1999, Aleanca Veri-Atlantike NATO me bombardime t\u00eb p\u00ebrditshme mbi caqet ushtarake jugosllave, me p\u00ebrkrahjen tok\u00ebsore t\u00eb U\u00c7K-s\u00eb, detyroi forcat serbe dhe diktatorin fam\u00ebkeq Sllobodan Millosheviqin t\u00eb n\u00ebnshkruaj\u00eb kapitullimin n\u00eb Kumanov\u00eb.<\/p>\n","protected":false},"excerpt":{"rendered":"<p>Prishtin\u00eb, 28 shkurt 2026 07:40 Sot b\u00ebhen 28 vjet nga fillimi i luft\u00ebs n\u00eb Kosov\u00eb, e cila nisi n\u00eb fshatrat e Drenic\u00ebs, Likoshan dhe Qirez,<\/p>\n","protected":false},"author":7,"featured_media":35068,"comment_status":"open","ping_status":"open","sticky":false,"template":"","format":"standard","meta":{"footnotes":""},"categories":[60],"tags":[],"class_list":["post-35067","post","type-post","status-publish","format-standard","has-post-thumbnail","hentry","category-shoqerore-sq"],"yoast_head":"<!-- This site is optimized with the Yoast SEO plugin v25.3.1 - https:\/\/yoast.com\/wordpress\/plugins\/seo\/ -->\n<title>28 vjet nga beteja e Likoshanit dhe Qirezit -<\/title>\n<meta name=\"robots\" content=\"index, follow, max-snippet:-1, max-image-preview:large, max-video-preview:-1\" \/>\n<link rel=\"canonical\" href=\"https:\/\/veritasinfo.org\/?p=35067\" \/>\n<meta property=\"og:locale\" content=\"en_US\" \/>\n<meta property=\"og:type\" content=\"article\" \/>\n<meta property=\"og:title\" content=\"28 vjet nga beteja e Likoshanit dhe Qirezit -\" \/>\n<meta property=\"og:description\" content=\"Prishtin\u00eb, 28 shkurt 2026 07:40 Sot b\u00ebhen 28 vjet nga fillimi i luft\u00ebs n\u00eb Kosov\u00eb, e cila nisi n\u00eb fshatrat e Drenic\u00ebs, Likoshan dhe Qirez,\" \/>\n<meta property=\"og:url\" content=\"https:\/\/veritasinfo.org\/?p=35067\" \/>\n<meta property=\"article:published_time\" content=\"2026-02-28T06:50:12+00:00\" \/>\n<meta property=\"og:image\" content=\"https:\/\/veritasinfo.org\/wp-content\/uploads\/2026\/02\/706626_safsd.webp\" \/>\n\t<meta property=\"og:image:width\" content=\"900\" \/>\n\t<meta property=\"og:image:height\" content=\"404\" \/>\n\t<meta property=\"og:image:type\" content=\"image\/webp\" \/>\n<meta name=\"author\" content=\"US6\" \/>\n<meta name=\"twitter:card\" content=\"summary_large_image\" \/>\n<meta name=\"twitter:label1\" content=\"Written by\" \/>\n\t<meta name=\"twitter:data1\" content=\"US6\" \/>\n\t<meta name=\"twitter:label2\" content=\"Est. reading time\" \/>\n\t<meta name=\"twitter:data2\" content=\"2 minutes\" \/>\n<script type=\"application\/ld+json\" class=\"yoast-schema-graph\">{\"@context\":\"https:\/\/schema.org\",\"@graph\":[{\"@type\":\"WebPage\",\"@id\":\"https:\/\/veritasinfo.org\/?p=35067\",\"url\":\"https:\/\/veritasinfo.org\/?p=35067\",\"name\":\"28 vjet nga beteja e Likoshanit dhe Qirezit -\",\"isPartOf\":{\"@id\":\"https:\/\/veritasinfo.org\/#website\"},\"primaryImageOfPage\":{\"@id\":\"https:\/\/veritasinfo.org\/?p=35067#primaryimage\"},\"image\":{\"@id\":\"https:\/\/veritasinfo.org\/?p=35067#primaryimage\"},\"thumbnailUrl\":\"https:\/\/veritasinfo.org\/wp-content\/uploads\/2026\/02\/706626_safsd.webp\",\"datePublished\":\"2026-02-28T06:50:12+00:00\",\"author\":{\"@id\":\"https:\/\/veritasinfo.org\/#\/schema\/person\/fe199eede04c3937362892b7444747cc\"},\"breadcrumb\":{\"@id\":\"https:\/\/veritasinfo.org\/?p=35067#breadcrumb\"},\"inLanguage\":\"en-US\",\"potentialAction\":[{\"@type\":\"ReadAction\",\"target\":[\"https:\/\/veritasinfo.org\/?p=35067\"]}]},{\"@type\":\"ImageObject\",\"inLanguage\":\"en-US\",\"@id\":\"https:\/\/veritasinfo.org\/?p=35067#primaryimage\",\"url\":\"https:\/\/veritasinfo.org\/wp-content\/uploads\/2026\/02\/706626_safsd.webp\",\"contentUrl\":\"https:\/\/veritasinfo.org\/wp-content\/uploads\/2026\/02\/706626_safsd.webp\",\"width\":900,\"height\":404},{\"@type\":\"BreadcrumbList\",\"@id\":\"https:\/\/veritasinfo.org\/?p=35067#breadcrumb\",\"itemListElement\":[{\"@type\":\"ListItem\",\"position\":1,\"name\":\"Home\",\"item\":\"https:\/\/veritasinfo.org\/\"},{\"@type\":\"ListItem\",\"position\":2,\"name\":\"28 vjet nga beteja e Likoshanit dhe Qirezit\"}]},{\"@type\":\"WebSite\",\"@id\":\"https:\/\/veritasinfo.org\/#website\",\"url\":\"https:\/\/veritasinfo.org\/\",\"name\":\"\",\"description\":\"\",\"potentialAction\":[{\"@type\":\"SearchAction\",\"target\":{\"@type\":\"EntryPoint\",\"urlTemplate\":\"https:\/\/veritasinfo.org\/?s={search_term_string}\"},\"query-input\":{\"@type\":\"PropertyValueSpecification\",\"valueRequired\":true,\"valueName\":\"search_term_string\"}}],\"inLanguage\":\"en-US\"},{\"@type\":\"Person\",\"@id\":\"https:\/\/veritasinfo.org\/#\/schema\/person\/fe199eede04c3937362892b7444747cc\",\"name\":\"US6\",\"image\":{\"@type\":\"ImageObject\",\"inLanguage\":\"en-US\",\"@id\":\"https:\/\/veritasinfo.org\/#\/schema\/person\/image\/\",\"url\":\"https:\/\/secure.gravatar.com\/avatar\/cb16c3c31c9d23b9b8c705964598220b3014e42ff51eb540ff23cefa3ae8c15f?s=96&d=mm&r=g\",\"contentUrl\":\"https:\/\/secure.gravatar.com\/avatar\/cb16c3c31c9d23b9b8c705964598220b3014e42ff51eb540ff23cefa3ae8c15f?s=96&d=mm&r=g\",\"caption\":\"US6\"},\"url\":\"https:\/\/veritasinfo.org\/?author=7\"}]}<\/script>\n<!-- \/ Yoast SEO plugin. -->","yoast_head_json":{"title":"28 vjet nga beteja e Likoshanit dhe Qirezit -","robots":{"index":"index","follow":"follow","max-snippet":"max-snippet:-1","max-image-preview":"max-image-preview:large","max-video-preview":"max-video-preview:-1"},"canonical":"https:\/\/veritasinfo.org\/?p=35067","og_locale":"en_US","og_type":"article","og_title":"28 vjet nga beteja e Likoshanit dhe Qirezit -","og_description":"Prishtin\u00eb, 28 shkurt 2026 07:40 Sot b\u00ebhen 28 vjet nga fillimi i luft\u00ebs n\u00eb Kosov\u00eb, e cila nisi n\u00eb fshatrat e Drenic\u00ebs, Likoshan dhe Qirez,","og_url":"https:\/\/veritasinfo.org\/?p=35067","article_published_time":"2026-02-28T06:50:12+00:00","og_image":[{"width":900,"height":404,"url":"https:\/\/veritasinfo.org\/wp-content\/uploads\/2026\/02\/706626_safsd.webp","type":"image\/webp"}],"author":"US6","twitter_card":"summary_large_image","twitter_misc":{"Written by":"US6","Est. reading time":"2 minutes"},"schema":{"@context":"https:\/\/schema.org","@graph":[{"@type":"WebPage","@id":"https:\/\/veritasinfo.org\/?p=35067","url":"https:\/\/veritasinfo.org\/?p=35067","name":"28 vjet nga beteja e Likoshanit dhe Qirezit -","isPartOf":{"@id":"https:\/\/veritasinfo.org\/#website"},"primaryImageOfPage":{"@id":"https:\/\/veritasinfo.org\/?p=35067#primaryimage"},"image":{"@id":"https:\/\/veritasinfo.org\/?p=35067#primaryimage"},"thumbnailUrl":"https:\/\/veritasinfo.org\/wp-content\/uploads\/2026\/02\/706626_safsd.webp","datePublished":"2026-02-28T06:50:12+00:00","author":{"@id":"https:\/\/veritasinfo.org\/#\/schema\/person\/fe199eede04c3937362892b7444747cc"},"breadcrumb":{"@id":"https:\/\/veritasinfo.org\/?p=35067#breadcrumb"},"inLanguage":"en-US","potentialAction":[{"@type":"ReadAction","target":["https:\/\/veritasinfo.org\/?p=35067"]}]},{"@type":"ImageObject","inLanguage":"en-US","@id":"https:\/\/veritasinfo.org\/?p=35067#primaryimage","url":"https:\/\/veritasinfo.org\/wp-content\/uploads\/2026\/02\/706626_safsd.webp","contentUrl":"https:\/\/veritasinfo.org\/wp-content\/uploads\/2026\/02\/706626_safsd.webp","width":900,"height":404},{"@type":"BreadcrumbList","@id":"https:\/\/veritasinfo.org\/?p=35067#breadcrumb","itemListElement":[{"@type":"ListItem","position":1,"name":"Home","item":"https:\/\/veritasinfo.org\/"},{"@type":"ListItem","position":2,"name":"28 vjet nga beteja e Likoshanit dhe Qirezit"}]},{"@type":"WebSite","@id":"https:\/\/veritasinfo.org\/#website","url":"https:\/\/veritasinfo.org\/","name":"","description":"","potentialAction":[{"@type":"SearchAction","target":{"@type":"EntryPoint","urlTemplate":"https:\/\/veritasinfo.org\/?s={search_term_string}"},"query-input":{"@type":"PropertyValueSpecification","valueRequired":true,"valueName":"search_term_string"}}],"inLanguage":"en-US"},{"@type":"Person","@id":"https:\/\/veritasinfo.org\/#\/schema\/person\/fe199eede04c3937362892b7444747cc","name":"US6","image":{"@type":"ImageObject","inLanguage":"en-US","@id":"https:\/\/veritasinfo.org\/#\/schema\/person\/image\/","url":"https:\/\/secure.gravatar.com\/avatar\/cb16c3c31c9d23b9b8c705964598220b3014e42ff51eb540ff23cefa3ae8c15f?s=96&d=mm&r=g","contentUrl":"https:\/\/secure.gravatar.com\/avatar\/cb16c3c31c9d23b9b8c705964598220b3014e42ff51eb540ff23cefa3ae8c15f?s=96&d=mm&r=g","caption":"US6"},"url":"https:\/\/veritasinfo.org\/?author=7"}]}},"featured_image_urls":{"full":["https:\/\/veritasinfo.org\/wp-content\/uploads\/2026\/02\/706626_safsd.webp",900,404,false],"thumbnail":["https:\/\/veritasinfo.org\/wp-content\/uploads\/2026\/02\/706626_safsd-150x150.webp",150,150,true],"medium":["https:\/\/veritasinfo.org\/wp-content\/uploads\/2026\/02\/706626_safsd-300x135.webp",300,135,true],"medium_large":["https:\/\/veritasinfo.org\/wp-content\/uploads\/2026\/02\/706626_safsd-768x345.webp",640,288,true],"large":["https:\/\/veritasinfo.org\/wp-content\/uploads\/2026\/02\/706626_safsd.webp",640,287,false],"1536x1536":["https:\/\/veritasinfo.org\/wp-content\/uploads\/2026\/02\/706626_safsd.webp",900,404,false],"2048x2048":["https:\/\/veritasinfo.org\/wp-content\/uploads\/2026\/02\/706626_safsd.webp",900,404,false],"kreeti-slider-full":["https:\/\/veritasinfo.org\/wp-content\/uploads\/2026\/02\/706626_safsd.webp",900,404,false],"kreeti-featured":["https:\/\/veritasinfo.org\/wp-content\/uploads\/2026\/02\/706626_safsd.webp",900,404,false],"kreeti-medium":["https:\/\/veritasinfo.org\/wp-content\/uploads\/2026\/02\/706626_safsd.webp",720,323,false],"kreeti-medium-square":["https:\/\/veritasinfo.org\/wp-content\/uploads\/2026\/02\/706626_safsd.webp",350,157,false]},"author_info":{"info":["US6"]},"category_info":"<a href=\"https:\/\/veritasinfo.org\/?cat=60\" rel=\"category\">Shoq\u00ebrore<\/a>","tag_info":"Shoq\u00ebrore","comment_count":"0","_links":{"self":[{"href":"https:\/\/veritasinfo.org\/index.php?rest_route=\/wp\/v2\/posts\/35067","targetHints":{"allow":["GET"]}}],"collection":[{"href":"https:\/\/veritasinfo.org\/index.php?rest_route=\/wp\/v2\/posts"}],"about":[{"href":"https:\/\/veritasinfo.org\/index.php?rest_route=\/wp\/v2\/types\/post"}],"author":[{"embeddable":true,"href":"https:\/\/veritasinfo.org\/index.php?rest_route=\/wp\/v2\/users\/7"}],"replies":[{"embeddable":true,"href":"https:\/\/veritasinfo.org\/index.php?rest_route=%2Fwp%2Fv2%2Fcomments&post=35067"}],"version-history":[{"count":1,"href":"https:\/\/veritasinfo.org\/index.php?rest_route=\/wp\/v2\/posts\/35067\/revisions"}],"predecessor-version":[{"id":35069,"href":"https:\/\/veritasinfo.org\/index.php?rest_route=\/wp\/v2\/posts\/35067\/revisions\/35069"}],"wp:featuredmedia":[{"embeddable":true,"href":"https:\/\/veritasinfo.org\/index.php?rest_route=\/wp\/v2\/media\/35068"}],"wp:attachment":[{"href":"https:\/\/veritasinfo.org\/index.php?rest_route=%2Fwp%2Fv2%2Fmedia&parent=35067"}],"wp:term":[{"taxonomy":"category","embeddable":true,"href":"https:\/\/veritasinfo.org\/index.php?rest_route=%2Fwp%2Fv2%2Fcategories&post=35067"},{"taxonomy":"post_tag","embeddable":true,"href":"https:\/\/veritasinfo.org\/index.php?rest_route=%2Fwp%2Fv2%2Ftags&post=35067"}],"curies":[{"name":"wp","href":"https:\/\/api.w.org\/{rel}","templated":true}]}}