{"id":35062,"date":"2026-02-28T07:26:48","date_gmt":"2026-02-28T06:26:48","guid":{"rendered":"https:\/\/veritasinfo.org\/?p=35062"},"modified":"2026-02-28T07:26:48","modified_gmt":"2026-02-28T06:26:48","slug":"a-po-kerkon-trumpi-nga-serbia-njohjen-e-kosoves","status":"publish","type":"post","link":"https:\/\/veritasinfo.org\/?p=35062","title":{"rendered":"A po k\u00ebrkon Trumpi nga Serbia njohjen e Kosov\u00ebs?"},"content":{"rendered":"<p>Prishtin\u00eb, 28 shkurt 2026 07:25<\/p>\n<p>Para tri dit\u00ebsh, njoftoi se e takoi sekretarin amerikan t\u00eb Shtetit, Marco Rubio.<\/p>\n<p>Ministri i jasht\u00ebm serb, Marko Gjuriq, tha se me Rubion diskutuan p\u00ebr marr\u00ebdh\u00ebniet e mira t\u00eb Serbis\u00eb me Shtetet e Bashkuara t\u00eb Amerik\u00ebs.<\/p>\n<p>Mir\u00ebpo, dikush po pretendon se Gjuriq nuk po e tregon t\u00eb v\u00ebrtet\u00ebn e plot\u00eb t\u00eb bisedave me sekretarin amerikan t\u00eb shtetit.<\/p>\n<p>Ish-ambasadori i Serbis\u00eb n\u00eb Amerik\u00eb, Nebojsha Vujovi\u00e7 ka deklaruar p\u00ebr mediat serbe se n\u00eb k\u00ebt\u00eb takim, Rubio e informoi Vu\u00e7iqin se p\u00ebrmes nj\u00eb marr\u00ebveshje, SHBA-t\u00eb s\u00eb shpejti do ta detyrojn\u00eb Serbin\u00eb q\u00eb ta njeh pavar\u00ebsin\u00eb e Kosov\u00ebs.<\/p>\n<p>\u201cGjuriq u ftua n\u00eb Uashington n\u00eb m\u00ebnyr\u00eb q\u00eb Rubio, n\u00eb em\u00ebr t\u00eb qeveris\u00eb amerikane dhe Presidentit Donald Trump, ta prezantonte at\u00eb me marr\u00ebveshjen e fsheht\u00eb detyruese p\u00ebr njohjen e pavar\u00ebsis\u00eb s\u00eb Kosov\u00ebs. Ky ishte q\u00ebllimi kryesor i ftes\u00ebs s\u00eb Gjuriqit n\u00eb Uashington. \u00c7do dit\u00eb, hap pas hapi, Serbia po i afrohet formalizimit dhe njohjes zyrtare t\u00eb Kosov\u00ebs si shtet i pavarur\u201d, u shpreh Vujovi\u00e7.<\/p>\n<p>Sipas politologut Melazim Koci, deklarimet e Vujovi\u00e7it nuk mund t\u00eb hidhen leht\u00eb posht\u00eb.<\/p>\n<p>Nuk kam siguri t\u00eb them q\u00eb di\u00e7ka e till\u00eb do t\u00eb ndodh\u00eb por nuk e p\u00ebrjashtoj. Nuk e p\u00ebrjashtoj p\u00ebr nj\u00eb fakt shum\u00eb t\u00eb thjesht\u00eb, kjo \u00ebsht\u00eb pik\u00ebrisht logjika tipike e veprimit t\u00eb administrat\u00ebs Trump. Nuk e preferojn\u00eb multilateralizmin, pra bashk\u00ebpunimin me Bashkimin Evropian p\u00ebr ta detyruar ose p\u00ebr ti k\u00ebrkuar di\u00e7ka Serbis\u00eb, po thjesht\u00eb si n\u00eb rastin e marr\u00ebveshjes s\u00eb Uashingtonit b\u00ebjn\u00eb nisma vetjake pa nd\u00ebrmjet\u00ebsim t\u00eb dikujt tjet\u00ebr dhe nuk e p\u00ebrjashtoj mund\u00ebsin\u00eb q\u00eb n\u00eb tavolin\u00ebn e Serbis\u00eb t\u00eb jet\u00eb nj\u00eb k\u00ebrkes\u00eb e till\u00eb e SHBA-s\u00eb q\u00eb t\u00eb njohin Pavar\u00ebsin\u00eb e Kosov\u00ebs n\u00eb nj\u00eb afat shum\u00eb t\u00eb shkurt, ose n\u00eb t\u00eb kund\u00ebrt\u00ebn do t\u00eb penalizohen, e p\u00ebr \u00e7ka sakt\u00ebsisht nuk mund t\u00eb dij\u00eb, por Vuciq aktualisht Vuciq e ka pushtetin shum\u00eb t\u00eb pasigurt\u201d, shprehet Koci.<\/p>\n<p>N\u00ebse kjo ndodh\u00eb, Koci thot\u00eb se mund t\u00eb ket\u00eb edhe nj\u00eb detyrim p\u00ebr Kosov\u00ebn.<\/p>\n<p>\u201cN\u00eb marr\u00ebveshjen e Uashingtonit t\u00eb cil\u00ebn e ka n\u00ebnshkru Hoti nuk ka pasur Asociacion dhe kjo pak \u00ebsht\u00eb hetu n\u00eb opinion, dhe tani do t\u00eb ket\u00eb apo jo? Nes\u00eb po, at\u00ebher\u00eb cfar\u00eb Asociacioni do t\u00eb k\u00ebrkojn\u00eb\u201d, tha ai.<\/p>\n<p>Nj\u00eb vler\u00ebsim tjet\u00ebr p\u00ebr ngritjen e k\u00ebsaj teme, e ka profesori Basri Muja.<\/p>\n<p>Ai thot\u00eb se n\u00eb k\u00ebt\u00eb m\u00ebnyr\u00eb po tentohet q\u00eb t\u2019i vazhdohet pushteti, Aleksandar Vu\u00e7iqit.<\/p>\n<p>&#8220;Mendoj se mund t\u00eb ken\u00eb ndodhur takimet t\u00eb tilla porse nuk besoj q\u00eb ka dicka substanciale. P\u00ebr shkak q\u00eb Serbia k\u00ebt\u00eb vit \u00ebsht\u00eb n\u00eb vit zgjedhor, diku ka fundi i vitit n\u00eb vjesht\u00eb atje do t\u00eb ket\u00eb zgjedhje edhe parlamentare edhe presidenciale dhe n\u00eb vitet zgjedhore partit\u00eb politike nuk marin vendime t\u00eb m\u00ebdha p\u00ebr shkak t\u00eb opiononin.. Dhe p\u00ebrmendja e Kosov\u00ebs n\u00eb k\u00ebt\u00eb faz\u00eb \u00ebsht\u00eb p\u00ebr konsum t\u00eb brendsh\u00ebm p\u00ebr shkak q\u00eb p\u00ebrmes deklarat\u00ebve t\u00eb tilla tentohet t\u00eb ngritet Vuciqi, partia e tij, e cila duket se pas protestave nj\u00eb vje\u00e7are nuk q\u00ebndron mir\u00eb\u201d, vlerwson Muja.<\/p>\n<p>Televizioni ka provuar t\u00eb marr\u00eb nj\u00eb q\u00ebndrim t\u00eb ri nga ish ambasadori serb n\u00eb SHBA, Nebojsha Vujovic por i nj\u00ebjti nuk ka kthyer p\u00ebrgjigje.<\/p>\n","protected":false},"excerpt":{"rendered":"<p>Prishtin\u00eb, 28 shkurt 2026 07:25 Para tri dit\u00ebsh, njoftoi se e takoi sekretarin amerikan t\u00eb Shtetit, Marco Rubio. Ministri i jasht\u00ebm serb, Marko Gjuriq, tha<\/p>\n","protected":false},"author":7,"featured_media":35063,"comment_status":"open","ping_status":"open","sticky":false,"template":"","format":"standard","meta":{"footnotes":""},"categories":[58],"tags":[],"class_list":["post-35062","post","type-post","status-publish","format-standard","has-post-thumbnail","hentry","category-politike-sq"],"yoast_head":"<!-- This site is optimized with the Yoast SEO plugin v25.3.1 - https:\/\/yoast.com\/wordpress\/plugins\/seo\/ -->\n<title>A po k\u00ebrkon Trumpi nga Serbia njohjen e Kosov\u00ebs? -<\/title>\n<meta name=\"robots\" content=\"index, follow, max-snippet:-1, max-image-preview:large, max-video-preview:-1\" \/>\n<link rel=\"canonical\" href=\"https:\/\/veritasinfo.org\/?p=35062\" \/>\n<meta property=\"og:locale\" content=\"en_US\" \/>\n<meta property=\"og:type\" content=\"article\" \/>\n<meta property=\"og:title\" content=\"A po k\u00ebrkon Trumpi nga Serbia njohjen e Kosov\u00ebs? -\" \/>\n<meta property=\"og:description\" content=\"Prishtin\u00eb, 28 shkurt 2026 07:25 Para tri dit\u00ebsh, njoftoi se e takoi sekretarin amerikan t\u00eb Shtetit, Marco Rubio. Ministri i jasht\u00ebm serb, Marko Gjuriq, tha\" \/>\n<meta property=\"og:url\" content=\"https:\/\/veritasinfo.org\/?p=35062\" \/>\n<meta property=\"article:published_time\" content=\"2026-02-28T06:26:48+00:00\" \/>\n<meta property=\"og:image\" content=\"https:\/\/veritasinfo.org\/wp-content\/uploads\/2026\/02\/auto_Trump-41767597774.jpg\" \/>\n\t<meta property=\"og:image:width\" content=\"900\" \/>\n\t<meta property=\"og:image:height\" content=\"643\" \/>\n\t<meta property=\"og:image:type\" content=\"image\/jpeg\" \/>\n<meta name=\"author\" content=\"US6\" \/>\n<meta name=\"twitter:card\" content=\"summary_large_image\" \/>\n<meta name=\"twitter:label1\" content=\"Written by\" \/>\n\t<meta name=\"twitter:data1\" content=\"US6\" \/>\n\t<meta name=\"twitter:label2\" content=\"Est. reading time\" \/>\n\t<meta name=\"twitter:data2\" content=\"3 minutes\" \/>\n<script type=\"application\/ld+json\" class=\"yoast-schema-graph\">{\"@context\":\"https:\/\/schema.org\",\"@graph\":[{\"@type\":\"WebPage\",\"@id\":\"https:\/\/veritasinfo.org\/?p=35062\",\"url\":\"https:\/\/veritasinfo.org\/?p=35062\",\"name\":\"A po k\u00ebrkon Trumpi nga Serbia njohjen e Kosov\u00ebs? -\",\"isPartOf\":{\"@id\":\"https:\/\/veritasinfo.org\/#website\"},\"primaryImageOfPage\":{\"@id\":\"https:\/\/veritasinfo.org\/?p=35062#primaryimage\"},\"image\":{\"@id\":\"https:\/\/veritasinfo.org\/?p=35062#primaryimage\"},\"thumbnailUrl\":\"https:\/\/veritasinfo.org\/wp-content\/uploads\/2026\/02\/auto_Trump-41767597774.jpg\",\"datePublished\":\"2026-02-28T06:26:48+00:00\",\"author\":{\"@id\":\"https:\/\/veritasinfo.org\/#\/schema\/person\/fe199eede04c3937362892b7444747cc\"},\"breadcrumb\":{\"@id\":\"https:\/\/veritasinfo.org\/?p=35062#breadcrumb\"},\"inLanguage\":\"en-US\",\"potentialAction\":[{\"@type\":\"ReadAction\",\"target\":[\"https:\/\/veritasinfo.org\/?p=35062\"]}]},{\"@type\":\"ImageObject\",\"inLanguage\":\"en-US\",\"@id\":\"https:\/\/veritasinfo.org\/?p=35062#primaryimage\",\"url\":\"https:\/\/veritasinfo.org\/wp-content\/uploads\/2026\/02\/auto_Trump-41767597774.jpg\",\"contentUrl\":\"https:\/\/veritasinfo.org\/wp-content\/uploads\/2026\/02\/auto_Trump-41767597774.jpg\",\"width\":900,\"height\":643},{\"@type\":\"BreadcrumbList\",\"@id\":\"https:\/\/veritasinfo.org\/?p=35062#breadcrumb\",\"itemListElement\":[{\"@type\":\"ListItem\",\"position\":1,\"name\":\"Home\",\"item\":\"https:\/\/veritasinfo.org\/\"},{\"@type\":\"ListItem\",\"position\":2,\"name\":\"A po k\u00ebrkon Trumpi nga Serbia njohjen e Kosov\u00ebs?\"}]},{\"@type\":\"WebSite\",\"@id\":\"https:\/\/veritasinfo.org\/#website\",\"url\":\"https:\/\/veritasinfo.org\/\",\"name\":\"\",\"description\":\"\",\"potentialAction\":[{\"@type\":\"SearchAction\",\"target\":{\"@type\":\"EntryPoint\",\"urlTemplate\":\"https:\/\/veritasinfo.org\/?s={search_term_string}\"},\"query-input\":{\"@type\":\"PropertyValueSpecification\",\"valueRequired\":true,\"valueName\":\"search_term_string\"}}],\"inLanguage\":\"en-US\"},{\"@type\":\"Person\",\"@id\":\"https:\/\/veritasinfo.org\/#\/schema\/person\/fe199eede04c3937362892b7444747cc\",\"name\":\"US6\",\"image\":{\"@type\":\"ImageObject\",\"inLanguage\":\"en-US\",\"@id\":\"https:\/\/veritasinfo.org\/#\/schema\/person\/image\/\",\"url\":\"https:\/\/secure.gravatar.com\/avatar\/cb16c3c31c9d23b9b8c705964598220b3014e42ff51eb540ff23cefa3ae8c15f?s=96&d=mm&r=g\",\"contentUrl\":\"https:\/\/secure.gravatar.com\/avatar\/cb16c3c31c9d23b9b8c705964598220b3014e42ff51eb540ff23cefa3ae8c15f?s=96&d=mm&r=g\",\"caption\":\"US6\"},\"url\":\"https:\/\/veritasinfo.org\/?author=7\"}]}<\/script>\n<!-- \/ Yoast SEO plugin. -->","yoast_head_json":{"title":"A po k\u00ebrkon Trumpi nga Serbia njohjen e Kosov\u00ebs? -","robots":{"index":"index","follow":"follow","max-snippet":"max-snippet:-1","max-image-preview":"max-image-preview:large","max-video-preview":"max-video-preview:-1"},"canonical":"https:\/\/veritasinfo.org\/?p=35062","og_locale":"en_US","og_type":"article","og_title":"A po k\u00ebrkon Trumpi nga Serbia njohjen e Kosov\u00ebs? -","og_description":"Prishtin\u00eb, 28 shkurt 2026 07:25 Para tri dit\u00ebsh, njoftoi se e takoi sekretarin amerikan t\u00eb Shtetit, Marco Rubio. Ministri i jasht\u00ebm serb, Marko Gjuriq, tha","og_url":"https:\/\/veritasinfo.org\/?p=35062","article_published_time":"2026-02-28T06:26:48+00:00","og_image":[{"width":900,"height":643,"url":"https:\/\/veritasinfo.org\/wp-content\/uploads\/2026\/02\/auto_Trump-41767597774.jpg","type":"image\/jpeg"}],"author":"US6","twitter_card":"summary_large_image","twitter_misc":{"Written by":"US6","Est. reading time":"3 minutes"},"schema":{"@context":"https:\/\/schema.org","@graph":[{"@type":"WebPage","@id":"https:\/\/veritasinfo.org\/?p=35062","url":"https:\/\/veritasinfo.org\/?p=35062","name":"A po k\u00ebrkon Trumpi nga Serbia njohjen e Kosov\u00ebs? -","isPartOf":{"@id":"https:\/\/veritasinfo.org\/#website"},"primaryImageOfPage":{"@id":"https:\/\/veritasinfo.org\/?p=35062#primaryimage"},"image":{"@id":"https:\/\/veritasinfo.org\/?p=35062#primaryimage"},"thumbnailUrl":"https:\/\/veritasinfo.org\/wp-content\/uploads\/2026\/02\/auto_Trump-41767597774.jpg","datePublished":"2026-02-28T06:26:48+00:00","author":{"@id":"https:\/\/veritasinfo.org\/#\/schema\/person\/fe199eede04c3937362892b7444747cc"},"breadcrumb":{"@id":"https:\/\/veritasinfo.org\/?p=35062#breadcrumb"},"inLanguage":"en-US","potentialAction":[{"@type":"ReadAction","target":["https:\/\/veritasinfo.org\/?p=35062"]}]},{"@type":"ImageObject","inLanguage":"en-US","@id":"https:\/\/veritasinfo.org\/?p=35062#primaryimage","url":"https:\/\/veritasinfo.org\/wp-content\/uploads\/2026\/02\/auto_Trump-41767597774.jpg","contentUrl":"https:\/\/veritasinfo.org\/wp-content\/uploads\/2026\/02\/auto_Trump-41767597774.jpg","width":900,"height":643},{"@type":"BreadcrumbList","@id":"https:\/\/veritasinfo.org\/?p=35062#breadcrumb","itemListElement":[{"@type":"ListItem","position":1,"name":"Home","item":"https:\/\/veritasinfo.org\/"},{"@type":"ListItem","position":2,"name":"A po k\u00ebrkon Trumpi nga Serbia njohjen e Kosov\u00ebs?"}]},{"@type":"WebSite","@id":"https:\/\/veritasinfo.org\/#website","url":"https:\/\/veritasinfo.org\/","name":"","description":"","potentialAction":[{"@type":"SearchAction","target":{"@type":"EntryPoint","urlTemplate":"https:\/\/veritasinfo.org\/?s={search_term_string}"},"query-input":{"@type":"PropertyValueSpecification","valueRequired":true,"valueName":"search_term_string"}}],"inLanguage":"en-US"},{"@type":"Person","@id":"https:\/\/veritasinfo.org\/#\/schema\/person\/fe199eede04c3937362892b7444747cc","name":"US6","image":{"@type":"ImageObject","inLanguage":"en-US","@id":"https:\/\/veritasinfo.org\/#\/schema\/person\/image\/","url":"https:\/\/secure.gravatar.com\/avatar\/cb16c3c31c9d23b9b8c705964598220b3014e42ff51eb540ff23cefa3ae8c15f?s=96&d=mm&r=g","contentUrl":"https:\/\/secure.gravatar.com\/avatar\/cb16c3c31c9d23b9b8c705964598220b3014e42ff51eb540ff23cefa3ae8c15f?s=96&d=mm&r=g","caption":"US6"},"url":"https:\/\/veritasinfo.org\/?author=7"}]}},"featured_image_urls":{"full":["https:\/\/veritasinfo.org\/wp-content\/uploads\/2026\/02\/auto_Trump-41767597774.jpg",900,643,false],"thumbnail":["https:\/\/veritasinfo.org\/wp-content\/uploads\/2026\/02\/auto_Trump-41767597774-150x150.jpg",150,150,true],"medium":["https:\/\/veritasinfo.org\/wp-content\/uploads\/2026\/02\/auto_Trump-41767597774-300x214.jpg",300,214,true],"medium_large":["https:\/\/veritasinfo.org\/wp-content\/uploads\/2026\/02\/auto_Trump-41767597774-768x549.jpg",640,458,true],"large":["https:\/\/veritasinfo.org\/wp-content\/uploads\/2026\/02\/auto_Trump-41767597774.jpg",640,457,false],"1536x1536":["https:\/\/veritasinfo.org\/wp-content\/uploads\/2026\/02\/auto_Trump-41767597774.jpg",900,643,false],"2048x2048":["https:\/\/veritasinfo.org\/wp-content\/uploads\/2026\/02\/auto_Trump-41767597774.jpg",900,643,false],"kreeti-slider-full":["https:\/\/veritasinfo.org\/wp-content\/uploads\/2026\/02\/auto_Trump-41767597774.jpg",900,643,false],"kreeti-featured":["https:\/\/veritasinfo.org\/wp-content\/uploads\/2026\/02\/auto_Trump-41767597774.jpg",900,643,false],"kreeti-medium":["https:\/\/veritasinfo.org\/wp-content\/uploads\/2026\/02\/auto_Trump-41767597774.jpg",720,514,false],"kreeti-medium-square":["https:\/\/veritasinfo.org\/wp-content\/uploads\/2026\/02\/auto_Trump-41767597774.jpg",350,250,false]},"author_info":{"info":["US6"]},"category_info":"<a href=\"https:\/\/veritasinfo.org\/?cat=58\" rel=\"category\">Politik\u00eb<\/a>","tag_info":"Politik\u00eb","comment_count":"0","_links":{"self":[{"href":"https:\/\/veritasinfo.org\/index.php?rest_route=\/wp\/v2\/posts\/35062","targetHints":{"allow":["GET"]}}],"collection":[{"href":"https:\/\/veritasinfo.org\/index.php?rest_route=\/wp\/v2\/posts"}],"about":[{"href":"https:\/\/veritasinfo.org\/index.php?rest_route=\/wp\/v2\/types\/post"}],"author":[{"embeddable":true,"href":"https:\/\/veritasinfo.org\/index.php?rest_route=\/wp\/v2\/users\/7"}],"replies":[{"embeddable":true,"href":"https:\/\/veritasinfo.org\/index.php?rest_route=%2Fwp%2Fv2%2Fcomments&post=35062"}],"version-history":[{"count":1,"href":"https:\/\/veritasinfo.org\/index.php?rest_route=\/wp\/v2\/posts\/35062\/revisions"}],"predecessor-version":[{"id":35064,"href":"https:\/\/veritasinfo.org\/index.php?rest_route=\/wp\/v2\/posts\/35062\/revisions\/35064"}],"wp:featuredmedia":[{"embeddable":true,"href":"https:\/\/veritasinfo.org\/index.php?rest_route=\/wp\/v2\/media\/35063"}],"wp:attachment":[{"href":"https:\/\/veritasinfo.org\/index.php?rest_route=%2Fwp%2Fv2%2Fmedia&parent=35062"}],"wp:term":[{"taxonomy":"category","embeddable":true,"href":"https:\/\/veritasinfo.org\/index.php?rest_route=%2Fwp%2Fv2%2Fcategories&post=35062"},{"taxonomy":"post_tag","embeddable":true,"href":"https:\/\/veritasinfo.org\/index.php?rest_route=%2Fwp%2Fv2%2Ftags&post=35062"}],"curies":[{"name":"wp","href":"https:\/\/api.w.org\/{rel}","templated":true}]}}