{"id":35025,"date":"2026-02-27T17:54:35","date_gmt":"2026-02-27T16:54:35","guid":{"rendered":"https:\/\/veritasinfo.org\/?p=35025"},"modified":"2026-02-27T17:54:35","modified_gmt":"2026-02-27T16:54:35","slug":"epopeja-e-uck-se-publikohet-agjenda-e-aktiviteteve-per-5-6-dhe-7-mars","status":"publish","type":"post","link":"https:\/\/veritasinfo.org\/?p=35025","title":{"rendered":"Epopeja e U\u00c7K-s\u00eb: Publikohet agjenda e aktiviteteve p\u00ebr 5, 6 dhe 7 mars"},"content":{"rendered":"<p>Prishtin\u00eb, 27 shkurt 2026 17:51<\/p>\n<p>Institucionet e Republik\u00ebs s\u00eb Kosov\u00ebs kan\u00eb publikuar agjend\u00ebn zyrtare t\u00eb aktiviteteve p\u00ebr sh\u00ebnimin e Epopes\u00eb s\u00eb U\u00c7K-s\u00eb, q\u00eb do t\u00eb zhvillohen m\u00eb 5, 6 dhe 7 mars n\u00eb disa qytete t\u00eb vendit.<\/p>\n<p>Aktivitetet p\u00ebrfshijn\u00eb mbledhje solemne, homazhe, ekspozita, aktivitete sportive dhe programe artistike, n\u00eb nderim t\u00eb Epopes\u00eb s\u00eb Ushtris\u00eb \u00c7lirimtare t\u00eb Kosov\u00ebs.<\/p>\n<p>\u201cN\u00eb nderim t\u00eb Epopes\u00eb s\u00eb Ushtris\u00eb \u00c7lirimtare t\u00eb Kosov\u00ebs, Ministria e Mbrojtjes fton qytetar\u00ebt q\u00eb t\u00eb marrin pjes\u00eb n\u00eb aktivitetet p\u00ebrkujtimore dhe festive sipas agjend\u00ebs zyrtare.<\/p>\n<p>Le t\u00eb bashkohemi p\u00ebr t\u00eb nderuar sakrific\u00ebn e d\u00ebshmor\u00ebve dhe p\u00ebr t\u00eb festuar me dinjitet vlerat e liris\u00eb\u201d thuhet n\u00eb njoftimin e Ministris\u00eb s\u00eb Mbrojtjes.<\/p>\n<p>Le t\u00eb bashkohemi p\u00ebr t\u00eb nderuar sakrific\u00ebn e d\u00ebshmor\u00ebve dhe p\u00ebr t\u00eb festuar me dinjitet vlerat e liris\u00eb\u201d thuhet n\u00eb njoftimin e Ministris\u00eb s\u00eb Mbrojtjes.<\/p>\n<p>Agjenda e 5 marsit<\/p>\n<p>Epopeja nis m\u00eb 5 mars n\u00eb or\u00ebn 08:00, kur ora e par\u00eb m\u00ebsimore n\u00eb t\u00eb gjitha shkollat e Republik\u00ebs s\u00eb Kosov\u00ebs do t\u2019i kushtohet Epopes\u00eb s\u00eb U\u00c7K-s\u00eb.<\/p>\n<p>N\u00eb or\u00ebn 09:00 mbahet mbledhja solemne e Qeveris\u00eb s\u00eb Republik\u00ebs s\u00eb Kosov\u00ebs, nd\u00ebrsa n\u00eb or\u00ebn 10:00 do t\u00eb zhvillohen seanca solemne n\u00eb kuvendet komunale.<\/p>\n<p>N\u00eb mesdit\u00eb, n\u00eb or\u00ebn 12:00, do t\u00eb b\u00ebhet rreshtimi i kuadrateve t\u00eb FSK-s\u00eb n\u00eb Kazerm\u00ebn \u201cAdem Jashari\u201d n\u00eb Prishtin\u00eb.<\/p>\n<p>Nd\u00ebrkaq, n\u00eb or\u00ebn 14:30, n\u00eb Skenderaj do t\u00eb mbahet gara mbar\u00ebkomb\u00ebtare e volejbollit p\u00ebr femra \u201cAdem Jashari\u201d.<\/p>\n<p>Agjenda e 6 marsit<\/p>\n<p>Aktivitetet e 6 marsit nisin n\u00eb or\u00ebn 10:00 me homazhe nga krer\u00ebt e shtetit n\u00eb Kompleksin Memorial \u201cAdem Jashari\u201d n\u00eb Prekaz.<\/p>\n<p>Nga ora 10:00 deri n\u00eb 12:00, homazhe do t\u00eb b\u00ebjn\u00eb edhe p\u00ebrfaq\u00ebsuesit komunal\u00eb n\u00eb komplekset memoriale t\u00eb d\u00ebshmor\u00ebve.<\/p>\n<p>N\u00eb or\u00ebn 13:00 do t\u00eb hapet ekspozita \u201cTri dit\u00eb q\u00eb ndryshuan historin\u00eb\u201d, e organizuar nga Kuvendi i Republik\u00ebs s\u00eb Kosov\u00ebs.<\/p>\n<p>N\u00eb mbr\u00ebmje, n\u00eb or\u00ebn 19:00, do t\u00eb mbahet Akademi p\u00ebrkujtimore p\u00ebr Epopes\u00eb e U\u00c7K-s\u00eb, me pjes\u00ebmarrje artistike nga Opera dhe Filarmonia e Kosov\u00ebs, n\u00eb Pallatin e Rinis\u00eb (Salla e Kuqe), nd\u00ebrsa n\u00eb or\u00ebn 21:00 parashihet mbyllja e ceremonis\u00eb.<\/p>\n<p>Agjenda e 7 marsit<\/p>\n<p>Epopeja p\u00ebrmbyllet m\u00eb 7 mars me \u201cNat\u00ebn e Zjarreve\u201d n\u00eb Prekaz, duke nisur nga ora 18:00.<\/p>\n<p>N\u00eb or\u00ebn 18:15 do t\u00eb b\u00ebhet ndezja e flakadan\u00ebve n\u00eb shtat\u00eb rajonet e Republik\u00ebs s\u00eb Kosov\u00ebs, nd\u00ebrsa n\u00eb or\u00ebn 19:00 n\u00eb sheshin \u201cAdem Jashari\u201d n\u00eb Skenderaj do t\u00eb mbahet program artistik.<\/p>\n<p>Institucionet kan\u00eb ftuar qytetar\u00ebt q\u00eb t\u00eb marrin pjes\u00eb n\u00eb aktivitetet p\u00ebrkujtimore, n\u00eb nderim t\u00eb nj\u00eb prej ngjarjeve m\u00eb t\u00eb r\u00ebnd\u00ebsishme n\u00eb historin\u00eb e Kosov\u00ebs.<\/p>\n","protected":false},"excerpt":{"rendered":"<p>Prishtin\u00eb, 27 shkurt 2026 17:51 Institucionet e Republik\u00ebs s\u00eb Kosov\u00ebs kan\u00eb publikuar agjend\u00ebn zyrtare t\u00eb aktiviteteve p\u00ebr sh\u00ebnimin e Epopes\u00eb s\u00eb U\u00c7K-s\u00eb, q\u00eb do t\u00eb<\/p>\n","protected":false},"author":7,"featured_media":35026,"comment_status":"open","ping_status":"open","sticky":false,"template":"","format":"standard","meta":{"footnotes":""},"categories":[60],"tags":[],"class_list":["post-35025","post","type-post","status-publish","format-standard","has-post-thumbnail","hentry","category-shoqerore-sq"],"yoast_head":"<!-- This site is optimized with the Yoast SEO plugin v25.3.1 - https:\/\/yoast.com\/wordpress\/plugins\/seo\/ -->\n<title>Epopeja e U\u00c7K-s\u00eb: Publikohet agjenda e aktiviteteve p\u00ebr 5, 6 dhe 7 mars -<\/title>\n<meta name=\"robots\" content=\"index, follow, max-snippet:-1, max-image-preview:large, max-video-preview:-1\" \/>\n<link rel=\"canonical\" href=\"https:\/\/veritasinfo.org\/?p=35025\" \/>\n<meta property=\"og:locale\" content=\"en_US\" \/>\n<meta property=\"og:type\" content=\"article\" \/>\n<meta property=\"og:title\" content=\"Epopeja e U\u00c7K-s\u00eb: Publikohet agjenda e aktiviteteve p\u00ebr 5, 6 dhe 7 mars -\" \/>\n<meta property=\"og:description\" content=\"Prishtin\u00eb, 27 shkurt 2026 17:51 Institucionet e Republik\u00ebs s\u00eb Kosov\u00ebs kan\u00eb publikuar agjend\u00ebn zyrtare t\u00eb aktiviteteve p\u00ebr sh\u00ebnimin e Epopes\u00eb s\u00eb U\u00c7K-s\u00eb, q\u00eb do t\u00eb\" \/>\n<meta property=\"og:url\" content=\"https:\/\/veritasinfo.org\/?p=35025\" \/>\n<meta property=\"article:published_time\" content=\"2026-02-27T16:54:35+00:00\" \/>\n<meta property=\"og:image\" content=\"https:\/\/veritasinfo.org\/wp-content\/uploads\/2026\/02\/640194287_1368237078662057_6811805540344134498_n-1536x485-1.jpg\" \/>\n\t<meta property=\"og:image:width\" content=\"1536\" \/>\n\t<meta property=\"og:image:height\" content=\"485\" \/>\n\t<meta property=\"og:image:type\" content=\"image\/jpeg\" \/>\n<meta name=\"author\" content=\"US6\" \/>\n<meta name=\"twitter:card\" content=\"summary_large_image\" \/>\n<meta name=\"twitter:label1\" content=\"Written by\" \/>\n\t<meta name=\"twitter:data1\" content=\"US6\" \/>\n\t<meta name=\"twitter:label2\" content=\"Est. reading time\" \/>\n\t<meta name=\"twitter:data2\" content=\"2 minutes\" \/>\n<script type=\"application\/ld+json\" class=\"yoast-schema-graph\">{\"@context\":\"https:\/\/schema.org\",\"@graph\":[{\"@type\":\"WebPage\",\"@id\":\"https:\/\/veritasinfo.org\/?p=35025\",\"url\":\"https:\/\/veritasinfo.org\/?p=35025\",\"name\":\"Epopeja e U\u00c7K-s\u00eb: Publikohet agjenda e aktiviteteve p\u00ebr 5, 6 dhe 7 mars -\",\"isPartOf\":{\"@id\":\"https:\/\/veritasinfo.org\/#website\"},\"primaryImageOfPage\":{\"@id\":\"https:\/\/veritasinfo.org\/?p=35025#primaryimage\"},\"image\":{\"@id\":\"https:\/\/veritasinfo.org\/?p=35025#primaryimage\"},\"thumbnailUrl\":\"https:\/\/veritasinfo.org\/wp-content\/uploads\/2026\/02\/640194287_1368237078662057_6811805540344134498_n-1536x485-1.jpg\",\"datePublished\":\"2026-02-27T16:54:35+00:00\",\"author\":{\"@id\":\"https:\/\/veritasinfo.org\/#\/schema\/person\/fe199eede04c3937362892b7444747cc\"},\"breadcrumb\":{\"@id\":\"https:\/\/veritasinfo.org\/?p=35025#breadcrumb\"},\"inLanguage\":\"en-US\",\"potentialAction\":[{\"@type\":\"ReadAction\",\"target\":[\"https:\/\/veritasinfo.org\/?p=35025\"]}]},{\"@type\":\"ImageObject\",\"inLanguage\":\"en-US\",\"@id\":\"https:\/\/veritasinfo.org\/?p=35025#primaryimage\",\"url\":\"https:\/\/veritasinfo.org\/wp-content\/uploads\/2026\/02\/640194287_1368237078662057_6811805540344134498_n-1536x485-1.jpg\",\"contentUrl\":\"https:\/\/veritasinfo.org\/wp-content\/uploads\/2026\/02\/640194287_1368237078662057_6811805540344134498_n-1536x485-1.jpg\",\"width\":1536,\"height\":485},{\"@type\":\"BreadcrumbList\",\"@id\":\"https:\/\/veritasinfo.org\/?p=35025#breadcrumb\",\"itemListElement\":[{\"@type\":\"ListItem\",\"position\":1,\"name\":\"Home\",\"item\":\"https:\/\/veritasinfo.org\/\"},{\"@type\":\"ListItem\",\"position\":2,\"name\":\"Epopeja e U\u00c7K-s\u00eb: Publikohet agjenda e aktiviteteve p\u00ebr 5, 6 dhe 7 mars\"}]},{\"@type\":\"WebSite\",\"@id\":\"https:\/\/veritasinfo.org\/#website\",\"url\":\"https:\/\/veritasinfo.org\/\",\"name\":\"\",\"description\":\"\",\"potentialAction\":[{\"@type\":\"SearchAction\",\"target\":{\"@type\":\"EntryPoint\",\"urlTemplate\":\"https:\/\/veritasinfo.org\/?s={search_term_string}\"},\"query-input\":{\"@type\":\"PropertyValueSpecification\",\"valueRequired\":true,\"valueName\":\"search_term_string\"}}],\"inLanguage\":\"en-US\"},{\"@type\":\"Person\",\"@id\":\"https:\/\/veritasinfo.org\/#\/schema\/person\/fe199eede04c3937362892b7444747cc\",\"name\":\"US6\",\"image\":{\"@type\":\"ImageObject\",\"inLanguage\":\"en-US\",\"@id\":\"https:\/\/veritasinfo.org\/#\/schema\/person\/image\/\",\"url\":\"https:\/\/secure.gravatar.com\/avatar\/cb16c3c31c9d23b9b8c705964598220b3014e42ff51eb540ff23cefa3ae8c15f?s=96&d=mm&r=g\",\"contentUrl\":\"https:\/\/secure.gravatar.com\/avatar\/cb16c3c31c9d23b9b8c705964598220b3014e42ff51eb540ff23cefa3ae8c15f?s=96&d=mm&r=g\",\"caption\":\"US6\"},\"url\":\"https:\/\/veritasinfo.org\/?author=7\"}]}<\/script>\n<!-- \/ Yoast SEO plugin. -->","yoast_head_json":{"title":"Epopeja e U\u00c7K-s\u00eb: Publikohet agjenda e aktiviteteve p\u00ebr 5, 6 dhe 7 mars -","robots":{"index":"index","follow":"follow","max-snippet":"max-snippet:-1","max-image-preview":"max-image-preview:large","max-video-preview":"max-video-preview:-1"},"canonical":"https:\/\/veritasinfo.org\/?p=35025","og_locale":"en_US","og_type":"article","og_title":"Epopeja e U\u00c7K-s\u00eb: Publikohet agjenda e aktiviteteve p\u00ebr 5, 6 dhe 7 mars -","og_description":"Prishtin\u00eb, 27 shkurt 2026 17:51 Institucionet e Republik\u00ebs s\u00eb Kosov\u00ebs kan\u00eb publikuar agjend\u00ebn zyrtare t\u00eb aktiviteteve p\u00ebr sh\u00ebnimin e Epopes\u00eb s\u00eb U\u00c7K-s\u00eb, q\u00eb do t\u00eb","og_url":"https:\/\/veritasinfo.org\/?p=35025","article_published_time":"2026-02-27T16:54:35+00:00","og_image":[{"width":1536,"height":485,"url":"https:\/\/veritasinfo.org\/wp-content\/uploads\/2026\/02\/640194287_1368237078662057_6811805540344134498_n-1536x485-1.jpg","type":"image\/jpeg"}],"author":"US6","twitter_card":"summary_large_image","twitter_misc":{"Written by":"US6","Est. reading time":"2 minutes"},"schema":{"@context":"https:\/\/schema.org","@graph":[{"@type":"WebPage","@id":"https:\/\/veritasinfo.org\/?p=35025","url":"https:\/\/veritasinfo.org\/?p=35025","name":"Epopeja e U\u00c7K-s\u00eb: Publikohet agjenda e aktiviteteve p\u00ebr 5, 6 dhe 7 mars -","isPartOf":{"@id":"https:\/\/veritasinfo.org\/#website"},"primaryImageOfPage":{"@id":"https:\/\/veritasinfo.org\/?p=35025#primaryimage"},"image":{"@id":"https:\/\/veritasinfo.org\/?p=35025#primaryimage"},"thumbnailUrl":"https:\/\/veritasinfo.org\/wp-content\/uploads\/2026\/02\/640194287_1368237078662057_6811805540344134498_n-1536x485-1.jpg","datePublished":"2026-02-27T16:54:35+00:00","author":{"@id":"https:\/\/veritasinfo.org\/#\/schema\/person\/fe199eede04c3937362892b7444747cc"},"breadcrumb":{"@id":"https:\/\/veritasinfo.org\/?p=35025#breadcrumb"},"inLanguage":"en-US","potentialAction":[{"@type":"ReadAction","target":["https:\/\/veritasinfo.org\/?p=35025"]}]},{"@type":"ImageObject","inLanguage":"en-US","@id":"https:\/\/veritasinfo.org\/?p=35025#primaryimage","url":"https:\/\/veritasinfo.org\/wp-content\/uploads\/2026\/02\/640194287_1368237078662057_6811805540344134498_n-1536x485-1.jpg","contentUrl":"https:\/\/veritasinfo.org\/wp-content\/uploads\/2026\/02\/640194287_1368237078662057_6811805540344134498_n-1536x485-1.jpg","width":1536,"height":485},{"@type":"BreadcrumbList","@id":"https:\/\/veritasinfo.org\/?p=35025#breadcrumb","itemListElement":[{"@type":"ListItem","position":1,"name":"Home","item":"https:\/\/veritasinfo.org\/"},{"@type":"ListItem","position":2,"name":"Epopeja e U\u00c7K-s\u00eb: Publikohet agjenda e aktiviteteve p\u00ebr 5, 6 dhe 7 mars"}]},{"@type":"WebSite","@id":"https:\/\/veritasinfo.org\/#website","url":"https:\/\/veritasinfo.org\/","name":"","description":"","potentialAction":[{"@type":"SearchAction","target":{"@type":"EntryPoint","urlTemplate":"https:\/\/veritasinfo.org\/?s={search_term_string}"},"query-input":{"@type":"PropertyValueSpecification","valueRequired":true,"valueName":"search_term_string"}}],"inLanguage":"en-US"},{"@type":"Person","@id":"https:\/\/veritasinfo.org\/#\/schema\/person\/fe199eede04c3937362892b7444747cc","name":"US6","image":{"@type":"ImageObject","inLanguage":"en-US","@id":"https:\/\/veritasinfo.org\/#\/schema\/person\/image\/","url":"https:\/\/secure.gravatar.com\/avatar\/cb16c3c31c9d23b9b8c705964598220b3014e42ff51eb540ff23cefa3ae8c15f?s=96&d=mm&r=g","contentUrl":"https:\/\/secure.gravatar.com\/avatar\/cb16c3c31c9d23b9b8c705964598220b3014e42ff51eb540ff23cefa3ae8c15f?s=96&d=mm&r=g","caption":"US6"},"url":"https:\/\/veritasinfo.org\/?author=7"}]}},"featured_image_urls":{"full":["https:\/\/veritasinfo.org\/wp-content\/uploads\/2026\/02\/640194287_1368237078662057_6811805540344134498_n-1536x485-1.jpg",1536,485,false],"thumbnail":["https:\/\/veritasinfo.org\/wp-content\/uploads\/2026\/02\/640194287_1368237078662057_6811805540344134498_n-1536x485-1-150x150.jpg",150,150,true],"medium":["https:\/\/veritasinfo.org\/wp-content\/uploads\/2026\/02\/640194287_1368237078662057_6811805540344134498_n-1536x485-1-300x95.jpg",300,95,true],"medium_large":["https:\/\/veritasinfo.org\/wp-content\/uploads\/2026\/02\/640194287_1368237078662057_6811805540344134498_n-1536x485-1-768x243.jpg",640,203,true],"large":["https:\/\/veritasinfo.org\/wp-content\/uploads\/2026\/02\/640194287_1368237078662057_6811805540344134498_n-1536x485-1-1024x323.jpg",640,202,true],"1536x1536":["https:\/\/veritasinfo.org\/wp-content\/uploads\/2026\/02\/640194287_1368237078662057_6811805540344134498_n-1536x485-1.jpg",1536,485,false],"2048x2048":["https:\/\/veritasinfo.org\/wp-content\/uploads\/2026\/02\/640194287_1368237078662057_6811805540344134498_n-1536x485-1.jpg",1536,485,false],"kreeti-slider-full":["https:\/\/veritasinfo.org\/wp-content\/uploads\/2026\/02\/640194287_1368237078662057_6811805540344134498_n-1536x485-1.jpg",1280,404,false],"kreeti-featured":["https:\/\/veritasinfo.org\/wp-content\/uploads\/2026\/02\/640194287_1368237078662057_6811805540344134498_n-1536x485-1.jpg",1024,323,false],"kreeti-medium":["https:\/\/veritasinfo.org\/wp-content\/uploads\/2026\/02\/640194287_1368237078662057_6811805540344134498_n-1536x485-1.jpg",720,227,false],"kreeti-medium-square":["https:\/\/veritasinfo.org\/wp-content\/uploads\/2026\/02\/640194287_1368237078662057_6811805540344134498_n-1536x485-1.jpg",350,111,false]},"author_info":{"info":["US6"]},"category_info":"<a href=\"https:\/\/veritasinfo.org\/?cat=60\" rel=\"category\">Shoq\u00ebrore<\/a>","tag_info":"Shoq\u00ebrore","comment_count":"0","_links":{"self":[{"href":"https:\/\/veritasinfo.org\/index.php?rest_route=\/wp\/v2\/posts\/35025","targetHints":{"allow":["GET"]}}],"collection":[{"href":"https:\/\/veritasinfo.org\/index.php?rest_route=\/wp\/v2\/posts"}],"about":[{"href":"https:\/\/veritasinfo.org\/index.php?rest_route=\/wp\/v2\/types\/post"}],"author":[{"embeddable":true,"href":"https:\/\/veritasinfo.org\/index.php?rest_route=\/wp\/v2\/users\/7"}],"replies":[{"embeddable":true,"href":"https:\/\/veritasinfo.org\/index.php?rest_route=%2Fwp%2Fv2%2Fcomments&post=35025"}],"version-history":[{"count":1,"href":"https:\/\/veritasinfo.org\/index.php?rest_route=\/wp\/v2\/posts\/35025\/revisions"}],"predecessor-version":[{"id":35027,"href":"https:\/\/veritasinfo.org\/index.php?rest_route=\/wp\/v2\/posts\/35025\/revisions\/35027"}],"wp:featuredmedia":[{"embeddable":true,"href":"https:\/\/veritasinfo.org\/index.php?rest_route=\/wp\/v2\/media\/35026"}],"wp:attachment":[{"href":"https:\/\/veritasinfo.org\/index.php?rest_route=%2Fwp%2Fv2%2Fmedia&parent=35025"}],"wp:term":[{"taxonomy":"category","embeddable":true,"href":"https:\/\/veritasinfo.org\/index.php?rest_route=%2Fwp%2Fv2%2Fcategories&post=35025"},{"taxonomy":"post_tag","embeddable":true,"href":"https:\/\/veritasinfo.org\/index.php?rest_route=%2Fwp%2Fv2%2Ftags&post=35025"}],"curies":[{"name":"wp","href":"https:\/\/api.w.org\/{rel}","templated":true}]}}