{"id":35007,"date":"2026-02-27T15:10:51","date_gmt":"2026-02-27T14:10:51","guid":{"rendered":"https:\/\/veritasinfo.org\/?p=35007"},"modified":"2026-02-27T15:10:51","modified_gmt":"2026-02-27T14:10:51","slug":"nje-gjykate-ne-beograd-denon-ish-pjesetarin-e-uck-se-ne-mungese-me-15-vjet-burgim","status":"publish","type":"post","link":"https:\/\/veritasinfo.org\/?p=35007","title":{"rendered":"Nj\u00eb gjykat\u00eb n\u00eb Beograd d\u00ebnon ish-pjes\u00ebtarin e U\u00c7K-s\u00eb n\u00eb munges\u00eb me 15 vjet burgim"},"content":{"rendered":"<p>Prishtin\u00eb 27  Shkurt 2026 15:09<\/p>\n<p>Nj\u00eb gjykat\u00eb n\u00eb Beograd e ka d\u00ebnuar n\u00eb munges\u00eb ish-pjes\u00ebtarin e Ushtris\u00eb \u00c7lirimtare t\u00eb Kosov\u00ebs (U\u00c7K) Gjelosh Krasniqi me 15 vjet burgim n\u00ebn akuzat p\u00ebr krime gjat\u00eb luft\u00ebs n\u00eb Kosov\u00eb.<\/p>\n<p>M\u00eb 26 shkurt, Krasniqi \u00ebsht\u00eb shpallur fajtor p\u00ebr vrasjen e tre personave dhe plagosjen e nj\u00eb civili serb n\u00eb qershor t\u00eb vitit 1999 n\u00eb fshatin Bellopoj\u00eb af\u00ebr Pej\u00ebs.<\/p>\n<p>Fondi p\u00ebr t\u00eb Drejt\u00ebn Humanitare n\u00eb Serbi ka th\u00ebn\u00eb se aktakuza kund\u00ebr Krasniqit bazohet kryesisht n\u00eb deklarata t\u00eb d\u00ebshmitar\u00ebve dhe prova t\u00eb kufizuara forenzike dhe mjeko-ligjore dhe se avokati mbrojt\u00ebs, sipas detyr\u00ebs zyrtare, nuk kishte kontakt me t\u00eb pandehurin.<\/p>\n<p>Kjo organizat\u00eb joqeveritare ka th\u00ebn\u00eb se bashk\u00ebpunimi me institucionet gjyq\u00ebsore t\u00eb Kosov\u00ebs \u00ebsht\u00eb i domosdosh\u00ebm p\u00ebr ndjekjen penale t\u00eb krimeve kund\u00ebr serb\u00ebve n\u00eb Kosov\u00eb.<\/p>\n<p>\u201cSidomos p\u00ebr faktin se Krasniqi \u00ebsht\u00eb d\u00ebnuar p\u00ebr krime kund\u00ebr civil\u00ebve nga Gjykata e Qarkut e Pej\u00ebs n\u00eb vitin 2009\u201d, \u00ebsht\u00eb th\u00ebn\u00eb n\u00eb deklarat\u00eb.<\/p>\n<p>Aty p\u00ebrmendet edhe se gjykimet n\u00eb munges\u00eb n\u00eb rastet e krimeve t\u00eb luft\u00ebs n\u00eb Kosov\u00eb po b\u00ebhen gjithnj\u00eb e m\u00eb t\u00eb shpeshta dhe se \u201ckrijohet p\u00ebrshtypja se motivet p\u00ebr fillimin e procedurave t\u00eb tilla rrjedhin pjes\u00ebrisht nga hakmarrja ligjore dhe jo ekskluzivisht nga d\u00ebshira p\u00ebr t\u00eb arritur drejt\u00ebsi p\u00ebr viktimat\u201d.<\/p>\n<p>Fondi ka rikujtuar se Zyra e Prokurorit t\u00eb Krimeve t\u00eb Luft\u00ebs n\u00eb Serbi deri m\u00eb tani ka ngritur shtat\u00eb padi kund\u00ebr personave q\u00eb nuk jan\u00eb n\u00eb dispozicion t\u00eb gjyq\u00ebsorit serb dhe se pes\u00eb prej tyre jan\u00eb kund\u00ebr qytetar\u00ebve t\u00eb Kosov\u00ebs, p\u00ebr krime t\u00eb kryera kund\u00ebr popullsis\u00eb joshqiptare.<\/p>\n<p>Q\u00eb nga viti 2014, Zyra e Prokurorit t\u00eb Krimeve t\u00eb Luft\u00ebs nuk ka ngritur asnj\u00eb padi t\u00eb re p\u00ebr krime n\u00eb Kosov\u00eb kund\u00ebr personave q\u00eb jan\u00eb shtetas t\u00eb Serbis\u00eb.<\/p>\n<p>N\u00eb p\u00ebrgjigje t\u00eb k\u00ebtyre kritikave, Zyra e Prokurorit t\u00eb Krimeve t\u00eb Luft\u00ebs i ka th\u00ebn\u00eb m\u00eb par\u00eb Radios Evropa e Lir\u00eb se \u201cata fillojn\u00eb dhe zhvillojn\u00eb procedurat n\u00eb p\u00ebrputhje me provat dhe ligjin\u201d.<\/p>\n<p>Serbia, p\u00ebrve\u00e7 ngritjes s\u00eb padive dhe gjykimeve n\u00eb munges\u00eb, ka vazhduar t\u00eb ndaloj\u00eb qytetar\u00ebt e Kosov\u00ebs n\u00eb pikat kufitare.<\/p>\n<p>Arrestimi i fundit ndodhi m\u00eb 5 shkurt, kur nj\u00eb ish-an\u00ebtar i U\u00c7K-s\u00eb u arrestua n\u00eb pik\u00ebn kufitare midis Serbis\u00eb dhe Kroacis\u00eb. Komisioni Evropian paralajm\u00ebroi n\u00eb at\u00eb koh\u00eb se arrestimi dhe ndjekja penale e nj\u00eb shtetasi t\u00eb Kosov\u00ebs nga autoritetet serbe p\u00ebrfaq\u00ebsonte nj\u00eb tjet\u00ebr shkelje t\u00eb detyrimeve t\u00eb Serbis\u00eb sipas marr\u00ebveshjeve t\u00eb arritura n\u00eb kuad\u00ebr t\u00eb dialogut me Kosov\u00ebn, me nd\u00ebrmjet\u00ebsim t\u00eb Bashkimit Evropian n\u00eb Bruksel.<\/p>\n<p>\u201cSerbia \u00ebsht\u00eb zotuar t\u00eb mos filloj\u00eb hetime penale ose ndjekje penale p\u00ebr krime t\u00eb dyshuara t\u00eb kryera n\u00eb Kosov\u00eb, p\u00ebrve\u00e7 n\u00ebse k\u00ebrkohet nga autoritetet e Kosov\u00ebs\u201d, tha nj\u00eb z\u00ebdh\u00ebn\u00ebs i Komisionit Evropian p\u00ebr Radion Evropa e Lir\u00eb.<\/p>\n<p>Ai shtoi se akuzat p\u00ebr krime lufte dhe krime t\u00eb tjera t\u00eb r\u00ebnda jan\u00eb brenda juridiksionit t\u00eb institucioneve t\u00eb Kosov\u00ebs dhe i b\u00ebri thirrje Serbis\u00eb t\u00eb p\u00ebrmbush\u00eb detyrimet e saj.<\/p>\n","protected":false},"excerpt":{"rendered":"<p>Prishtin\u00eb 27 Shkurt 2026 15:09 Nj\u00eb gjykat\u00eb n\u00eb Beograd e ka d\u00ebnuar n\u00eb munges\u00eb ish-pjes\u00ebtarin e Ushtris\u00eb \u00c7lirimtare t\u00eb Kosov\u00ebs (U\u00c7K) Gjelosh Krasniqi me 15<\/p>\n","protected":false},"author":6,"featured_media":35008,"comment_status":"open","ping_status":"open","sticky":false,"template":"","format":"standard","meta":{"footnotes":""},"categories":[60],"tags":[],"class_list":["post-35007","post","type-post","status-publish","format-standard","has-post-thumbnail","hentry","category-shoqerore-sq"],"yoast_head":"<!-- This site is optimized with the Yoast SEO plugin v25.3.1 - https:\/\/yoast.com\/wordpress\/plugins\/seo\/ -->\n<title>Nj\u00eb gjykat\u00eb n\u00eb Beograd d\u00ebnon ish-pjes\u00ebtarin e U\u00c7K-s\u00eb n\u00eb munges\u00eb me 15 vjet burgim -<\/title>\n<meta name=\"robots\" content=\"index, follow, max-snippet:-1, max-image-preview:large, max-video-preview:-1\" \/>\n<link rel=\"canonical\" href=\"https:\/\/veritasinfo.org\/?p=35007\" \/>\n<meta property=\"og:locale\" content=\"en_US\" \/>\n<meta property=\"og:type\" content=\"article\" \/>\n<meta property=\"og:title\" content=\"Nj\u00eb gjykat\u00eb n\u00eb Beograd d\u00ebnon ish-pjes\u00ebtarin e U\u00c7K-s\u00eb n\u00eb munges\u00eb me 15 vjet burgim -\" \/>\n<meta property=\"og:description\" content=\"Prishtin\u00eb 27 Shkurt 2026 15:09 Nj\u00eb gjykat\u00eb n\u00eb Beograd e ka d\u00ebnuar n\u00eb munges\u00eb ish-pjes\u00ebtarin e Ushtris\u00eb \u00c7lirimtare t\u00eb Kosov\u00ebs (U\u00c7K) Gjelosh Krasniqi me 15\" \/>\n<meta property=\"og:url\" content=\"https:\/\/veritasinfo.org\/?p=35007\" \/>\n<meta property=\"article:published_time\" content=\"2026-02-27T14:10:51+00:00\" \/>\n<meta property=\"og:image\" content=\"https:\/\/veritasinfo.org\/wp-content\/uploads\/2026\/02\/gjk-1.jpg\" \/>\n\t<meta property=\"og:image:width\" content=\"600\" \/>\n\t<meta property=\"og:image:height\" content=\"360\" \/>\n\t<meta property=\"og:image:type\" content=\"image\/jpeg\" \/>\n<meta name=\"author\" content=\"US5\" \/>\n<meta name=\"twitter:card\" content=\"summary_large_image\" \/>\n<meta name=\"twitter:label1\" content=\"Written by\" \/>\n\t<meta name=\"twitter:data1\" content=\"US5\" \/>\n<script type=\"application\/ld+json\" class=\"yoast-schema-graph\">{\"@context\":\"https:\/\/schema.org\",\"@graph\":[{\"@type\":\"WebPage\",\"@id\":\"https:\/\/veritasinfo.org\/?p=35007\",\"url\":\"https:\/\/veritasinfo.org\/?p=35007\",\"name\":\"Nj\u00eb gjykat\u00eb n\u00eb Beograd d\u00ebnon ish-pjes\u00ebtarin e U\u00c7K-s\u00eb n\u00eb munges\u00eb me 15 vjet burgim -\",\"isPartOf\":{\"@id\":\"https:\/\/veritasinfo.org\/#website\"},\"primaryImageOfPage\":{\"@id\":\"https:\/\/veritasinfo.org\/?p=35007#primaryimage\"},\"image\":{\"@id\":\"https:\/\/veritasinfo.org\/?p=35007#primaryimage\"},\"thumbnailUrl\":\"https:\/\/veritasinfo.org\/wp-content\/uploads\/2026\/02\/gjk-1.jpg\",\"datePublished\":\"2026-02-27T14:10:51+00:00\",\"author\":{\"@id\":\"https:\/\/veritasinfo.org\/#\/schema\/person\/bc442336e35414d04494ab8fb45db4c6\"},\"breadcrumb\":{\"@id\":\"https:\/\/veritasinfo.org\/?p=35007#breadcrumb\"},\"inLanguage\":\"en-US\",\"potentialAction\":[{\"@type\":\"ReadAction\",\"target\":[\"https:\/\/veritasinfo.org\/?p=35007\"]}]},{\"@type\":\"ImageObject\",\"inLanguage\":\"en-US\",\"@id\":\"https:\/\/veritasinfo.org\/?p=35007#primaryimage\",\"url\":\"https:\/\/veritasinfo.org\/wp-content\/uploads\/2026\/02\/gjk-1.jpg\",\"contentUrl\":\"https:\/\/veritasinfo.org\/wp-content\/uploads\/2026\/02\/gjk-1.jpg\",\"width\":600,\"height\":360},{\"@type\":\"BreadcrumbList\",\"@id\":\"https:\/\/veritasinfo.org\/?p=35007#breadcrumb\",\"itemListElement\":[{\"@type\":\"ListItem\",\"position\":1,\"name\":\"Home\",\"item\":\"https:\/\/veritasinfo.org\/\"},{\"@type\":\"ListItem\",\"position\":2,\"name\":\"Nj\u00eb gjykat\u00eb n\u00eb Beograd d\u00ebnon ish-pjes\u00ebtarin e U\u00c7K-s\u00eb n\u00eb munges\u00eb me 15 vjet burgim\"}]},{\"@type\":\"WebSite\",\"@id\":\"https:\/\/veritasinfo.org\/#website\",\"url\":\"https:\/\/veritasinfo.org\/\",\"name\":\"\",\"description\":\"\",\"potentialAction\":[{\"@type\":\"SearchAction\",\"target\":{\"@type\":\"EntryPoint\",\"urlTemplate\":\"https:\/\/veritasinfo.org\/?s={search_term_string}\"},\"query-input\":{\"@type\":\"PropertyValueSpecification\",\"valueRequired\":true,\"valueName\":\"search_term_string\"}}],\"inLanguage\":\"en-US\"},{\"@type\":\"Person\",\"@id\":\"https:\/\/veritasinfo.org\/#\/schema\/person\/bc442336e35414d04494ab8fb45db4c6\",\"name\":\"US5\",\"image\":{\"@type\":\"ImageObject\",\"inLanguage\":\"en-US\",\"@id\":\"https:\/\/veritasinfo.org\/#\/schema\/person\/image\/\",\"url\":\"https:\/\/secure.gravatar.com\/avatar\/16a61e7272a0c5d001121ebb9e60e925d5816e4ac1e443ed3e640d9a6ae55d0c?s=96&d=mm&r=g\",\"contentUrl\":\"https:\/\/secure.gravatar.com\/avatar\/16a61e7272a0c5d001121ebb9e60e925d5816e4ac1e443ed3e640d9a6ae55d0c?s=96&d=mm&r=g\",\"caption\":\"US5\"},\"url\":\"https:\/\/veritasinfo.org\/?author=6\"}]}<\/script>\n<!-- \/ Yoast SEO plugin. -->","yoast_head_json":{"title":"Nj\u00eb gjykat\u00eb n\u00eb Beograd d\u00ebnon ish-pjes\u00ebtarin e U\u00c7K-s\u00eb n\u00eb munges\u00eb me 15 vjet burgim -","robots":{"index":"index","follow":"follow","max-snippet":"max-snippet:-1","max-image-preview":"max-image-preview:large","max-video-preview":"max-video-preview:-1"},"canonical":"https:\/\/veritasinfo.org\/?p=35007","og_locale":"en_US","og_type":"article","og_title":"Nj\u00eb gjykat\u00eb n\u00eb Beograd d\u00ebnon ish-pjes\u00ebtarin e U\u00c7K-s\u00eb n\u00eb munges\u00eb me 15 vjet burgim -","og_description":"Prishtin\u00eb 27 Shkurt 2026 15:09 Nj\u00eb gjykat\u00eb n\u00eb Beograd e ka d\u00ebnuar n\u00eb munges\u00eb ish-pjes\u00ebtarin e Ushtris\u00eb \u00c7lirimtare t\u00eb Kosov\u00ebs (U\u00c7K) Gjelosh Krasniqi me 15","og_url":"https:\/\/veritasinfo.org\/?p=35007","article_published_time":"2026-02-27T14:10:51+00:00","og_image":[{"width":600,"height":360,"url":"https:\/\/veritasinfo.org\/wp-content\/uploads\/2026\/02\/gjk-1.jpg","type":"image\/jpeg"}],"author":"US5","twitter_card":"summary_large_image","twitter_misc":{"Written by":"US5"},"schema":{"@context":"https:\/\/schema.org","@graph":[{"@type":"WebPage","@id":"https:\/\/veritasinfo.org\/?p=35007","url":"https:\/\/veritasinfo.org\/?p=35007","name":"Nj\u00eb gjykat\u00eb n\u00eb Beograd d\u00ebnon ish-pjes\u00ebtarin e U\u00c7K-s\u00eb n\u00eb munges\u00eb me 15 vjet burgim -","isPartOf":{"@id":"https:\/\/veritasinfo.org\/#website"},"primaryImageOfPage":{"@id":"https:\/\/veritasinfo.org\/?p=35007#primaryimage"},"image":{"@id":"https:\/\/veritasinfo.org\/?p=35007#primaryimage"},"thumbnailUrl":"https:\/\/veritasinfo.org\/wp-content\/uploads\/2026\/02\/gjk-1.jpg","datePublished":"2026-02-27T14:10:51+00:00","author":{"@id":"https:\/\/veritasinfo.org\/#\/schema\/person\/bc442336e35414d04494ab8fb45db4c6"},"breadcrumb":{"@id":"https:\/\/veritasinfo.org\/?p=35007#breadcrumb"},"inLanguage":"en-US","potentialAction":[{"@type":"ReadAction","target":["https:\/\/veritasinfo.org\/?p=35007"]}]},{"@type":"ImageObject","inLanguage":"en-US","@id":"https:\/\/veritasinfo.org\/?p=35007#primaryimage","url":"https:\/\/veritasinfo.org\/wp-content\/uploads\/2026\/02\/gjk-1.jpg","contentUrl":"https:\/\/veritasinfo.org\/wp-content\/uploads\/2026\/02\/gjk-1.jpg","width":600,"height":360},{"@type":"BreadcrumbList","@id":"https:\/\/veritasinfo.org\/?p=35007#breadcrumb","itemListElement":[{"@type":"ListItem","position":1,"name":"Home","item":"https:\/\/veritasinfo.org\/"},{"@type":"ListItem","position":2,"name":"Nj\u00eb gjykat\u00eb n\u00eb Beograd d\u00ebnon ish-pjes\u00ebtarin e U\u00c7K-s\u00eb n\u00eb munges\u00eb me 15 vjet burgim"}]},{"@type":"WebSite","@id":"https:\/\/veritasinfo.org\/#website","url":"https:\/\/veritasinfo.org\/","name":"","description":"","potentialAction":[{"@type":"SearchAction","target":{"@type":"EntryPoint","urlTemplate":"https:\/\/veritasinfo.org\/?s={search_term_string}"},"query-input":{"@type":"PropertyValueSpecification","valueRequired":true,"valueName":"search_term_string"}}],"inLanguage":"en-US"},{"@type":"Person","@id":"https:\/\/veritasinfo.org\/#\/schema\/person\/bc442336e35414d04494ab8fb45db4c6","name":"US5","image":{"@type":"ImageObject","inLanguage":"en-US","@id":"https:\/\/veritasinfo.org\/#\/schema\/person\/image\/","url":"https:\/\/secure.gravatar.com\/avatar\/16a61e7272a0c5d001121ebb9e60e925d5816e4ac1e443ed3e640d9a6ae55d0c?s=96&d=mm&r=g","contentUrl":"https:\/\/secure.gravatar.com\/avatar\/16a61e7272a0c5d001121ebb9e60e925d5816e4ac1e443ed3e640d9a6ae55d0c?s=96&d=mm&r=g","caption":"US5"},"url":"https:\/\/veritasinfo.org\/?author=6"}]}},"featured_image_urls":{"full":["https:\/\/veritasinfo.org\/wp-content\/uploads\/2026\/02\/gjk-1.jpg",600,360,false],"thumbnail":["https:\/\/veritasinfo.org\/wp-content\/uploads\/2026\/02\/gjk-1-150x150.jpg",150,150,true],"medium":["https:\/\/veritasinfo.org\/wp-content\/uploads\/2026\/02\/gjk-1-300x180.jpg",300,180,true],"medium_large":["https:\/\/veritasinfo.org\/wp-content\/uploads\/2026\/02\/gjk-1.jpg",600,360,false],"large":["https:\/\/veritasinfo.org\/wp-content\/uploads\/2026\/02\/gjk-1.jpg",600,360,false],"1536x1536":["https:\/\/veritasinfo.org\/wp-content\/uploads\/2026\/02\/gjk-1.jpg",600,360,false],"2048x2048":["https:\/\/veritasinfo.org\/wp-content\/uploads\/2026\/02\/gjk-1.jpg",600,360,false],"kreeti-slider-full":["https:\/\/veritasinfo.org\/wp-content\/uploads\/2026\/02\/gjk-1.jpg",600,360,false],"kreeti-featured":["https:\/\/veritasinfo.org\/wp-content\/uploads\/2026\/02\/gjk-1.jpg",600,360,false],"kreeti-medium":["https:\/\/veritasinfo.org\/wp-content\/uploads\/2026\/02\/gjk-1.jpg",600,360,false],"kreeti-medium-square":["https:\/\/veritasinfo.org\/wp-content\/uploads\/2026\/02\/gjk-1.jpg",350,210,false]},"author_info":{"info":["US5"]},"category_info":"<a href=\"https:\/\/veritasinfo.org\/?cat=60\" rel=\"category\">Shoq\u00ebrore<\/a>","tag_info":"Shoq\u00ebrore","comment_count":"0","_links":{"self":[{"href":"https:\/\/veritasinfo.org\/index.php?rest_route=\/wp\/v2\/posts\/35007","targetHints":{"allow":["GET"]}}],"collection":[{"href":"https:\/\/veritasinfo.org\/index.php?rest_route=\/wp\/v2\/posts"}],"about":[{"href":"https:\/\/veritasinfo.org\/index.php?rest_route=\/wp\/v2\/types\/post"}],"author":[{"embeddable":true,"href":"https:\/\/veritasinfo.org\/index.php?rest_route=\/wp\/v2\/users\/6"}],"replies":[{"embeddable":true,"href":"https:\/\/veritasinfo.org\/index.php?rest_route=%2Fwp%2Fv2%2Fcomments&post=35007"}],"version-history":[{"count":1,"href":"https:\/\/veritasinfo.org\/index.php?rest_route=\/wp\/v2\/posts\/35007\/revisions"}],"predecessor-version":[{"id":35009,"href":"https:\/\/veritasinfo.org\/index.php?rest_route=\/wp\/v2\/posts\/35007\/revisions\/35009"}],"wp:featuredmedia":[{"embeddable":true,"href":"https:\/\/veritasinfo.org\/index.php?rest_route=\/wp\/v2\/media\/35008"}],"wp:attachment":[{"href":"https:\/\/veritasinfo.org\/index.php?rest_route=%2Fwp%2Fv2%2Fmedia&parent=35007"}],"wp:term":[{"taxonomy":"category","embeddable":true,"href":"https:\/\/veritasinfo.org\/index.php?rest_route=%2Fwp%2Fv2%2Fcategories&post=35007"},{"taxonomy":"post_tag","embeddable":true,"href":"https:\/\/veritasinfo.org\/index.php?rest_route=%2Fwp%2Fv2%2Ftags&post=35007"}],"curies":[{"name":"wp","href":"https:\/\/api.w.org\/{rel}","templated":true}]}}