{"id":34995,"date":"2026-02-27T14:46:53","date_gmt":"2026-02-27T13:46:53","guid":{"rendered":"https:\/\/veritasinfo.org\/?p=34995"},"modified":"2026-02-27T14:46:53","modified_gmt":"2026-02-27T13:46:53","slug":"nderohet-vepra-e-qerim-kelmendit-kerkohet-drejtesi-per-vrasjen-e-tij","status":"publish","type":"post","link":"https:\/\/veritasinfo.org\/?p=34995","title":{"rendered":"Nderohet vepra e Qerim Kelmendit, k\u00ebrkohet drejt\u00ebsi p\u00ebr vrasjen e tij"},"content":{"rendered":"<p>Prishtin\u00eb 27  Shkurt 2026 14:46<\/p>\n<p>N\u00eb 6-vjetorin e vrasjes s\u00eb nj\u00eb prej figurave emblematike t\u00eb luft\u00ebs s\u00eb Ushtris\u00eb \u00c7lirimtare t\u00eb Kosov\u00ebs, veprimtarit dhe atdhetarit t\u00eb shquar Qerim Kelmendi, n\u00eb Kompleksin e D\u00ebshmor\u00ebve t\u00eb Kombit n\u00eb Gllogjan \u00ebsht\u00eb p\u00ebrkujtuar dhe nderuar vepra e tij.<\/p>\n<p>Me k\u00ebt\u00eb rast, bashk\u00ebluft\u00ebtar\u00eb dhe bashk\u00ebveprimtar\u00eb t\u00eb shumt\u00eb kan\u00eb vler\u00ebsuar lart kontributin dhe vepr\u00ebn jet\u00ebsore t\u00eb Kelmendit n\u00eb sh\u00ebrbim t\u00eb kombit dhe atdheut.<\/p>\n<p>Bashk\u00ebluft\u00ebtari Ali Ahmeti ka th\u00ebn\u00eb se Qerim Kelmendi ishte nd\u00ebr shtyllat kryesore t\u00eb ilegal\u00ebs dhe luft\u00ebs \u00e7lirimtare, ndaj emri i tij do t\u00eb mbetet gjithmon\u00eb i p\u00ebrkujtuar n\u00eb historin\u00eb komb\u00ebtare.<\/p>\n<p>Po ashtu, bashk\u00ebluft\u00ebtar\u00ebt dhe familjar\u00ebt e tij kan\u00eb b\u00ebr\u00eb edhe nj\u00ebher\u00eb thirrje p\u00ebr drejt\u00ebsi drejtuar institucioneve m\u00eb t\u00eb larta t\u00eb vendit.<\/p>\n","protected":false},"excerpt":{"rendered":"<p>Prishtin\u00eb 27 Shkurt 2026 14:46 N\u00eb 6-vjetorin e vrasjes s\u00eb nj\u00eb prej figurave emblematike t\u00eb luft\u00ebs s\u00eb Ushtris\u00eb \u00c7lirimtare t\u00eb Kosov\u00ebs, veprimtarit dhe atdhetarit t\u00eb<\/p>\n","protected":false},"author":6,"featured_media":34996,"comment_status":"open","ping_status":"open","sticky":false,"template":"","format":"standard","meta":{"footnotes":""},"categories":[60],"tags":[],"class_list":["post-34995","post","type-post","status-publish","format-standard","has-post-thumbnail","hentry","category-shoqerore-sq"],"yoast_head":"<!-- This site is optimized with the Yoast SEO plugin v25.3.1 - https:\/\/yoast.com\/wordpress\/plugins\/seo\/ -->\n<title>Nderohet vepra e Qerim Kelmendit, k\u00ebrkohet drejt\u00ebsi p\u00ebr vrasjen e tij -<\/title>\n<meta name=\"robots\" content=\"index, follow, max-snippet:-1, max-image-preview:large, max-video-preview:-1\" \/>\n<link rel=\"canonical\" href=\"https:\/\/veritasinfo.org\/?p=34995\" \/>\n<meta property=\"og:locale\" content=\"en_US\" \/>\n<meta property=\"og:type\" content=\"article\" \/>\n<meta property=\"og:title\" content=\"Nderohet vepra e Qerim Kelmendit, k\u00ebrkohet drejt\u00ebsi p\u00ebr vrasjen e tij -\" \/>\n<meta property=\"og:description\" content=\"Prishtin\u00eb 27 Shkurt 2026 14:46 N\u00eb 6-vjetorin e vrasjes s\u00eb nj\u00eb prej figurave emblematike t\u00eb luft\u00ebs s\u00eb Ushtris\u00eb \u00c7lirimtare t\u00eb Kosov\u00ebs, veprimtarit dhe atdhetarit t\u00eb\" \/>\n<meta property=\"og:url\" content=\"https:\/\/veritasinfo.org\/?p=34995\" \/>\n<meta property=\"article:published_time\" content=\"2026-02-27T13:46:53+00:00\" \/>\n<meta property=\"og:image\" content=\"https:\/\/veritasinfo.org\/wp-content\/uploads\/2026\/02\/718406-2U13q9llCL.jpg\" \/>\n\t<meta property=\"og:image:width\" content=\"780\" \/>\n\t<meta property=\"og:image:height\" content=\"500\" \/>\n\t<meta property=\"og:image:type\" content=\"image\/jpeg\" \/>\n<meta name=\"author\" content=\"US5\" \/>\n<meta name=\"twitter:card\" content=\"summary_large_image\" \/>\n<meta name=\"twitter:label1\" content=\"Written by\" \/>\n\t<meta name=\"twitter:data1\" content=\"US5\" \/>\n\t<meta name=\"twitter:label2\" content=\"Est. reading time\" \/>\n\t<meta name=\"twitter:data2\" content=\"1 minute\" \/>\n<script type=\"application\/ld+json\" class=\"yoast-schema-graph\">{\"@context\":\"https:\/\/schema.org\",\"@graph\":[{\"@type\":\"WebPage\",\"@id\":\"https:\/\/veritasinfo.org\/?p=34995\",\"url\":\"https:\/\/veritasinfo.org\/?p=34995\",\"name\":\"Nderohet vepra e Qerim Kelmendit, k\u00ebrkohet drejt\u00ebsi p\u00ebr vrasjen e tij -\",\"isPartOf\":{\"@id\":\"https:\/\/veritasinfo.org\/#website\"},\"primaryImageOfPage\":{\"@id\":\"https:\/\/veritasinfo.org\/?p=34995#primaryimage\"},\"image\":{\"@id\":\"https:\/\/veritasinfo.org\/?p=34995#primaryimage\"},\"thumbnailUrl\":\"https:\/\/veritasinfo.org\/wp-content\/uploads\/2026\/02\/718406-2U13q9llCL.jpg\",\"datePublished\":\"2026-02-27T13:46:53+00:00\",\"author\":{\"@id\":\"https:\/\/veritasinfo.org\/#\/schema\/person\/bc442336e35414d04494ab8fb45db4c6\"},\"breadcrumb\":{\"@id\":\"https:\/\/veritasinfo.org\/?p=34995#breadcrumb\"},\"inLanguage\":\"en-US\",\"potentialAction\":[{\"@type\":\"ReadAction\",\"target\":[\"https:\/\/veritasinfo.org\/?p=34995\"]}]},{\"@type\":\"ImageObject\",\"inLanguage\":\"en-US\",\"@id\":\"https:\/\/veritasinfo.org\/?p=34995#primaryimage\",\"url\":\"https:\/\/veritasinfo.org\/wp-content\/uploads\/2026\/02\/718406-2U13q9llCL.jpg\",\"contentUrl\":\"https:\/\/veritasinfo.org\/wp-content\/uploads\/2026\/02\/718406-2U13q9llCL.jpg\",\"width\":780,\"height\":500},{\"@type\":\"BreadcrumbList\",\"@id\":\"https:\/\/veritasinfo.org\/?p=34995#breadcrumb\",\"itemListElement\":[{\"@type\":\"ListItem\",\"position\":1,\"name\":\"Home\",\"item\":\"https:\/\/veritasinfo.org\/\"},{\"@type\":\"ListItem\",\"position\":2,\"name\":\"Nderohet vepra e Qerim Kelmendit, k\u00ebrkohet drejt\u00ebsi p\u00ebr vrasjen e tij\"}]},{\"@type\":\"WebSite\",\"@id\":\"https:\/\/veritasinfo.org\/#website\",\"url\":\"https:\/\/veritasinfo.org\/\",\"name\":\"\",\"description\":\"\",\"potentialAction\":[{\"@type\":\"SearchAction\",\"target\":{\"@type\":\"EntryPoint\",\"urlTemplate\":\"https:\/\/veritasinfo.org\/?s={search_term_string}\"},\"query-input\":{\"@type\":\"PropertyValueSpecification\",\"valueRequired\":true,\"valueName\":\"search_term_string\"}}],\"inLanguage\":\"en-US\"},{\"@type\":\"Person\",\"@id\":\"https:\/\/veritasinfo.org\/#\/schema\/person\/bc442336e35414d04494ab8fb45db4c6\",\"name\":\"US5\",\"image\":{\"@type\":\"ImageObject\",\"inLanguage\":\"en-US\",\"@id\":\"https:\/\/veritasinfo.org\/#\/schema\/person\/image\/\",\"url\":\"https:\/\/secure.gravatar.com\/avatar\/16a61e7272a0c5d001121ebb9e60e925d5816e4ac1e443ed3e640d9a6ae55d0c?s=96&d=mm&r=g\",\"contentUrl\":\"https:\/\/secure.gravatar.com\/avatar\/16a61e7272a0c5d001121ebb9e60e925d5816e4ac1e443ed3e640d9a6ae55d0c?s=96&d=mm&r=g\",\"caption\":\"US5\"},\"url\":\"https:\/\/veritasinfo.org\/?author=6\"}]}<\/script>\n<!-- \/ Yoast SEO plugin. -->","yoast_head_json":{"title":"Nderohet vepra e Qerim Kelmendit, k\u00ebrkohet drejt\u00ebsi p\u00ebr vrasjen e tij -","robots":{"index":"index","follow":"follow","max-snippet":"max-snippet:-1","max-image-preview":"max-image-preview:large","max-video-preview":"max-video-preview:-1"},"canonical":"https:\/\/veritasinfo.org\/?p=34995","og_locale":"en_US","og_type":"article","og_title":"Nderohet vepra e Qerim Kelmendit, k\u00ebrkohet drejt\u00ebsi p\u00ebr vrasjen e tij -","og_description":"Prishtin\u00eb 27 Shkurt 2026 14:46 N\u00eb 6-vjetorin e vrasjes s\u00eb nj\u00eb prej figurave emblematike t\u00eb luft\u00ebs s\u00eb Ushtris\u00eb \u00c7lirimtare t\u00eb Kosov\u00ebs, veprimtarit dhe atdhetarit t\u00eb","og_url":"https:\/\/veritasinfo.org\/?p=34995","article_published_time":"2026-02-27T13:46:53+00:00","og_image":[{"width":780,"height":500,"url":"https:\/\/veritasinfo.org\/wp-content\/uploads\/2026\/02\/718406-2U13q9llCL.jpg","type":"image\/jpeg"}],"author":"US5","twitter_card":"summary_large_image","twitter_misc":{"Written by":"US5","Est. reading time":"1 minute"},"schema":{"@context":"https:\/\/schema.org","@graph":[{"@type":"WebPage","@id":"https:\/\/veritasinfo.org\/?p=34995","url":"https:\/\/veritasinfo.org\/?p=34995","name":"Nderohet vepra e Qerim Kelmendit, k\u00ebrkohet drejt\u00ebsi p\u00ebr vrasjen e tij -","isPartOf":{"@id":"https:\/\/veritasinfo.org\/#website"},"primaryImageOfPage":{"@id":"https:\/\/veritasinfo.org\/?p=34995#primaryimage"},"image":{"@id":"https:\/\/veritasinfo.org\/?p=34995#primaryimage"},"thumbnailUrl":"https:\/\/veritasinfo.org\/wp-content\/uploads\/2026\/02\/718406-2U13q9llCL.jpg","datePublished":"2026-02-27T13:46:53+00:00","author":{"@id":"https:\/\/veritasinfo.org\/#\/schema\/person\/bc442336e35414d04494ab8fb45db4c6"},"breadcrumb":{"@id":"https:\/\/veritasinfo.org\/?p=34995#breadcrumb"},"inLanguage":"en-US","potentialAction":[{"@type":"ReadAction","target":["https:\/\/veritasinfo.org\/?p=34995"]}]},{"@type":"ImageObject","inLanguage":"en-US","@id":"https:\/\/veritasinfo.org\/?p=34995#primaryimage","url":"https:\/\/veritasinfo.org\/wp-content\/uploads\/2026\/02\/718406-2U13q9llCL.jpg","contentUrl":"https:\/\/veritasinfo.org\/wp-content\/uploads\/2026\/02\/718406-2U13q9llCL.jpg","width":780,"height":500},{"@type":"BreadcrumbList","@id":"https:\/\/veritasinfo.org\/?p=34995#breadcrumb","itemListElement":[{"@type":"ListItem","position":1,"name":"Home","item":"https:\/\/veritasinfo.org\/"},{"@type":"ListItem","position":2,"name":"Nderohet vepra e Qerim Kelmendit, k\u00ebrkohet drejt\u00ebsi p\u00ebr vrasjen e tij"}]},{"@type":"WebSite","@id":"https:\/\/veritasinfo.org\/#website","url":"https:\/\/veritasinfo.org\/","name":"","description":"","potentialAction":[{"@type":"SearchAction","target":{"@type":"EntryPoint","urlTemplate":"https:\/\/veritasinfo.org\/?s={search_term_string}"},"query-input":{"@type":"PropertyValueSpecification","valueRequired":true,"valueName":"search_term_string"}}],"inLanguage":"en-US"},{"@type":"Person","@id":"https:\/\/veritasinfo.org\/#\/schema\/person\/bc442336e35414d04494ab8fb45db4c6","name":"US5","image":{"@type":"ImageObject","inLanguage":"en-US","@id":"https:\/\/veritasinfo.org\/#\/schema\/person\/image\/","url":"https:\/\/secure.gravatar.com\/avatar\/16a61e7272a0c5d001121ebb9e60e925d5816e4ac1e443ed3e640d9a6ae55d0c?s=96&d=mm&r=g","contentUrl":"https:\/\/secure.gravatar.com\/avatar\/16a61e7272a0c5d001121ebb9e60e925d5816e4ac1e443ed3e640d9a6ae55d0c?s=96&d=mm&r=g","caption":"US5"},"url":"https:\/\/veritasinfo.org\/?author=6"}]}},"featured_image_urls":{"full":["https:\/\/veritasinfo.org\/wp-content\/uploads\/2026\/02\/718406-2U13q9llCL.jpg",780,500,false],"thumbnail":["https:\/\/veritasinfo.org\/wp-content\/uploads\/2026\/02\/718406-2U13q9llCL-150x150.jpg",150,150,true],"medium":["https:\/\/veritasinfo.org\/wp-content\/uploads\/2026\/02\/718406-2U13q9llCL-300x192.jpg",300,192,true],"medium_large":["https:\/\/veritasinfo.org\/wp-content\/uploads\/2026\/02\/718406-2U13q9llCL-768x492.jpg",640,410,true],"large":["https:\/\/veritasinfo.org\/wp-content\/uploads\/2026\/02\/718406-2U13q9llCL.jpg",640,410,false],"1536x1536":["https:\/\/veritasinfo.org\/wp-content\/uploads\/2026\/02\/718406-2U13q9llCL.jpg",780,500,false],"2048x2048":["https:\/\/veritasinfo.org\/wp-content\/uploads\/2026\/02\/718406-2U13q9llCL.jpg",780,500,false],"kreeti-slider-full":["https:\/\/veritasinfo.org\/wp-content\/uploads\/2026\/02\/718406-2U13q9llCL.jpg",780,500,false],"kreeti-featured":["https:\/\/veritasinfo.org\/wp-content\/uploads\/2026\/02\/718406-2U13q9llCL.jpg",780,500,false],"kreeti-medium":["https:\/\/veritasinfo.org\/wp-content\/uploads\/2026\/02\/718406-2U13q9llCL.jpg",720,462,false],"kreeti-medium-square":["https:\/\/veritasinfo.org\/wp-content\/uploads\/2026\/02\/718406-2U13q9llCL.jpg",350,224,false]},"author_info":{"info":["US5"]},"category_info":"<a href=\"https:\/\/veritasinfo.org\/?cat=60\" rel=\"category\">Shoq\u00ebrore<\/a>","tag_info":"Shoq\u00ebrore","comment_count":"0","_links":{"self":[{"href":"https:\/\/veritasinfo.org\/index.php?rest_route=\/wp\/v2\/posts\/34995","targetHints":{"allow":["GET"]}}],"collection":[{"href":"https:\/\/veritasinfo.org\/index.php?rest_route=\/wp\/v2\/posts"}],"about":[{"href":"https:\/\/veritasinfo.org\/index.php?rest_route=\/wp\/v2\/types\/post"}],"author":[{"embeddable":true,"href":"https:\/\/veritasinfo.org\/index.php?rest_route=\/wp\/v2\/users\/6"}],"replies":[{"embeddable":true,"href":"https:\/\/veritasinfo.org\/index.php?rest_route=%2Fwp%2Fv2%2Fcomments&post=34995"}],"version-history":[{"count":1,"href":"https:\/\/veritasinfo.org\/index.php?rest_route=\/wp\/v2\/posts\/34995\/revisions"}],"predecessor-version":[{"id":34997,"href":"https:\/\/veritasinfo.org\/index.php?rest_route=\/wp\/v2\/posts\/34995\/revisions\/34997"}],"wp:featuredmedia":[{"embeddable":true,"href":"https:\/\/veritasinfo.org\/index.php?rest_route=\/wp\/v2\/media\/34996"}],"wp:attachment":[{"href":"https:\/\/veritasinfo.org\/index.php?rest_route=%2Fwp%2Fv2%2Fmedia&parent=34995"}],"wp:term":[{"taxonomy":"category","embeddable":true,"href":"https:\/\/veritasinfo.org\/index.php?rest_route=%2Fwp%2Fv2%2Fcategories&post=34995"},{"taxonomy":"post_tag","embeddable":true,"href":"https:\/\/veritasinfo.org\/index.php?rest_route=%2Fwp%2Fv2%2Ftags&post=34995"}],"curies":[{"name":"wp","href":"https:\/\/api.w.org\/{rel}","templated":true}]}}