{"id":34951,"date":"2026-02-27T12:08:31","date_gmt":"2026-02-27T11:08:31","guid":{"rendered":"https:\/\/veritasinfo.org\/?p=34951"},"modified":"2026-02-27T12:08:31","modified_gmt":"2026-02-27T11:08:31","slug":"kryeprokurorja-west-akuzon-thacin-dhe-te-tjeret-per-perpjekje-per-te-minuar-gjykaten-speciale","status":"publish","type":"post","link":"https:\/\/veritasinfo.org\/?p=34951","title":{"rendered":"Kryeprokurorja West akuzon Tha\u00e7in dhe t\u00eb tjer\u00ebt p\u00ebr p\u00ebrpjekje p\u00ebr t\u00eb \u201cminuar\u201d Gjykat\u00ebn Speciale"},"content":{"rendered":"<p>Prishtin\u00eb 27  Shkurt 2026 12:07<\/p>\n<p>Kryeprokurorja e Zyr\u00ebs s\u00eb Prokurorit t\u00eb Specializuar, Kimberly West, nisi fjal\u00ebn hyr\u00ebse duke akuzuar ish-presidentin Hashim Tha\u00e7i dhe kat\u00ebr t\u00eb akuzuar t\u00eb tjer\u00eb p\u00ebr p\u00ebrpjekje p\u00ebr t\u00eb \u201cminuar\u201d funksionimin e Gjykat\u00ebs Speciale n\u00eb Hag\u00eb.<\/p>\n<p>\u201cAta n\u00eb m\u00ebnyr\u00eb t\u00eb drejtp\u00ebrdrejt\u00eb kan\u00eb shkelur vendimet gjyq\u00ebsore q\u00eb kishin p\u00ebr synim q\u00eb d\u00ebshmitar\u00ebt dhe viktimat t\u00eb japin d\u00ebshmi pa pasur frik\u00eb dhe q\u00eb t\u00eb ken\u00eb besimin se do t\u2019u ruhej identiteti,\u201d tha West.<\/p>\n<p>Prokurorja shtoi se, \u201cTha\u00e7i akuzohet se n\u00eb m\u00ebnyr\u00eb t\u00eb vazhdueshme ka nd\u00ebrhyr\u00eb n\u00eb d\u00ebshmit\u00eb e d\u00ebshmitar\u00ebve dhe ka shkelur t\u00eb gjitha rregullat e gjykat\u00ebs p\u00ebr mbrojtjen e informacionit konfidencial. T\u00eb bashk\u00ebakuzuarit kan\u00eb marr\u00eb pjes\u00eb n\u00eb k\u00ebto krime.\u201d<\/p>\n<p>West theksoi se veprimet e t\u00eb akuzuarve p\u00ebrb\u00ebjn\u00eb thelbin e arsyeve pse \u00ebsht\u00eb krijuar Gjykata Speciale.<\/p>\n<p>\u201cKrijimi i k\u00ebsaj gjykate nuk kishte t\u00eb b\u00ebnte thjesht p\u00ebr krime lufte dhe krime kund\u00ebr njer\u00ebzimit, por p\u00ebrfshinte n\u00eb m\u00ebnyr\u00eb specifike krimet e p\u00ebrfshira n\u00eb k\u00ebt\u00eb \u00e7\u00ebshtje gjyq\u00ebsore,\u201d tha ajo.<\/p>\n<p>Ajo i p\u00ebrshkroi t\u00eb akuzuarit si pjes\u00eb e nj\u00eb grupi \u201ct\u00eb vog\u00ebl n\u00eb Kosov\u00eb q\u00eb vendosin interesin e tyre mbi t\u00eb tjer\u00ebt\u201d, duke shtuar: \u201cN\u00ebse t\u00eb akuzuarit kan\u00eb pasur sukses n\u00eb ndikimin e d\u00ebshmitar\u00ebve, nuk ka r\u00ebnd\u00ebsi.\u201d<\/p>\n<p>West theksoi se \u00e7\u00ebshtja lidhet me audio-incizime t\u00eb bisedave mes Tha\u00e7it dhe t\u00eb akuzuarve t\u00eb tjer\u00eb, si dhe dokumenteve t\u00eb shk\u00ebmbyera mes tyre.<\/p>\n<p>\u201cTha\u00e7i ka komunikuar me avokat\u00ebt e tij, por asnj\u00eb nga k\u00ebto biseda nuk \u00ebsht\u00eb incizuar,\u201d tha West, duke shtuar se t\u00eb vetmet incizime jan\u00eb t\u00eb lidhura me biseda t\u00eb paprivilegjuara.<\/p>\n","protected":false},"excerpt":{"rendered":"<p>Prishtin\u00eb 27 Shkurt 2026 12:07 Kryeprokurorja e Zyr\u00ebs s\u00eb Prokurorit t\u00eb Specializuar, Kimberly West, nisi fjal\u00ebn hyr\u00ebse duke akuzuar ish-presidentin Hashim Tha\u00e7i dhe kat\u00ebr t\u00eb<\/p>\n","protected":false},"author":6,"featured_media":34952,"comment_status":"open","ping_status":"open","sticky":false,"template":"","format":"standard","meta":{"footnotes":""},"categories":[58],"tags":[],"class_list":["post-34951","post","type-post","status-publish","format-standard","has-post-thumbnail","hentry","category-politike-sq"],"yoast_head":"<!-- This site is optimized with the Yoast SEO plugin v25.3.1 - https:\/\/yoast.com\/wordpress\/plugins\/seo\/ -->\n<title>Kryeprokurorja West akuzon Tha\u00e7in dhe t\u00eb tjer\u00ebt p\u00ebr p\u00ebrpjekje p\u00ebr t\u00eb \u201cminuar\u201d Gjykat\u00ebn Speciale -<\/title>\n<meta name=\"robots\" content=\"index, follow, max-snippet:-1, max-image-preview:large, max-video-preview:-1\" \/>\n<link rel=\"canonical\" href=\"https:\/\/veritasinfo.org\/?p=34951\" \/>\n<meta property=\"og:locale\" content=\"en_US\" \/>\n<meta property=\"og:type\" content=\"article\" \/>\n<meta property=\"og:title\" content=\"Kryeprokurorja West akuzon Tha\u00e7in dhe t\u00eb tjer\u00ebt p\u00ebr p\u00ebrpjekje p\u00ebr t\u00eb \u201cminuar\u201d Gjykat\u00ebn Speciale -\" \/>\n<meta property=\"og:description\" content=\"Prishtin\u00eb 27 Shkurt 2026 12:07 Kryeprokurorja e Zyr\u00ebs s\u00eb Prokurorit t\u00eb Specializuar, Kimberly West, nisi fjal\u00ebn hyr\u00ebse duke akuzuar ish-presidentin Hashim Tha\u00e7i dhe kat\u00ebr t\u00eb\" \/>\n<meta property=\"og:url\" content=\"https:\/\/veritasinfo.org\/?p=34951\" \/>\n<meta property=\"article:published_time\" content=\"2026-02-27T11:08:31+00:00\" \/>\n<meta property=\"og:image\" content=\"https:\/\/veritasinfo.org\/wp-content\/uploads\/2026\/02\/IMG-20260227-WA0001.jpg\" \/>\n\t<meta property=\"og:image:width\" content=\"810\" \/>\n\t<meta property=\"og:image:height\" content=\"466\" \/>\n\t<meta property=\"og:image:type\" content=\"image\/jpeg\" \/>\n<meta name=\"author\" content=\"US5\" \/>\n<meta name=\"twitter:card\" content=\"summary_large_image\" \/>\n<meta name=\"twitter:label1\" content=\"Written by\" \/>\n\t<meta name=\"twitter:data1\" content=\"US5\" \/>\n<script type=\"application\/ld+json\" class=\"yoast-schema-graph\">{\"@context\":\"https:\/\/schema.org\",\"@graph\":[{\"@type\":\"WebPage\",\"@id\":\"https:\/\/veritasinfo.org\/?p=34951\",\"url\":\"https:\/\/veritasinfo.org\/?p=34951\",\"name\":\"Kryeprokurorja West akuzon Tha\u00e7in dhe t\u00eb tjer\u00ebt p\u00ebr p\u00ebrpjekje p\u00ebr t\u00eb \u201cminuar\u201d Gjykat\u00ebn Speciale -\",\"isPartOf\":{\"@id\":\"https:\/\/veritasinfo.org\/#website\"},\"primaryImageOfPage\":{\"@id\":\"https:\/\/veritasinfo.org\/?p=34951#primaryimage\"},\"image\":{\"@id\":\"https:\/\/veritasinfo.org\/?p=34951#primaryimage\"},\"thumbnailUrl\":\"https:\/\/veritasinfo.org\/wp-content\/uploads\/2026\/02\/IMG-20260227-WA0001.jpg\",\"datePublished\":\"2026-02-27T11:08:31+00:00\",\"author\":{\"@id\":\"https:\/\/veritasinfo.org\/#\/schema\/person\/bc442336e35414d04494ab8fb45db4c6\"},\"breadcrumb\":{\"@id\":\"https:\/\/veritasinfo.org\/?p=34951#breadcrumb\"},\"inLanguage\":\"en-US\",\"potentialAction\":[{\"@type\":\"ReadAction\",\"target\":[\"https:\/\/veritasinfo.org\/?p=34951\"]}]},{\"@type\":\"ImageObject\",\"inLanguage\":\"en-US\",\"@id\":\"https:\/\/veritasinfo.org\/?p=34951#primaryimage\",\"url\":\"https:\/\/veritasinfo.org\/wp-content\/uploads\/2026\/02\/IMG-20260227-WA0001.jpg\",\"contentUrl\":\"https:\/\/veritasinfo.org\/wp-content\/uploads\/2026\/02\/IMG-20260227-WA0001.jpg\",\"width\":810,\"height\":466},{\"@type\":\"BreadcrumbList\",\"@id\":\"https:\/\/veritasinfo.org\/?p=34951#breadcrumb\",\"itemListElement\":[{\"@type\":\"ListItem\",\"position\":1,\"name\":\"Home\",\"item\":\"https:\/\/veritasinfo.org\/\"},{\"@type\":\"ListItem\",\"position\":2,\"name\":\"Kryeprokurorja West akuzon Tha\u00e7in dhe t\u00eb tjer\u00ebt p\u00ebr p\u00ebrpjekje p\u00ebr t\u00eb \u201cminuar\u201d Gjykat\u00ebn Speciale\"}]},{\"@type\":\"WebSite\",\"@id\":\"https:\/\/veritasinfo.org\/#website\",\"url\":\"https:\/\/veritasinfo.org\/\",\"name\":\"\",\"description\":\"\",\"potentialAction\":[{\"@type\":\"SearchAction\",\"target\":{\"@type\":\"EntryPoint\",\"urlTemplate\":\"https:\/\/veritasinfo.org\/?s={search_term_string}\"},\"query-input\":{\"@type\":\"PropertyValueSpecification\",\"valueRequired\":true,\"valueName\":\"search_term_string\"}}],\"inLanguage\":\"en-US\"},{\"@type\":\"Person\",\"@id\":\"https:\/\/veritasinfo.org\/#\/schema\/person\/bc442336e35414d04494ab8fb45db4c6\",\"name\":\"US5\",\"image\":{\"@type\":\"ImageObject\",\"inLanguage\":\"en-US\",\"@id\":\"https:\/\/veritasinfo.org\/#\/schema\/person\/image\/\",\"url\":\"https:\/\/secure.gravatar.com\/avatar\/16a61e7272a0c5d001121ebb9e60e925d5816e4ac1e443ed3e640d9a6ae55d0c?s=96&d=mm&r=g\",\"contentUrl\":\"https:\/\/secure.gravatar.com\/avatar\/16a61e7272a0c5d001121ebb9e60e925d5816e4ac1e443ed3e640d9a6ae55d0c?s=96&d=mm&r=g\",\"caption\":\"US5\"},\"url\":\"https:\/\/veritasinfo.org\/?author=6\"}]}<\/script>\n<!-- \/ Yoast SEO plugin. -->","yoast_head_json":{"title":"Kryeprokurorja West akuzon Tha\u00e7in dhe t\u00eb tjer\u00ebt p\u00ebr p\u00ebrpjekje p\u00ebr t\u00eb \u201cminuar\u201d Gjykat\u00ebn Speciale -","robots":{"index":"index","follow":"follow","max-snippet":"max-snippet:-1","max-image-preview":"max-image-preview:large","max-video-preview":"max-video-preview:-1"},"canonical":"https:\/\/veritasinfo.org\/?p=34951","og_locale":"en_US","og_type":"article","og_title":"Kryeprokurorja West akuzon Tha\u00e7in dhe t\u00eb tjer\u00ebt p\u00ebr p\u00ebrpjekje p\u00ebr t\u00eb \u201cminuar\u201d Gjykat\u00ebn Speciale -","og_description":"Prishtin\u00eb 27 Shkurt 2026 12:07 Kryeprokurorja e Zyr\u00ebs s\u00eb Prokurorit t\u00eb Specializuar, Kimberly West, nisi fjal\u00ebn hyr\u00ebse duke akuzuar ish-presidentin Hashim Tha\u00e7i dhe kat\u00ebr t\u00eb","og_url":"https:\/\/veritasinfo.org\/?p=34951","article_published_time":"2026-02-27T11:08:31+00:00","og_image":[{"width":810,"height":466,"url":"https:\/\/veritasinfo.org\/wp-content\/uploads\/2026\/02\/IMG-20260227-WA0001.jpg","type":"image\/jpeg"}],"author":"US5","twitter_card":"summary_large_image","twitter_misc":{"Written by":"US5"},"schema":{"@context":"https:\/\/schema.org","@graph":[{"@type":"WebPage","@id":"https:\/\/veritasinfo.org\/?p=34951","url":"https:\/\/veritasinfo.org\/?p=34951","name":"Kryeprokurorja West akuzon Tha\u00e7in dhe t\u00eb tjer\u00ebt p\u00ebr p\u00ebrpjekje p\u00ebr t\u00eb \u201cminuar\u201d Gjykat\u00ebn Speciale -","isPartOf":{"@id":"https:\/\/veritasinfo.org\/#website"},"primaryImageOfPage":{"@id":"https:\/\/veritasinfo.org\/?p=34951#primaryimage"},"image":{"@id":"https:\/\/veritasinfo.org\/?p=34951#primaryimage"},"thumbnailUrl":"https:\/\/veritasinfo.org\/wp-content\/uploads\/2026\/02\/IMG-20260227-WA0001.jpg","datePublished":"2026-02-27T11:08:31+00:00","author":{"@id":"https:\/\/veritasinfo.org\/#\/schema\/person\/bc442336e35414d04494ab8fb45db4c6"},"breadcrumb":{"@id":"https:\/\/veritasinfo.org\/?p=34951#breadcrumb"},"inLanguage":"en-US","potentialAction":[{"@type":"ReadAction","target":["https:\/\/veritasinfo.org\/?p=34951"]}]},{"@type":"ImageObject","inLanguage":"en-US","@id":"https:\/\/veritasinfo.org\/?p=34951#primaryimage","url":"https:\/\/veritasinfo.org\/wp-content\/uploads\/2026\/02\/IMG-20260227-WA0001.jpg","contentUrl":"https:\/\/veritasinfo.org\/wp-content\/uploads\/2026\/02\/IMG-20260227-WA0001.jpg","width":810,"height":466},{"@type":"BreadcrumbList","@id":"https:\/\/veritasinfo.org\/?p=34951#breadcrumb","itemListElement":[{"@type":"ListItem","position":1,"name":"Home","item":"https:\/\/veritasinfo.org\/"},{"@type":"ListItem","position":2,"name":"Kryeprokurorja West akuzon Tha\u00e7in dhe t\u00eb tjer\u00ebt p\u00ebr p\u00ebrpjekje p\u00ebr t\u00eb \u201cminuar\u201d Gjykat\u00ebn Speciale"}]},{"@type":"WebSite","@id":"https:\/\/veritasinfo.org\/#website","url":"https:\/\/veritasinfo.org\/","name":"","description":"","potentialAction":[{"@type":"SearchAction","target":{"@type":"EntryPoint","urlTemplate":"https:\/\/veritasinfo.org\/?s={search_term_string}"},"query-input":{"@type":"PropertyValueSpecification","valueRequired":true,"valueName":"search_term_string"}}],"inLanguage":"en-US"},{"@type":"Person","@id":"https:\/\/veritasinfo.org\/#\/schema\/person\/bc442336e35414d04494ab8fb45db4c6","name":"US5","image":{"@type":"ImageObject","inLanguage":"en-US","@id":"https:\/\/veritasinfo.org\/#\/schema\/person\/image\/","url":"https:\/\/secure.gravatar.com\/avatar\/16a61e7272a0c5d001121ebb9e60e925d5816e4ac1e443ed3e640d9a6ae55d0c?s=96&d=mm&r=g","contentUrl":"https:\/\/secure.gravatar.com\/avatar\/16a61e7272a0c5d001121ebb9e60e925d5816e4ac1e443ed3e640d9a6ae55d0c?s=96&d=mm&r=g","caption":"US5"},"url":"https:\/\/veritasinfo.org\/?author=6"}]}},"featured_image_urls":{"full":["https:\/\/veritasinfo.org\/wp-content\/uploads\/2026\/02\/IMG-20260227-WA0001.jpg",810,466,false],"thumbnail":["https:\/\/veritasinfo.org\/wp-content\/uploads\/2026\/02\/IMG-20260227-WA0001-150x150.jpg",150,150,true],"medium":["https:\/\/veritasinfo.org\/wp-content\/uploads\/2026\/02\/IMG-20260227-WA0001-300x173.jpg",300,173,true],"medium_large":["https:\/\/veritasinfo.org\/wp-content\/uploads\/2026\/02\/IMG-20260227-WA0001-768x442.jpg",640,368,true],"large":["https:\/\/veritasinfo.org\/wp-content\/uploads\/2026\/02\/IMG-20260227-WA0001.jpg",640,368,false],"1536x1536":["https:\/\/veritasinfo.org\/wp-content\/uploads\/2026\/02\/IMG-20260227-WA0001.jpg",810,466,false],"2048x2048":["https:\/\/veritasinfo.org\/wp-content\/uploads\/2026\/02\/IMG-20260227-WA0001.jpg",810,466,false],"kreeti-slider-full":["https:\/\/veritasinfo.org\/wp-content\/uploads\/2026\/02\/IMG-20260227-WA0001.jpg",810,466,false],"kreeti-featured":["https:\/\/veritasinfo.org\/wp-content\/uploads\/2026\/02\/IMG-20260227-WA0001.jpg",810,466,false],"kreeti-medium":["https:\/\/veritasinfo.org\/wp-content\/uploads\/2026\/02\/IMG-20260227-WA0001.jpg",720,414,false],"kreeti-medium-square":["https:\/\/veritasinfo.org\/wp-content\/uploads\/2026\/02\/IMG-20260227-WA0001.jpg",350,201,false]},"author_info":{"info":["US5"]},"category_info":"<a href=\"https:\/\/veritasinfo.org\/?cat=58\" rel=\"category\">Politik\u00eb<\/a>","tag_info":"Politik\u00eb","comment_count":"0","_links":{"self":[{"href":"https:\/\/veritasinfo.org\/index.php?rest_route=\/wp\/v2\/posts\/34951","targetHints":{"allow":["GET"]}}],"collection":[{"href":"https:\/\/veritasinfo.org\/index.php?rest_route=\/wp\/v2\/posts"}],"about":[{"href":"https:\/\/veritasinfo.org\/index.php?rest_route=\/wp\/v2\/types\/post"}],"author":[{"embeddable":true,"href":"https:\/\/veritasinfo.org\/index.php?rest_route=\/wp\/v2\/users\/6"}],"replies":[{"embeddable":true,"href":"https:\/\/veritasinfo.org\/index.php?rest_route=%2Fwp%2Fv2%2Fcomments&post=34951"}],"version-history":[{"count":1,"href":"https:\/\/veritasinfo.org\/index.php?rest_route=\/wp\/v2\/posts\/34951\/revisions"}],"predecessor-version":[{"id":34953,"href":"https:\/\/veritasinfo.org\/index.php?rest_route=\/wp\/v2\/posts\/34951\/revisions\/34953"}],"wp:featuredmedia":[{"embeddable":true,"href":"https:\/\/veritasinfo.org\/index.php?rest_route=\/wp\/v2\/media\/34952"}],"wp:attachment":[{"href":"https:\/\/veritasinfo.org\/index.php?rest_route=%2Fwp%2Fv2%2Fmedia&parent=34951"}],"wp:term":[{"taxonomy":"category","embeddable":true,"href":"https:\/\/veritasinfo.org\/index.php?rest_route=%2Fwp%2Fv2%2Fcategories&post=34951"},{"taxonomy":"post_tag","embeddable":true,"href":"https:\/\/veritasinfo.org\/index.php?rest_route=%2Fwp%2Fv2%2Ftags&post=34951"}],"curies":[{"name":"wp","href":"https:\/\/api.w.org\/{rel}","templated":true}]}}