{"id":3494,"date":"2025-07-12T07:25:52","date_gmt":"2025-07-12T05:25:52","guid":{"rendered":"https:\/\/veritasinfo.org\/?p=3494"},"modified":"2025-07-12T01:15:25","modified_gmt":"2025-07-11T23:15:25","slug":"te-mbijetuarat-e-srebrenices-jetojne-nen-hijen-e-vdekjes","status":"publish","type":"post","link":"https:\/\/veritasinfo.org\/?p=3494","title":{"rendered":"T\u00eb mbijetuarat e Srebrenic\u00ebs jetojn\u00eb n\u00ebn hijen e vdekjes"},"content":{"rendered":"<p>Srebrenic\u00eb, 12 Korrik 2025<\/p>\n<h2>\u00cbsht\u00eb sh\u00ebnuar k\u00ebt\u00eb jav\u00eb 30-vjetori i nj\u00eb prej masakrave m\u00eb t\u00eb r\u00ebnda kund\u00ebr njer\u00ebzimit, ajo e Srebrenic\u00ebs n\u00eb Bosnj\u00eb-Hercegovin\u00eb. Tri dekada pas, t\u00eb mbijetuarat e masakr\u00ebs thon\u00eb se jetojn\u00eb n\u00ebn hijen e vdekjes.<\/h2>\n<div class=\"instream-video\"><\/div>\n<p>Tri dekada pasi et\u00ebrit, v\u00ebllez\u00ebrit, burrat dhe bijt\u00eb e tyre u zhduk\u00ebn n\u00eb episodin m\u00eb t\u00eb p\u00ebrgjaksh\u00ebm t\u00eb luft\u00ebs n\u00eb Bosnj\u00eb, t\u00eb mbijetuarat e Srebrenic\u00ebs gjejn\u00eb pak ngush\u00ebllim pasi kan\u00eb mundur t\u00eb nxjerrin eshtrat e t\u00eb dashurve t\u00eb tyre nga varre masive t\u00eb larg\u00ebta dhe t&#8217;i kthejn\u00eb n\u00eb vendin e tyre t\u00eb fundit t\u00eb prehjes.<\/p>\n<p>Grat\u00eb e Srebrenic\u00ebs tani mund t\u00eb jetojn\u00eb n\u00eb qytetin e tyre t\u00eb lindjes, pran\u00eb varreve individuale dhe memorialeve kolektive q\u00eb u kujtojn\u00eb jo vet\u00ebm tragjedin\u00eb, por edhe dashurin\u00eb dhe k\u00ebmb\u00ebnguljen e tyre n\u00eb k\u00ebrkimin e drejt\u00ebsis\u00eb p\u00ebr burrat q\u00eb humb\u00ebn.<\/p>\n<p>\u201cGjeta paqe k\u00ebtu, pran\u00eb t\u00eb dashurve t\u00eb mi. N\u00eb sht\u00ebpi, shpesh, ve\u00e7an\u00ebrisht n\u00eb muzg, imagjinoj se ata jan\u00eb ende pran\u00eb, se kan\u00eb dal\u00eb p\u00ebr t\u00eb shkuar n\u00eb pun\u00eb dhe se do t\u00eb kthehen. Ajo ide, se ata do t\u00eb kthehen, se un\u00eb jam pran\u00eb tyre, \u00ebsht\u00eb ajo q\u00eb m\u00eb mban gjall\u00eb. Nuk mund t\u00eb rrija larg k\u00ebtij vendi, nuk ka bukuri q\u00eb mund t\u00eb m\u00eb joshte t\u00eb largohesha nga ky vend ose t\u00eb krahasohej me t\u00eb jetuarit k\u00ebtu\u201d, ka th\u00ebn\u00eb Fadila Efendiq, e mbijetuar e masakr\u00ebs.<\/p>\n<p>Vrasjet e Srebrenic\u00ebs ishin kulmi i p\u00ebrgjaksh\u00ebm i luft\u00ebs s\u00eb Bosnj\u00ebs 1992-95, e cila erdhi pas shp\u00ebrb\u00ebrjes s\u00eb Jugosllavis\u00eb q\u00eb nxori ambicie territoriale q\u00eb i vendos\u00ebn serb\u00ebt e Bosnj\u00ebs kund\u00ebr dy popullatave t\u00eb tjera kryesore etnike t\u00eb vendit &#8211; kroat\u00ebve dhe boshnjak\u00ebve.<\/p>\n<p>M\u00eb 11 korrik 1995, serb\u00ebt pushtuan Srebrenic\u00ebn, n\u00eb at\u00eb koh\u00eb nj\u00eb zon\u00eb e sigurt e mbrojtur nga OKB-ja. Ata ndan\u00eb t\u00eb pakt\u00ebn 8,000 burra dhe djem boshnjak\u00eb nga grat\u00eb, n\u00ebnat dhe motrat e tyre dhe i masakruan.<\/p>\n<p>Ata q\u00eb u p\u00ebrpoq\u00ebn t\u00eb shp\u00ebtonin u ndoq\u00ebn n\u00ebp\u00ebr pyje dhe male p\u00ebrreth qytetit t\u00eb pafat. Grat\u00eb dhe f\u00ebmij\u00ebt u fut\u00ebn n\u00eb autobus\u00eb dhe u d\u00ebbuan nga qyteti.<\/p>\n<p>Ekzekutuesit u p\u00ebrpoq\u00ebn t&#8217;i zhduknin viktimat, duke i futur trupat e tyre n\u00eb varre masive t\u00eb nd\u00ebrtuara me nxitim, e m\u00eb von\u00eb i g\u00ebrmuan me buldozer\u00eb dhe i shp\u00ebrndan\u00eb midis vendeve t\u00eb tjera t\u00eb varrimit p\u00ebr t\u00eb fshehur provat e krimit.<\/p>\n<p>Por sapo mbaroi lufta, Efendiq dhe gra t\u00eb tjera q\u00eb ndanin fatin e saj u zotuan t\u00eb gjenin eshtrat e t\u00eb dashurve t\u00eb tyre, t&#8217;i sillnin p\u00ebrs\u00ebri n\u00eb qytet dhe t&#8217;u b\u00ebnin nj\u00eb varrim t\u00eb denj\u00eb.<\/p>\n<p>Deri m\u00eb sot, pothuajse 90% e atyre q\u00eb jan\u00eb raportuar t\u00eb zhdukur nga r\u00ebnia e Srebrenic\u00ebs jan\u00eb gjetur p\u00ebrmes mbetjeve mortore t\u00eb zhvarrosura nga qindra varre masive t\u00eb shp\u00ebrndara n\u00ebp\u00ebr qytetin lindor.<\/p>\n<p>\u201cNe shkruam historin\u00eb n\u00eb gur\u00eb varresh prej mermeri t\u00eb bardh\u00eb dhe ky \u00ebsht\u00eb suksesi yn\u00eb. Pavar\u00ebsisht dhimbjes son\u00eb, pavar\u00ebsisht faktit q\u00eb zemrat tona dridhen kur flasim p\u00ebr bijt\u00eb tan\u00eb, burrat tan\u00eb, v\u00ebllez\u00ebrit tan\u00eb, njer\u00ebzit tan\u00eb, qytetin ton\u00eb, ne refuzuam t\u00eb linim q\u00eb ajo \u00e7far\u00eb u ndodhi atyre t\u00eb harrohej\u201d, ka th\u00ebn\u00eb Kada Hatiq, tjet\u00ebr e mbijetuar.<\/p>\n<p>Masakra e Srebrenic\u00ebs \u00ebsht\u00eb shpallur gjenocid nga dy gjykata t\u00eb OKB-s\u00eb.<\/p>\n<p>Dhjet\u00ebra gra t\u00eb Srebrenic\u00ebs kan\u00eb d\u00ebshmuar para gjykat\u00ebs s\u00eb OKB-s\u00eb p\u00ebr krime lufte p\u00ebr ish-Jugosllavin\u00eb, duke ndihmuar n\u00eb burgosjen e af\u00ebr 50 zyrtar\u00ebve serbo-boshnjak\u00eb t\u00eb koh\u00ebs s\u00eb luft\u00ebs, t\u00eb d\u00ebnuar kolektivisht me mbi 700 vjet burgim.<\/p>\n<p>Pas dekadash lufte p\u00ebr t&#8217;u siguruar q\u00eb bota as nuk do ta mohonte dhe as nuk do ta harronte t\u00eb v\u00ebrtet\u00ebn e asaj q\u00eb ndodhi n\u00eb Srebrenic\u00eb, k\u00ebto gra tani i kalojn\u00eb dit\u00ebt duke par\u00eb kujtime t\u00eb pakta nga jeta e tyre e m\u00ebparshme dhe duke imagjinuar bot\u00ebn q\u00eb mund t\u00eb kishte qen\u00eb.<\/p>\n<p>&nbsp;<\/p>\n","protected":false},"excerpt":{"rendered":"<p>Srebrenic\u00eb, 12 Korrik 2025 \u00cbsht\u00eb sh\u00ebnuar k\u00ebt\u00eb jav\u00eb 30-vjetori i nj\u00eb prej masakrave m\u00eb t\u00eb r\u00ebnda kund\u00ebr njer\u00ebzimit, ajo e Srebrenic\u00ebs n\u00eb Bosnj\u00eb-Hercegovin\u00eb. Tri dekada<\/p>\n","protected":false},"author":1,"featured_media":3496,"comment_status":"open","ping_status":"open","sticky":false,"template":"","format":"standard","meta":{"footnotes":""},"categories":[72],"tags":[],"class_list":["post-3494","post","type-post","status-publish","format-standard","has-post-thumbnail","hentry","category-bota"],"yoast_head":"<!-- This site is optimized with the Yoast SEO plugin v25.3.1 - https:\/\/yoast.com\/wordpress\/plugins\/seo\/ -->\n<title>T\u00eb mbijetuarat e Srebrenic\u00ebs jetojn\u00eb n\u00ebn hijen e vdekjes -<\/title>\n<meta name=\"robots\" content=\"index, follow, max-snippet:-1, max-image-preview:large, max-video-preview:-1\" \/>\n<link rel=\"canonical\" href=\"https:\/\/veritasinfo.org\/?p=3494\" \/>\n<meta property=\"og:locale\" content=\"en_US\" \/>\n<meta property=\"og:type\" content=\"article\" \/>\n<meta property=\"og:title\" content=\"T\u00eb mbijetuarat e Srebrenic\u00ebs jetojn\u00eb n\u00ebn hijen e vdekjes -\" \/>\n<meta property=\"og:description\" content=\"Srebrenic\u00eb, 12 Korrik 2025 \u00cbsht\u00eb sh\u00ebnuar k\u00ebt\u00eb jav\u00eb 30-vjetori i nj\u00eb prej masakrave m\u00eb t\u00eb r\u00ebnda kund\u00ebr njer\u00ebzimit, ajo e Srebrenic\u00ebs n\u00eb Bosnj\u00eb-Hercegovin\u00eb. Tri dekada\" \/>\n<meta property=\"og:url\" content=\"https:\/\/veritasinfo.org\/?p=3494\" \/>\n<meta property=\"article:published_time\" content=\"2025-07-12T05:25:52+00:00\" \/>\n<meta property=\"og:image\" content=\"https:\/\/veritasinfo.org\/wp-content\/uploads\/2025\/07\/IMG_1939.webp\" \/>\n\t<meta property=\"og:image:width\" content=\"1360\" \/>\n\t<meta property=\"og:image:height\" content=\"870\" \/>\n\t<meta property=\"og:image:type\" content=\"image\/webp\" \/>\n<meta name=\"author\" content=\"admin\" \/>\n<meta name=\"twitter:card\" content=\"summary_large_image\" \/>\n<meta name=\"twitter:label1\" content=\"Written by\" \/>\n\t<meta name=\"twitter:data1\" content=\"admin\" \/>\n\t<meta name=\"twitter:label2\" content=\"Est. reading time\" \/>\n\t<meta name=\"twitter:data2\" content=\"3 minutes\" \/>\n<script type=\"application\/ld+json\" class=\"yoast-schema-graph\">{\"@context\":\"https:\/\/schema.org\",\"@graph\":[{\"@type\":\"WebPage\",\"@id\":\"https:\/\/veritasinfo.org\/?p=3494\",\"url\":\"https:\/\/veritasinfo.org\/?p=3494\",\"name\":\"T\u00eb mbijetuarat e Srebrenic\u00ebs jetojn\u00eb n\u00ebn hijen e vdekjes -\",\"isPartOf\":{\"@id\":\"https:\/\/veritasinfo.org\/#website\"},\"primaryImageOfPage\":{\"@id\":\"https:\/\/veritasinfo.org\/?p=3494#primaryimage\"},\"image\":{\"@id\":\"https:\/\/veritasinfo.org\/?p=3494#primaryimage\"},\"thumbnailUrl\":\"https:\/\/veritasinfo.org\/wp-content\/uploads\/2025\/07\/IMG_1939.webp\",\"datePublished\":\"2025-07-12T05:25:52+00:00\",\"author\":{\"@id\":\"https:\/\/veritasinfo.org\/#\/schema\/person\/7701f8c088bece422266b100a712374f\"},\"breadcrumb\":{\"@id\":\"https:\/\/veritasinfo.org\/?p=3494#breadcrumb\"},\"inLanguage\":\"en-US\",\"potentialAction\":[{\"@type\":\"ReadAction\",\"target\":[\"https:\/\/veritasinfo.org\/?p=3494\"]}]},{\"@type\":\"ImageObject\",\"inLanguage\":\"en-US\",\"@id\":\"https:\/\/veritasinfo.org\/?p=3494#primaryimage\",\"url\":\"https:\/\/veritasinfo.org\/wp-content\/uploads\/2025\/07\/IMG_1939.webp\",\"contentUrl\":\"https:\/\/veritasinfo.org\/wp-content\/uploads\/2025\/07\/IMG_1939.webp\",\"width\":1360,\"height\":870},{\"@type\":\"BreadcrumbList\",\"@id\":\"https:\/\/veritasinfo.org\/?p=3494#breadcrumb\",\"itemListElement\":[{\"@type\":\"ListItem\",\"position\":1,\"name\":\"Home\",\"item\":\"https:\/\/veritasinfo.org\/\"},{\"@type\":\"ListItem\",\"position\":2,\"name\":\"T\u00eb mbijetuarat e Srebrenic\u00ebs jetojn\u00eb n\u00ebn hijen e vdekjes\"}]},{\"@type\":\"WebSite\",\"@id\":\"https:\/\/veritasinfo.org\/#website\",\"url\":\"https:\/\/veritasinfo.org\/\",\"name\":\"\",\"description\":\"\",\"potentialAction\":[{\"@type\":\"SearchAction\",\"target\":{\"@type\":\"EntryPoint\",\"urlTemplate\":\"https:\/\/veritasinfo.org\/?s={search_term_string}\"},\"query-input\":{\"@type\":\"PropertyValueSpecification\",\"valueRequired\":true,\"valueName\":\"search_term_string\"}}],\"inLanguage\":\"en-US\"},{\"@type\":\"Person\",\"@id\":\"https:\/\/veritasinfo.org\/#\/schema\/person\/7701f8c088bece422266b100a712374f\",\"name\":\"admin\",\"image\":{\"@type\":\"ImageObject\",\"inLanguage\":\"en-US\",\"@id\":\"https:\/\/veritasinfo.org\/#\/schema\/person\/image\/\",\"url\":\"https:\/\/secure.gravatar.com\/avatar\/ea53aa3bf6c9a12d5fde8ce4deff43fef3885ae33cf60184161a50d6987cfd2f?s=96&d=mm&r=g\",\"contentUrl\":\"https:\/\/secure.gravatar.com\/avatar\/ea53aa3bf6c9a12d5fde8ce4deff43fef3885ae33cf60184161a50d6987cfd2f?s=96&d=mm&r=g\",\"caption\":\"admin\"},\"sameAs\":[\"https:\/\/veritasinfo.org\"],\"url\":\"https:\/\/veritasinfo.org\/?author=1\"}]}<\/script>\n<!-- \/ Yoast SEO plugin. -->","yoast_head_json":{"title":"T\u00eb mbijetuarat e Srebrenic\u00ebs jetojn\u00eb n\u00ebn hijen e vdekjes -","robots":{"index":"index","follow":"follow","max-snippet":"max-snippet:-1","max-image-preview":"max-image-preview:large","max-video-preview":"max-video-preview:-1"},"canonical":"https:\/\/veritasinfo.org\/?p=3494","og_locale":"en_US","og_type":"article","og_title":"T\u00eb mbijetuarat e Srebrenic\u00ebs jetojn\u00eb n\u00ebn hijen e vdekjes -","og_description":"Srebrenic\u00eb, 12 Korrik 2025 \u00cbsht\u00eb sh\u00ebnuar k\u00ebt\u00eb jav\u00eb 30-vjetori i nj\u00eb prej masakrave m\u00eb t\u00eb r\u00ebnda kund\u00ebr njer\u00ebzimit, ajo e Srebrenic\u00ebs n\u00eb Bosnj\u00eb-Hercegovin\u00eb. Tri dekada","og_url":"https:\/\/veritasinfo.org\/?p=3494","article_published_time":"2025-07-12T05:25:52+00:00","og_image":[{"width":1360,"height":870,"url":"https:\/\/veritasinfo.org\/wp-content\/uploads\/2025\/07\/IMG_1939.webp","type":"image\/webp"}],"author":"admin","twitter_card":"summary_large_image","twitter_misc":{"Written by":"admin","Est. reading time":"3 minutes"},"schema":{"@context":"https:\/\/schema.org","@graph":[{"@type":"WebPage","@id":"https:\/\/veritasinfo.org\/?p=3494","url":"https:\/\/veritasinfo.org\/?p=3494","name":"T\u00eb mbijetuarat e Srebrenic\u00ebs jetojn\u00eb n\u00ebn hijen e vdekjes -","isPartOf":{"@id":"https:\/\/veritasinfo.org\/#website"},"primaryImageOfPage":{"@id":"https:\/\/veritasinfo.org\/?p=3494#primaryimage"},"image":{"@id":"https:\/\/veritasinfo.org\/?p=3494#primaryimage"},"thumbnailUrl":"https:\/\/veritasinfo.org\/wp-content\/uploads\/2025\/07\/IMG_1939.webp","datePublished":"2025-07-12T05:25:52+00:00","author":{"@id":"https:\/\/veritasinfo.org\/#\/schema\/person\/7701f8c088bece422266b100a712374f"},"breadcrumb":{"@id":"https:\/\/veritasinfo.org\/?p=3494#breadcrumb"},"inLanguage":"en-US","potentialAction":[{"@type":"ReadAction","target":["https:\/\/veritasinfo.org\/?p=3494"]}]},{"@type":"ImageObject","inLanguage":"en-US","@id":"https:\/\/veritasinfo.org\/?p=3494#primaryimage","url":"https:\/\/veritasinfo.org\/wp-content\/uploads\/2025\/07\/IMG_1939.webp","contentUrl":"https:\/\/veritasinfo.org\/wp-content\/uploads\/2025\/07\/IMG_1939.webp","width":1360,"height":870},{"@type":"BreadcrumbList","@id":"https:\/\/veritasinfo.org\/?p=3494#breadcrumb","itemListElement":[{"@type":"ListItem","position":1,"name":"Home","item":"https:\/\/veritasinfo.org\/"},{"@type":"ListItem","position":2,"name":"T\u00eb mbijetuarat e Srebrenic\u00ebs jetojn\u00eb n\u00ebn hijen e vdekjes"}]},{"@type":"WebSite","@id":"https:\/\/veritasinfo.org\/#website","url":"https:\/\/veritasinfo.org\/","name":"","description":"","potentialAction":[{"@type":"SearchAction","target":{"@type":"EntryPoint","urlTemplate":"https:\/\/veritasinfo.org\/?s={search_term_string}"},"query-input":{"@type":"PropertyValueSpecification","valueRequired":true,"valueName":"search_term_string"}}],"inLanguage":"en-US"},{"@type":"Person","@id":"https:\/\/veritasinfo.org\/#\/schema\/person\/7701f8c088bece422266b100a712374f","name":"admin","image":{"@type":"ImageObject","inLanguage":"en-US","@id":"https:\/\/veritasinfo.org\/#\/schema\/person\/image\/","url":"https:\/\/secure.gravatar.com\/avatar\/ea53aa3bf6c9a12d5fde8ce4deff43fef3885ae33cf60184161a50d6987cfd2f?s=96&d=mm&r=g","contentUrl":"https:\/\/secure.gravatar.com\/avatar\/ea53aa3bf6c9a12d5fde8ce4deff43fef3885ae33cf60184161a50d6987cfd2f?s=96&d=mm&r=g","caption":"admin"},"sameAs":["https:\/\/veritasinfo.org"],"url":"https:\/\/veritasinfo.org\/?author=1"}]}},"featured_image_urls":{"full":["https:\/\/veritasinfo.org\/wp-content\/uploads\/2025\/07\/IMG_1939.webp",1360,870,false],"thumbnail":["https:\/\/veritasinfo.org\/wp-content\/uploads\/2025\/07\/IMG_1939-150x150.webp",150,150,true],"medium":["https:\/\/veritasinfo.org\/wp-content\/uploads\/2025\/07\/IMG_1939-300x192.webp",300,192,true],"medium_large":["https:\/\/veritasinfo.org\/wp-content\/uploads\/2025\/07\/IMG_1939-768x491.webp",640,409,true],"large":["https:\/\/veritasinfo.org\/wp-content\/uploads\/2025\/07\/IMG_1939-1024x655.webp",640,409,true],"1536x1536":["https:\/\/veritasinfo.org\/wp-content\/uploads\/2025\/07\/IMG_1939.webp",1360,870,false],"2048x2048":["https:\/\/veritasinfo.org\/wp-content\/uploads\/2025\/07\/IMG_1939.webp",1360,870,false],"kreeti-slider-full":["https:\/\/veritasinfo.org\/wp-content\/uploads\/2025\/07\/IMG_1939.webp",1126,720,false],"kreeti-featured":["https:\/\/veritasinfo.org\/wp-content\/uploads\/2025\/07\/IMG_1939.webp",1024,655,false],"kreeti-medium":["https:\/\/veritasinfo.org\/wp-content\/uploads\/2025\/07\/IMG_1939.webp",720,461,false],"kreeti-medium-square":["https:\/\/veritasinfo.org\/wp-content\/uploads\/2025\/07\/IMG_1939.webp",350,224,false]},"author_info":{"info":["admin"]},"category_info":"<a href=\"https:\/\/veritasinfo.org\/?cat=72\" rel=\"category\">Bota<\/a>","tag_info":"Bota","comment_count":"0","_links":{"self":[{"href":"https:\/\/veritasinfo.org\/index.php?rest_route=\/wp\/v2\/posts\/3494","targetHints":{"allow":["GET"]}}],"collection":[{"href":"https:\/\/veritasinfo.org\/index.php?rest_route=\/wp\/v2\/posts"}],"about":[{"href":"https:\/\/veritasinfo.org\/index.php?rest_route=\/wp\/v2\/types\/post"}],"author":[{"embeddable":true,"href":"https:\/\/veritasinfo.org\/index.php?rest_route=\/wp\/v2\/users\/1"}],"replies":[{"embeddable":true,"href":"https:\/\/veritasinfo.org\/index.php?rest_route=%2Fwp%2Fv2%2Fcomments&post=3494"}],"version-history":[{"count":1,"href":"https:\/\/veritasinfo.org\/index.php?rest_route=\/wp\/v2\/posts\/3494\/revisions"}],"predecessor-version":[{"id":3498,"href":"https:\/\/veritasinfo.org\/index.php?rest_route=\/wp\/v2\/posts\/3494\/revisions\/3498"}],"wp:featuredmedia":[{"embeddable":true,"href":"https:\/\/veritasinfo.org\/index.php?rest_route=\/wp\/v2\/media\/3496"}],"wp:attachment":[{"href":"https:\/\/veritasinfo.org\/index.php?rest_route=%2Fwp%2Fv2%2Fmedia&parent=3494"}],"wp:term":[{"taxonomy":"category","embeddable":true,"href":"https:\/\/veritasinfo.org\/index.php?rest_route=%2Fwp%2Fv2%2Fcategories&post=3494"},{"taxonomy":"post_tag","embeddable":true,"href":"https:\/\/veritasinfo.org\/index.php?rest_route=%2Fwp%2Fv2%2Ftags&post=3494"}],"curies":[{"name":"wp","href":"https:\/\/api.w.org\/{rel}","templated":true}]}}