{"id":34907,"date":"2026-02-27T08:32:29","date_gmt":"2026-02-27T07:32:29","guid":{"rendered":"https:\/\/veritasinfo.org\/?p=34907"},"modified":"2026-02-27T08:32:29","modified_gmt":"2026-02-27T07:32:29","slug":"gazetarja-tregon-ne-detaje-se-si-arriti-tek-informacioni-se-vellai-i-aleksandar-vuciqit-dhe-veselinoviq-u-bene-miliardere","status":"publish","type":"post","link":"https:\/\/veritasinfo.org\/?p=34907","title":{"rendered":"Gazetarja tregon n\u00eb detaje se si arriti tek informacioni se v\u00ebllai i Aleksandar Vu\u00e7iqit dhe Veselinoviq u b\u00ebn\u00eb miliarder\u00eb"},"content":{"rendered":"<p>Prishtin\u00eb 27  Shkurt 2026 8:31<\/p>\n<p>Gazetarja e \u201cVijesti\u201d nga Mali i Zi, Jelena Jovanoviq, tregoi n\u00eb nj\u00eb emision se si ka arritur tek informacionet p\u00ebr pasurimin n\u00eb nivelin e miliarderave t\u00eb Andrej Vu\u00e7iq dhe Zvonko Veselinoviq.<\/p>\n<p>Ljubo Miloviq dhe Milosh Bozhoviq nga Nikshiqi kan\u00eb diskutuar p\u00ebr muaj me radh\u00eb p\u00ebr sh\u00ebrbimet e siguris\u00eb n\u00eb Mal t\u00eb Zi dhe Serbi, si dhe p\u00ebr aktivitetet e klaneve kriminale q\u00eb operojn\u00eb n\u00eb k\u00ebto dy vende.<\/p>\n<p>Pas publikimit t\u00eb nj\u00eb artikulli n\u00eb nova.rs, Jovanoviq po p\u00ebrballet me nj\u00eb procedur\u00eb ligjore, pas padis\u00eb s\u00eb b\u00ebr\u00eb nga Andrej Vu\u00e7iq, v\u00ebllai i presidentit t\u00eb Serbis\u00eb, Aleksandar Vu\u00e7iq.<\/p>\n<p>Artikulli citonte mesazhe nga aplikacioni dikur i sigurt Sky, ku Ljubo Miloviq dhe Bozhoviq p\u00ebrmendnin se Vu\u00e7iq dhe biznesmeni i diskutuesh\u00ebm Veselinoviq supozohet t\u00eb \u201ckontrollojn\u00eb gjith\u00e7ka\u201d dhe s\u00eb fundmi kan\u00eb arritur t\u00eb fitojn\u00eb \u201cmiliardin e par\u00eb\u201d.<\/p>\n<p>N\u00eb nj\u00eb emision t\u00eb fundit, Jovanoviq shpjegoi procesin e verifikimit t\u00eb informacionit.<\/p>\n<p>\u201cKam lexuar bisedat n\u00eb Sky mes policit t\u00eb arratisur Ljubo Miloviq, i cili kishte kontakte me klanet vendase dhe sh\u00ebrbimet serbe. Nga komunikimet e tij del qart\u00eb me k\u00eb ka pasur lidhje dhe me k\u00eb ka biseduar. Nuk mund t\u00eb p\u00ebrjashtohet mund\u00ebsia q\u00eb ata t\u00eb vazhdojn\u00eb t\u00eb komunikojn\u00eb, pasi Miloviq \u00ebsht\u00eb ende n\u00eb arrati. N\u00eb disa raste, p\u00ebrfshihen edhe persona nga Agjencia e Siguris\u00eb dhe Informacionit e Serbis\u00eb, si Danijel Jovanoviq. Ai ka biseduar me kush\u00ebririn e tij, Milosh Bozhoviq, i cili hetuesit vendas e lidhin me klanin Shkalar, q\u00eb pretendon t\u00eb ket\u00eb lidhje me BIA-n\u201d, tha gazetarja.<\/p>\n<p>Ajo shtoi se kur Miloviq shkruante p\u00ebr Andrej Vu\u00e7iq dhe Zvonko Veselinoviq, p\u00ebrshkruante se ata \u201cndjekin dhe mbik\u00ebqyrin\u201d aktivitetet e tyre, duke n\u00ebnkuptuar se kjo b\u00ebhet nga nj\u00eb sh\u00ebrbim, jo nga individ\u00eb i vet\u00ebm.<\/p>\n<p>Sipas tij, sh\u00ebrbimi i ka filmuar ata gjat\u00eb nj\u00eb gjuetie me Lukaqin. \u201cMiloviq ka d\u00ebgjuar gjithashtu se s\u00eb fundmi kan\u00eb festuar p\u00ebr miliardin e par\u00eb\u201d, tha Jovanoviq.<\/p>\n<p>Nova.rs rikujton se \u201cVijesti\u201d kishte raportuar q\u00eb n\u00eb vitin 2024 se Miloviq dhe Bozhoviq kishin analizuar p\u00ebr muaj me radh\u00eb sh\u00ebrbimet e siguris\u00eb dhe aktivitetet kriminale n\u00eb Mal t\u00eb Zi dhe Serbi<\/p>\n","protected":false},"excerpt":{"rendered":"<p>Prishtin\u00eb 27 Shkurt 2026 8:31 Gazetarja e \u201cVijesti\u201d nga Mali i Zi, Jelena Jovanoviq, tregoi n\u00eb nj\u00eb emision se si ka arritur tek informacionet p\u00ebr<\/p>\n","protected":false},"author":6,"featured_media":34908,"comment_status":"open","ping_status":"open","sticky":false,"template":"","format":"standard","meta":{"footnotes":""},"categories":[58],"tags":[],"class_list":["post-34907","post","type-post","status-publish","format-standard","has-post-thumbnail","hentry","category-politike-sq"],"yoast_head":"<!-- This site is optimized with the Yoast SEO plugin v25.3.1 - https:\/\/yoast.com\/wordpress\/plugins\/seo\/ -->\n<title>Gazetarja tregon n\u00eb detaje se si arriti tek informacioni se v\u00ebllai i Aleksandar Vu\u00e7iqit dhe Veselinoviq u b\u00ebn\u00eb miliarder\u00eb -<\/title>\n<meta name=\"robots\" content=\"index, follow, max-snippet:-1, max-image-preview:large, max-video-preview:-1\" \/>\n<link rel=\"canonical\" href=\"https:\/\/veritasinfo.org\/?p=34907\" \/>\n<meta property=\"og:locale\" content=\"en_US\" \/>\n<meta property=\"og:type\" content=\"article\" \/>\n<meta property=\"og:title\" content=\"Gazetarja tregon n\u00eb detaje se si arriti tek informacioni se v\u00ebllai i Aleksandar Vu\u00e7iqit dhe Veselinoviq u b\u00ebn\u00eb miliarder\u00eb -\" \/>\n<meta property=\"og:description\" content=\"Prishtin\u00eb 27 Shkurt 2026 8:31 Gazetarja e \u201cVijesti\u201d nga Mali i Zi, Jelena Jovanoviq, tregoi n\u00eb nj\u00eb emision se si ka arritur tek informacionet p\u00ebr\" \/>\n<meta property=\"og:url\" content=\"https:\/\/veritasinfo.org\/?p=34907\" \/>\n<meta property=\"article:published_time\" content=\"2026-02-27T07:32:29+00:00\" \/>\n<meta property=\"og:image\" content=\"https:\/\/veritasinfo.org\/wp-content\/uploads\/2026\/02\/image-24.webp\" \/>\n\t<meta property=\"og:image:width\" content=\"1245\" \/>\n\t<meta property=\"og:image:height\" content=\"700\" \/>\n\t<meta property=\"og:image:type\" content=\"image\/webp\" \/>\n<meta name=\"author\" content=\"US5\" \/>\n<meta name=\"twitter:card\" content=\"summary_large_image\" \/>\n<meta name=\"twitter:label1\" content=\"Written by\" \/>\n\t<meta name=\"twitter:data1\" content=\"US5\" \/>\n<script type=\"application\/ld+json\" class=\"yoast-schema-graph\">{\"@context\":\"https:\/\/schema.org\",\"@graph\":[{\"@type\":\"WebPage\",\"@id\":\"https:\/\/veritasinfo.org\/?p=34907\",\"url\":\"https:\/\/veritasinfo.org\/?p=34907\",\"name\":\"Gazetarja tregon n\u00eb detaje se si arriti tek informacioni se v\u00ebllai i Aleksandar Vu\u00e7iqit dhe Veselinoviq u b\u00ebn\u00eb miliarder\u00eb -\",\"isPartOf\":{\"@id\":\"https:\/\/veritasinfo.org\/#website\"},\"primaryImageOfPage\":{\"@id\":\"https:\/\/veritasinfo.org\/?p=34907#primaryimage\"},\"image\":{\"@id\":\"https:\/\/veritasinfo.org\/?p=34907#primaryimage\"},\"thumbnailUrl\":\"https:\/\/veritasinfo.org\/wp-content\/uploads\/2026\/02\/image-24.webp\",\"datePublished\":\"2026-02-27T07:32:29+00:00\",\"author\":{\"@id\":\"https:\/\/veritasinfo.org\/#\/schema\/person\/bc442336e35414d04494ab8fb45db4c6\"},\"breadcrumb\":{\"@id\":\"https:\/\/veritasinfo.org\/?p=34907#breadcrumb\"},\"inLanguage\":\"en-US\",\"potentialAction\":[{\"@type\":\"ReadAction\",\"target\":[\"https:\/\/veritasinfo.org\/?p=34907\"]}]},{\"@type\":\"ImageObject\",\"inLanguage\":\"en-US\",\"@id\":\"https:\/\/veritasinfo.org\/?p=34907#primaryimage\",\"url\":\"https:\/\/veritasinfo.org\/wp-content\/uploads\/2026\/02\/image-24.webp\",\"contentUrl\":\"https:\/\/veritasinfo.org\/wp-content\/uploads\/2026\/02\/image-24.webp\",\"width\":1245,\"height\":700},{\"@type\":\"BreadcrumbList\",\"@id\":\"https:\/\/veritasinfo.org\/?p=34907#breadcrumb\",\"itemListElement\":[{\"@type\":\"ListItem\",\"position\":1,\"name\":\"Home\",\"item\":\"https:\/\/veritasinfo.org\/\"},{\"@type\":\"ListItem\",\"position\":2,\"name\":\"Gazetarja tregon n\u00eb detaje se si arriti tek informacioni se v\u00ebllai i Aleksandar Vu\u00e7iqit dhe Veselinoviq u b\u00ebn\u00eb miliarder\u00eb\"}]},{\"@type\":\"WebSite\",\"@id\":\"https:\/\/veritasinfo.org\/#website\",\"url\":\"https:\/\/veritasinfo.org\/\",\"name\":\"\",\"description\":\"\",\"potentialAction\":[{\"@type\":\"SearchAction\",\"target\":{\"@type\":\"EntryPoint\",\"urlTemplate\":\"https:\/\/veritasinfo.org\/?s={search_term_string}\"},\"query-input\":{\"@type\":\"PropertyValueSpecification\",\"valueRequired\":true,\"valueName\":\"search_term_string\"}}],\"inLanguage\":\"en-US\"},{\"@type\":\"Person\",\"@id\":\"https:\/\/veritasinfo.org\/#\/schema\/person\/bc442336e35414d04494ab8fb45db4c6\",\"name\":\"US5\",\"image\":{\"@type\":\"ImageObject\",\"inLanguage\":\"en-US\",\"@id\":\"https:\/\/veritasinfo.org\/#\/schema\/person\/image\/\",\"url\":\"https:\/\/secure.gravatar.com\/avatar\/16a61e7272a0c5d001121ebb9e60e925d5816e4ac1e443ed3e640d9a6ae55d0c?s=96&d=mm&r=g\",\"contentUrl\":\"https:\/\/secure.gravatar.com\/avatar\/16a61e7272a0c5d001121ebb9e60e925d5816e4ac1e443ed3e640d9a6ae55d0c?s=96&d=mm&r=g\",\"caption\":\"US5\"},\"url\":\"https:\/\/veritasinfo.org\/?author=6\"}]}<\/script>\n<!-- \/ Yoast SEO plugin. -->","yoast_head_json":{"title":"Gazetarja tregon n\u00eb detaje se si arriti tek informacioni se v\u00ebllai i Aleksandar Vu\u00e7iqit dhe Veselinoviq u b\u00ebn\u00eb miliarder\u00eb -","robots":{"index":"index","follow":"follow","max-snippet":"max-snippet:-1","max-image-preview":"max-image-preview:large","max-video-preview":"max-video-preview:-1"},"canonical":"https:\/\/veritasinfo.org\/?p=34907","og_locale":"en_US","og_type":"article","og_title":"Gazetarja tregon n\u00eb detaje se si arriti tek informacioni se v\u00ebllai i Aleksandar Vu\u00e7iqit dhe Veselinoviq u b\u00ebn\u00eb miliarder\u00eb -","og_description":"Prishtin\u00eb 27 Shkurt 2026 8:31 Gazetarja e \u201cVijesti\u201d nga Mali i Zi, Jelena Jovanoviq, tregoi n\u00eb nj\u00eb emision se si ka arritur tek informacionet p\u00ebr","og_url":"https:\/\/veritasinfo.org\/?p=34907","article_published_time":"2026-02-27T07:32:29+00:00","og_image":[{"width":1245,"height":700,"url":"https:\/\/veritasinfo.org\/wp-content\/uploads\/2026\/02\/image-24.webp","type":"image\/webp"}],"author":"US5","twitter_card":"summary_large_image","twitter_misc":{"Written by":"US5"},"schema":{"@context":"https:\/\/schema.org","@graph":[{"@type":"WebPage","@id":"https:\/\/veritasinfo.org\/?p=34907","url":"https:\/\/veritasinfo.org\/?p=34907","name":"Gazetarja tregon n\u00eb detaje se si arriti tek informacioni se v\u00ebllai i Aleksandar Vu\u00e7iqit dhe Veselinoviq u b\u00ebn\u00eb miliarder\u00eb -","isPartOf":{"@id":"https:\/\/veritasinfo.org\/#website"},"primaryImageOfPage":{"@id":"https:\/\/veritasinfo.org\/?p=34907#primaryimage"},"image":{"@id":"https:\/\/veritasinfo.org\/?p=34907#primaryimage"},"thumbnailUrl":"https:\/\/veritasinfo.org\/wp-content\/uploads\/2026\/02\/image-24.webp","datePublished":"2026-02-27T07:32:29+00:00","author":{"@id":"https:\/\/veritasinfo.org\/#\/schema\/person\/bc442336e35414d04494ab8fb45db4c6"},"breadcrumb":{"@id":"https:\/\/veritasinfo.org\/?p=34907#breadcrumb"},"inLanguage":"en-US","potentialAction":[{"@type":"ReadAction","target":["https:\/\/veritasinfo.org\/?p=34907"]}]},{"@type":"ImageObject","inLanguage":"en-US","@id":"https:\/\/veritasinfo.org\/?p=34907#primaryimage","url":"https:\/\/veritasinfo.org\/wp-content\/uploads\/2026\/02\/image-24.webp","contentUrl":"https:\/\/veritasinfo.org\/wp-content\/uploads\/2026\/02\/image-24.webp","width":1245,"height":700},{"@type":"BreadcrumbList","@id":"https:\/\/veritasinfo.org\/?p=34907#breadcrumb","itemListElement":[{"@type":"ListItem","position":1,"name":"Home","item":"https:\/\/veritasinfo.org\/"},{"@type":"ListItem","position":2,"name":"Gazetarja tregon n\u00eb detaje se si arriti tek informacioni se v\u00ebllai i Aleksandar Vu\u00e7iqit dhe Veselinoviq u b\u00ebn\u00eb miliarder\u00eb"}]},{"@type":"WebSite","@id":"https:\/\/veritasinfo.org\/#website","url":"https:\/\/veritasinfo.org\/","name":"","description":"","potentialAction":[{"@type":"SearchAction","target":{"@type":"EntryPoint","urlTemplate":"https:\/\/veritasinfo.org\/?s={search_term_string}"},"query-input":{"@type":"PropertyValueSpecification","valueRequired":true,"valueName":"search_term_string"}}],"inLanguage":"en-US"},{"@type":"Person","@id":"https:\/\/veritasinfo.org\/#\/schema\/person\/bc442336e35414d04494ab8fb45db4c6","name":"US5","image":{"@type":"ImageObject","inLanguage":"en-US","@id":"https:\/\/veritasinfo.org\/#\/schema\/person\/image\/","url":"https:\/\/secure.gravatar.com\/avatar\/16a61e7272a0c5d001121ebb9e60e925d5816e4ac1e443ed3e640d9a6ae55d0c?s=96&d=mm&r=g","contentUrl":"https:\/\/secure.gravatar.com\/avatar\/16a61e7272a0c5d001121ebb9e60e925d5816e4ac1e443ed3e640d9a6ae55d0c?s=96&d=mm&r=g","caption":"US5"},"url":"https:\/\/veritasinfo.org\/?author=6"}]}},"featured_image_urls":{"full":["https:\/\/veritasinfo.org\/wp-content\/uploads\/2026\/02\/image-24.webp",1245,700,false],"thumbnail":["https:\/\/veritasinfo.org\/wp-content\/uploads\/2026\/02\/image-24-150x150.webp",150,150,true],"medium":["https:\/\/veritasinfo.org\/wp-content\/uploads\/2026\/02\/image-24-300x169.webp",300,169,true],"medium_large":["https:\/\/veritasinfo.org\/wp-content\/uploads\/2026\/02\/image-24-768x432.webp",640,360,true],"large":["https:\/\/veritasinfo.org\/wp-content\/uploads\/2026\/02\/image-24-1024x576.webp",640,360,true],"1536x1536":["https:\/\/veritasinfo.org\/wp-content\/uploads\/2026\/02\/image-24.webp",1245,700,false],"2048x2048":["https:\/\/veritasinfo.org\/wp-content\/uploads\/2026\/02\/image-24.webp",1245,700,false],"kreeti-slider-full":["https:\/\/veritasinfo.org\/wp-content\/uploads\/2026\/02\/image-24.webp",1245,700,false],"kreeti-featured":["https:\/\/veritasinfo.org\/wp-content\/uploads\/2026\/02\/image-24.webp",1024,576,false],"kreeti-medium":["https:\/\/veritasinfo.org\/wp-content\/uploads\/2026\/02\/image-24.webp",720,405,false],"kreeti-medium-square":["https:\/\/veritasinfo.org\/wp-content\/uploads\/2026\/02\/image-24.webp",350,197,false]},"author_info":{"info":["US5"]},"category_info":"<a href=\"https:\/\/veritasinfo.org\/?cat=58\" rel=\"category\">Politik\u00eb<\/a>","tag_info":"Politik\u00eb","comment_count":"0","_links":{"self":[{"href":"https:\/\/veritasinfo.org\/index.php?rest_route=\/wp\/v2\/posts\/34907","targetHints":{"allow":["GET"]}}],"collection":[{"href":"https:\/\/veritasinfo.org\/index.php?rest_route=\/wp\/v2\/posts"}],"about":[{"href":"https:\/\/veritasinfo.org\/index.php?rest_route=\/wp\/v2\/types\/post"}],"author":[{"embeddable":true,"href":"https:\/\/veritasinfo.org\/index.php?rest_route=\/wp\/v2\/users\/6"}],"replies":[{"embeddable":true,"href":"https:\/\/veritasinfo.org\/index.php?rest_route=%2Fwp%2Fv2%2Fcomments&post=34907"}],"version-history":[{"count":1,"href":"https:\/\/veritasinfo.org\/index.php?rest_route=\/wp\/v2\/posts\/34907\/revisions"}],"predecessor-version":[{"id":34909,"href":"https:\/\/veritasinfo.org\/index.php?rest_route=\/wp\/v2\/posts\/34907\/revisions\/34909"}],"wp:featuredmedia":[{"embeddable":true,"href":"https:\/\/veritasinfo.org\/index.php?rest_route=\/wp\/v2\/media\/34908"}],"wp:attachment":[{"href":"https:\/\/veritasinfo.org\/index.php?rest_route=%2Fwp%2Fv2%2Fmedia&parent=34907"}],"wp:term":[{"taxonomy":"category","embeddable":true,"href":"https:\/\/veritasinfo.org\/index.php?rest_route=%2Fwp%2Fv2%2Fcategories&post=34907"},{"taxonomy":"post_tag","embeddable":true,"href":"https:\/\/veritasinfo.org\/index.php?rest_route=%2Fwp%2Fv2%2Ftags&post=34907"}],"curies":[{"name":"wp","href":"https:\/\/api.w.org\/{rel}","templated":true}]}}