{"id":34893,"date":"2026-02-27T08:16:54","date_gmt":"2026-02-27T07:16:54","guid":{"rendered":"https:\/\/veritasinfo.org\/?p=34893"},"modified":"2026-02-27T08:16:54","modified_gmt":"2026-02-27T07:16:54","slug":"abetarja-e-pare-ne-gjuhen-shqipe-u-botua-para-129-vjetesh","status":"publish","type":"post","link":"https:\/\/veritasinfo.org\/?p=34893","title":{"rendered":"Abetarja e par\u00eb n\u00eb gjuh\u00ebn shqipe u botua para 129 vjet\u00ebsh"},"content":{"rendered":"<p>Prishtin\u00eb 27  Shkurt 2026 8:16<\/p>\n<p>Q\u00eb n\u00eb fillimet e l\u00ebvizjes p\u00ebr \u00e7lirim nga Turqia, \u00e7\u00ebshtja e alfabetit doli n\u00eb plan t\u00eb par\u00eb: pa t\u00eb nuk mund t\u00eb flitej p\u00ebr Rilindje t\u00eb popullit shqiptar, prandaj me nism\u00ebn e Sami Frash\u00ebrit, Jani Vretos e Pashko Vas\u00ebs, m\u00eb 27 shkurt 1897 u botua n\u00eb Stamboll \u201cAlfabetarja e gjuh\u00ebs shqipe\u201d<\/p>\n<p>N\u00ebse i kthehemi t\u00eb shkuar\u00ebs, shohim se me 27 shkurt 1897, me nism\u00ebn e Sami Frash\u00ebrit, Jani Vretos dhe Pashko Vas\u00ebs, u botua n\u00eb Stamboll \u201cAlfabetarja e gjuh\u00ebs shqipe\u201d.<\/p>\n<p>Q\u00eb t\u00eb kuptojm\u00eb r\u00ebnd\u00ebsin\u00eb e k\u00ebtij botimi, duhet t\u00eb kthehemi pas n\u00eb koh\u00eb e n\u00eb histori dhe t\u00eb kujtojm\u00eb se shqipja, me sa dokumentohet deri tani, filloi t\u00eb shkruhet q\u00eb nga shekulli XV me alfabetin latin, t\u00eb plot\u00ebsuar me pes\u00eb shkronja t\u00eb posa\u00e7me. U shkrua dhe me shkronja greke, e pas pushtimit turk, edhe me alfabetin turko-arab. Rruga tjet\u00ebr q\u00eb u ndoq, \u00ebsht\u00eb ajo e krijimit t\u00eb alfabeteve origjinale me p\u00ebrhapje t\u00eb kufizuar. Q\u00eb n\u00eb fillimet e l\u00ebvizjes p\u00ebr \u00e7lirim nga Turqia, \u00e7\u00ebshtja e alfabetit doli n\u00eb plan t\u00eb par\u00eb: pa t\u00eb nuk mund t\u00eb flitej p\u00ebr Rilindje t\u00eb popullit shqiptar, prandaj me nism\u00ebn e Sami Frash\u00ebrit, Jani Vretos e Pashko Vas\u00ebs, m\u00eb 27 shkurt 1897 u botua n\u00eb Stamboll \u201cAlfabetarja e gjuh\u00ebs shqipe\u201d.<\/p>\n<p>Sipas Radio Vatikanit, ky botim ishte nj\u00eb nga veprimtarit\u00eb m\u00eb t\u00eb r\u00ebnd\u00ebsishme t\u00eb patriot\u00ebve shqiptar\u00eb t\u00eb Stambollit, t\u00eb cil\u00ebt m\u00eb 12 tetor 1879 themeluan \u201cShoq\u00ebrin\u00eb e t\u00eb Shtypurit t\u00eb Shkronjave Shqip\u201d, shoq\u00ebri kulturore q\u00eb kishte p\u00ebr synim t\u00eb nxiste zhvillimin e kultur\u00ebs n\u00eb gjuh\u00ebn shqipe dhe ta vinte at\u00eb n\u00eb sh\u00ebrbim t\u00eb \u00e7\u00ebshtjes s\u00eb \u00e7lirimit komb\u00ebtar nga Turqia.<\/p>\n<p>Me alfabetin, plot\u00ebsonte nj\u00eb nga k\u00ebrkesat baz\u00eb p\u00ebr p\u00ebrhapjen e propagand\u00ebs atdhetare dhe i hapte rrug\u00ebn botimeve t\u00eb para serioze t\u00eb Rilindjes son\u00eb Komb\u00ebtare. N\u00eb gjirin e saj bashk\u00ebpunuan mysliman\u00eb t\u00eb m\u00ebdhenj si v\u00ebllez\u00ebrit Frash\u00ebri, katolik\u00eb t\u00eb shquar, si Pashko Vas\u00eb Shkodrani e ortodoks\u00eb t\u00eb m\u00ebsuar e atdhetar\u00eb si Jani Vreto: ishte pra model i bashk\u00ebpunimit nd\u00ebrmjet feve n\u00eb sh\u00ebrbim t\u00eb Atdheut. Gjithsesi \u00e7\u00ebshtja e alfabetit t\u00eb shqipes do t\u00eb zgjidhej p\u00ebrfundimisht vet\u00ebm me Kongresin e Manastirit, q\u00eb u mblodh m\u00eb 14 n\u00ebntor 1908, ku u hartua nj\u00eb alfabet i ri me shkronja latine. \u00cbsht\u00eb alfabeti q\u00eb p\u00ebrdorin edhe sot e k\u00ebsaj dite t\u00eb gjith\u00eb ata q\u00eb shkruajn\u00eb shqip.<\/p>\n","protected":false},"excerpt":{"rendered":"<p>Prishtin\u00eb 27 Shkurt 2026 8:16 Q\u00eb n\u00eb fillimet e l\u00ebvizjes p\u00ebr \u00e7lirim nga Turqia, \u00e7\u00ebshtja e alfabetit doli n\u00eb plan t\u00eb par\u00eb: pa t\u00eb nuk<\/p>\n","protected":false},"author":6,"featured_media":34894,"comment_status":"open","ping_status":"open","sticky":false,"template":"","format":"standard","meta":{"footnotes":""},"categories":[54],"tags":[],"class_list":["post-34893","post","type-post","status-publish","format-standard","has-post-thumbnail","hentry","category-kulture-sq"],"yoast_head":"<!-- This site is optimized with the Yoast SEO plugin v25.3.1 - https:\/\/yoast.com\/wordpress\/plugins\/seo\/ -->\n<title>Abetarja e par\u00eb n\u00eb gjuh\u00ebn shqipe u botua para 129 vjet\u00ebsh -<\/title>\n<meta name=\"robots\" content=\"index, follow, max-snippet:-1, max-image-preview:large, max-video-preview:-1\" \/>\n<link rel=\"canonical\" href=\"https:\/\/veritasinfo.org\/?p=34893\" \/>\n<meta property=\"og:locale\" content=\"en_US\" \/>\n<meta property=\"og:type\" content=\"article\" \/>\n<meta property=\"og:title\" content=\"Abetarja e par\u00eb n\u00eb gjuh\u00ebn shqipe u botua para 129 vjet\u00ebsh -\" \/>\n<meta property=\"og:description\" content=\"Prishtin\u00eb 27 Shkurt 2026 8:16 Q\u00eb n\u00eb fillimet e l\u00ebvizjes p\u00ebr \u00e7lirim nga Turqia, \u00e7\u00ebshtja e alfabetit doli n\u00eb plan t\u00eb par\u00eb: pa t\u00eb nuk\" \/>\n<meta property=\"og:url\" content=\"https:\/\/veritasinfo.org\/?p=34893\" \/>\n<meta property=\"article:published_time\" content=\"2026-02-27T07:16:54+00:00\" \/>\n<meta property=\"og:image\" content=\"https:\/\/veritasinfo.org\/wp-content\/uploads\/2026\/02\/auto_unnamed_41772173457.jpg\" \/>\n\t<meta property=\"og:image:width\" content=\"850\" \/>\n\t<meta property=\"og:image:height\" content=\"477\" \/>\n\t<meta property=\"og:image:type\" content=\"image\/jpeg\" \/>\n<meta name=\"author\" content=\"US5\" \/>\n<meta name=\"twitter:card\" content=\"summary_large_image\" \/>\n<meta name=\"twitter:label1\" content=\"Written by\" \/>\n\t<meta name=\"twitter:data1\" content=\"US5\" \/>\n<script type=\"application\/ld+json\" class=\"yoast-schema-graph\">{\"@context\":\"https:\/\/schema.org\",\"@graph\":[{\"@type\":\"WebPage\",\"@id\":\"https:\/\/veritasinfo.org\/?p=34893\",\"url\":\"https:\/\/veritasinfo.org\/?p=34893\",\"name\":\"Abetarja e par\u00eb n\u00eb gjuh\u00ebn shqipe u botua para 129 vjet\u00ebsh -\",\"isPartOf\":{\"@id\":\"https:\/\/veritasinfo.org\/#website\"},\"primaryImageOfPage\":{\"@id\":\"https:\/\/veritasinfo.org\/?p=34893#primaryimage\"},\"image\":{\"@id\":\"https:\/\/veritasinfo.org\/?p=34893#primaryimage\"},\"thumbnailUrl\":\"https:\/\/veritasinfo.org\/wp-content\/uploads\/2026\/02\/auto_unnamed_41772173457.jpg\",\"datePublished\":\"2026-02-27T07:16:54+00:00\",\"author\":{\"@id\":\"https:\/\/veritasinfo.org\/#\/schema\/person\/bc442336e35414d04494ab8fb45db4c6\"},\"breadcrumb\":{\"@id\":\"https:\/\/veritasinfo.org\/?p=34893#breadcrumb\"},\"inLanguage\":\"en-US\",\"potentialAction\":[{\"@type\":\"ReadAction\",\"target\":[\"https:\/\/veritasinfo.org\/?p=34893\"]}]},{\"@type\":\"ImageObject\",\"inLanguage\":\"en-US\",\"@id\":\"https:\/\/veritasinfo.org\/?p=34893#primaryimage\",\"url\":\"https:\/\/veritasinfo.org\/wp-content\/uploads\/2026\/02\/auto_unnamed_41772173457.jpg\",\"contentUrl\":\"https:\/\/veritasinfo.org\/wp-content\/uploads\/2026\/02\/auto_unnamed_41772173457.jpg\",\"width\":850,\"height\":477},{\"@type\":\"BreadcrumbList\",\"@id\":\"https:\/\/veritasinfo.org\/?p=34893#breadcrumb\",\"itemListElement\":[{\"@type\":\"ListItem\",\"position\":1,\"name\":\"Home\",\"item\":\"https:\/\/veritasinfo.org\/\"},{\"@type\":\"ListItem\",\"position\":2,\"name\":\"Abetarja e par\u00eb n\u00eb gjuh\u00ebn shqipe u botua para 129 vjet\u00ebsh\"}]},{\"@type\":\"WebSite\",\"@id\":\"https:\/\/veritasinfo.org\/#website\",\"url\":\"https:\/\/veritasinfo.org\/\",\"name\":\"\",\"description\":\"\",\"potentialAction\":[{\"@type\":\"SearchAction\",\"target\":{\"@type\":\"EntryPoint\",\"urlTemplate\":\"https:\/\/veritasinfo.org\/?s={search_term_string}\"},\"query-input\":{\"@type\":\"PropertyValueSpecification\",\"valueRequired\":true,\"valueName\":\"search_term_string\"}}],\"inLanguage\":\"en-US\"},{\"@type\":\"Person\",\"@id\":\"https:\/\/veritasinfo.org\/#\/schema\/person\/bc442336e35414d04494ab8fb45db4c6\",\"name\":\"US5\",\"image\":{\"@type\":\"ImageObject\",\"inLanguage\":\"en-US\",\"@id\":\"https:\/\/veritasinfo.org\/#\/schema\/person\/image\/\",\"url\":\"https:\/\/secure.gravatar.com\/avatar\/16a61e7272a0c5d001121ebb9e60e925d5816e4ac1e443ed3e640d9a6ae55d0c?s=96&d=mm&r=g\",\"contentUrl\":\"https:\/\/secure.gravatar.com\/avatar\/16a61e7272a0c5d001121ebb9e60e925d5816e4ac1e443ed3e640d9a6ae55d0c?s=96&d=mm&r=g\",\"caption\":\"US5\"},\"url\":\"https:\/\/veritasinfo.org\/?author=6\"}]}<\/script>\n<!-- \/ Yoast SEO plugin. -->","yoast_head_json":{"title":"Abetarja e par\u00eb n\u00eb gjuh\u00ebn shqipe u botua para 129 vjet\u00ebsh -","robots":{"index":"index","follow":"follow","max-snippet":"max-snippet:-1","max-image-preview":"max-image-preview:large","max-video-preview":"max-video-preview:-1"},"canonical":"https:\/\/veritasinfo.org\/?p=34893","og_locale":"en_US","og_type":"article","og_title":"Abetarja e par\u00eb n\u00eb gjuh\u00ebn shqipe u botua para 129 vjet\u00ebsh -","og_description":"Prishtin\u00eb 27 Shkurt 2026 8:16 Q\u00eb n\u00eb fillimet e l\u00ebvizjes p\u00ebr \u00e7lirim nga Turqia, \u00e7\u00ebshtja e alfabetit doli n\u00eb plan t\u00eb par\u00eb: pa t\u00eb nuk","og_url":"https:\/\/veritasinfo.org\/?p=34893","article_published_time":"2026-02-27T07:16:54+00:00","og_image":[{"width":850,"height":477,"url":"https:\/\/veritasinfo.org\/wp-content\/uploads\/2026\/02\/auto_unnamed_41772173457.jpg","type":"image\/jpeg"}],"author":"US5","twitter_card":"summary_large_image","twitter_misc":{"Written by":"US5"},"schema":{"@context":"https:\/\/schema.org","@graph":[{"@type":"WebPage","@id":"https:\/\/veritasinfo.org\/?p=34893","url":"https:\/\/veritasinfo.org\/?p=34893","name":"Abetarja e par\u00eb n\u00eb gjuh\u00ebn shqipe u botua para 129 vjet\u00ebsh -","isPartOf":{"@id":"https:\/\/veritasinfo.org\/#website"},"primaryImageOfPage":{"@id":"https:\/\/veritasinfo.org\/?p=34893#primaryimage"},"image":{"@id":"https:\/\/veritasinfo.org\/?p=34893#primaryimage"},"thumbnailUrl":"https:\/\/veritasinfo.org\/wp-content\/uploads\/2026\/02\/auto_unnamed_41772173457.jpg","datePublished":"2026-02-27T07:16:54+00:00","author":{"@id":"https:\/\/veritasinfo.org\/#\/schema\/person\/bc442336e35414d04494ab8fb45db4c6"},"breadcrumb":{"@id":"https:\/\/veritasinfo.org\/?p=34893#breadcrumb"},"inLanguage":"en-US","potentialAction":[{"@type":"ReadAction","target":["https:\/\/veritasinfo.org\/?p=34893"]}]},{"@type":"ImageObject","inLanguage":"en-US","@id":"https:\/\/veritasinfo.org\/?p=34893#primaryimage","url":"https:\/\/veritasinfo.org\/wp-content\/uploads\/2026\/02\/auto_unnamed_41772173457.jpg","contentUrl":"https:\/\/veritasinfo.org\/wp-content\/uploads\/2026\/02\/auto_unnamed_41772173457.jpg","width":850,"height":477},{"@type":"BreadcrumbList","@id":"https:\/\/veritasinfo.org\/?p=34893#breadcrumb","itemListElement":[{"@type":"ListItem","position":1,"name":"Home","item":"https:\/\/veritasinfo.org\/"},{"@type":"ListItem","position":2,"name":"Abetarja e par\u00eb n\u00eb gjuh\u00ebn shqipe u botua para 129 vjet\u00ebsh"}]},{"@type":"WebSite","@id":"https:\/\/veritasinfo.org\/#website","url":"https:\/\/veritasinfo.org\/","name":"","description":"","potentialAction":[{"@type":"SearchAction","target":{"@type":"EntryPoint","urlTemplate":"https:\/\/veritasinfo.org\/?s={search_term_string}"},"query-input":{"@type":"PropertyValueSpecification","valueRequired":true,"valueName":"search_term_string"}}],"inLanguage":"en-US"},{"@type":"Person","@id":"https:\/\/veritasinfo.org\/#\/schema\/person\/bc442336e35414d04494ab8fb45db4c6","name":"US5","image":{"@type":"ImageObject","inLanguage":"en-US","@id":"https:\/\/veritasinfo.org\/#\/schema\/person\/image\/","url":"https:\/\/secure.gravatar.com\/avatar\/16a61e7272a0c5d001121ebb9e60e925d5816e4ac1e443ed3e640d9a6ae55d0c?s=96&d=mm&r=g","contentUrl":"https:\/\/secure.gravatar.com\/avatar\/16a61e7272a0c5d001121ebb9e60e925d5816e4ac1e443ed3e640d9a6ae55d0c?s=96&d=mm&r=g","caption":"US5"},"url":"https:\/\/veritasinfo.org\/?author=6"}]}},"featured_image_urls":{"full":["https:\/\/veritasinfo.org\/wp-content\/uploads\/2026\/02\/auto_unnamed_41772173457.jpg",850,477,false],"thumbnail":["https:\/\/veritasinfo.org\/wp-content\/uploads\/2026\/02\/auto_unnamed_41772173457-150x150.jpg",150,150,true],"medium":["https:\/\/veritasinfo.org\/wp-content\/uploads\/2026\/02\/auto_unnamed_41772173457-300x168.jpg",300,168,true],"medium_large":["https:\/\/veritasinfo.org\/wp-content\/uploads\/2026\/02\/auto_unnamed_41772173457-768x431.jpg",640,359,true],"large":["https:\/\/veritasinfo.org\/wp-content\/uploads\/2026\/02\/auto_unnamed_41772173457.jpg",640,359,false],"1536x1536":["https:\/\/veritasinfo.org\/wp-content\/uploads\/2026\/02\/auto_unnamed_41772173457.jpg",850,477,false],"2048x2048":["https:\/\/veritasinfo.org\/wp-content\/uploads\/2026\/02\/auto_unnamed_41772173457.jpg",850,477,false],"kreeti-slider-full":["https:\/\/veritasinfo.org\/wp-content\/uploads\/2026\/02\/auto_unnamed_41772173457.jpg",850,477,false],"kreeti-featured":["https:\/\/veritasinfo.org\/wp-content\/uploads\/2026\/02\/auto_unnamed_41772173457.jpg",850,477,false],"kreeti-medium":["https:\/\/veritasinfo.org\/wp-content\/uploads\/2026\/02\/auto_unnamed_41772173457.jpg",720,404,false],"kreeti-medium-square":["https:\/\/veritasinfo.org\/wp-content\/uploads\/2026\/02\/auto_unnamed_41772173457.jpg",350,196,false]},"author_info":{"info":["US5"]},"category_info":"<a href=\"https:\/\/veritasinfo.org\/?cat=54\" rel=\"category\">Kultur\u00eb<\/a>","tag_info":"Kultur\u00eb","comment_count":"0","_links":{"self":[{"href":"https:\/\/veritasinfo.org\/index.php?rest_route=\/wp\/v2\/posts\/34893","targetHints":{"allow":["GET"]}}],"collection":[{"href":"https:\/\/veritasinfo.org\/index.php?rest_route=\/wp\/v2\/posts"}],"about":[{"href":"https:\/\/veritasinfo.org\/index.php?rest_route=\/wp\/v2\/types\/post"}],"author":[{"embeddable":true,"href":"https:\/\/veritasinfo.org\/index.php?rest_route=\/wp\/v2\/users\/6"}],"replies":[{"embeddable":true,"href":"https:\/\/veritasinfo.org\/index.php?rest_route=%2Fwp%2Fv2%2Fcomments&post=34893"}],"version-history":[{"count":1,"href":"https:\/\/veritasinfo.org\/index.php?rest_route=\/wp\/v2\/posts\/34893\/revisions"}],"predecessor-version":[{"id":34895,"href":"https:\/\/veritasinfo.org\/index.php?rest_route=\/wp\/v2\/posts\/34893\/revisions\/34895"}],"wp:featuredmedia":[{"embeddable":true,"href":"https:\/\/veritasinfo.org\/index.php?rest_route=\/wp\/v2\/media\/34894"}],"wp:attachment":[{"href":"https:\/\/veritasinfo.org\/index.php?rest_route=%2Fwp%2Fv2%2Fmedia&parent=34893"}],"wp:term":[{"taxonomy":"category","embeddable":true,"href":"https:\/\/veritasinfo.org\/index.php?rest_route=%2Fwp%2Fv2%2Fcategories&post=34893"},{"taxonomy":"post_tag","embeddable":true,"href":"https:\/\/veritasinfo.org\/index.php?rest_route=%2Fwp%2Fv2%2Ftags&post=34893"}],"curies":[{"name":"wp","href":"https:\/\/api.w.org\/{rel}","templated":true}]}}