{"id":34872,"date":"2026-02-27T07:18:51","date_gmt":"2026-02-27T06:18:51","guid":{"rendered":"https:\/\/veritasinfo.org\/?p=34872"},"modified":"2026-02-27T07:18:51","modified_gmt":"2026-02-27T06:18:51","slug":"afganistani-nis-sulme-kunder-pakistanit-raportohet-per-te-vrare","status":"publish","type":"post","link":"https:\/\/veritasinfo.org\/?p=34872","title":{"rendered":"Afganistani nis sulme kund\u00ebr Pakistanit, raportohet p\u00ebr t\u00eb vrar\u00eb"},"content":{"rendered":"<p>Prishtin\u00eb, 27 shkurt 2026 07:16<\/p>\n<p>Autoritetet talebane t\u00eb Afganistanit thon\u00eb se kan\u00eb nisur sulme kund\u00ebr pozicioneve ushtarake t\u00eb Pakistanit p\u00ebrgjat\u00eb kufirit t\u00eb tyre n\u00eb p\u00ebrgjigje t\u00eb sulmeve ajrore pakistaneze jav\u00ebn e kaluar, nd\u00ebrsa Pakistani tha se forcat e tij ishin hakmarr\u00eb.<\/p>\n<p>Zyra e medias e korpusit ushtarak t\u00eb Afganistanit n\u00eb lindje tha n\u00eb nj\u00eb deklarat\u00eb se \u201cp\u00ebrleshjet e ashpra\u201d filluan von\u00eb t\u00eb enjten \u201cn\u00eb p\u00ebrgjigje t\u00eb sulmeve t\u00eb fundit ajrore t\u00eb kryera nga forcat pakistaneze n\u00eb provincat Nangarhar dhe Paktia\u201d<\/p>\n<p>N\u00eb p\u00ebrgjigje t\u00eb provokimeve dhe shkeljeve t\u00eb p\u00ebrs\u00ebritura nga qarqet ushtarake pakistaneze, jan\u00eb nisur operacione ofensive n\u00eb shkall\u00eb t\u00eb gjer\u00eb kund\u00ebr pozicioneve dhe instalimeve ushtarake pakistaneze p\u00ebrgjat\u00eb Vij\u00ebs Durand\u201d, shkroi z\u00ebdh\u00ebn\u00ebsi i qeveris\u00eb s\u00eb taleban\u00ebve, Zabihullah Mujahid, n\u00eb nj\u00eb postim n\u00eb X.<\/p>\n<p>Marr\u00ebdh\u00ebniet midis fqinj\u00ebve jan\u00eb p\u00ebrkeq\u00ebsuar n\u00eb muajt e fundit, me kalimet tok\u00ebsore p\u00ebrgjat\u00eb kufirit prej 2,611 km t\u00eb gjat\u00eb, t\u00eb njohur si Vija Durand, t\u00eb mbyllura kryesisht q\u00eb nga luftimet vdekjeprur\u00ebse n\u00eb tetor q\u00eb vran\u00eb m\u00eb shum\u00eb se 70 persona nga t\u00eb dyja pal\u00ebt.<\/p>\n<p>Nj\u00eb burim ushtarak afgan i tha Al Jazeera-s se 10 ushtar\u00eb pakistanez\u00eb u vran\u00eb dhe se 13 postblloqe u kap\u00ebn n\u00eb sulmet e s\u00eb enjtes, t\u00eb cilat u kryen n\u00eb hakmarrje p\u00ebr sulmet pakistaneze p\u00ebrgjat\u00eb kufirit t\u00eb diel\u00ebn.<\/p>\n<p>Pakistani kishte th\u00ebn\u00eb se kishte vrar\u00eb t\u00eb pakt\u00ebn 70 luft\u00ebtar\u00eb, nd\u00ebrsa Afganistani e hodhi posht\u00eb k\u00ebt\u00eb pretendim, duke th\u00ebn\u00eb se ishin vrar\u00eb civil\u00eb, p\u00ebrfshir\u00eb gra dhe f\u00ebmij\u00eb, shkruan aljazeera.<\/p>\n<p>Ministria e Informacionit dhe Transmetimit e Pakistanit tha n\u00eb X m\u00eb von\u00eb t\u00eb enjten se trupat pakistaneze kishin dh\u00ebn\u00eb nj\u00eb \u201cp\u00ebrgjigje t\u00eb menj\u00ebhershme dhe efektive\u201d ndaj zjarrit t\u00eb taleban\u00ebve n\u00eb disa sektor\u00eb n\u00eb provinc\u00ebn Khyber Pakhtunkhwa.<\/p>\n<p>Forcat e regjimit taleban po nd\u00ebshkohen n\u00eb sektor\u00ebt Chitral, Khyber, Mohmand, Kurram dhe Bajaur. Raportet e hershme konfirmojn\u00eb viktima t\u00eb r\u00ebnda n\u00eb an\u00ebn afgane me shum\u00eb poste dhe pajisje t\u00eb shkat\u00ebrruara\u201d, tha ministria.<\/p>\n<p>Mosharraf Zaidi, z\u00ebdh\u00ebn\u00ebs i kryeministrit pakistanez Shehbaz Sharif, tha n\u00eb X se asnj\u00eb post\u00eb pakistaneze nuk \u00ebsht\u00eb \u201ckapur ose d\u00ebmtuar\u201d dhe se forcat pakistaneze \u201ckan\u00eb shkaktuar humbje t\u00eb m\u00ebdha p\u00ebrgjat\u00eb kufirit Pakistan-Afganistan n\u00eb p\u00ebrgjigje t\u00eb agresionit t\u00eb paprovokuar t\u00eb taleban\u00ebve\u201d.<\/p>\n<p>Ai nuk komentoi mbi pretendimin afgan se u vran\u00eb 10 ushtar\u00eb.<\/p>\n<p>M\u00eb vete, nj\u00eb burim sigurie pakistaneze i tha Al Jazeera-s se nj\u00eb num\u00ebr ushtar\u00ebsh afgan\u00eb ik\u00ebn nga tre vende t\u00eb synuara nga zjarri pakistanez n\u00eb hakmarrje p\u00ebr zjarrin afgan q\u00eb vinte nga ato vende.<\/p>\n","protected":false},"excerpt":{"rendered":"<p>Prishtin\u00eb, 27 shkurt 2026 07:16 Autoritetet talebane t\u00eb Afganistanit thon\u00eb se kan\u00eb nisur sulme kund\u00ebr pozicioneve ushtarake t\u00eb Pakistanit p\u00ebrgjat\u00eb kufirit t\u00eb tyre n\u00eb p\u00ebrgjigje<\/p>\n","protected":false},"author":7,"featured_media":34873,"comment_status":"open","ping_status":"open","sticky":false,"template":"","format":"standard","meta":{"footnotes":""},"categories":[72],"tags":[],"class_list":["post-34872","post","type-post","status-publish","format-standard","has-post-thumbnail","hentry","category-bota"],"yoast_head":"<!-- This site is optimized with the Yoast SEO plugin v25.3.1 - https:\/\/yoast.com\/wordpress\/plugins\/seo\/ -->\n<title>Afganistani nis sulme kund\u00ebr Pakistanit, raportohet p\u00ebr t\u00eb vrar\u00eb -<\/title>\n<meta name=\"robots\" content=\"index, follow, max-snippet:-1, max-image-preview:large, max-video-preview:-1\" \/>\n<link rel=\"canonical\" href=\"https:\/\/veritasinfo.org\/?p=34872\" \/>\n<meta property=\"og:locale\" content=\"en_US\" \/>\n<meta property=\"og:type\" content=\"article\" \/>\n<meta property=\"og:title\" content=\"Afganistani nis sulme kund\u00ebr Pakistanit, raportohet p\u00ebr t\u00eb vrar\u00eb -\" \/>\n<meta property=\"og:description\" content=\"Prishtin\u00eb, 27 shkurt 2026 07:16 Autoritetet talebane t\u00eb Afganistanit thon\u00eb se kan\u00eb nisur sulme kund\u00ebr pozicioneve ushtarake t\u00eb Pakistanit p\u00ebrgjat\u00eb kufirit t\u00eb tyre n\u00eb p\u00ebrgjigje\" \/>\n<meta property=\"og:url\" content=\"https:\/\/veritasinfo.org\/?p=34872\" \/>\n<meta property=\"article:published_time\" content=\"2026-02-27T06:18:51+00:00\" \/>\n<meta property=\"og:image\" content=\"https:\/\/veritasinfo.org\/wp-content\/uploads\/2026\/02\/Screenshot_20260227_071818_Chrome.jpg\" \/>\n\t<meta property=\"og:image:width\" content=\"1010\" \/>\n\t<meta property=\"og:image:height\" content=\"697\" \/>\n\t<meta property=\"og:image:type\" content=\"image\/jpeg\" \/>\n<meta name=\"author\" content=\"US6\" \/>\n<meta name=\"twitter:card\" content=\"summary_large_image\" \/>\n<meta name=\"twitter:label1\" content=\"Written by\" \/>\n\t<meta name=\"twitter:data1\" content=\"US6\" \/>\n\t<meta name=\"twitter:label2\" content=\"Est. reading time\" \/>\n\t<meta name=\"twitter:data2\" content=\"2 minutes\" \/>\n<script type=\"application\/ld+json\" class=\"yoast-schema-graph\">{\"@context\":\"https:\/\/schema.org\",\"@graph\":[{\"@type\":\"WebPage\",\"@id\":\"https:\/\/veritasinfo.org\/?p=34872\",\"url\":\"https:\/\/veritasinfo.org\/?p=34872\",\"name\":\"Afganistani nis sulme kund\u00ebr Pakistanit, raportohet p\u00ebr t\u00eb vrar\u00eb -\",\"isPartOf\":{\"@id\":\"https:\/\/veritasinfo.org\/#website\"},\"primaryImageOfPage\":{\"@id\":\"https:\/\/veritasinfo.org\/?p=34872#primaryimage\"},\"image\":{\"@id\":\"https:\/\/veritasinfo.org\/?p=34872#primaryimage\"},\"thumbnailUrl\":\"https:\/\/veritasinfo.org\/wp-content\/uploads\/2026\/02\/Screenshot_20260227_071818_Chrome.jpg\",\"datePublished\":\"2026-02-27T06:18:51+00:00\",\"author\":{\"@id\":\"https:\/\/veritasinfo.org\/#\/schema\/person\/fe199eede04c3937362892b7444747cc\"},\"breadcrumb\":{\"@id\":\"https:\/\/veritasinfo.org\/?p=34872#breadcrumb\"},\"inLanguage\":\"en-US\",\"potentialAction\":[{\"@type\":\"ReadAction\",\"target\":[\"https:\/\/veritasinfo.org\/?p=34872\"]}]},{\"@type\":\"ImageObject\",\"inLanguage\":\"en-US\",\"@id\":\"https:\/\/veritasinfo.org\/?p=34872#primaryimage\",\"url\":\"https:\/\/veritasinfo.org\/wp-content\/uploads\/2026\/02\/Screenshot_20260227_071818_Chrome.jpg\",\"contentUrl\":\"https:\/\/veritasinfo.org\/wp-content\/uploads\/2026\/02\/Screenshot_20260227_071818_Chrome.jpg\",\"width\":1010,\"height\":697},{\"@type\":\"BreadcrumbList\",\"@id\":\"https:\/\/veritasinfo.org\/?p=34872#breadcrumb\",\"itemListElement\":[{\"@type\":\"ListItem\",\"position\":1,\"name\":\"Home\",\"item\":\"https:\/\/veritasinfo.org\/\"},{\"@type\":\"ListItem\",\"position\":2,\"name\":\"Afganistani nis sulme kund\u00ebr Pakistanit, raportohet p\u00ebr t\u00eb vrar\u00eb\"}]},{\"@type\":\"WebSite\",\"@id\":\"https:\/\/veritasinfo.org\/#website\",\"url\":\"https:\/\/veritasinfo.org\/\",\"name\":\"\",\"description\":\"\",\"potentialAction\":[{\"@type\":\"SearchAction\",\"target\":{\"@type\":\"EntryPoint\",\"urlTemplate\":\"https:\/\/veritasinfo.org\/?s={search_term_string}\"},\"query-input\":{\"@type\":\"PropertyValueSpecification\",\"valueRequired\":true,\"valueName\":\"search_term_string\"}}],\"inLanguage\":\"en-US\"},{\"@type\":\"Person\",\"@id\":\"https:\/\/veritasinfo.org\/#\/schema\/person\/fe199eede04c3937362892b7444747cc\",\"name\":\"US6\",\"image\":{\"@type\":\"ImageObject\",\"inLanguage\":\"en-US\",\"@id\":\"https:\/\/veritasinfo.org\/#\/schema\/person\/image\/\",\"url\":\"https:\/\/secure.gravatar.com\/avatar\/cb16c3c31c9d23b9b8c705964598220b3014e42ff51eb540ff23cefa3ae8c15f?s=96&d=mm&r=g\",\"contentUrl\":\"https:\/\/secure.gravatar.com\/avatar\/cb16c3c31c9d23b9b8c705964598220b3014e42ff51eb540ff23cefa3ae8c15f?s=96&d=mm&r=g\",\"caption\":\"US6\"},\"url\":\"https:\/\/veritasinfo.org\/?author=7\"}]}<\/script>\n<!-- \/ Yoast SEO plugin. -->","yoast_head_json":{"title":"Afganistani nis sulme kund\u00ebr Pakistanit, raportohet p\u00ebr t\u00eb vrar\u00eb -","robots":{"index":"index","follow":"follow","max-snippet":"max-snippet:-1","max-image-preview":"max-image-preview:large","max-video-preview":"max-video-preview:-1"},"canonical":"https:\/\/veritasinfo.org\/?p=34872","og_locale":"en_US","og_type":"article","og_title":"Afganistani nis sulme kund\u00ebr Pakistanit, raportohet p\u00ebr t\u00eb vrar\u00eb -","og_description":"Prishtin\u00eb, 27 shkurt 2026 07:16 Autoritetet talebane t\u00eb Afganistanit thon\u00eb se kan\u00eb nisur sulme kund\u00ebr pozicioneve ushtarake t\u00eb Pakistanit p\u00ebrgjat\u00eb kufirit t\u00eb tyre n\u00eb p\u00ebrgjigje","og_url":"https:\/\/veritasinfo.org\/?p=34872","article_published_time":"2026-02-27T06:18:51+00:00","og_image":[{"width":1010,"height":697,"url":"https:\/\/veritasinfo.org\/wp-content\/uploads\/2026\/02\/Screenshot_20260227_071818_Chrome.jpg","type":"image\/jpeg"}],"author":"US6","twitter_card":"summary_large_image","twitter_misc":{"Written by":"US6","Est. reading time":"2 minutes"},"schema":{"@context":"https:\/\/schema.org","@graph":[{"@type":"WebPage","@id":"https:\/\/veritasinfo.org\/?p=34872","url":"https:\/\/veritasinfo.org\/?p=34872","name":"Afganistani nis sulme kund\u00ebr Pakistanit, raportohet p\u00ebr t\u00eb vrar\u00eb -","isPartOf":{"@id":"https:\/\/veritasinfo.org\/#website"},"primaryImageOfPage":{"@id":"https:\/\/veritasinfo.org\/?p=34872#primaryimage"},"image":{"@id":"https:\/\/veritasinfo.org\/?p=34872#primaryimage"},"thumbnailUrl":"https:\/\/veritasinfo.org\/wp-content\/uploads\/2026\/02\/Screenshot_20260227_071818_Chrome.jpg","datePublished":"2026-02-27T06:18:51+00:00","author":{"@id":"https:\/\/veritasinfo.org\/#\/schema\/person\/fe199eede04c3937362892b7444747cc"},"breadcrumb":{"@id":"https:\/\/veritasinfo.org\/?p=34872#breadcrumb"},"inLanguage":"en-US","potentialAction":[{"@type":"ReadAction","target":["https:\/\/veritasinfo.org\/?p=34872"]}]},{"@type":"ImageObject","inLanguage":"en-US","@id":"https:\/\/veritasinfo.org\/?p=34872#primaryimage","url":"https:\/\/veritasinfo.org\/wp-content\/uploads\/2026\/02\/Screenshot_20260227_071818_Chrome.jpg","contentUrl":"https:\/\/veritasinfo.org\/wp-content\/uploads\/2026\/02\/Screenshot_20260227_071818_Chrome.jpg","width":1010,"height":697},{"@type":"BreadcrumbList","@id":"https:\/\/veritasinfo.org\/?p=34872#breadcrumb","itemListElement":[{"@type":"ListItem","position":1,"name":"Home","item":"https:\/\/veritasinfo.org\/"},{"@type":"ListItem","position":2,"name":"Afganistani nis sulme kund\u00ebr Pakistanit, raportohet p\u00ebr t\u00eb vrar\u00eb"}]},{"@type":"WebSite","@id":"https:\/\/veritasinfo.org\/#website","url":"https:\/\/veritasinfo.org\/","name":"","description":"","potentialAction":[{"@type":"SearchAction","target":{"@type":"EntryPoint","urlTemplate":"https:\/\/veritasinfo.org\/?s={search_term_string}"},"query-input":{"@type":"PropertyValueSpecification","valueRequired":true,"valueName":"search_term_string"}}],"inLanguage":"en-US"},{"@type":"Person","@id":"https:\/\/veritasinfo.org\/#\/schema\/person\/fe199eede04c3937362892b7444747cc","name":"US6","image":{"@type":"ImageObject","inLanguage":"en-US","@id":"https:\/\/veritasinfo.org\/#\/schema\/person\/image\/","url":"https:\/\/secure.gravatar.com\/avatar\/cb16c3c31c9d23b9b8c705964598220b3014e42ff51eb540ff23cefa3ae8c15f?s=96&d=mm&r=g","contentUrl":"https:\/\/secure.gravatar.com\/avatar\/cb16c3c31c9d23b9b8c705964598220b3014e42ff51eb540ff23cefa3ae8c15f?s=96&d=mm&r=g","caption":"US6"},"url":"https:\/\/veritasinfo.org\/?author=7"}]}},"featured_image_urls":{"full":["https:\/\/veritasinfo.org\/wp-content\/uploads\/2026\/02\/Screenshot_20260227_071818_Chrome.jpg",1010,697,false],"thumbnail":["https:\/\/veritasinfo.org\/wp-content\/uploads\/2026\/02\/Screenshot_20260227_071818_Chrome-150x150.jpg",150,150,true],"medium":["https:\/\/veritasinfo.org\/wp-content\/uploads\/2026\/02\/Screenshot_20260227_071818_Chrome-300x207.jpg",300,207,true],"medium_large":["https:\/\/veritasinfo.org\/wp-content\/uploads\/2026\/02\/Screenshot_20260227_071818_Chrome-768x530.jpg",640,442,true],"large":["https:\/\/veritasinfo.org\/wp-content\/uploads\/2026\/02\/Screenshot_20260227_071818_Chrome.jpg",640,442,false],"1536x1536":["https:\/\/veritasinfo.org\/wp-content\/uploads\/2026\/02\/Screenshot_20260227_071818_Chrome.jpg",1010,697,false],"2048x2048":["https:\/\/veritasinfo.org\/wp-content\/uploads\/2026\/02\/Screenshot_20260227_071818_Chrome.jpg",1010,697,false],"kreeti-slider-full":["https:\/\/veritasinfo.org\/wp-content\/uploads\/2026\/02\/Screenshot_20260227_071818_Chrome.jpg",1010,697,false],"kreeti-featured":["https:\/\/veritasinfo.org\/wp-content\/uploads\/2026\/02\/Screenshot_20260227_071818_Chrome.jpg",1010,697,false],"kreeti-medium":["https:\/\/veritasinfo.org\/wp-content\/uploads\/2026\/02\/Screenshot_20260227_071818_Chrome.jpg",720,497,false],"kreeti-medium-square":["https:\/\/veritasinfo.org\/wp-content\/uploads\/2026\/02\/Screenshot_20260227_071818_Chrome.jpg",350,242,false]},"author_info":{"info":["US6"]},"category_info":"<a href=\"https:\/\/veritasinfo.org\/?cat=72\" rel=\"category\">Bota<\/a>","tag_info":"Bota","comment_count":"0","_links":{"self":[{"href":"https:\/\/veritasinfo.org\/index.php?rest_route=\/wp\/v2\/posts\/34872","targetHints":{"allow":["GET"]}}],"collection":[{"href":"https:\/\/veritasinfo.org\/index.php?rest_route=\/wp\/v2\/posts"}],"about":[{"href":"https:\/\/veritasinfo.org\/index.php?rest_route=\/wp\/v2\/types\/post"}],"author":[{"embeddable":true,"href":"https:\/\/veritasinfo.org\/index.php?rest_route=\/wp\/v2\/users\/7"}],"replies":[{"embeddable":true,"href":"https:\/\/veritasinfo.org\/index.php?rest_route=%2Fwp%2Fv2%2Fcomments&post=34872"}],"version-history":[{"count":1,"href":"https:\/\/veritasinfo.org\/index.php?rest_route=\/wp\/v2\/posts\/34872\/revisions"}],"predecessor-version":[{"id":34874,"href":"https:\/\/veritasinfo.org\/index.php?rest_route=\/wp\/v2\/posts\/34872\/revisions\/34874"}],"wp:featuredmedia":[{"embeddable":true,"href":"https:\/\/veritasinfo.org\/index.php?rest_route=\/wp\/v2\/media\/34873"}],"wp:attachment":[{"href":"https:\/\/veritasinfo.org\/index.php?rest_route=%2Fwp%2Fv2%2Fmedia&parent=34872"}],"wp:term":[{"taxonomy":"category","embeddable":true,"href":"https:\/\/veritasinfo.org\/index.php?rest_route=%2Fwp%2Fv2%2Fcategories&post=34872"},{"taxonomy":"post_tag","embeddable":true,"href":"https:\/\/veritasinfo.org\/index.php?rest_route=%2Fwp%2Fv2%2Ftags&post=34872"}],"curies":[{"name":"wp","href":"https:\/\/api.w.org\/{rel}","templated":true}]}}