{"id":34807,"date":"2026-02-26T15:17:16","date_gmt":"2026-02-26T14:17:16","guid":{"rendered":"https:\/\/veritasinfo.org\/?p=34807"},"modified":"2026-02-26T15:17:16","modified_gmt":"2026-02-26T14:17:16","slug":"osmani-me-prattipatin-diskutuan-zhvillimet-e-fundit-ne-kosove","status":"publish","type":"post","link":"https:\/\/veritasinfo.org\/?p=34807","title":{"rendered":"Osmani me Prattipatin: Diskutuan zhvillimet e fundit n\u00eb Kosov\u00eb"},"content":{"rendered":"<p>Prishtin\u00eb 26 Shkurt 2026 15:16<\/p>\n<p>Presidentja e Republik\u00ebs s\u00eb Kosov\u00ebs, Vjosa Osmani, priti n\u00eb takim t\u00eb ngarkuar\u00ebn me pun\u00eb t\u00eb Shteteve t\u00eb Bashkuara t\u00eb Amerik\u00ebs n\u00eb Kosov\u00eb, znj. Anu Prattipati, me t\u00eb cil\u00ebn diskutoi p\u00ebr vizit\u00ebn e saj t\u00eb fundit n\u00eb SHBA dhe takimet me zyrtar\u00eb t\u00eb lart\u00eb t\u00eb administrat\u00ebs amerikane, zhvillimet e fundit n\u00eb vend, si dhe \u00e7\u00ebshtje t\u00eb ndryshme me interes t\u00eb p\u00ebrbashk\u00ebt.<\/p>\n<p>Presidentja Osmani shprehu edhe nj\u00ebher\u00eb mir\u00ebnjohje p\u00ebr ftes\u00ebn e Presidentit amerikan, Donald Trump, q\u00eb Kosova t\u00eb jet\u00eb shtet bashk\u00ebthemelues i Bordit t\u00eb Paqes, si dhe p\u00ebr garancat e dh\u00ebna p\u00ebr paqen dhe stabilitetin n\u00eb rajon, duke rikonfirmuar p\u00ebrkushtimin e Kosov\u00ebs p\u00ebr angazhim dhe kontribut t\u00eb vazhduesh\u00ebm.<\/p>\n<p>Ajo ve\u00e7oi po ashtu \u00e7\u00ebshtjet e diskutuara n\u00eb takimin me Sekretarin e Shtetit, Marco Rubio, duke theksuar diskutimet e fokusuara n\u00eb avancimin e partneritetit strategjik Kosov\u00eb\u2013SHBA, me theks n\u00eb sigurin\u00eb rajonale, diplomacin\u00eb, ekonomin\u00eb dhe mbrojtjen. Presidentja ritheksoi r\u00ebnd\u00ebsin\u00eb e pranis\u00eb ushtarake amerikane dhe t\u00eb aleat\u00ebve n\u00eb kuad\u00ebr t\u00eb NATO-s si faktor ky\u00e7 p\u00ebr stabilitetin, si dhe theksoi se an\u00ebtar\u00ebsimi i Kosov\u00ebs n\u00eb NATO mbetet objektiv strategjik p\u00ebr paqe afatgjat\u00eb.<\/p>\n<p>Me k\u00ebt\u00eb rast, Presidentja Osmani n\u00ebnvizoi s\u00ebrish r\u00ebnd\u00ebsin\u00eb e vijimit t\u00eb dialogut strategjik bilateral, duke theksuar se partneriteti me SHBA-t\u00eb \u00ebsht\u00eb interes jetik dhe ekzistencial p\u00ebr Republik\u00ebn e Kosov\u00ebs.<\/p>\n<p>Gjat\u00eb takimit u diskutua edhe p\u00ebr zhvillimet e fundit politike n\u00eb vend, me theks n\u00eb r\u00ebnd\u00ebsin\u00eb e p\u00ebrmbylljes s\u00eb proceseve kushtetuese dhe konsolidimit t\u00eb plot\u00eb institucional, n\u00eb funksion t\u00eb stabilitetit demokratik, zhvillimit t\u00eb vendit dhe adresimit t\u00eb nevojave t\u00eb qytetar\u00ebve.<\/p>\n<p>Duke folur p\u00ebr zhvillimet e fundit n\u00eb vend, Presidentja Osmani vuri n\u00eb pah edhe p\u00ebrmir\u00ebsimet e dukshme n\u00eb fush\u00ebn e siguris\u00eb dhe sundimit t\u00eb ligjit n\u00eb veri t\u00eb vendit, t\u00eb reflektuara n\u00eb raportet e fundit t\u00eb Policis\u00eb s\u00eb Kosov\u00ebs p\u00ebr rendin dhe ligjin gjat\u00eb vitit 2025. Sipas k\u00ebtyre t\u00eb dh\u00ebnave, konfirmohet nj\u00eb situat\u00eb duksh\u00ebm m\u00eb e qet\u00eb dhe m\u00eb e sigurt p\u00ebr t\u00eb gjith\u00eb qytetar\u00ebt n\u00eb at\u00eb pjes\u00eb t\u00eb vendit.<\/p>\n","protected":false},"excerpt":{"rendered":"<p>Prishtin\u00eb 26 Shkurt 2026 15:16 Presidentja e Republik\u00ebs s\u00eb Kosov\u00ebs, Vjosa Osmani, priti n\u00eb takim t\u00eb ngarkuar\u00ebn me pun\u00eb t\u00eb Shteteve t\u00eb Bashkuara t\u00eb Amerik\u00ebs<\/p>\n","protected":false},"author":6,"featured_media":34808,"comment_status":"open","ping_status":"open","sticky":false,"template":"","format":"standard","meta":{"footnotes":""},"categories":[60],"tags":[],"class_list":["post-34807","post","type-post","status-publish","format-standard","has-post-thumbnail","hentry","category-shoqerore-sq"],"yoast_head":"<!-- This site is optimized with the Yoast SEO plugin v25.3.1 - https:\/\/yoast.com\/wordpress\/plugins\/seo\/ -->\n<title>Osmani me Prattipatin: Diskutuan zhvillimet e fundit n\u00eb Kosov\u00eb -<\/title>\n<meta name=\"robots\" content=\"index, follow, max-snippet:-1, max-image-preview:large, max-video-preview:-1\" \/>\n<link rel=\"canonical\" href=\"https:\/\/veritasinfo.org\/?p=34807\" \/>\n<meta property=\"og:locale\" content=\"en_US\" \/>\n<meta property=\"og:type\" content=\"article\" \/>\n<meta property=\"og:title\" content=\"Osmani me Prattipatin: Diskutuan zhvillimet e fundit n\u00eb Kosov\u00eb -\" \/>\n<meta property=\"og:description\" content=\"Prishtin\u00eb 26 Shkurt 2026 15:16 Presidentja e Republik\u00ebs s\u00eb Kosov\u00ebs, Vjosa Osmani, priti n\u00eb takim t\u00eb ngarkuar\u00ebn me pun\u00eb t\u00eb Shteteve t\u00eb Bashkuara t\u00eb Amerik\u00ebs\" \/>\n<meta property=\"og:url\" content=\"https:\/\/veritasinfo.org\/?p=34807\" \/>\n<meta property=\"article:published_time\" content=\"2026-02-26T14:17:16+00:00\" \/>\n<meta property=\"og:image\" content=\"https:\/\/veritasinfo.org\/wp-content\/uploads\/2026\/02\/Screenshot-2026-02-26-144532.png\" \/>\n\t<meta property=\"og:image:width\" content=\"973\" \/>\n\t<meta property=\"og:image:height\" content=\"705\" \/>\n\t<meta property=\"og:image:type\" content=\"image\/png\" \/>\n<meta name=\"author\" content=\"US5\" \/>\n<meta name=\"twitter:card\" content=\"summary_large_image\" \/>\n<meta name=\"twitter:label1\" content=\"Written by\" \/>\n\t<meta name=\"twitter:data1\" content=\"US5\" \/>\n<script type=\"application\/ld+json\" class=\"yoast-schema-graph\">{\"@context\":\"https:\/\/schema.org\",\"@graph\":[{\"@type\":\"WebPage\",\"@id\":\"https:\/\/veritasinfo.org\/?p=34807\",\"url\":\"https:\/\/veritasinfo.org\/?p=34807\",\"name\":\"Osmani me Prattipatin: Diskutuan zhvillimet e fundit n\u00eb Kosov\u00eb -\",\"isPartOf\":{\"@id\":\"https:\/\/veritasinfo.org\/#website\"},\"primaryImageOfPage\":{\"@id\":\"https:\/\/veritasinfo.org\/?p=34807#primaryimage\"},\"image\":{\"@id\":\"https:\/\/veritasinfo.org\/?p=34807#primaryimage\"},\"thumbnailUrl\":\"https:\/\/veritasinfo.org\/wp-content\/uploads\/2026\/02\/Screenshot-2026-02-26-144532.png\",\"datePublished\":\"2026-02-26T14:17:16+00:00\",\"author\":{\"@id\":\"https:\/\/veritasinfo.org\/#\/schema\/person\/bc442336e35414d04494ab8fb45db4c6\"},\"breadcrumb\":{\"@id\":\"https:\/\/veritasinfo.org\/?p=34807#breadcrumb\"},\"inLanguage\":\"en-US\",\"potentialAction\":[{\"@type\":\"ReadAction\",\"target\":[\"https:\/\/veritasinfo.org\/?p=34807\"]}]},{\"@type\":\"ImageObject\",\"inLanguage\":\"en-US\",\"@id\":\"https:\/\/veritasinfo.org\/?p=34807#primaryimage\",\"url\":\"https:\/\/veritasinfo.org\/wp-content\/uploads\/2026\/02\/Screenshot-2026-02-26-144532.png\",\"contentUrl\":\"https:\/\/veritasinfo.org\/wp-content\/uploads\/2026\/02\/Screenshot-2026-02-26-144532.png\",\"width\":973,\"height\":705},{\"@type\":\"BreadcrumbList\",\"@id\":\"https:\/\/veritasinfo.org\/?p=34807#breadcrumb\",\"itemListElement\":[{\"@type\":\"ListItem\",\"position\":1,\"name\":\"Home\",\"item\":\"https:\/\/veritasinfo.org\/\"},{\"@type\":\"ListItem\",\"position\":2,\"name\":\"Osmani me Prattipatin: Diskutuan zhvillimet e fundit n\u00eb Kosov\u00eb\"}]},{\"@type\":\"WebSite\",\"@id\":\"https:\/\/veritasinfo.org\/#website\",\"url\":\"https:\/\/veritasinfo.org\/\",\"name\":\"\",\"description\":\"\",\"potentialAction\":[{\"@type\":\"SearchAction\",\"target\":{\"@type\":\"EntryPoint\",\"urlTemplate\":\"https:\/\/veritasinfo.org\/?s={search_term_string}\"},\"query-input\":{\"@type\":\"PropertyValueSpecification\",\"valueRequired\":true,\"valueName\":\"search_term_string\"}}],\"inLanguage\":\"en-US\"},{\"@type\":\"Person\",\"@id\":\"https:\/\/veritasinfo.org\/#\/schema\/person\/bc442336e35414d04494ab8fb45db4c6\",\"name\":\"US5\",\"image\":{\"@type\":\"ImageObject\",\"inLanguage\":\"en-US\",\"@id\":\"https:\/\/veritasinfo.org\/#\/schema\/person\/image\/\",\"url\":\"https:\/\/secure.gravatar.com\/avatar\/16a61e7272a0c5d001121ebb9e60e925d5816e4ac1e443ed3e640d9a6ae55d0c?s=96&d=mm&r=g\",\"contentUrl\":\"https:\/\/secure.gravatar.com\/avatar\/16a61e7272a0c5d001121ebb9e60e925d5816e4ac1e443ed3e640d9a6ae55d0c?s=96&d=mm&r=g\",\"caption\":\"US5\"},\"url\":\"https:\/\/veritasinfo.org\/?author=6\"}]}<\/script>\n<!-- \/ Yoast SEO plugin. -->","yoast_head_json":{"title":"Osmani me Prattipatin: Diskutuan zhvillimet e fundit n\u00eb Kosov\u00eb -","robots":{"index":"index","follow":"follow","max-snippet":"max-snippet:-1","max-image-preview":"max-image-preview:large","max-video-preview":"max-video-preview:-1"},"canonical":"https:\/\/veritasinfo.org\/?p=34807","og_locale":"en_US","og_type":"article","og_title":"Osmani me Prattipatin: Diskutuan zhvillimet e fundit n\u00eb Kosov\u00eb -","og_description":"Prishtin\u00eb 26 Shkurt 2026 15:16 Presidentja e Republik\u00ebs s\u00eb Kosov\u00ebs, Vjosa Osmani, priti n\u00eb takim t\u00eb ngarkuar\u00ebn me pun\u00eb t\u00eb Shteteve t\u00eb Bashkuara t\u00eb Amerik\u00ebs","og_url":"https:\/\/veritasinfo.org\/?p=34807","article_published_time":"2026-02-26T14:17:16+00:00","og_image":[{"width":973,"height":705,"url":"https:\/\/veritasinfo.org\/wp-content\/uploads\/2026\/02\/Screenshot-2026-02-26-144532.png","type":"image\/png"}],"author":"US5","twitter_card":"summary_large_image","twitter_misc":{"Written by":"US5"},"schema":{"@context":"https:\/\/schema.org","@graph":[{"@type":"WebPage","@id":"https:\/\/veritasinfo.org\/?p=34807","url":"https:\/\/veritasinfo.org\/?p=34807","name":"Osmani me Prattipatin: Diskutuan zhvillimet e fundit n\u00eb Kosov\u00eb -","isPartOf":{"@id":"https:\/\/veritasinfo.org\/#website"},"primaryImageOfPage":{"@id":"https:\/\/veritasinfo.org\/?p=34807#primaryimage"},"image":{"@id":"https:\/\/veritasinfo.org\/?p=34807#primaryimage"},"thumbnailUrl":"https:\/\/veritasinfo.org\/wp-content\/uploads\/2026\/02\/Screenshot-2026-02-26-144532.png","datePublished":"2026-02-26T14:17:16+00:00","author":{"@id":"https:\/\/veritasinfo.org\/#\/schema\/person\/bc442336e35414d04494ab8fb45db4c6"},"breadcrumb":{"@id":"https:\/\/veritasinfo.org\/?p=34807#breadcrumb"},"inLanguage":"en-US","potentialAction":[{"@type":"ReadAction","target":["https:\/\/veritasinfo.org\/?p=34807"]}]},{"@type":"ImageObject","inLanguage":"en-US","@id":"https:\/\/veritasinfo.org\/?p=34807#primaryimage","url":"https:\/\/veritasinfo.org\/wp-content\/uploads\/2026\/02\/Screenshot-2026-02-26-144532.png","contentUrl":"https:\/\/veritasinfo.org\/wp-content\/uploads\/2026\/02\/Screenshot-2026-02-26-144532.png","width":973,"height":705},{"@type":"BreadcrumbList","@id":"https:\/\/veritasinfo.org\/?p=34807#breadcrumb","itemListElement":[{"@type":"ListItem","position":1,"name":"Home","item":"https:\/\/veritasinfo.org\/"},{"@type":"ListItem","position":2,"name":"Osmani me Prattipatin: Diskutuan zhvillimet e fundit n\u00eb Kosov\u00eb"}]},{"@type":"WebSite","@id":"https:\/\/veritasinfo.org\/#website","url":"https:\/\/veritasinfo.org\/","name":"","description":"","potentialAction":[{"@type":"SearchAction","target":{"@type":"EntryPoint","urlTemplate":"https:\/\/veritasinfo.org\/?s={search_term_string}"},"query-input":{"@type":"PropertyValueSpecification","valueRequired":true,"valueName":"search_term_string"}}],"inLanguage":"en-US"},{"@type":"Person","@id":"https:\/\/veritasinfo.org\/#\/schema\/person\/bc442336e35414d04494ab8fb45db4c6","name":"US5","image":{"@type":"ImageObject","inLanguage":"en-US","@id":"https:\/\/veritasinfo.org\/#\/schema\/person\/image\/","url":"https:\/\/secure.gravatar.com\/avatar\/16a61e7272a0c5d001121ebb9e60e925d5816e4ac1e443ed3e640d9a6ae55d0c?s=96&d=mm&r=g","contentUrl":"https:\/\/secure.gravatar.com\/avatar\/16a61e7272a0c5d001121ebb9e60e925d5816e4ac1e443ed3e640d9a6ae55d0c?s=96&d=mm&r=g","caption":"US5"},"url":"https:\/\/veritasinfo.org\/?author=6"}]}},"featured_image_urls":{"full":["https:\/\/veritasinfo.org\/wp-content\/uploads\/2026\/02\/Screenshot-2026-02-26-144532.png",973,705,false],"thumbnail":["https:\/\/veritasinfo.org\/wp-content\/uploads\/2026\/02\/Screenshot-2026-02-26-144532-150x150.png",150,150,true],"medium":["https:\/\/veritasinfo.org\/wp-content\/uploads\/2026\/02\/Screenshot-2026-02-26-144532-300x217.png",300,217,true],"medium_large":["https:\/\/veritasinfo.org\/wp-content\/uploads\/2026\/02\/Screenshot-2026-02-26-144532-768x556.png",640,463,true],"large":["https:\/\/veritasinfo.org\/wp-content\/uploads\/2026\/02\/Screenshot-2026-02-26-144532.png",640,464,false],"1536x1536":["https:\/\/veritasinfo.org\/wp-content\/uploads\/2026\/02\/Screenshot-2026-02-26-144532.png",973,705,false],"2048x2048":["https:\/\/veritasinfo.org\/wp-content\/uploads\/2026\/02\/Screenshot-2026-02-26-144532.png",973,705,false],"kreeti-slider-full":["https:\/\/veritasinfo.org\/wp-content\/uploads\/2026\/02\/Screenshot-2026-02-26-144532.png",973,705,false],"kreeti-featured":["https:\/\/veritasinfo.org\/wp-content\/uploads\/2026\/02\/Screenshot-2026-02-26-144532.png",973,705,false],"kreeti-medium":["https:\/\/veritasinfo.org\/wp-content\/uploads\/2026\/02\/Screenshot-2026-02-26-144532.png",720,522,false],"kreeti-medium-square":["https:\/\/veritasinfo.org\/wp-content\/uploads\/2026\/02\/Screenshot-2026-02-26-144532.png",350,254,false]},"author_info":{"info":["US5"]},"category_info":"<a href=\"https:\/\/veritasinfo.org\/?cat=60\" rel=\"category\">Shoq\u00ebrore<\/a>","tag_info":"Shoq\u00ebrore","comment_count":"0","_links":{"self":[{"href":"https:\/\/veritasinfo.org\/index.php?rest_route=\/wp\/v2\/posts\/34807","targetHints":{"allow":["GET"]}}],"collection":[{"href":"https:\/\/veritasinfo.org\/index.php?rest_route=\/wp\/v2\/posts"}],"about":[{"href":"https:\/\/veritasinfo.org\/index.php?rest_route=\/wp\/v2\/types\/post"}],"author":[{"embeddable":true,"href":"https:\/\/veritasinfo.org\/index.php?rest_route=\/wp\/v2\/users\/6"}],"replies":[{"embeddable":true,"href":"https:\/\/veritasinfo.org\/index.php?rest_route=%2Fwp%2Fv2%2Fcomments&post=34807"}],"version-history":[{"count":1,"href":"https:\/\/veritasinfo.org\/index.php?rest_route=\/wp\/v2\/posts\/34807\/revisions"}],"predecessor-version":[{"id":34809,"href":"https:\/\/veritasinfo.org\/index.php?rest_route=\/wp\/v2\/posts\/34807\/revisions\/34809"}],"wp:featuredmedia":[{"embeddable":true,"href":"https:\/\/veritasinfo.org\/index.php?rest_route=\/wp\/v2\/media\/34808"}],"wp:attachment":[{"href":"https:\/\/veritasinfo.org\/index.php?rest_route=%2Fwp%2Fv2%2Fmedia&parent=34807"}],"wp:term":[{"taxonomy":"category","embeddable":true,"href":"https:\/\/veritasinfo.org\/index.php?rest_route=%2Fwp%2Fv2%2Fcategories&post=34807"},{"taxonomy":"post_tag","embeddable":true,"href":"https:\/\/veritasinfo.org\/index.php?rest_route=%2Fwp%2Fv2%2Ftags&post=34807"}],"curies":[{"name":"wp","href":"https:\/\/api.w.org\/{rel}","templated":true}]}}