{"id":3479,"date":"2025-07-12T07:20:19","date_gmt":"2025-07-12T05:20:19","guid":{"rendered":"https:\/\/veritasinfo.org\/?p=3479"},"modified":"2025-07-12T01:07:32","modified_gmt":"2025-07-11T23:07:32","slug":"alarm-nga-mjeket-pa-kufij-uria-dhe-kequshqyerja-ne-gaza-po-arrijne-permasa-katastrofike","status":"publish","type":"post","link":"https:\/\/veritasinfo.org\/?p=3479","title":{"rendered":"Alarm nga \u201cMjek\u00ebt pa Kufij\u201d: Uria dhe kequshqyerja n\u00eb Gaza po arrijn\u00eb p\u00ebrmasa katastrofike"},"content":{"rendered":"<p>Alarm nga \u201cMjek\u00ebt pa Kufij\u201d: Uria dhe kequshqyerja n\u00eb Gaza po arrijn\u00eb p\u00ebrmasa katastrofike<\/p>\n<p>Gaza, 11 korrik 2025 \u2013 Organizata nd\u00ebrkomb\u00ebtare humanitare \u201cMjek\u00ebt pa Kufij\u201d ka ngritur alarmin p\u00ebr nj\u00eb p\u00ebrkeq\u00ebsim t\u00eb skajsh\u00ebm t\u00eb kriz\u00ebs humanitare n\u00eb Rripin e Gaz\u00ebs, ku luftimet e pand\u00ebrprera po \u00e7ojn\u00eb n\u00eb nj\u00eb rritje dramatike t\u00eb rasteve me kequshqyerje akute, sidomos tek f\u00ebmij\u00ebt dhe grat\u00eb.<\/p>\n<p>Sipas raportimeve zyrtare, vet\u00ebm n\u00eb dy qendra sh\u00ebndet\u00ebsore \u2013 nj\u00eb n\u00eb qytetin e Gaz\u00ebs dhe tjetra n\u00eb Al-Mavasi \u2013 aktualisht po trajtohen mbi 700 gra shtatz\u00ebna dhe n\u00ebn\u00eb gjidh\u00ebn\u00ebse, si dhe af\u00ebr 500 f\u00ebmij\u00eb q\u00eb vuajn\u00eb nga kequshqyerja e r\u00ebnd\u00eb ose e moderuar.<\/p>\n<p>Shifrat jan\u00eb alarmante: n\u00eb qytetin e Gaz\u00ebs, rastet e kequshqyerjes jan\u00eb kat\u00ebrfishuar brenda vet\u00ebm dy muajsh, duke kaluar nga 293 raste n\u00eb maj, n\u00eb 983 raste n\u00eb fillim t\u00eb korrikut. Prej tyre, mbi 300 jan\u00eb foshnja t\u00eb mosh\u00ebs 6 deri n\u00eb 23 muaj.<\/p>\n<p>Organizata thekson se kjo situat\u00eb k\u00ebrkon nd\u00ebrhyrje t\u00eb menj\u00ebhershme dhe ndihm\u00eb humanitare t\u00eb p\u00ebrforcuar, p\u00ebr t\u00eb parandaluar nj\u00eb katastrof\u00eb edhe m\u00eb t\u00eb thell\u00eb dhe p\u00ebr t\u00eb shp\u00ebtuar jet\u00eb n\u00eb nj\u00eb zon\u00eb q\u00eb ndodhet n\u00ebn bresh\u00ebrin\u00eb e konfliktit t\u00eb armatosur.<\/p>\n","protected":false},"excerpt":{"rendered":"<p>Alarm nga \u201cMjek\u00ebt pa Kufij\u201d: Uria dhe kequshqyerja n\u00eb Gaza po arrijn\u00eb p\u00ebrmasa katastrofike Gaza, 11 korrik 2025 \u2013 Organizata nd\u00ebrkomb\u00ebtare humanitare \u201cMjek\u00ebt pa Kufij\u201d<\/p>\n","protected":false},"author":1,"featured_media":3483,"comment_status":"open","ping_status":"open","sticky":false,"template":"","format":"standard","meta":{"footnotes":""},"categories":[72],"tags":[],"class_list":["post-3479","post","type-post","status-publish","format-standard","has-post-thumbnail","hentry","category-bota"],"yoast_head":"<!-- This site is optimized with the Yoast SEO plugin v25.3.1 - https:\/\/yoast.com\/wordpress\/plugins\/seo\/ -->\n<title>Alarm nga \u201cMjek\u00ebt pa Kufij\u201d: Uria dhe kequshqyerja n\u00eb Gaza po arrijn\u00eb p\u00ebrmasa katastrofike -<\/title>\n<meta name=\"robots\" content=\"index, follow, max-snippet:-1, max-image-preview:large, max-video-preview:-1\" \/>\n<link rel=\"canonical\" href=\"https:\/\/veritasinfo.org\/?p=3479\" \/>\n<meta property=\"og:locale\" content=\"en_US\" \/>\n<meta property=\"og:type\" content=\"article\" \/>\n<meta property=\"og:title\" content=\"Alarm nga \u201cMjek\u00ebt pa Kufij\u201d: Uria dhe kequshqyerja n\u00eb Gaza po arrijn\u00eb p\u00ebrmasa katastrofike -\" \/>\n<meta property=\"og:description\" content=\"Alarm nga \u201cMjek\u00ebt pa Kufij\u201d: Uria dhe kequshqyerja n\u00eb Gaza po arrijn\u00eb p\u00ebrmasa katastrofike Gaza, 11 korrik 2025 \u2013 Organizata nd\u00ebrkomb\u00ebtare humanitare \u201cMjek\u00ebt pa Kufij\u201d\" \/>\n<meta property=\"og:url\" content=\"https:\/\/veritasinfo.org\/?p=3479\" \/>\n<meta property=\"article:published_time\" content=\"2025-07-12T05:20:19+00:00\" \/>\n<meta property=\"og:image\" content=\"https:\/\/veritasinfo.org\/wp-content\/uploads\/2025\/07\/gaza-vojska-izrael-napad-palestina-aa-8okt23-7.webp\" \/>\n\t<meta property=\"og:image:width\" content=\"1098\" \/>\n\t<meta property=\"og:image:height\" content=\"732\" \/>\n\t<meta property=\"og:image:type\" content=\"image\/webp\" \/>\n<meta name=\"author\" content=\"admin\" \/>\n<meta name=\"twitter:card\" content=\"summary_large_image\" \/>\n<meta name=\"twitter:label1\" content=\"Written by\" \/>\n\t<meta name=\"twitter:data1\" content=\"admin\" \/>\n\t<meta name=\"twitter:label2\" content=\"Est. reading time\" \/>\n\t<meta name=\"twitter:data2\" content=\"1 minute\" \/>\n<script type=\"application\/ld+json\" class=\"yoast-schema-graph\">{\"@context\":\"https:\/\/schema.org\",\"@graph\":[{\"@type\":\"WebPage\",\"@id\":\"https:\/\/veritasinfo.org\/?p=3479\",\"url\":\"https:\/\/veritasinfo.org\/?p=3479\",\"name\":\"Alarm nga \u201cMjek\u00ebt pa Kufij\u201d: Uria dhe kequshqyerja n\u00eb Gaza po arrijn\u00eb p\u00ebrmasa katastrofike -\",\"isPartOf\":{\"@id\":\"https:\/\/veritasinfo.org\/#website\"},\"primaryImageOfPage\":{\"@id\":\"https:\/\/veritasinfo.org\/?p=3479#primaryimage\"},\"image\":{\"@id\":\"https:\/\/veritasinfo.org\/?p=3479#primaryimage\"},\"thumbnailUrl\":\"https:\/\/veritasinfo.org\/wp-content\/uploads\/2025\/07\/gaza-vojska-izrael-napad-palestina-aa-8okt23-7.webp\",\"datePublished\":\"2025-07-12T05:20:19+00:00\",\"author\":{\"@id\":\"https:\/\/veritasinfo.org\/#\/schema\/person\/7701f8c088bece422266b100a712374f\"},\"breadcrumb\":{\"@id\":\"https:\/\/veritasinfo.org\/?p=3479#breadcrumb\"},\"inLanguage\":\"en-US\",\"potentialAction\":[{\"@type\":\"ReadAction\",\"target\":[\"https:\/\/veritasinfo.org\/?p=3479\"]}]},{\"@type\":\"ImageObject\",\"inLanguage\":\"en-US\",\"@id\":\"https:\/\/veritasinfo.org\/?p=3479#primaryimage\",\"url\":\"https:\/\/veritasinfo.org\/wp-content\/uploads\/2025\/07\/gaza-vojska-izrael-napad-palestina-aa-8okt23-7.webp\",\"contentUrl\":\"https:\/\/veritasinfo.org\/wp-content\/uploads\/2025\/07\/gaza-vojska-izrael-napad-palestina-aa-8okt23-7.webp\",\"width\":1098,\"height\":732},{\"@type\":\"BreadcrumbList\",\"@id\":\"https:\/\/veritasinfo.org\/?p=3479#breadcrumb\",\"itemListElement\":[{\"@type\":\"ListItem\",\"position\":1,\"name\":\"Home\",\"item\":\"https:\/\/veritasinfo.org\/\"},{\"@type\":\"ListItem\",\"position\":2,\"name\":\"Alarm nga \u201cMjek\u00ebt pa Kufij\u201d: Uria dhe kequshqyerja n\u00eb Gaza po arrijn\u00eb p\u00ebrmasa katastrofike\"}]},{\"@type\":\"WebSite\",\"@id\":\"https:\/\/veritasinfo.org\/#website\",\"url\":\"https:\/\/veritasinfo.org\/\",\"name\":\"\",\"description\":\"\",\"potentialAction\":[{\"@type\":\"SearchAction\",\"target\":{\"@type\":\"EntryPoint\",\"urlTemplate\":\"https:\/\/veritasinfo.org\/?s={search_term_string}\"},\"query-input\":{\"@type\":\"PropertyValueSpecification\",\"valueRequired\":true,\"valueName\":\"search_term_string\"}}],\"inLanguage\":\"en-US\"},{\"@type\":\"Person\",\"@id\":\"https:\/\/veritasinfo.org\/#\/schema\/person\/7701f8c088bece422266b100a712374f\",\"name\":\"admin\",\"image\":{\"@type\":\"ImageObject\",\"inLanguage\":\"en-US\",\"@id\":\"https:\/\/veritasinfo.org\/#\/schema\/person\/image\/\",\"url\":\"https:\/\/secure.gravatar.com\/avatar\/ea53aa3bf6c9a12d5fde8ce4deff43fef3885ae33cf60184161a50d6987cfd2f?s=96&d=mm&r=g\",\"contentUrl\":\"https:\/\/secure.gravatar.com\/avatar\/ea53aa3bf6c9a12d5fde8ce4deff43fef3885ae33cf60184161a50d6987cfd2f?s=96&d=mm&r=g\",\"caption\":\"admin\"},\"sameAs\":[\"https:\/\/veritasinfo.org\"],\"url\":\"https:\/\/veritasinfo.org\/?author=1\"}]}<\/script>\n<!-- \/ Yoast SEO plugin. -->","yoast_head_json":{"title":"Alarm nga \u201cMjek\u00ebt pa Kufij\u201d: Uria dhe kequshqyerja n\u00eb Gaza po arrijn\u00eb p\u00ebrmasa katastrofike -","robots":{"index":"index","follow":"follow","max-snippet":"max-snippet:-1","max-image-preview":"max-image-preview:large","max-video-preview":"max-video-preview:-1"},"canonical":"https:\/\/veritasinfo.org\/?p=3479","og_locale":"en_US","og_type":"article","og_title":"Alarm nga \u201cMjek\u00ebt pa Kufij\u201d: Uria dhe kequshqyerja n\u00eb Gaza po arrijn\u00eb p\u00ebrmasa katastrofike -","og_description":"Alarm nga \u201cMjek\u00ebt pa Kufij\u201d: Uria dhe kequshqyerja n\u00eb Gaza po arrijn\u00eb p\u00ebrmasa katastrofike Gaza, 11 korrik 2025 \u2013 Organizata nd\u00ebrkomb\u00ebtare humanitare \u201cMjek\u00ebt pa Kufij\u201d","og_url":"https:\/\/veritasinfo.org\/?p=3479","article_published_time":"2025-07-12T05:20:19+00:00","og_image":[{"width":1098,"height":732,"url":"https:\/\/veritasinfo.org\/wp-content\/uploads\/2025\/07\/gaza-vojska-izrael-napad-palestina-aa-8okt23-7.webp","type":"image\/webp"}],"author":"admin","twitter_card":"summary_large_image","twitter_misc":{"Written by":"admin","Est. reading time":"1 minute"},"schema":{"@context":"https:\/\/schema.org","@graph":[{"@type":"WebPage","@id":"https:\/\/veritasinfo.org\/?p=3479","url":"https:\/\/veritasinfo.org\/?p=3479","name":"Alarm nga \u201cMjek\u00ebt pa Kufij\u201d: Uria dhe kequshqyerja n\u00eb Gaza po arrijn\u00eb p\u00ebrmasa katastrofike -","isPartOf":{"@id":"https:\/\/veritasinfo.org\/#website"},"primaryImageOfPage":{"@id":"https:\/\/veritasinfo.org\/?p=3479#primaryimage"},"image":{"@id":"https:\/\/veritasinfo.org\/?p=3479#primaryimage"},"thumbnailUrl":"https:\/\/veritasinfo.org\/wp-content\/uploads\/2025\/07\/gaza-vojska-izrael-napad-palestina-aa-8okt23-7.webp","datePublished":"2025-07-12T05:20:19+00:00","author":{"@id":"https:\/\/veritasinfo.org\/#\/schema\/person\/7701f8c088bece422266b100a712374f"},"breadcrumb":{"@id":"https:\/\/veritasinfo.org\/?p=3479#breadcrumb"},"inLanguage":"en-US","potentialAction":[{"@type":"ReadAction","target":["https:\/\/veritasinfo.org\/?p=3479"]}]},{"@type":"ImageObject","inLanguage":"en-US","@id":"https:\/\/veritasinfo.org\/?p=3479#primaryimage","url":"https:\/\/veritasinfo.org\/wp-content\/uploads\/2025\/07\/gaza-vojska-izrael-napad-palestina-aa-8okt23-7.webp","contentUrl":"https:\/\/veritasinfo.org\/wp-content\/uploads\/2025\/07\/gaza-vojska-izrael-napad-palestina-aa-8okt23-7.webp","width":1098,"height":732},{"@type":"BreadcrumbList","@id":"https:\/\/veritasinfo.org\/?p=3479#breadcrumb","itemListElement":[{"@type":"ListItem","position":1,"name":"Home","item":"https:\/\/veritasinfo.org\/"},{"@type":"ListItem","position":2,"name":"Alarm nga \u201cMjek\u00ebt pa Kufij\u201d: Uria dhe kequshqyerja n\u00eb Gaza po arrijn\u00eb p\u00ebrmasa katastrofike"}]},{"@type":"WebSite","@id":"https:\/\/veritasinfo.org\/#website","url":"https:\/\/veritasinfo.org\/","name":"","description":"","potentialAction":[{"@type":"SearchAction","target":{"@type":"EntryPoint","urlTemplate":"https:\/\/veritasinfo.org\/?s={search_term_string}"},"query-input":{"@type":"PropertyValueSpecification","valueRequired":true,"valueName":"search_term_string"}}],"inLanguage":"en-US"},{"@type":"Person","@id":"https:\/\/veritasinfo.org\/#\/schema\/person\/7701f8c088bece422266b100a712374f","name":"admin","image":{"@type":"ImageObject","inLanguage":"en-US","@id":"https:\/\/veritasinfo.org\/#\/schema\/person\/image\/","url":"https:\/\/secure.gravatar.com\/avatar\/ea53aa3bf6c9a12d5fde8ce4deff43fef3885ae33cf60184161a50d6987cfd2f?s=96&d=mm&r=g","contentUrl":"https:\/\/secure.gravatar.com\/avatar\/ea53aa3bf6c9a12d5fde8ce4deff43fef3885ae33cf60184161a50d6987cfd2f?s=96&d=mm&r=g","caption":"admin"},"sameAs":["https:\/\/veritasinfo.org"],"url":"https:\/\/veritasinfo.org\/?author=1"}]}},"featured_image_urls":{"full":["https:\/\/veritasinfo.org\/wp-content\/uploads\/2025\/07\/gaza-vojska-izrael-napad-palestina-aa-8okt23-7.webp",1098,732,false],"thumbnail":["https:\/\/veritasinfo.org\/wp-content\/uploads\/2025\/07\/gaza-vojska-izrael-napad-palestina-aa-8okt23-7-150x150.webp",150,150,true],"medium":["https:\/\/veritasinfo.org\/wp-content\/uploads\/2025\/07\/gaza-vojska-izrael-napad-palestina-aa-8okt23-7-300x200.webp",300,200,true],"medium_large":["https:\/\/veritasinfo.org\/wp-content\/uploads\/2025\/07\/gaza-vojska-izrael-napad-palestina-aa-8okt23-7-768x512.webp",640,427,true],"large":["https:\/\/veritasinfo.org\/wp-content\/uploads\/2025\/07\/gaza-vojska-izrael-napad-palestina-aa-8okt23-7-1024x683.webp",640,427,true],"1536x1536":["https:\/\/veritasinfo.org\/wp-content\/uploads\/2025\/07\/gaza-vojska-izrael-napad-palestina-aa-8okt23-7.webp",1098,732,false],"2048x2048":["https:\/\/veritasinfo.org\/wp-content\/uploads\/2025\/07\/gaza-vojska-izrael-napad-palestina-aa-8okt23-7.webp",1098,732,false],"kreeti-slider-full":["https:\/\/veritasinfo.org\/wp-content\/uploads\/2025\/07\/gaza-vojska-izrael-napad-palestina-aa-8okt23-7.webp",1080,720,false],"kreeti-featured":["https:\/\/veritasinfo.org\/wp-content\/uploads\/2025\/07\/gaza-vojska-izrael-napad-palestina-aa-8okt23-7.webp",1024,683,false],"kreeti-medium":["https:\/\/veritasinfo.org\/wp-content\/uploads\/2025\/07\/gaza-vojska-izrael-napad-palestina-aa-8okt23-7.webp",720,480,false],"kreeti-medium-square":["https:\/\/veritasinfo.org\/wp-content\/uploads\/2025\/07\/gaza-vojska-izrael-napad-palestina-aa-8okt23-7.webp",350,233,false]},"author_info":{"info":["admin"]},"category_info":"<a href=\"https:\/\/veritasinfo.org\/?cat=72\" rel=\"category\">Bota<\/a>","tag_info":"Bota","comment_count":"0","_links":{"self":[{"href":"https:\/\/veritasinfo.org\/index.php?rest_route=\/wp\/v2\/posts\/3479","targetHints":{"allow":["GET"]}}],"collection":[{"href":"https:\/\/veritasinfo.org\/index.php?rest_route=\/wp\/v2\/posts"}],"about":[{"href":"https:\/\/veritasinfo.org\/index.php?rest_route=\/wp\/v2\/types\/post"}],"author":[{"embeddable":true,"href":"https:\/\/veritasinfo.org\/index.php?rest_route=\/wp\/v2\/users\/1"}],"replies":[{"embeddable":true,"href":"https:\/\/veritasinfo.org\/index.php?rest_route=%2Fwp%2Fv2%2Fcomments&post=3479"}],"version-history":[{"count":1,"href":"https:\/\/veritasinfo.org\/index.php?rest_route=\/wp\/v2\/posts\/3479\/revisions"}],"predecessor-version":[{"id":3484,"href":"https:\/\/veritasinfo.org\/index.php?rest_route=\/wp\/v2\/posts\/3479\/revisions\/3484"}],"wp:featuredmedia":[{"embeddable":true,"href":"https:\/\/veritasinfo.org\/index.php?rest_route=\/wp\/v2\/media\/3483"}],"wp:attachment":[{"href":"https:\/\/veritasinfo.org\/index.php?rest_route=%2Fwp%2Fv2%2Fmedia&parent=3479"}],"wp:term":[{"taxonomy":"category","embeddable":true,"href":"https:\/\/veritasinfo.org\/index.php?rest_route=%2Fwp%2Fv2%2Fcategories&post=3479"},{"taxonomy":"post_tag","embeddable":true,"href":"https:\/\/veritasinfo.org\/index.php?rest_route=%2Fwp%2Fv2%2Ftags&post=3479"}],"curies":[{"name":"wp","href":"https:\/\/api.w.org\/{rel}","templated":true}]}}