{"id":34789,"date":"2026-02-26T14:13:58","date_gmt":"2026-02-26T13:13:58","guid":{"rendered":"https:\/\/veritasinfo.org\/?p=34789"},"modified":"2026-02-26T14:13:58","modified_gmt":"2026-02-26T13:13:58","slug":"svecla-qendrueshmeria-institucionale-ka-ndikuar-ne-rritjen-e-sigurise","status":"publish","type":"post","link":"https:\/\/veritasinfo.org\/?p=34789","title":{"rendered":"Sve\u00e7la: Q\u00ebndrueshm\u00ebria institucionale ka ndikuar n\u00eb rritjen e siguris\u00eb"},"content":{"rendered":"<p>Prishtin\u00eb 26 Shkurt 2026 14:12<\/p>\n<p>Ministar unutra\u0161njih poslova, Xhelal Sve\u00e7la, izjavio je da Kosovo i dalje zauzima prvo mjesto na Zapadnom Balkanu po pitanju sigurnosti.<\/p>\n<p>Na osnovu izvje\u0161taja &#8220;SecuriMeter 2025&#8221; Vije\u0107a za regionalnu saradnju (RCC), Sve\u00e7la ka\u017ee da se Kosovo nalazi na najvi\u0161oj razini percepcije osobne sigurnosti u regiji.<\/p>\n<p>\u201e64% gra\u0111ana izjavilo je da se osje\u0107aju &#8216;vrlo sigurno&#8217; ili &#8216;prili\u010dno sigurno&#8217; u svakodnevnom \u017eivotu, \u0161to je najve\u0107i postotak me\u0111u \u0161est zemalja u regiji\u201c, napisao je Sve\u00e7la.<\/p>\n<p>Prema rije\u010dima ministra unutra\u0161njih poslova, ova potvrda povjerenja u odbrambene i sigurnosne institucije pokazatelj je kontinuirane podr\u0161ke Vlade vojsci i policiji, podr\u0161ke koja se ogleda u ja\u010danju njihovih kapaciteta i pove\u0107anju njihove efikasnosti u slu\u017ebi gra\u0111ana.<\/p>\n<p>\u201eS druge strane, to tako\u0111er svjedo\u010di o kontinuiranom porastu povjerenja i sigurnosti gra\u0111ana prema javnim institucijama u cijeloj na\u0161oj vladi. Institucionalna stabilnost pozitivno je utjecala na pove\u0107anje sigurnosti, borbu protiv negativnih pojava i unapre\u0111enje demokratskog napretka. Kao rezultat toga, 80,5% gra\u0111ana izjavilo je da ne \u017eele emigrirati, \u0161to je procjena koja se razlikuje od prethodnih godina\u201c, napisao je.<\/p>\n<p>Sve\u00e7la je \u010destitao slu\u017ebenicima svih institucija na ovoj procjeni, kao i na njihovoj predanosti i profesionalizmu u slu\u017ebi Republike i svih gra\u0111ana.<\/p>\n","protected":false},"excerpt":{"rendered":"<p>Prishtin\u00eb 26 Shkurt 2026 14:12 Ministar unutra\u0161njih poslova, Xhelal Sve\u00e7la, izjavio je da Kosovo i dalje zauzima prvo mjesto na Zapadnom Balkanu po pitanju sigurnosti.<\/p>\n","protected":false},"author":6,"featured_media":34790,"comment_status":"open","ping_status":"open","sticky":false,"template":"","format":"standard","meta":{"footnotes":""},"categories":[60],"tags":[],"class_list":["post-34789","post","type-post","status-publish","format-standard","has-post-thumbnail","hentry","category-shoqerore-sq"],"yoast_head":"<!-- This site is optimized with the Yoast SEO plugin v25.3.1 - https:\/\/yoast.com\/wordpress\/plugins\/seo\/ -->\n<title>Sve\u00e7la: Q\u00ebndrueshm\u00ebria institucionale ka ndikuar n\u00eb rritjen e siguris\u00eb -<\/title>\n<meta name=\"robots\" content=\"index, follow, max-snippet:-1, max-image-preview:large, max-video-preview:-1\" \/>\n<link rel=\"canonical\" href=\"https:\/\/veritasinfo.org\/?p=34789\" \/>\n<meta property=\"og:locale\" content=\"en_US\" \/>\n<meta property=\"og:type\" content=\"article\" \/>\n<meta property=\"og:title\" content=\"Sve\u00e7la: Q\u00ebndrueshm\u00ebria institucionale ka ndikuar n\u00eb rritjen e siguris\u00eb -\" \/>\n<meta property=\"og:description\" content=\"Prishtin\u00eb 26 Shkurt 2026 14:12 Ministar unutra\u0161njih poslova, Xhelal Sve\u00e7la, izjavio je da Kosovo i dalje zauzima prvo mjesto na Zapadnom Balkanu po pitanju sigurnosti.\" \/>\n<meta property=\"og:url\" content=\"https:\/\/veritasinfo.org\/?p=34789\" \/>\n<meta property=\"article:published_time\" content=\"2026-02-26T13:13:58+00:00\" \/>\n<meta property=\"og:image\" content=\"https:\/\/veritasinfo.org\/wp-content\/uploads\/2026\/02\/images-25.jpeg\" \/>\n\t<meta property=\"og:image:width\" content=\"300\" \/>\n\t<meta property=\"og:image:height\" content=\"168\" \/>\n\t<meta property=\"og:image:type\" content=\"image\/jpeg\" \/>\n<meta name=\"author\" content=\"US5\" \/>\n<meta name=\"twitter:card\" content=\"summary_large_image\" \/>\n<meta name=\"twitter:label1\" content=\"Written by\" \/>\n\t<meta name=\"twitter:data1\" content=\"US5\" \/>\n\t<meta name=\"twitter:label2\" content=\"Est. reading time\" \/>\n\t<meta name=\"twitter:data2\" content=\"1 minute\" \/>\n<script type=\"application\/ld+json\" class=\"yoast-schema-graph\">{\"@context\":\"https:\/\/schema.org\",\"@graph\":[{\"@type\":\"WebPage\",\"@id\":\"https:\/\/veritasinfo.org\/?p=34789\",\"url\":\"https:\/\/veritasinfo.org\/?p=34789\",\"name\":\"Sve\u00e7la: Q\u00ebndrueshm\u00ebria institucionale ka ndikuar n\u00eb rritjen e siguris\u00eb -\",\"isPartOf\":{\"@id\":\"https:\/\/veritasinfo.org\/#website\"},\"primaryImageOfPage\":{\"@id\":\"https:\/\/veritasinfo.org\/?p=34789#primaryimage\"},\"image\":{\"@id\":\"https:\/\/veritasinfo.org\/?p=34789#primaryimage\"},\"thumbnailUrl\":\"https:\/\/veritasinfo.org\/wp-content\/uploads\/2026\/02\/images-25.jpeg\",\"datePublished\":\"2026-02-26T13:13:58+00:00\",\"author\":{\"@id\":\"https:\/\/veritasinfo.org\/#\/schema\/person\/bc442336e35414d04494ab8fb45db4c6\"},\"breadcrumb\":{\"@id\":\"https:\/\/veritasinfo.org\/?p=34789#breadcrumb\"},\"inLanguage\":\"en-US\",\"potentialAction\":[{\"@type\":\"ReadAction\",\"target\":[\"https:\/\/veritasinfo.org\/?p=34789\"]}]},{\"@type\":\"ImageObject\",\"inLanguage\":\"en-US\",\"@id\":\"https:\/\/veritasinfo.org\/?p=34789#primaryimage\",\"url\":\"https:\/\/veritasinfo.org\/wp-content\/uploads\/2026\/02\/images-25.jpeg\",\"contentUrl\":\"https:\/\/veritasinfo.org\/wp-content\/uploads\/2026\/02\/images-25.jpeg\",\"width\":300,\"height\":168},{\"@type\":\"BreadcrumbList\",\"@id\":\"https:\/\/veritasinfo.org\/?p=34789#breadcrumb\",\"itemListElement\":[{\"@type\":\"ListItem\",\"position\":1,\"name\":\"Home\",\"item\":\"https:\/\/veritasinfo.org\/\"},{\"@type\":\"ListItem\",\"position\":2,\"name\":\"Sve\u00e7la: Q\u00ebndrueshm\u00ebria institucionale ka ndikuar n\u00eb rritjen e siguris\u00eb\"}]},{\"@type\":\"WebSite\",\"@id\":\"https:\/\/veritasinfo.org\/#website\",\"url\":\"https:\/\/veritasinfo.org\/\",\"name\":\"\",\"description\":\"\",\"potentialAction\":[{\"@type\":\"SearchAction\",\"target\":{\"@type\":\"EntryPoint\",\"urlTemplate\":\"https:\/\/veritasinfo.org\/?s={search_term_string}\"},\"query-input\":{\"@type\":\"PropertyValueSpecification\",\"valueRequired\":true,\"valueName\":\"search_term_string\"}}],\"inLanguage\":\"en-US\"},{\"@type\":\"Person\",\"@id\":\"https:\/\/veritasinfo.org\/#\/schema\/person\/bc442336e35414d04494ab8fb45db4c6\",\"name\":\"US5\",\"image\":{\"@type\":\"ImageObject\",\"inLanguage\":\"en-US\",\"@id\":\"https:\/\/veritasinfo.org\/#\/schema\/person\/image\/\",\"url\":\"https:\/\/secure.gravatar.com\/avatar\/16a61e7272a0c5d001121ebb9e60e925d5816e4ac1e443ed3e640d9a6ae55d0c?s=96&d=mm&r=g\",\"contentUrl\":\"https:\/\/secure.gravatar.com\/avatar\/16a61e7272a0c5d001121ebb9e60e925d5816e4ac1e443ed3e640d9a6ae55d0c?s=96&d=mm&r=g\",\"caption\":\"US5\"},\"url\":\"https:\/\/veritasinfo.org\/?author=6\"}]}<\/script>\n<!-- \/ Yoast SEO plugin. -->","yoast_head_json":{"title":"Sve\u00e7la: Q\u00ebndrueshm\u00ebria institucionale ka ndikuar n\u00eb rritjen e siguris\u00eb -","robots":{"index":"index","follow":"follow","max-snippet":"max-snippet:-1","max-image-preview":"max-image-preview:large","max-video-preview":"max-video-preview:-1"},"canonical":"https:\/\/veritasinfo.org\/?p=34789","og_locale":"en_US","og_type":"article","og_title":"Sve\u00e7la: Q\u00ebndrueshm\u00ebria institucionale ka ndikuar n\u00eb rritjen e siguris\u00eb -","og_description":"Prishtin\u00eb 26 Shkurt 2026 14:12 Ministar unutra\u0161njih poslova, Xhelal Sve\u00e7la, izjavio je da Kosovo i dalje zauzima prvo mjesto na Zapadnom Balkanu po pitanju sigurnosti.","og_url":"https:\/\/veritasinfo.org\/?p=34789","article_published_time":"2026-02-26T13:13:58+00:00","og_image":[{"width":300,"height":168,"url":"https:\/\/veritasinfo.org\/wp-content\/uploads\/2026\/02\/images-25.jpeg","type":"image\/jpeg"}],"author":"US5","twitter_card":"summary_large_image","twitter_misc":{"Written by":"US5","Est. reading time":"1 minute"},"schema":{"@context":"https:\/\/schema.org","@graph":[{"@type":"WebPage","@id":"https:\/\/veritasinfo.org\/?p=34789","url":"https:\/\/veritasinfo.org\/?p=34789","name":"Sve\u00e7la: Q\u00ebndrueshm\u00ebria institucionale ka ndikuar n\u00eb rritjen e siguris\u00eb -","isPartOf":{"@id":"https:\/\/veritasinfo.org\/#website"},"primaryImageOfPage":{"@id":"https:\/\/veritasinfo.org\/?p=34789#primaryimage"},"image":{"@id":"https:\/\/veritasinfo.org\/?p=34789#primaryimage"},"thumbnailUrl":"https:\/\/veritasinfo.org\/wp-content\/uploads\/2026\/02\/images-25.jpeg","datePublished":"2026-02-26T13:13:58+00:00","author":{"@id":"https:\/\/veritasinfo.org\/#\/schema\/person\/bc442336e35414d04494ab8fb45db4c6"},"breadcrumb":{"@id":"https:\/\/veritasinfo.org\/?p=34789#breadcrumb"},"inLanguage":"en-US","potentialAction":[{"@type":"ReadAction","target":["https:\/\/veritasinfo.org\/?p=34789"]}]},{"@type":"ImageObject","inLanguage":"en-US","@id":"https:\/\/veritasinfo.org\/?p=34789#primaryimage","url":"https:\/\/veritasinfo.org\/wp-content\/uploads\/2026\/02\/images-25.jpeg","contentUrl":"https:\/\/veritasinfo.org\/wp-content\/uploads\/2026\/02\/images-25.jpeg","width":300,"height":168},{"@type":"BreadcrumbList","@id":"https:\/\/veritasinfo.org\/?p=34789#breadcrumb","itemListElement":[{"@type":"ListItem","position":1,"name":"Home","item":"https:\/\/veritasinfo.org\/"},{"@type":"ListItem","position":2,"name":"Sve\u00e7la: Q\u00ebndrueshm\u00ebria institucionale ka ndikuar n\u00eb rritjen e siguris\u00eb"}]},{"@type":"WebSite","@id":"https:\/\/veritasinfo.org\/#website","url":"https:\/\/veritasinfo.org\/","name":"","description":"","potentialAction":[{"@type":"SearchAction","target":{"@type":"EntryPoint","urlTemplate":"https:\/\/veritasinfo.org\/?s={search_term_string}"},"query-input":{"@type":"PropertyValueSpecification","valueRequired":true,"valueName":"search_term_string"}}],"inLanguage":"en-US"},{"@type":"Person","@id":"https:\/\/veritasinfo.org\/#\/schema\/person\/bc442336e35414d04494ab8fb45db4c6","name":"US5","image":{"@type":"ImageObject","inLanguage":"en-US","@id":"https:\/\/veritasinfo.org\/#\/schema\/person\/image\/","url":"https:\/\/secure.gravatar.com\/avatar\/16a61e7272a0c5d001121ebb9e60e925d5816e4ac1e443ed3e640d9a6ae55d0c?s=96&d=mm&r=g","contentUrl":"https:\/\/secure.gravatar.com\/avatar\/16a61e7272a0c5d001121ebb9e60e925d5816e4ac1e443ed3e640d9a6ae55d0c?s=96&d=mm&r=g","caption":"US5"},"url":"https:\/\/veritasinfo.org\/?author=6"}]}},"featured_image_urls":{"full":["https:\/\/veritasinfo.org\/wp-content\/uploads\/2026\/02\/images-25.jpeg",300,168,false],"thumbnail":["https:\/\/veritasinfo.org\/wp-content\/uploads\/2026\/02\/images-25-150x150.jpeg",150,150,true],"medium":["https:\/\/veritasinfo.org\/wp-content\/uploads\/2026\/02\/images-25.jpeg",300,168,false],"medium_large":["https:\/\/veritasinfo.org\/wp-content\/uploads\/2026\/02\/images-25.jpeg",300,168,false],"large":["https:\/\/veritasinfo.org\/wp-content\/uploads\/2026\/02\/images-25.jpeg",300,168,false],"1536x1536":["https:\/\/veritasinfo.org\/wp-content\/uploads\/2026\/02\/images-25.jpeg",300,168,false],"2048x2048":["https:\/\/veritasinfo.org\/wp-content\/uploads\/2026\/02\/images-25.jpeg",300,168,false],"kreeti-slider-full":["https:\/\/veritasinfo.org\/wp-content\/uploads\/2026\/02\/images-25.jpeg",300,168,false],"kreeti-featured":["https:\/\/veritasinfo.org\/wp-content\/uploads\/2026\/02\/images-25.jpeg",300,168,false],"kreeti-medium":["https:\/\/veritasinfo.org\/wp-content\/uploads\/2026\/02\/images-25.jpeg",300,168,false],"kreeti-medium-square":["https:\/\/veritasinfo.org\/wp-content\/uploads\/2026\/02\/images-25.jpeg",300,168,false]},"author_info":{"info":["US5"]},"category_info":"<a href=\"https:\/\/veritasinfo.org\/?cat=60\" rel=\"category\">Shoq\u00ebrore<\/a>","tag_info":"Shoq\u00ebrore","comment_count":"0","_links":{"self":[{"href":"https:\/\/veritasinfo.org\/index.php?rest_route=\/wp\/v2\/posts\/34789","targetHints":{"allow":["GET"]}}],"collection":[{"href":"https:\/\/veritasinfo.org\/index.php?rest_route=\/wp\/v2\/posts"}],"about":[{"href":"https:\/\/veritasinfo.org\/index.php?rest_route=\/wp\/v2\/types\/post"}],"author":[{"embeddable":true,"href":"https:\/\/veritasinfo.org\/index.php?rest_route=\/wp\/v2\/users\/6"}],"replies":[{"embeddable":true,"href":"https:\/\/veritasinfo.org\/index.php?rest_route=%2Fwp%2Fv2%2Fcomments&post=34789"}],"version-history":[{"count":1,"href":"https:\/\/veritasinfo.org\/index.php?rest_route=\/wp\/v2\/posts\/34789\/revisions"}],"predecessor-version":[{"id":34791,"href":"https:\/\/veritasinfo.org\/index.php?rest_route=\/wp\/v2\/posts\/34789\/revisions\/34791"}],"wp:featuredmedia":[{"embeddable":true,"href":"https:\/\/veritasinfo.org\/index.php?rest_route=\/wp\/v2\/media\/34790"}],"wp:attachment":[{"href":"https:\/\/veritasinfo.org\/index.php?rest_route=%2Fwp%2Fv2%2Fmedia&parent=34789"}],"wp:term":[{"taxonomy":"category","embeddable":true,"href":"https:\/\/veritasinfo.org\/index.php?rest_route=%2Fwp%2Fv2%2Fcategories&post=34789"},{"taxonomy":"post_tag","embeddable":true,"href":"https:\/\/veritasinfo.org\/index.php?rest_route=%2Fwp%2Fv2%2Ftags&post=34789"}],"curies":[{"name":"wp","href":"https:\/\/api.w.org\/{rel}","templated":true}]}}