{"id":34769,"date":"2026-02-26T10:33:01","date_gmt":"2026-02-26T09:33:01","guid":{"rendered":"https:\/\/veritasinfo.org\/?p=34769"},"modified":"2026-02-26T10:33:01","modified_gmt":"2026-02-26T09:33:01","slug":"komisioni-per-integrime-europiane-miraton-marreveshjen-me-be-ne","status":"publish","type":"post","link":"https:\/\/veritasinfo.org\/?p=34769","title":{"rendered":"Komisioni p\u00ebr Integrime Europiane miraton marr\u00ebveshjen me BE-n\u00eb"},"content":{"rendered":"<p>Prishtin\u00eb 26 Shkurt 2026 10:32<\/p>\n<p>Komisioni p\u00ebr Integrime Evropiane ka miratuar shqyrtimin e Projektligjit p\u00ebr ratifikimin e Marr\u00ebveshjes nd\u00ebrmjet Republik\u00ebs s\u00eb Kosov\u00ebs dhe Bashkimit Evropian mbi aranzhimet p\u00ebr zbatimin e p\u00ebrkrahjes s\u00eb Unionit p\u00ebr Kosov\u00ebn n\u00eb kuad\u00ebr t\u00eb Instrumentit p\u00ebr reforma dhe rritje.<\/p>\n<p>Ministri i Financave, Hekuran Murati,e ka prezantuar para deputet\u00ebve t\u00eb k\u00ebtij Komisioni ku tha se nga instrumenti p\u00ebr reformat dhe rritjen, parashihet q\u00eb Kosova t\u00eb p\u00ebrfitoj\u00eb gjithsej 882.16 milion\u00eb euro.<\/p>\n<p>\u201cKam k\u00ebnaq\u00ebsin\u00eb q\u00eb sot t\u00eb prezantoj para jush, parimisht Komisionit p\u00ebr ratifikim n\u00eb Kuvendin e Republik\u00ebs s\u00eb Kosov\u00ebs, nj\u00ebrin nga dy instrumentet, pra marr\u00ebveshjen q\u00eb realisht kjo \u00ebsht\u00eb marr\u00ebveshja p\u00ebr agjend\u00ebn e reformave, pra pjes\u00ebs s\u00eb reformave. Sepse nj\u00ebri instrument \u00ebsht\u00eb ky q\u00eb miratohet sot, dometh\u00ebn\u00eb paketa e reformave, nd\u00ebrkaq instrumenti tjet\u00ebr \u00ebsht\u00eb ai i financimit, pra pjesa e kredis\u00eb, i cili do t\u00eb miratohet pas k\u00ebsaj edhe n\u00eb Komisionin p\u00ebr Buxhet dhe \u00ebsht\u00eb marr\u00ebveshje ve\u00e7 e ve\u00e7 q\u00eb duhet t\u00eb ratifikohet. Pra, kjo \u00ebsht\u00eb marr\u00ebveshja e instrumentit p\u00ebr reforma t\u00eb Planit t\u00eb Rritjes:.<\/p>\n<p>\u201cE mira e k\u00ebsaj \u00ebsht\u00eb, si\u00e7 e tha edhe Kryetarja, q\u00eb p\u00ebrve\u00e7 shp\u00ebrblimit financiar, ose si mund ta quajm\u00eb ashtu, kjo n\u00eb vetvete kjo marr\u00ebveshje p\u00ebrmban pra edhe miratimin e reformave t\u00eb ndryshme q\u00eb jan\u00eb dakorduar me Bashkimin Evropian, e p\u00ebr m\u00eb tep\u00ebr pra synimi \u00ebsht\u00eb q\u00eb p\u00ebrmes k\u00ebtyre reformave t\u00eb arrihet edhe m\u00eb tej p\u00ebrshpejtimi i konvergjenc\u00ebs pra drejt standartit t\u00eb Bashkimit Evropian. Si vler\u00eb financiare, Kosova \u00ebsht\u00eb p\u00ebrfituesja m\u00eb e madhe n\u00eb raport me bruto produktin vendor, pra \u00ebsht\u00eb rreth 10% e bruto produktit vendor vlera financiare e pakos mb\u00ebshtet\u00ebse t\u00eb Planit t\u00eb Rritjes, por kjo normalisht p\u00ebrmban si\u00e7 e thash\u00eb edhe k\u00ebt\u00eb marr\u00ebveshjen e reformave. Nga instrumenti p\u00ebr reformat dhe rritjen, parashihet pra t\u00eb p\u00ebrfitohen gjithsej 882.16 milion\u00eb euro. Prej t\u00eb cilave 253.3 milion\u00eb jan\u00eb grante, pra 1\/3-ta \u00ebsht\u00eb grant, nd\u00ebrkaq pjesa tjet\u00ebr prej 629.3 milion\u00eb euro do t\u00eb jet\u00eb kredi, q\u00eb do t\u00eb ratifikohet me nj\u00eb marr\u00ebveshje t\u00eb ve\u00e7ant\u00eb\u201d, tha ai.<\/p>\n<p>Murati n\u00eb fjal\u00ebn e tij tha se Kosova ka qen\u00eb nd\u00ebr shtetet e para q\u00eb ka finalizuar agjend\u00ebn e reformave dhe kjo \u00ebsht\u00eb arritur brenda afatit fillestar t\u00eb vendosur nga Komisioni Evropian, gjersa formalisht ishte miratuar n\u00eb tetor t\u00eb vitit 2024.<\/p>\n<p>\u201cQ\u00ebllimi i marr\u00ebveshjes korniz\u00eb, pra teksti i s\u00eb cil\u00ebs \u00ebsht\u00eb standard p\u00ebr t\u00eb gjitha shtetet p\u00ebrfituese, \u00ebsht\u00eb q\u00eb t\u00eb krijohet baza e p\u00ebrgjithshme kontraktuale q\u00eb mund\u00ebson q\u00eb Kosova t\u00eb p\u00ebrfitoj\u00eb nga fondet e Bashkimit Evropian t\u00eb ofruara n\u00eb kuad\u00ebr t\u00eb instrumentit p\u00ebr reforma dhe rritje. Kurse q\u00ebllimi i marr\u00ebveshjes p\u00ebr kredin\u00eb, \u00ebsht\u00eb q\u00eb t\u00eb rregulloj\u00eb kushtet t\u00eb nd\u00ebrlidhura specifikisht p\u00ebr marrjen e pjes\u00ebs s\u00eb fondeve t\u00eb BE-s\u00eb t\u00eb ofruara si kredi dhe m\u00ebnyr\u00ebn e menaxhimit t\u00eb tyre, por kjo \u00ebsht\u00eb pra nj\u00eb marr\u00ebveshje e ve\u00e7ant\u00eb. Si qeveri, pra gjat\u00eb mandatit t\u00eb kaluar ne i kemi dh\u00ebn\u00eb r\u00ebnd\u00ebsi dhe prioritet k\u00ebtij instrumenti, ashtu q\u00eb t\u00eb respektoheshin t\u00eb gjitha afatet e vendosura nga ana e Komisionit Evropian. Rrjedhimisht pra Kosova ka qen\u00eb nd\u00ebr shtetet e para, n\u00eb mos t\u00eb par\u00ebt pra q\u00eb ka finalizuar agjend\u00ebn e reformave dhe kjo \u00ebsht\u00eb arritur brenda afatit fillestar t\u00eb vendosur nga Komisioni Evropian, gjersa formalisht e kemi miratuar pra qysh n\u00eb tetor t\u00eb vitit 2024. Megjithat\u00eb, p\u00ebrkund\u00ebr tendenc\u00ebs p\u00ebr t\u00eb p\u00ebrshpejtuar, ka pasur faktor\u00eb t\u00eb tjer\u00eb q\u00eb kan\u00eb ndikuar q\u00eb procesi t\u00eb vonohet paksa, duke marr\u00eb parasysh q\u00eb ishte edhe nj\u00eb instrument i krijuar p\u00ebr her\u00eb t\u00eb par\u00eb edhe nga vet\u00eb Bashkimi Evropian\u201d.<\/p>\n<p>Murati tha se pjes\u00ebrisht ka pasur vonesa n\u00eb finalizimin e agjend\u00ebs s\u00eb reformave nga disa shtete tjera p\u00ebrfituese, pjes\u00ebrisht ka pasur edhe pun\u00eb paralele q\u00eb \u00ebsht\u00eb zhvilluar nga vet\u00eb Komisioni Europian\u201d.<\/p>\n<p>\u201cPra, p\u00ebr rregulloren e nevojshme p\u00ebr themelimin e k\u00ebtij instrumenti t\u00eb ri, dhe k\u00ebsisoj pra ka pasur disa ngecje apo vonesa t\u00eb cilat pastaj neve na zun\u00eb n\u00eb nj\u00eb proces pa Kuvend funksional dhe k\u00ebsisoj pra \u00ebsht\u00eb shtyr\u00eb apo \u00ebsht\u00eb vonuar deri m\u00eb tani edhe ratifikimi i k\u00ebtij instrumenti\u201d, tha ai.<\/p>\n","protected":false},"excerpt":{"rendered":"<p>Prishtin\u00eb 26 Shkurt 2026 10:32 Komisioni p\u00ebr Integrime Evropiane ka miratuar shqyrtimin e Projektligjit p\u00ebr ratifikimin e Marr\u00ebveshjes nd\u00ebrmjet Republik\u00ebs s\u00eb Kosov\u00ebs dhe Bashkimit Evropian<\/p>\n","protected":false},"author":6,"featured_media":34770,"comment_status":"open","ping_status":"open","sticky":false,"template":"","format":"standard","meta":{"footnotes":""},"categories":[60],"tags":[],"class_list":["post-34769","post","type-post","status-publish","format-standard","has-post-thumbnail","hentry","category-shoqerore-sq"],"yoast_head":"<!-- This site is optimized with the Yoast SEO plugin v25.3.1 - https:\/\/yoast.com\/wordpress\/plugins\/seo\/ -->\n<title>Komisioni p\u00ebr Integrime Europiane miraton marr\u00ebveshjen me BE-n\u00eb -<\/title>\n<meta name=\"robots\" content=\"index, follow, max-snippet:-1, max-image-preview:large, max-video-preview:-1\" \/>\n<link rel=\"canonical\" href=\"https:\/\/veritasinfo.org\/?p=34769\" \/>\n<meta property=\"og:locale\" content=\"en_US\" \/>\n<meta property=\"og:type\" content=\"article\" \/>\n<meta property=\"og:title\" content=\"Komisioni p\u00ebr Integrime Europiane miraton marr\u00ebveshjen me BE-n\u00eb -\" \/>\n<meta property=\"og:description\" content=\"Prishtin\u00eb 26 Shkurt 2026 10:32 Komisioni p\u00ebr Integrime Evropiane ka miratuar shqyrtimin e Projektligjit p\u00ebr ratifikimin e Marr\u00ebveshjes nd\u00ebrmjet Republik\u00ebs s\u00eb Kosov\u00ebs dhe Bashkimit Evropian\" \/>\n<meta property=\"og:url\" content=\"https:\/\/veritasinfo.org\/?p=34769\" \/>\n<meta property=\"article:published_time\" content=\"2026-02-26T09:33:01+00:00\" \/>\n<meta property=\"og:image\" content=\"https:\/\/veritasinfo.org\/wp-content\/uploads\/2026\/02\/333-2.jpg\" \/>\n\t<meta property=\"og:image:width\" content=\"600\" \/>\n\t<meta property=\"og:image:height\" content=\"360\" \/>\n\t<meta property=\"og:image:type\" content=\"image\/jpeg\" \/>\n<meta name=\"author\" content=\"US5\" \/>\n<meta name=\"twitter:card\" content=\"summary_large_image\" \/>\n<meta name=\"twitter:label1\" content=\"Written by\" \/>\n\t<meta name=\"twitter:data1\" content=\"US5\" \/>\n<script type=\"application\/ld+json\" class=\"yoast-schema-graph\">{\"@context\":\"https:\/\/schema.org\",\"@graph\":[{\"@type\":\"WebPage\",\"@id\":\"https:\/\/veritasinfo.org\/?p=34769\",\"url\":\"https:\/\/veritasinfo.org\/?p=34769\",\"name\":\"Komisioni p\u00ebr Integrime Europiane miraton marr\u00ebveshjen me BE-n\u00eb -\",\"isPartOf\":{\"@id\":\"https:\/\/veritasinfo.org\/#website\"},\"primaryImageOfPage\":{\"@id\":\"https:\/\/veritasinfo.org\/?p=34769#primaryimage\"},\"image\":{\"@id\":\"https:\/\/veritasinfo.org\/?p=34769#primaryimage\"},\"thumbnailUrl\":\"https:\/\/veritasinfo.org\/wp-content\/uploads\/2026\/02\/333-2.jpg\",\"datePublished\":\"2026-02-26T09:33:01+00:00\",\"author\":{\"@id\":\"https:\/\/veritasinfo.org\/#\/schema\/person\/bc442336e35414d04494ab8fb45db4c6\"},\"breadcrumb\":{\"@id\":\"https:\/\/veritasinfo.org\/?p=34769#breadcrumb\"},\"inLanguage\":\"en-US\",\"potentialAction\":[{\"@type\":\"ReadAction\",\"target\":[\"https:\/\/veritasinfo.org\/?p=34769\"]}]},{\"@type\":\"ImageObject\",\"inLanguage\":\"en-US\",\"@id\":\"https:\/\/veritasinfo.org\/?p=34769#primaryimage\",\"url\":\"https:\/\/veritasinfo.org\/wp-content\/uploads\/2026\/02\/333-2.jpg\",\"contentUrl\":\"https:\/\/veritasinfo.org\/wp-content\/uploads\/2026\/02\/333-2.jpg\",\"width\":600,\"height\":360},{\"@type\":\"BreadcrumbList\",\"@id\":\"https:\/\/veritasinfo.org\/?p=34769#breadcrumb\",\"itemListElement\":[{\"@type\":\"ListItem\",\"position\":1,\"name\":\"Home\",\"item\":\"https:\/\/veritasinfo.org\/\"},{\"@type\":\"ListItem\",\"position\":2,\"name\":\"Komisioni p\u00ebr Integrime Europiane miraton marr\u00ebveshjen me BE-n\u00eb\"}]},{\"@type\":\"WebSite\",\"@id\":\"https:\/\/veritasinfo.org\/#website\",\"url\":\"https:\/\/veritasinfo.org\/\",\"name\":\"\",\"description\":\"\",\"potentialAction\":[{\"@type\":\"SearchAction\",\"target\":{\"@type\":\"EntryPoint\",\"urlTemplate\":\"https:\/\/veritasinfo.org\/?s={search_term_string}\"},\"query-input\":{\"@type\":\"PropertyValueSpecification\",\"valueRequired\":true,\"valueName\":\"search_term_string\"}}],\"inLanguage\":\"en-US\"},{\"@type\":\"Person\",\"@id\":\"https:\/\/veritasinfo.org\/#\/schema\/person\/bc442336e35414d04494ab8fb45db4c6\",\"name\":\"US5\",\"image\":{\"@type\":\"ImageObject\",\"inLanguage\":\"en-US\",\"@id\":\"https:\/\/veritasinfo.org\/#\/schema\/person\/image\/\",\"url\":\"https:\/\/secure.gravatar.com\/avatar\/16a61e7272a0c5d001121ebb9e60e925d5816e4ac1e443ed3e640d9a6ae55d0c?s=96&d=mm&r=g\",\"contentUrl\":\"https:\/\/secure.gravatar.com\/avatar\/16a61e7272a0c5d001121ebb9e60e925d5816e4ac1e443ed3e640d9a6ae55d0c?s=96&d=mm&r=g\",\"caption\":\"US5\"},\"url\":\"https:\/\/veritasinfo.org\/?author=6\"}]}<\/script>\n<!-- \/ Yoast SEO plugin. -->","yoast_head_json":{"title":"Komisioni p\u00ebr Integrime Europiane miraton marr\u00ebveshjen me BE-n\u00eb -","robots":{"index":"index","follow":"follow","max-snippet":"max-snippet:-1","max-image-preview":"max-image-preview:large","max-video-preview":"max-video-preview:-1"},"canonical":"https:\/\/veritasinfo.org\/?p=34769","og_locale":"en_US","og_type":"article","og_title":"Komisioni p\u00ebr Integrime Europiane miraton marr\u00ebveshjen me BE-n\u00eb -","og_description":"Prishtin\u00eb 26 Shkurt 2026 10:32 Komisioni p\u00ebr Integrime Evropiane ka miratuar shqyrtimin e Projektligjit p\u00ebr ratifikimin e Marr\u00ebveshjes nd\u00ebrmjet Republik\u00ebs s\u00eb Kosov\u00ebs dhe Bashkimit Evropian","og_url":"https:\/\/veritasinfo.org\/?p=34769","article_published_time":"2026-02-26T09:33:01+00:00","og_image":[{"width":600,"height":360,"url":"https:\/\/veritasinfo.org\/wp-content\/uploads\/2026\/02\/333-2.jpg","type":"image\/jpeg"}],"author":"US5","twitter_card":"summary_large_image","twitter_misc":{"Written by":"US5"},"schema":{"@context":"https:\/\/schema.org","@graph":[{"@type":"WebPage","@id":"https:\/\/veritasinfo.org\/?p=34769","url":"https:\/\/veritasinfo.org\/?p=34769","name":"Komisioni p\u00ebr Integrime Europiane miraton marr\u00ebveshjen me BE-n\u00eb -","isPartOf":{"@id":"https:\/\/veritasinfo.org\/#website"},"primaryImageOfPage":{"@id":"https:\/\/veritasinfo.org\/?p=34769#primaryimage"},"image":{"@id":"https:\/\/veritasinfo.org\/?p=34769#primaryimage"},"thumbnailUrl":"https:\/\/veritasinfo.org\/wp-content\/uploads\/2026\/02\/333-2.jpg","datePublished":"2026-02-26T09:33:01+00:00","author":{"@id":"https:\/\/veritasinfo.org\/#\/schema\/person\/bc442336e35414d04494ab8fb45db4c6"},"breadcrumb":{"@id":"https:\/\/veritasinfo.org\/?p=34769#breadcrumb"},"inLanguage":"en-US","potentialAction":[{"@type":"ReadAction","target":["https:\/\/veritasinfo.org\/?p=34769"]}]},{"@type":"ImageObject","inLanguage":"en-US","@id":"https:\/\/veritasinfo.org\/?p=34769#primaryimage","url":"https:\/\/veritasinfo.org\/wp-content\/uploads\/2026\/02\/333-2.jpg","contentUrl":"https:\/\/veritasinfo.org\/wp-content\/uploads\/2026\/02\/333-2.jpg","width":600,"height":360},{"@type":"BreadcrumbList","@id":"https:\/\/veritasinfo.org\/?p=34769#breadcrumb","itemListElement":[{"@type":"ListItem","position":1,"name":"Home","item":"https:\/\/veritasinfo.org\/"},{"@type":"ListItem","position":2,"name":"Komisioni p\u00ebr Integrime Europiane miraton marr\u00ebveshjen me BE-n\u00eb"}]},{"@type":"WebSite","@id":"https:\/\/veritasinfo.org\/#website","url":"https:\/\/veritasinfo.org\/","name":"","description":"","potentialAction":[{"@type":"SearchAction","target":{"@type":"EntryPoint","urlTemplate":"https:\/\/veritasinfo.org\/?s={search_term_string}"},"query-input":{"@type":"PropertyValueSpecification","valueRequired":true,"valueName":"search_term_string"}}],"inLanguage":"en-US"},{"@type":"Person","@id":"https:\/\/veritasinfo.org\/#\/schema\/person\/bc442336e35414d04494ab8fb45db4c6","name":"US5","image":{"@type":"ImageObject","inLanguage":"en-US","@id":"https:\/\/veritasinfo.org\/#\/schema\/person\/image\/","url":"https:\/\/secure.gravatar.com\/avatar\/16a61e7272a0c5d001121ebb9e60e925d5816e4ac1e443ed3e640d9a6ae55d0c?s=96&d=mm&r=g","contentUrl":"https:\/\/secure.gravatar.com\/avatar\/16a61e7272a0c5d001121ebb9e60e925d5816e4ac1e443ed3e640d9a6ae55d0c?s=96&d=mm&r=g","caption":"US5"},"url":"https:\/\/veritasinfo.org\/?author=6"}]}},"featured_image_urls":{"full":["https:\/\/veritasinfo.org\/wp-content\/uploads\/2026\/02\/333-2.jpg",600,360,false],"thumbnail":["https:\/\/veritasinfo.org\/wp-content\/uploads\/2026\/02\/333-2-150x150.jpg",150,150,true],"medium":["https:\/\/veritasinfo.org\/wp-content\/uploads\/2026\/02\/333-2-300x180.jpg",300,180,true],"medium_large":["https:\/\/veritasinfo.org\/wp-content\/uploads\/2026\/02\/333-2.jpg",600,360,false],"large":["https:\/\/veritasinfo.org\/wp-content\/uploads\/2026\/02\/333-2.jpg",600,360,false],"1536x1536":["https:\/\/veritasinfo.org\/wp-content\/uploads\/2026\/02\/333-2.jpg",600,360,false],"2048x2048":["https:\/\/veritasinfo.org\/wp-content\/uploads\/2026\/02\/333-2.jpg",600,360,false],"kreeti-slider-full":["https:\/\/veritasinfo.org\/wp-content\/uploads\/2026\/02\/333-2.jpg",600,360,false],"kreeti-featured":["https:\/\/veritasinfo.org\/wp-content\/uploads\/2026\/02\/333-2.jpg",600,360,false],"kreeti-medium":["https:\/\/veritasinfo.org\/wp-content\/uploads\/2026\/02\/333-2.jpg",600,360,false],"kreeti-medium-square":["https:\/\/veritasinfo.org\/wp-content\/uploads\/2026\/02\/333-2.jpg",350,210,false]},"author_info":{"info":["US5"]},"category_info":"<a href=\"https:\/\/veritasinfo.org\/?cat=60\" rel=\"category\">Shoq\u00ebrore<\/a>","tag_info":"Shoq\u00ebrore","comment_count":"0","_links":{"self":[{"href":"https:\/\/veritasinfo.org\/index.php?rest_route=\/wp\/v2\/posts\/34769","targetHints":{"allow":["GET"]}}],"collection":[{"href":"https:\/\/veritasinfo.org\/index.php?rest_route=\/wp\/v2\/posts"}],"about":[{"href":"https:\/\/veritasinfo.org\/index.php?rest_route=\/wp\/v2\/types\/post"}],"author":[{"embeddable":true,"href":"https:\/\/veritasinfo.org\/index.php?rest_route=\/wp\/v2\/users\/6"}],"replies":[{"embeddable":true,"href":"https:\/\/veritasinfo.org\/index.php?rest_route=%2Fwp%2Fv2%2Fcomments&post=34769"}],"version-history":[{"count":1,"href":"https:\/\/veritasinfo.org\/index.php?rest_route=\/wp\/v2\/posts\/34769\/revisions"}],"predecessor-version":[{"id":34771,"href":"https:\/\/veritasinfo.org\/index.php?rest_route=\/wp\/v2\/posts\/34769\/revisions\/34771"}],"wp:featuredmedia":[{"embeddable":true,"href":"https:\/\/veritasinfo.org\/index.php?rest_route=\/wp\/v2\/media\/34770"}],"wp:attachment":[{"href":"https:\/\/veritasinfo.org\/index.php?rest_route=%2Fwp%2Fv2%2Fmedia&parent=34769"}],"wp:term":[{"taxonomy":"category","embeddable":true,"href":"https:\/\/veritasinfo.org\/index.php?rest_route=%2Fwp%2Fv2%2Fcategories&post=34769"},{"taxonomy":"post_tag","embeddable":true,"href":"https:\/\/veritasinfo.org\/index.php?rest_route=%2Fwp%2Fv2%2Ftags&post=34769"}],"curies":[{"name":"wp","href":"https:\/\/api.w.org\/{rel}","templated":true}]}}