{"id":34721,"date":"2026-02-26T07:18:57","date_gmt":"2026-02-26T06:18:57","guid":{"rendered":"https:\/\/veritasinfo.org\/?p=34721"},"modified":"2026-02-26T07:19:08","modified_gmt":"2026-02-26T06:19:08","slug":"serbe-te-surdullices-protestojne-serish-per-debimin-e-familjes-shqiptare-pas-aksidentit-me-fatalitet","status":"publish","type":"post","link":"https:\/\/veritasinfo.org\/?p=34721","title":{"rendered":"Serb\u00eb t\u00eb Surdullic\u00ebs protestojn\u00eb s\u00ebrish p\u00ebr d\u00ebbimin e familjes shqiptare, pas aksidentit me fatalitet"},"content":{"rendered":"<p>Prishtin\u00eb, 26 shkurt 2026 07:16<\/p>\n<p>Protesta n\u00eb Surdullic\u00eb t\u00eb Serbis\u00eb p\u00ebr vdekjen e nj\u00eb 40-vje\u00e7ari serb, i cili dyshohet se \u00ebsht\u00eb goditur p\u00ebr vdekje me vetur\u00eb nga nj\u00eb shqiptar 20-vje\u00e7ar n\u00eb fillim t\u00eb muajit shkurt, pritet q\u00eb t\u00eb vazhdojn\u00eb edhe sot.<\/p>\n<p>N\u00eb k\u00ebto protesta, banor\u00ebt serb\u00eb p\u00ebr disa dit\u00eb radhazi kan\u00eb b\u00ebr\u00eb thirrje p\u00ebr drejt\u00ebsi teksa kan\u00eb k\u00ebrkuar edhe q\u00eb familja shqiptare t\u00eb d\u00ebbohet nga qyteti.<\/p>\n<p>Kordon\u00eb t\u00eb policis\u00eb kan\u00eb q\u00ebndruar p\u00ebr \u00e7do dit\u00eb para bizneseve t\u00eb familjes shqiptare, pasi protesta ka ngjallur thirrje p\u00ebr bojkotimin e tyre n\u00eb at\u00eb q\u00eb ka nxitur edhe tensione etnike.<\/p>\n<p>Fushat\u00ebs s\u00eb p\u00ebrndjekjes dhe thirrjeve p\u00ebr d\u00ebbimin e familjes shqiptare i ka paraprir\u00eb gjuha e urrejtjes n\u00ebp\u00ebr grupe t\u00eb rrjeteve sociale. Nj\u00ebri prej an\u00ebtar\u00ebve t\u00eb k\u00ebtyre grupeve ka qen\u00eb edhe ish-kryetari i Komun\u00ebs s\u00eb Surdullic\u00ebs, nj\u00ebher\u00ebsh edhe minist\u00ebr n\u00eb Qeverin\u00eb e Serbis\u00eb, Novica Tonqev.<\/p>\n<p>Liridon Cikaj, pronar i biznesit ku jan\u00eb zhvilluar protesta, \u00ebsht\u00eb familjar i 20-vje\u00e7arit q\u00eb dyshohet se e ka shkaktuar aksidentin. Ai, n\u00ebp\u00ebrmjet telefonit i ka th\u00ebn\u00eb KOH\u00cbS se fushata e p\u00ebrndjekjes dhe e bojkotit t\u00eb biznesit t\u00eb tij \u00ebsht\u00eb duke vazhduar nga banor\u00ebt e zon\u00ebs.<\/p>\n<p>\u201cSituata nuk \u00ebsht\u00eb edhe pa rrezik. Prej fillimi e deri para disa dit\u00ebsh na ka ruajtur policia. Rasti ka qen\u00eb aksident, por tash k\u00ebt\u00eb rast e kan\u00eb p\u00ebrzier m\u00eb shum\u00eb me furr\u00eb. Besoj e keni par\u00eb organizatorin, e ka p\u00ebrmendur edhe n\u00eb grupe, se e vetmja zgjidhje \u00ebsht\u00eb q\u00eb ne ta l\u00ebshojm\u00eb qytetin. Un\u00eb nuk mundem ta l\u00ebshoj qytetin se e kam sht\u00ebpin\u00eb k\u00ebtu dhe e kemi af\u00ebr spitalit. N\u00eb maksimum jan\u00eb duke e bojkotuar furr\u00ebn, kan\u00eb hyr\u00eb edhe n\u00eb furr\u00eb dhe i kan\u00eb k\u00ebrc\u00ebnuar myshterinjt\u00eb\u201d, \u00ebsht\u00eb shprehur ai.<\/p>\n<p>20-vje\u00e7arit, i cili dyshohet se e ka shkaktuar aksidentin n\u00eb t\u00eb cilin ka mbetur i vdekur 40-vje\u00e7ari i nacionalitetit serb, i \u00ebsht\u00eb caktuar masa e paraburgimit prej 30 dit\u00ebsh.<\/p>\n<p>Gazetarja nga Lugina e Preshev\u00ebs, Ardita Behluli, i ka kritikuar organizator\u00ebt e protestave kund\u00ebr familjes shqiptare.<\/p>\n<p>\u201cN\u00eb k\u00ebt\u00eb shtet shpesh problemi individual kalon n\u00eb problem q\u00eb ka t\u00eb b\u00ebj\u00eb me \u00e7\u00ebshtjen etnike, me problemin social, juridik dhe ekonomik. Menj\u00ebher\u00eb pas rastit tragjik, ku ka humbur jet\u00ebn personi n\u00eb fjal\u00eb \u00ebsht\u00eb dor\u00ebzuar pran\u00eb organeve t\u00eb drejt\u00ebsis\u00eb, nd\u00ebrkaq n\u00eb an\u00ebn tjet\u00ebr grupacione ftojn\u00eb protest\u00eb ku ka gjuh\u00eb t\u00eb urrejtjes q\u00eb \u00ebsht\u00eb e ndaluar me ligj\u201d, ka th\u00ebn\u00eb ajo.<\/p>\n<p>Qasjen e popullit serb kund\u00ebr shqiptar\u00ebve q\u00eb jetojn\u00eb Serbi e ka kritikuar edhe Kushtrim Kadriu, p\u00ebrfaq\u00ebsues i L\u00ebvizjes Vatra, e cila avokon p\u00ebr t\u00eb drejtat e shqiptar\u00ebve n\u00eb Serbi.<\/p>\n<p>&#8220;Ky rast tregon qart\u00eb se populli serb \u00ebsht\u00eb ende duke u ushqyer nga politika e Serbis\u00eb, nga politika gjenocidale e spastrimit etnike\u201d, ka th\u00ebn\u00eb ai.<\/p>\n<p>Lidhur me situat\u00ebn ka reaguar edhe komisionari p\u00ebr Mbrojtjen e Barazis\u00eb, Millan Antonijeviq.<\/p>\n<p>Ai ka theksuar se thirrjet p\u00ebr d\u00ebbim dhe k\u00ebrc\u00ebnimet ndaj familjes me komb\u00ebsi shqiptare p\u00ebrb\u00ebjn\u00eb shkelje serioze t\u00eb s\u00eb drejt\u00ebs p\u00ebr barazi.<\/p>\n<p>N\u00eb Surdullic\u00eb t\u00eb Serbis\u00eb, sipas regjistrimit t\u00eb popullsis\u00eb jetojn\u00eb rreth 10 mij\u00eb banor\u00eb, prej t\u00eb cil\u00ebve gjasht\u00eb jan\u00eb shqiptar\u00eb, pjes\u00ebtar\u00eb t\u00eb nj\u00eb familje.<\/p>\n","protected":false},"excerpt":{"rendered":"<p>Prishtin\u00eb, 26 shkurt 2026 07:16 Protesta n\u00eb Surdullic\u00eb t\u00eb Serbis\u00eb p\u00ebr vdekjen e nj\u00eb 40-vje\u00e7ari serb, i cili dyshohet se \u00ebsht\u00eb goditur p\u00ebr vdekje me<\/p>\n","protected":false},"author":7,"featured_media":34722,"comment_status":"open","ping_status":"open","sticky":false,"template":"","format":"standard","meta":{"footnotes":""},"categories":[60],"tags":[],"class_list":["post-34721","post","type-post","status-publish","format-standard","has-post-thumbnail","hentry","category-shoqerore-sq"],"yoast_head":"<!-- This site is optimized with the Yoast SEO plugin v25.3.1 - https:\/\/yoast.com\/wordpress\/plugins\/seo\/ -->\n<title>Serb\u00eb t\u00eb Surdullic\u00ebs protestojn\u00eb s\u00ebrish p\u00ebr d\u00ebbimin e familjes shqiptare, pas aksidentit me fatalitet -<\/title>\n<meta name=\"robots\" content=\"index, follow, max-snippet:-1, max-image-preview:large, max-video-preview:-1\" \/>\n<link rel=\"canonical\" href=\"https:\/\/veritasinfo.org\/?p=34721\" \/>\n<meta property=\"og:locale\" content=\"en_US\" \/>\n<meta property=\"og:type\" content=\"article\" \/>\n<meta property=\"og:title\" content=\"Serb\u00eb t\u00eb Surdullic\u00ebs protestojn\u00eb s\u00ebrish p\u00ebr d\u00ebbimin e familjes shqiptare, pas aksidentit me fatalitet -\" \/>\n<meta property=\"og:description\" content=\"Prishtin\u00eb, 26 shkurt 2026 07:16 Protesta n\u00eb Surdullic\u00eb t\u00eb Serbis\u00eb p\u00ebr vdekjen e nj\u00eb 40-vje\u00e7ari serb, i cili dyshohet se \u00ebsht\u00eb goditur p\u00ebr vdekje me\" \/>\n<meta property=\"og:url\" content=\"https:\/\/veritasinfo.org\/?p=34721\" \/>\n<meta property=\"article:published_time\" content=\"2026-02-26T06:18:57+00:00\" \/>\n<meta property=\"article:modified_time\" content=\"2026-02-26T06:19:08+00:00\" \/>\n<meta property=\"og:image\" content=\"https:\/\/veritasinfo.org\/wp-content\/uploads\/2026\/02\/sss-5-600x360-1.webp\" \/>\n\t<meta property=\"og:image:width\" content=\"600\" \/>\n\t<meta property=\"og:image:height\" content=\"360\" \/>\n\t<meta property=\"og:image:type\" content=\"image\/webp\" \/>\n<meta name=\"author\" content=\"US6\" \/>\n<meta name=\"twitter:card\" content=\"summary_large_image\" \/>\n<meta name=\"twitter:label1\" content=\"Written by\" \/>\n\t<meta name=\"twitter:data1\" content=\"US6\" \/>\n\t<meta name=\"twitter:label2\" content=\"Est. reading time\" \/>\n\t<meta name=\"twitter:data2\" content=\"3 minutes\" \/>\n<script type=\"application\/ld+json\" class=\"yoast-schema-graph\">{\"@context\":\"https:\/\/schema.org\",\"@graph\":[{\"@type\":\"WebPage\",\"@id\":\"https:\/\/veritasinfo.org\/?p=34721\",\"url\":\"https:\/\/veritasinfo.org\/?p=34721\",\"name\":\"Serb\u00eb t\u00eb Surdullic\u00ebs protestojn\u00eb s\u00ebrish p\u00ebr d\u00ebbimin e familjes shqiptare, pas aksidentit me fatalitet -\",\"isPartOf\":{\"@id\":\"https:\/\/veritasinfo.org\/#website\"},\"primaryImageOfPage\":{\"@id\":\"https:\/\/veritasinfo.org\/?p=34721#primaryimage\"},\"image\":{\"@id\":\"https:\/\/veritasinfo.org\/?p=34721#primaryimage\"},\"thumbnailUrl\":\"https:\/\/veritasinfo.org\/wp-content\/uploads\/2026\/02\/sss-5-600x360-1.webp\",\"datePublished\":\"2026-02-26T06:18:57+00:00\",\"dateModified\":\"2026-02-26T06:19:08+00:00\",\"author\":{\"@id\":\"https:\/\/veritasinfo.org\/#\/schema\/person\/fe199eede04c3937362892b7444747cc\"},\"breadcrumb\":{\"@id\":\"https:\/\/veritasinfo.org\/?p=34721#breadcrumb\"},\"inLanguage\":\"en-US\",\"potentialAction\":[{\"@type\":\"ReadAction\",\"target\":[\"https:\/\/veritasinfo.org\/?p=34721\"]}]},{\"@type\":\"ImageObject\",\"inLanguage\":\"en-US\",\"@id\":\"https:\/\/veritasinfo.org\/?p=34721#primaryimage\",\"url\":\"https:\/\/veritasinfo.org\/wp-content\/uploads\/2026\/02\/sss-5-600x360-1.webp\",\"contentUrl\":\"https:\/\/veritasinfo.org\/wp-content\/uploads\/2026\/02\/sss-5-600x360-1.webp\",\"width\":600,\"height\":360},{\"@type\":\"BreadcrumbList\",\"@id\":\"https:\/\/veritasinfo.org\/?p=34721#breadcrumb\",\"itemListElement\":[{\"@type\":\"ListItem\",\"position\":1,\"name\":\"Home\",\"item\":\"https:\/\/veritasinfo.org\/\"},{\"@type\":\"ListItem\",\"position\":2,\"name\":\"Serb\u00eb t\u00eb Surdullic\u00ebs protestojn\u00eb s\u00ebrish p\u00ebr d\u00ebbimin e familjes shqiptare, pas aksidentit me fatalitet\"}]},{\"@type\":\"WebSite\",\"@id\":\"https:\/\/veritasinfo.org\/#website\",\"url\":\"https:\/\/veritasinfo.org\/\",\"name\":\"\",\"description\":\"\",\"potentialAction\":[{\"@type\":\"SearchAction\",\"target\":{\"@type\":\"EntryPoint\",\"urlTemplate\":\"https:\/\/veritasinfo.org\/?s={search_term_string}\"},\"query-input\":{\"@type\":\"PropertyValueSpecification\",\"valueRequired\":true,\"valueName\":\"search_term_string\"}}],\"inLanguage\":\"en-US\"},{\"@type\":\"Person\",\"@id\":\"https:\/\/veritasinfo.org\/#\/schema\/person\/fe199eede04c3937362892b7444747cc\",\"name\":\"US6\",\"image\":{\"@type\":\"ImageObject\",\"inLanguage\":\"en-US\",\"@id\":\"https:\/\/veritasinfo.org\/#\/schema\/person\/image\/\",\"url\":\"https:\/\/secure.gravatar.com\/avatar\/cb16c3c31c9d23b9b8c705964598220b3014e42ff51eb540ff23cefa3ae8c15f?s=96&d=mm&r=g\",\"contentUrl\":\"https:\/\/secure.gravatar.com\/avatar\/cb16c3c31c9d23b9b8c705964598220b3014e42ff51eb540ff23cefa3ae8c15f?s=96&d=mm&r=g\",\"caption\":\"US6\"},\"url\":\"https:\/\/veritasinfo.org\/?author=7\"}]}<\/script>\n<!-- \/ Yoast SEO plugin. -->","yoast_head_json":{"title":"Serb\u00eb t\u00eb Surdullic\u00ebs protestojn\u00eb s\u00ebrish p\u00ebr d\u00ebbimin e familjes shqiptare, pas aksidentit me fatalitet -","robots":{"index":"index","follow":"follow","max-snippet":"max-snippet:-1","max-image-preview":"max-image-preview:large","max-video-preview":"max-video-preview:-1"},"canonical":"https:\/\/veritasinfo.org\/?p=34721","og_locale":"en_US","og_type":"article","og_title":"Serb\u00eb t\u00eb Surdullic\u00ebs protestojn\u00eb s\u00ebrish p\u00ebr d\u00ebbimin e familjes shqiptare, pas aksidentit me fatalitet -","og_description":"Prishtin\u00eb, 26 shkurt 2026 07:16 Protesta n\u00eb Surdullic\u00eb t\u00eb Serbis\u00eb p\u00ebr vdekjen e nj\u00eb 40-vje\u00e7ari serb, i cili dyshohet se \u00ebsht\u00eb goditur p\u00ebr vdekje me","og_url":"https:\/\/veritasinfo.org\/?p=34721","article_published_time":"2026-02-26T06:18:57+00:00","article_modified_time":"2026-02-26T06:19:08+00:00","og_image":[{"width":600,"height":360,"url":"https:\/\/veritasinfo.org\/wp-content\/uploads\/2026\/02\/sss-5-600x360-1.webp","type":"image\/webp"}],"author":"US6","twitter_card":"summary_large_image","twitter_misc":{"Written by":"US6","Est. reading time":"3 minutes"},"schema":{"@context":"https:\/\/schema.org","@graph":[{"@type":"WebPage","@id":"https:\/\/veritasinfo.org\/?p=34721","url":"https:\/\/veritasinfo.org\/?p=34721","name":"Serb\u00eb t\u00eb Surdullic\u00ebs protestojn\u00eb s\u00ebrish p\u00ebr d\u00ebbimin e familjes shqiptare, pas aksidentit me fatalitet -","isPartOf":{"@id":"https:\/\/veritasinfo.org\/#website"},"primaryImageOfPage":{"@id":"https:\/\/veritasinfo.org\/?p=34721#primaryimage"},"image":{"@id":"https:\/\/veritasinfo.org\/?p=34721#primaryimage"},"thumbnailUrl":"https:\/\/veritasinfo.org\/wp-content\/uploads\/2026\/02\/sss-5-600x360-1.webp","datePublished":"2026-02-26T06:18:57+00:00","dateModified":"2026-02-26T06:19:08+00:00","author":{"@id":"https:\/\/veritasinfo.org\/#\/schema\/person\/fe199eede04c3937362892b7444747cc"},"breadcrumb":{"@id":"https:\/\/veritasinfo.org\/?p=34721#breadcrumb"},"inLanguage":"en-US","potentialAction":[{"@type":"ReadAction","target":["https:\/\/veritasinfo.org\/?p=34721"]}]},{"@type":"ImageObject","inLanguage":"en-US","@id":"https:\/\/veritasinfo.org\/?p=34721#primaryimage","url":"https:\/\/veritasinfo.org\/wp-content\/uploads\/2026\/02\/sss-5-600x360-1.webp","contentUrl":"https:\/\/veritasinfo.org\/wp-content\/uploads\/2026\/02\/sss-5-600x360-1.webp","width":600,"height":360},{"@type":"BreadcrumbList","@id":"https:\/\/veritasinfo.org\/?p=34721#breadcrumb","itemListElement":[{"@type":"ListItem","position":1,"name":"Home","item":"https:\/\/veritasinfo.org\/"},{"@type":"ListItem","position":2,"name":"Serb\u00eb t\u00eb Surdullic\u00ebs protestojn\u00eb s\u00ebrish p\u00ebr d\u00ebbimin e familjes shqiptare, pas aksidentit me fatalitet"}]},{"@type":"WebSite","@id":"https:\/\/veritasinfo.org\/#website","url":"https:\/\/veritasinfo.org\/","name":"","description":"","potentialAction":[{"@type":"SearchAction","target":{"@type":"EntryPoint","urlTemplate":"https:\/\/veritasinfo.org\/?s={search_term_string}"},"query-input":{"@type":"PropertyValueSpecification","valueRequired":true,"valueName":"search_term_string"}}],"inLanguage":"en-US"},{"@type":"Person","@id":"https:\/\/veritasinfo.org\/#\/schema\/person\/fe199eede04c3937362892b7444747cc","name":"US6","image":{"@type":"ImageObject","inLanguage":"en-US","@id":"https:\/\/veritasinfo.org\/#\/schema\/person\/image\/","url":"https:\/\/secure.gravatar.com\/avatar\/cb16c3c31c9d23b9b8c705964598220b3014e42ff51eb540ff23cefa3ae8c15f?s=96&d=mm&r=g","contentUrl":"https:\/\/secure.gravatar.com\/avatar\/cb16c3c31c9d23b9b8c705964598220b3014e42ff51eb540ff23cefa3ae8c15f?s=96&d=mm&r=g","caption":"US6"},"url":"https:\/\/veritasinfo.org\/?author=7"}]}},"featured_image_urls":{"full":["https:\/\/veritasinfo.org\/wp-content\/uploads\/2026\/02\/sss-5-600x360-1.webp",600,360,false],"thumbnail":["https:\/\/veritasinfo.org\/wp-content\/uploads\/2026\/02\/sss-5-600x360-1-150x150.webp",150,150,true],"medium":["https:\/\/veritasinfo.org\/wp-content\/uploads\/2026\/02\/sss-5-600x360-1-300x180.webp",300,180,true],"medium_large":["https:\/\/veritasinfo.org\/wp-content\/uploads\/2026\/02\/sss-5-600x360-1.webp",600,360,false],"large":["https:\/\/veritasinfo.org\/wp-content\/uploads\/2026\/02\/sss-5-600x360-1.webp",600,360,false],"1536x1536":["https:\/\/veritasinfo.org\/wp-content\/uploads\/2026\/02\/sss-5-600x360-1.webp",600,360,false],"2048x2048":["https:\/\/veritasinfo.org\/wp-content\/uploads\/2026\/02\/sss-5-600x360-1.webp",600,360,false],"kreeti-slider-full":["https:\/\/veritasinfo.org\/wp-content\/uploads\/2026\/02\/sss-5-600x360-1.webp",600,360,false],"kreeti-featured":["https:\/\/veritasinfo.org\/wp-content\/uploads\/2026\/02\/sss-5-600x360-1.webp",600,360,false],"kreeti-medium":["https:\/\/veritasinfo.org\/wp-content\/uploads\/2026\/02\/sss-5-600x360-1.webp",600,360,false],"kreeti-medium-square":["https:\/\/veritasinfo.org\/wp-content\/uploads\/2026\/02\/sss-5-600x360-1.webp",350,210,false]},"author_info":{"info":["US6"]},"category_info":"<a href=\"https:\/\/veritasinfo.org\/?cat=60\" rel=\"category\">Shoq\u00ebrore<\/a>","tag_info":"Shoq\u00ebrore","comment_count":"0","_links":{"self":[{"href":"https:\/\/veritasinfo.org\/index.php?rest_route=\/wp\/v2\/posts\/34721","targetHints":{"allow":["GET"]}}],"collection":[{"href":"https:\/\/veritasinfo.org\/index.php?rest_route=\/wp\/v2\/posts"}],"about":[{"href":"https:\/\/veritasinfo.org\/index.php?rest_route=\/wp\/v2\/types\/post"}],"author":[{"embeddable":true,"href":"https:\/\/veritasinfo.org\/index.php?rest_route=\/wp\/v2\/users\/7"}],"replies":[{"embeddable":true,"href":"https:\/\/veritasinfo.org\/index.php?rest_route=%2Fwp%2Fv2%2Fcomments&post=34721"}],"version-history":[{"count":1,"href":"https:\/\/veritasinfo.org\/index.php?rest_route=\/wp\/v2\/posts\/34721\/revisions"}],"predecessor-version":[{"id":34723,"href":"https:\/\/veritasinfo.org\/index.php?rest_route=\/wp\/v2\/posts\/34721\/revisions\/34723"}],"wp:featuredmedia":[{"embeddable":true,"href":"https:\/\/veritasinfo.org\/index.php?rest_route=\/wp\/v2\/media\/34722"}],"wp:attachment":[{"href":"https:\/\/veritasinfo.org\/index.php?rest_route=%2Fwp%2Fv2%2Fmedia&parent=34721"}],"wp:term":[{"taxonomy":"category","embeddable":true,"href":"https:\/\/veritasinfo.org\/index.php?rest_route=%2Fwp%2Fv2%2Fcategories&post=34721"},{"taxonomy":"post_tag","embeddable":true,"href":"https:\/\/veritasinfo.org\/index.php?rest_route=%2Fwp%2Fv2%2Ftags&post=34721"}],"curies":[{"name":"wp","href":"https:\/\/api.w.org\/{rel}","templated":true}]}}