{"id":3471,"date":"2025-07-11T19:02:02","date_gmt":"2025-07-11T17:02:02","guid":{"rendered":"https:\/\/veritasinfo.org\/?p=3471"},"modified":"2025-07-11T19:02:02","modified_gmt":"2025-07-11T17:02:02","slug":"kurti-gjenocidi-ne-srebrenice-paralajmerim-i-fushates-gjenocidale-qe-do-te-ndodhte-edhe-ne-kosove","status":"publish","type":"post","link":"https:\/\/veritasinfo.org\/?p=3471","title":{"rendered":"Kurti: Gjenocidi n\u00eb Srebrenic\u00eb, paralajm\u00ebrim i fushat\u00ebs gjenocidale q\u00eb do t\u00eb ndodhte edhe n\u00eb Kosov\u00eb"},"content":{"rendered":"<p>Bosnj\u00eb-Hercegovin\u00eb,\u00a0 11 Korrik 2025<\/p>\n<p><strong>Thirrje p\u00ebr drejt\u00ebsi kan\u00eb b\u00ebr\u00eb krer\u00ebt shtet\u00ebror\u00eb t\u00eb Kosov\u00ebs me rastin e sh\u00ebnimit t\u00eb p\u00ebrvjetorit t\u00eb 30 t\u00eb gjenocidit serb, t\u00eb kryer n\u00eb Srebrenic\u00eb. E reagimi i presidentit t\u00eb Serbis\u00eb, Aleksand\u00ebr Vu\u00e7iq, n\u00eb k\u00ebt\u00eb p\u00ebrvjetor, ka nxitur reagime, t\u00eb cilit i \u00ebsht\u00eb rikujtuar mbrojtja q\u00eb ua b\u00ebn autor\u00ebve t\u00eb sulmit terrorist n\u00eb Banjsk\u00eb.<\/strong><\/p>\n<p style=\"font-style: inherit; font-weight: 400;\">Kryeministri n\u00eb detyr\u00eb, Albin Kurti, e z\u00ebvend\u00ebskryeministret, Donika G\u00ebrvalla dhe Emilja Rexhepi, kan\u00eb marr\u00eb pjes\u00eb n\u00eb sh\u00ebnimin e 30-vjetorit t\u00eb gjenocidit n\u00eb Srebrenic\u00eb.<\/p>\n<p style=\"font-style: inherit; font-weight: 400;\">Kurti ka shkruar se ajo \u00e7far\u00eb ka ndodhur n\u00eb k\u00ebt\u00eb qytet t\u00eb Bosnj\u00eb-Hercegovin\u00ebs, ka qen\u00eb paralajm\u00ebrim i fushat\u00ebs gjenocidale q\u00eb do t\u00eb ndodhte edhe n\u00eb Kosov\u00eb.<\/p>\n<p style=\"font-style: inherit; font-weight: 400;\">\u201cNderimi i Srebrenic\u00ebs do t\u00eb thot\u00eb t\u2019i nxjerr\u00ebsh m\u00ebsimet e saj. G\u00ebnjeshtrat e p\u00ebrdorura p\u00ebr t\u00eb justifikuar krime t\u00eb tilla ende rishfaqen dhe kur autor\u00ebt e mohojn\u00eb p\u00ebrgjegj\u00ebsin\u00eb, rreziqet e dhun\u00ebs s\u00eb rip\u00ebrt\u00ebrir\u00eb mbeten. \u201cEcja p\u00ebrpara\u201d e v\u00ebrtet\u00eb do t\u00eb thot\u00eb k\u00ebmb\u00ebngulja p\u00ebr t\u00eb v\u00ebrtet\u00ebn, drejt\u00ebsin\u00eb dhe guximin politik p\u00ebr ta parandaluar p\u00ebrs\u00ebritjen e historis\u00eb\u201d, ka shkruar Kurti n\u00eb rrjete sociale.<\/p>\n<p style=\"font-style: inherit; font-weight: 400;\">Thirrje p\u00ebr t\u00eb mos heshtur ndaj gjenocidit ka b\u00ebr\u00eb presidentja Vjosa Osmani.<\/p>\n<p style=\"font-style: inherit; font-weight: 400;\">\u201cPas tri dekadash, z\u00ebri i N\u00ebnave t\u00eb Srebrenic\u00ebs mbetet thirrja m\u00eb e fort\u00eb kund\u00ebr harres\u00ebs dhe padrejt\u00ebsis\u00eb. Kosova q\u00ebndron p\u00ebrkrah tyre, sepse ne e dim\u00eb \u00e7far\u00eb do t\u00eb thot\u00eb dhimbja e humbja, por dhe angazhimi i palodhur p\u00ebr drejt\u00ebsi\u201d, ka th\u00ebn\u00eb ajo.<\/p>\n<p style=\"font-style: inherit; font-weight: 400;\">E politikania serbe, Rada Trajkoviq, e ka akuzuar presidentin Aleksand\u00ebr Vu\u00e7iq se p\u00ebrve\u00e7 autor\u00ebve t\u00eb krimeve n\u00eb Srebrenic\u00eb i mbron edhe ata q\u00eb kryen sulmin n\u00eb Banjsk\u00eb t\u00eb Zve\u00e7anit. N\u00eb reagimin e saj ndaj presidentit serb p\u00ebr gjenocidin n\u00eb Srebrenic\u00eb, Trajkoviq ka th\u00ebn\u00eb se keqardhja e shprehur nga ai \u00ebsht\u00eb duke u b\u00ebr\u00eb p\u00ebr ta shp\u00ebtuar postin n\u00eb krye t\u00eb shtetit.<\/p>\n<p style=\"font-style: inherit; font-weight: 400;\">\u201cNdoshta \u00ebsht\u00eb m\u00eb mir\u00eb ta thoni k\u00ebt\u00eb n\u00eb serbisht, n\u00eb m\u00ebnyr\u00eb q\u00eb autor\u00ebt e krimeve q\u00eb po i mbroni nga Srebrenica deri te Banjska t\u00eb mund ta d\u00ebgjojn\u00eb mir\u00eb? Apo \u00e7\u00ebshtja \u00ebsht\u00eb se me k\u00ebt\u00eb deklarat\u00eb e lani veten dhe e shp\u00ebtoni kolltukun derisa populli e mban fajin kolektiv\u201d, ka deklaruar Trajkoviq.<\/p>\n<p style=\"font-style: inherit; font-weight: 400;\">Vitin e shkuar, Qeveria e Kosov\u00ebs e ka shpallur 11 korrikun dit\u00eb p\u00ebrkujtimore p\u00ebr gjenocidin e Srebrenic\u00ebs. 30-vjetori i gjenocidit t\u00eb kryer n\u00eb k\u00ebt\u00eb qytet t\u00eb Bosnj\u00eb-Hercegovin\u00ebs do t\u00eb sh\u00ebnohet edhe n\u00eb Kosov\u00eb nga ora 20:30, p\u00ebrmes nj\u00eb ngjarjeje p\u00ebrkujtimore n\u00eb Prishtin\u00eb.<\/p>\n","protected":false},"excerpt":{"rendered":"<p>Bosnj\u00eb-Hercegovin\u00eb,\u00a0 11 Korrik 2025 Thirrje p\u00ebr drejt\u00ebsi kan\u00eb b\u00ebr\u00eb krer\u00ebt shtet\u00ebror\u00eb t\u00eb Kosov\u00ebs me rastin e sh\u00ebnimit t\u00eb p\u00ebrvjetorit t\u00eb 30 t\u00eb gjenocidit serb, t\u00eb<\/p>\n","protected":false},"author":1,"featured_media":3473,"comment_status":"open","ping_status":"open","sticky":false,"template":"","format":"standard","meta":{"footnotes":""},"categories":[58],"tags":[],"class_list":["post-3471","post","type-post","status-publish","format-standard","has-post-thumbnail","hentry","category-politike-sq"],"yoast_head":"<!-- This site is optimized with the Yoast SEO plugin v25.3.1 - https:\/\/yoast.com\/wordpress\/plugins\/seo\/ -->\n<title>Kurti: Gjenocidi n\u00eb Srebrenic\u00eb, paralajm\u00ebrim i fushat\u00ebs gjenocidale q\u00eb do t\u00eb ndodhte edhe n\u00eb Kosov\u00eb -<\/title>\n<meta name=\"robots\" content=\"index, follow, max-snippet:-1, max-image-preview:large, max-video-preview:-1\" \/>\n<link rel=\"canonical\" href=\"https:\/\/veritasinfo.org\/?p=3471\" \/>\n<meta property=\"og:locale\" content=\"en_US\" \/>\n<meta property=\"og:type\" content=\"article\" \/>\n<meta property=\"og:title\" content=\"Kurti: Gjenocidi n\u00eb Srebrenic\u00eb, paralajm\u00ebrim i fushat\u00ebs gjenocidale q\u00eb do t\u00eb ndodhte edhe n\u00eb Kosov\u00eb -\" \/>\n<meta property=\"og:description\" content=\"Bosnj\u00eb-Hercegovin\u00eb,\u00a0 11 Korrik 2025 Thirrje p\u00ebr drejt\u00ebsi kan\u00eb b\u00ebr\u00eb krer\u00ebt shtet\u00ebror\u00eb t\u00eb Kosov\u00ebs me rastin e sh\u00ebnimit t\u00eb p\u00ebrvjetorit t\u00eb 30 t\u00eb gjenocidit serb, t\u00eb\" \/>\n<meta property=\"og:url\" content=\"https:\/\/veritasinfo.org\/?p=3471\" \/>\n<meta property=\"article:published_time\" content=\"2025-07-11T17:02:02+00:00\" \/>\n<meta property=\"og:image\" content=\"https:\/\/veritasinfo.org\/wp-content\/uploads\/2025\/07\/IMG_0974.webp\" \/>\n\t<meta property=\"og:image:width\" content=\"1360\" \/>\n\t<meta property=\"og:image:height\" content=\"870\" \/>\n\t<meta property=\"og:image:type\" content=\"image\/webp\" \/>\n<meta name=\"author\" content=\"admin\" \/>\n<meta name=\"twitter:card\" content=\"summary_large_image\" \/>\n<meta name=\"twitter:label1\" content=\"Written by\" \/>\n\t<meta name=\"twitter:data1\" content=\"admin\" \/>\n\t<meta name=\"twitter:label2\" content=\"Est. reading time\" \/>\n\t<meta name=\"twitter:data2\" content=\"2 minutes\" \/>\n<script type=\"application\/ld+json\" class=\"yoast-schema-graph\">{\"@context\":\"https:\/\/schema.org\",\"@graph\":[{\"@type\":\"WebPage\",\"@id\":\"https:\/\/veritasinfo.org\/?p=3471\",\"url\":\"https:\/\/veritasinfo.org\/?p=3471\",\"name\":\"Kurti: Gjenocidi n\u00eb Srebrenic\u00eb, paralajm\u00ebrim i fushat\u00ebs gjenocidale q\u00eb do t\u00eb ndodhte edhe n\u00eb Kosov\u00eb -\",\"isPartOf\":{\"@id\":\"https:\/\/veritasinfo.org\/#website\"},\"primaryImageOfPage\":{\"@id\":\"https:\/\/veritasinfo.org\/?p=3471#primaryimage\"},\"image\":{\"@id\":\"https:\/\/veritasinfo.org\/?p=3471#primaryimage\"},\"thumbnailUrl\":\"https:\/\/veritasinfo.org\/wp-content\/uploads\/2025\/07\/IMG_0974.webp\",\"datePublished\":\"2025-07-11T17:02:02+00:00\",\"author\":{\"@id\":\"https:\/\/veritasinfo.org\/#\/schema\/person\/7701f8c088bece422266b100a712374f\"},\"breadcrumb\":{\"@id\":\"https:\/\/veritasinfo.org\/?p=3471#breadcrumb\"},\"inLanguage\":\"en-US\",\"potentialAction\":[{\"@type\":\"ReadAction\",\"target\":[\"https:\/\/veritasinfo.org\/?p=3471\"]}]},{\"@type\":\"ImageObject\",\"inLanguage\":\"en-US\",\"@id\":\"https:\/\/veritasinfo.org\/?p=3471#primaryimage\",\"url\":\"https:\/\/veritasinfo.org\/wp-content\/uploads\/2025\/07\/IMG_0974.webp\",\"contentUrl\":\"https:\/\/veritasinfo.org\/wp-content\/uploads\/2025\/07\/IMG_0974.webp\",\"width\":1360,\"height\":870},{\"@type\":\"BreadcrumbList\",\"@id\":\"https:\/\/veritasinfo.org\/?p=3471#breadcrumb\",\"itemListElement\":[{\"@type\":\"ListItem\",\"position\":1,\"name\":\"Home\",\"item\":\"https:\/\/veritasinfo.org\/\"},{\"@type\":\"ListItem\",\"position\":2,\"name\":\"Kurti: Gjenocidi n\u00eb Srebrenic\u00eb, paralajm\u00ebrim i fushat\u00ebs gjenocidale q\u00eb do t\u00eb ndodhte edhe n\u00eb Kosov\u00eb\"}]},{\"@type\":\"WebSite\",\"@id\":\"https:\/\/veritasinfo.org\/#website\",\"url\":\"https:\/\/veritasinfo.org\/\",\"name\":\"\",\"description\":\"\",\"potentialAction\":[{\"@type\":\"SearchAction\",\"target\":{\"@type\":\"EntryPoint\",\"urlTemplate\":\"https:\/\/veritasinfo.org\/?s={search_term_string}\"},\"query-input\":{\"@type\":\"PropertyValueSpecification\",\"valueRequired\":true,\"valueName\":\"search_term_string\"}}],\"inLanguage\":\"en-US\"},{\"@type\":\"Person\",\"@id\":\"https:\/\/veritasinfo.org\/#\/schema\/person\/7701f8c088bece422266b100a712374f\",\"name\":\"admin\",\"image\":{\"@type\":\"ImageObject\",\"inLanguage\":\"en-US\",\"@id\":\"https:\/\/veritasinfo.org\/#\/schema\/person\/image\/\",\"url\":\"https:\/\/secure.gravatar.com\/avatar\/ea53aa3bf6c9a12d5fde8ce4deff43fef3885ae33cf60184161a50d6987cfd2f?s=96&d=mm&r=g\",\"contentUrl\":\"https:\/\/secure.gravatar.com\/avatar\/ea53aa3bf6c9a12d5fde8ce4deff43fef3885ae33cf60184161a50d6987cfd2f?s=96&d=mm&r=g\",\"caption\":\"admin\"},\"sameAs\":[\"https:\/\/veritasinfo.org\"],\"url\":\"https:\/\/veritasinfo.org\/?author=1\"}]}<\/script>\n<!-- \/ Yoast SEO plugin. -->","yoast_head_json":{"title":"Kurti: Gjenocidi n\u00eb Srebrenic\u00eb, paralajm\u00ebrim i fushat\u00ebs gjenocidale q\u00eb do t\u00eb ndodhte edhe n\u00eb Kosov\u00eb -","robots":{"index":"index","follow":"follow","max-snippet":"max-snippet:-1","max-image-preview":"max-image-preview:large","max-video-preview":"max-video-preview:-1"},"canonical":"https:\/\/veritasinfo.org\/?p=3471","og_locale":"en_US","og_type":"article","og_title":"Kurti: Gjenocidi n\u00eb Srebrenic\u00eb, paralajm\u00ebrim i fushat\u00ebs gjenocidale q\u00eb do t\u00eb ndodhte edhe n\u00eb Kosov\u00eb -","og_description":"Bosnj\u00eb-Hercegovin\u00eb,\u00a0 11 Korrik 2025 Thirrje p\u00ebr drejt\u00ebsi kan\u00eb b\u00ebr\u00eb krer\u00ebt shtet\u00ebror\u00eb t\u00eb Kosov\u00ebs me rastin e sh\u00ebnimit t\u00eb p\u00ebrvjetorit t\u00eb 30 t\u00eb gjenocidit serb, t\u00eb","og_url":"https:\/\/veritasinfo.org\/?p=3471","article_published_time":"2025-07-11T17:02:02+00:00","og_image":[{"width":1360,"height":870,"url":"https:\/\/veritasinfo.org\/wp-content\/uploads\/2025\/07\/IMG_0974.webp","type":"image\/webp"}],"author":"admin","twitter_card":"summary_large_image","twitter_misc":{"Written by":"admin","Est. reading time":"2 minutes"},"schema":{"@context":"https:\/\/schema.org","@graph":[{"@type":"WebPage","@id":"https:\/\/veritasinfo.org\/?p=3471","url":"https:\/\/veritasinfo.org\/?p=3471","name":"Kurti: Gjenocidi n\u00eb Srebrenic\u00eb, paralajm\u00ebrim i fushat\u00ebs gjenocidale q\u00eb do t\u00eb ndodhte edhe n\u00eb Kosov\u00eb -","isPartOf":{"@id":"https:\/\/veritasinfo.org\/#website"},"primaryImageOfPage":{"@id":"https:\/\/veritasinfo.org\/?p=3471#primaryimage"},"image":{"@id":"https:\/\/veritasinfo.org\/?p=3471#primaryimage"},"thumbnailUrl":"https:\/\/veritasinfo.org\/wp-content\/uploads\/2025\/07\/IMG_0974.webp","datePublished":"2025-07-11T17:02:02+00:00","author":{"@id":"https:\/\/veritasinfo.org\/#\/schema\/person\/7701f8c088bece422266b100a712374f"},"breadcrumb":{"@id":"https:\/\/veritasinfo.org\/?p=3471#breadcrumb"},"inLanguage":"en-US","potentialAction":[{"@type":"ReadAction","target":["https:\/\/veritasinfo.org\/?p=3471"]}]},{"@type":"ImageObject","inLanguage":"en-US","@id":"https:\/\/veritasinfo.org\/?p=3471#primaryimage","url":"https:\/\/veritasinfo.org\/wp-content\/uploads\/2025\/07\/IMG_0974.webp","contentUrl":"https:\/\/veritasinfo.org\/wp-content\/uploads\/2025\/07\/IMG_0974.webp","width":1360,"height":870},{"@type":"BreadcrumbList","@id":"https:\/\/veritasinfo.org\/?p=3471#breadcrumb","itemListElement":[{"@type":"ListItem","position":1,"name":"Home","item":"https:\/\/veritasinfo.org\/"},{"@type":"ListItem","position":2,"name":"Kurti: Gjenocidi n\u00eb Srebrenic\u00eb, paralajm\u00ebrim i fushat\u00ebs gjenocidale q\u00eb do t\u00eb ndodhte edhe n\u00eb Kosov\u00eb"}]},{"@type":"WebSite","@id":"https:\/\/veritasinfo.org\/#website","url":"https:\/\/veritasinfo.org\/","name":"","description":"","potentialAction":[{"@type":"SearchAction","target":{"@type":"EntryPoint","urlTemplate":"https:\/\/veritasinfo.org\/?s={search_term_string}"},"query-input":{"@type":"PropertyValueSpecification","valueRequired":true,"valueName":"search_term_string"}}],"inLanguage":"en-US"},{"@type":"Person","@id":"https:\/\/veritasinfo.org\/#\/schema\/person\/7701f8c088bece422266b100a712374f","name":"admin","image":{"@type":"ImageObject","inLanguage":"en-US","@id":"https:\/\/veritasinfo.org\/#\/schema\/person\/image\/","url":"https:\/\/secure.gravatar.com\/avatar\/ea53aa3bf6c9a12d5fde8ce4deff43fef3885ae33cf60184161a50d6987cfd2f?s=96&d=mm&r=g","contentUrl":"https:\/\/secure.gravatar.com\/avatar\/ea53aa3bf6c9a12d5fde8ce4deff43fef3885ae33cf60184161a50d6987cfd2f?s=96&d=mm&r=g","caption":"admin"},"sameAs":["https:\/\/veritasinfo.org"],"url":"https:\/\/veritasinfo.org\/?author=1"}]}},"featured_image_urls":{"full":["https:\/\/veritasinfo.org\/wp-content\/uploads\/2025\/07\/IMG_0974.webp",1360,870,false],"thumbnail":["https:\/\/veritasinfo.org\/wp-content\/uploads\/2025\/07\/IMG_0974-150x150.webp",150,150,true],"medium":["https:\/\/veritasinfo.org\/wp-content\/uploads\/2025\/07\/IMG_0974-300x192.webp",300,192,true],"medium_large":["https:\/\/veritasinfo.org\/wp-content\/uploads\/2025\/07\/IMG_0974-768x491.webp",640,409,true],"large":["https:\/\/veritasinfo.org\/wp-content\/uploads\/2025\/07\/IMG_0974-1024x655.webp",640,409,true],"1536x1536":["https:\/\/veritasinfo.org\/wp-content\/uploads\/2025\/07\/IMG_0974.webp",1360,870,false],"2048x2048":["https:\/\/veritasinfo.org\/wp-content\/uploads\/2025\/07\/IMG_0974.webp",1360,870,false],"kreeti-slider-full":["https:\/\/veritasinfo.org\/wp-content\/uploads\/2025\/07\/IMG_0974.webp",1126,720,false],"kreeti-featured":["https:\/\/veritasinfo.org\/wp-content\/uploads\/2025\/07\/IMG_0974.webp",1024,655,false],"kreeti-medium":["https:\/\/veritasinfo.org\/wp-content\/uploads\/2025\/07\/IMG_0974.webp",720,461,false],"kreeti-medium-square":["https:\/\/veritasinfo.org\/wp-content\/uploads\/2025\/07\/IMG_0974.webp",350,224,false]},"author_info":{"info":["admin"]},"category_info":"<a href=\"https:\/\/veritasinfo.org\/?cat=58\" rel=\"category\">Politik\u00eb<\/a>","tag_info":"Politik\u00eb","comment_count":"0","_links":{"self":[{"href":"https:\/\/veritasinfo.org\/index.php?rest_route=\/wp\/v2\/posts\/3471","targetHints":{"allow":["GET"]}}],"collection":[{"href":"https:\/\/veritasinfo.org\/index.php?rest_route=\/wp\/v2\/posts"}],"about":[{"href":"https:\/\/veritasinfo.org\/index.php?rest_route=\/wp\/v2\/types\/post"}],"author":[{"embeddable":true,"href":"https:\/\/veritasinfo.org\/index.php?rest_route=\/wp\/v2\/users\/1"}],"replies":[{"embeddable":true,"href":"https:\/\/veritasinfo.org\/index.php?rest_route=%2Fwp%2Fv2%2Fcomments&post=3471"}],"version-history":[{"count":1,"href":"https:\/\/veritasinfo.org\/index.php?rest_route=\/wp\/v2\/posts\/3471\/revisions"}],"predecessor-version":[{"id":3474,"href":"https:\/\/veritasinfo.org\/index.php?rest_route=\/wp\/v2\/posts\/3471\/revisions\/3474"}],"wp:featuredmedia":[{"embeddable":true,"href":"https:\/\/veritasinfo.org\/index.php?rest_route=\/wp\/v2\/media\/3473"}],"wp:attachment":[{"href":"https:\/\/veritasinfo.org\/index.php?rest_route=%2Fwp%2Fv2%2Fmedia&parent=3471"}],"wp:term":[{"taxonomy":"category","embeddable":true,"href":"https:\/\/veritasinfo.org\/index.php?rest_route=%2Fwp%2Fv2%2Fcategories&post=3471"},{"taxonomy":"post_tag","embeddable":true,"href":"https:\/\/veritasinfo.org\/index.php?rest_route=%2Fwp%2Fv2%2Ftags&post=3471"}],"curies":[{"name":"wp","href":"https:\/\/api.w.org\/{rel}","templated":true}]}}