{"id":34705,"date":"2026-02-25T21:59:01","date_gmt":"2026-02-25T20:59:01","guid":{"rendered":"https:\/\/veritasinfo.org\/?p=34705"},"modified":"2026-02-25T21:59:01","modified_gmt":"2026-02-25T20:59:01","slug":"qkuk-heq-tarifen-per-percjellesit-e-pacienteve-ne-kliniken-e-pediatrise-dhe-kliniken-e-kirurgjise-se-femijeve","status":"publish","type":"post","link":"https:\/\/veritasinfo.org\/?p=34705","title":{"rendered":"QKUK heq tarif\u00ebn p\u00ebr p\u00ebrcjell\u00ebsit e pacient\u00ebve n\u00eb Klinik\u00ebn e Pediatris\u00eb dhe Klinik\u00ebn e Kirurgjis\u00eb s\u00eb F\u00ebmij\u00ebve"},"content":{"rendered":"<p>Prishtin\u00eb, 25 shkurt 2026 21:58<\/p>\n<p>Qendra Klinike Universitare e Kosov\u00ebs (QKUK) ka njoftuar se n\u00eb p\u00ebrputhje me udh\u00ebzimin administrativ n\u00eb fuqi, p\u00ebrcjell\u00ebsit e pacient\u00ebve n\u00eb Klinik\u00ebn e Pediatris\u00eb dhe Klinik\u00ebn e Kirurgjis\u00eb s\u00eb F\u00ebmij\u00ebve do t\u00eb jen\u00eb t\u00eb liruar nga tarifa prej 3 euro p\u00ebr nat\u00eb gjat\u00eb q\u00ebndrimit n\u00eb k\u00ebto klinika.<\/p>\n<p>P\u00ebrjashtim nga kjo tarif\u00eb b\u00ebhet gjithashtu p\u00ebr p\u00ebrcjell\u00ebsit e pacient\u00ebve t\u00eb Klinik\u00ebs s\u00eb Onkologjis\u00eb dhe t\u00eb gjitha klinikave ku trajtohen pacient\u00eb me s\u00ebmundje malinje, pa marr\u00eb parasysh se n\u00eb cilat klinika t\u00eb tjera t\u00eb QKUK-s\u00eb trajtohen k\u00ebta pacient\u00eb.<\/p>\n<p>Po ashtu, QKUK ka njoftuar se p\u00ebrcjell\u00ebsit e pacient\u00ebve n\u00ebn mosh\u00ebn 18 vje\u00e7 dhe ata q\u00eb kujdesen p\u00ebr pacient\u00ebt me s\u00ebmundje kronike gjithashtu jan\u00eb t\u00eb p\u00ebrjashtuar nga pagesa e k\u00ebsaj tarife.<\/p>\n<p>\u201cSqarojm\u00eb se n\u00eb Klinik\u00ebn e Pediatris\u00eb dhe n\u00eb Klinik\u00ebn e Kirurgjis\u00eb s\u00eb F\u00ebmij\u00ebve, p\u00ebrcjell\u00ebsit nuk kan\u00eb paguar asnj\u00ebher\u00eb tarif\u00ebn prej 3 (tre) euro p\u00ebr nat\u00eb\u201d- thuhet n\u00eb njoftimin e l\u00ebshuar t\u00eb m\u00ebrkur\u00ebn, m\u00eb 25.02.2026.<\/p>\n<p>P\u00ebrcjell\u00ebsit e pacient\u00ebve t\u00eb shtrir\u00eb n\u00eb Qendr\u00ebn Klinike Universitare t\u00eb Kosov\u00ebs (QKUK) po obligohen q\u00eb t\u00eb paguajn\u00eb nga 3 euro p\u00ebr \u00e7do nat\u00eb q\u00ebndrimi aty.<\/p>\n<div class=\"revive_zone__holder revive_zone--desktop_visible\">\n<div class=\"revive_zone revive_zone--desktop_visible\">Kjo tarif\u00eb \u00ebsht\u00eb p\u00ebrcaktuar me udh\u00ebzimin administrativ p\u00ebr bashk\u00ebpagesa. P\u00ebr t\u00eb,\u00a0 QKUK ka th\u00ebn\u00eb p\u00ebr KALLXO.com q\u00eb ka nisur ta zbatoj\u00eb tash e 12 dit\u00eb.<\/div>\n<\/div>\n<p>N\u00eb nj\u00eb p\u00ebrgjigje p\u00ebr KALLXO.com, nga QKUK kan\u00eb shpjeguar se kjo tarif\u00eb zbatohet n\u00eb t\u00eb gjitha klinikat p\u00ebrve\u00e7 asaj t\u00eb Onkologjis\u00eb dhe klinikave ku trajtohen pacient\u00eb me s\u00ebmundje malinje.<\/p>\n<p>\u201cSipas k\u00ebtij udh\u00ebzimi, p\u00ebrcjell\u00ebsit e pacient\u00ebve mbi mosh\u00ebn 15 vje\u00e7 jan\u00eb t\u00eb obliguar t\u00eb paguajn\u00eb nj\u00eb tarif\u00eb prej 3 euro p\u00ebr nat\u00eb gjat\u00eb q\u00ebndrimit n\u00eb klinikat e QKUK-s\u00eb. Ky obligim zbatohet n\u00eb t\u00eb gjitha klinikat, me p\u00ebrjashtim t\u00eb Klinik\u00ebs s\u00eb Onkologjis\u00eb dhe klinikave ku trajtohen pacient\u00eb me s\u00ebmundje malinje, pavar\u00ebsisht se pacient\u00ebt mund t\u00eb jen\u00eb t\u00eb shtruar n\u00eb klinika t\u00eb tjera brenda QKUK-s\u00eb. P\u00ebrjashtim nga pagesa b\u00ebjn\u00eb gjithashtu p\u00ebrcjell\u00ebsit e pacient\u00ebve n\u00ebn mosh\u00ebn 15 vje\u00e7\u201d- thuhet n\u00eb p\u00ebrgjigje.<\/p>\n<p>QKUK deklaron se\u201dq\u00ebllimi i k\u00ebsaj mase \u00ebsht\u00eb reduktimi i numrit t\u00eb p\u00ebrcjell\u00ebsve brenda klinikave, me synim p\u00ebrmir\u00ebsimin e funksionimit normal t\u00eb sh\u00ebrbimeve sh\u00ebndet\u00ebsore, ruajtjen e rendit, si dhe krijimin e nj\u00eb ambienti m\u00eb t\u00eb p\u00ebrshtatsh\u00ebm p\u00ebr pacient\u00ebt dhe stafin mjek\u00ebsor.<\/p>\n<div class=\"revive_zone__holder revive_zone--desktop_visible\">\n<div class=\"revive_zone revive_zone--desktop_visible\">Por, Shoqata p\u00ebr t\u00eb Drejtat e Pacient\u00ebve n\u00eb Kosov\u00eb (PRAK) \u00ebsht\u00eb shprehur e shqet\u00ebsuar me vendimin e menaxhmentit t\u00eb QKUK-s\u00eb p\u00ebr zbatimin e tarif\u00ebs prej 3 euro p\u00ebr p\u00ebrcjell\u00ebsit e pacient\u00ebve.<\/div>\n<\/div>\n<p>\u201cVendosja e nj\u00eb pagese p\u00ebr k\u00ebt\u00eb rol krijon barr\u00eb shtes\u00eb p\u00ebr familjet, prek n\u00eb m\u00ebnyr\u00eb disproporcionale kategorit\u00eb e ndjeshme dhe rrezikon t\u00eb penalizoj\u00eb nj\u00eb mekaniz\u00ebm mb\u00ebshtet\u00ebs q\u00eb vet sistemi e konsideron t\u00eb nevojsh\u00ebm\u201d- thuhet nd\u00ebr tjera n\u00eb reagimin e PRAK.<\/p>\n","protected":false},"excerpt":{"rendered":"<p>Prishtin\u00eb, 25 shkurt 2026 21:58 Qendra Klinike Universitare e Kosov\u00ebs (QKUK) ka njoftuar se n\u00eb p\u00ebrputhje me udh\u00ebzimin administrativ n\u00eb fuqi, p\u00ebrcjell\u00ebsit e pacient\u00ebve n\u00eb<\/p>\n","protected":false},"author":7,"featured_media":34706,"comment_status":"open","ping_status":"open","sticky":false,"template":"","format":"standard","meta":{"footnotes":""},"categories":[60],"tags":[],"class_list":["post-34705","post","type-post","status-publish","format-standard","has-post-thumbnail","hentry","category-shoqerore-sq"],"yoast_head":"<!-- This site is optimized with the Yoast SEO plugin v25.3.1 - https:\/\/yoast.com\/wordpress\/plugins\/seo\/ -->\n<title>QKUK heq tarif\u00ebn p\u00ebr p\u00ebrcjell\u00ebsit e pacient\u00ebve n\u00eb Klinik\u00ebn e Pediatris\u00eb dhe Klinik\u00ebn e Kirurgjis\u00eb s\u00eb F\u00ebmij\u00ebve -<\/title>\n<meta name=\"robots\" content=\"index, follow, max-snippet:-1, max-image-preview:large, max-video-preview:-1\" \/>\n<link rel=\"canonical\" href=\"https:\/\/veritasinfo.org\/?p=34705\" \/>\n<meta property=\"og:locale\" content=\"en_US\" \/>\n<meta property=\"og:type\" content=\"article\" \/>\n<meta property=\"og:title\" content=\"QKUK heq tarif\u00ebn p\u00ebr p\u00ebrcjell\u00ebsit e pacient\u00ebve n\u00eb Klinik\u00ebn e Pediatris\u00eb dhe Klinik\u00ebn e Kirurgjis\u00eb s\u00eb F\u00ebmij\u00ebve -\" \/>\n<meta property=\"og:description\" content=\"Prishtin\u00eb, 25 shkurt 2026 21:58 Qendra Klinike Universitare e Kosov\u00ebs (QKUK) ka njoftuar se n\u00eb p\u00ebrputhje me udh\u00ebzimin administrativ n\u00eb fuqi, p\u00ebrcjell\u00ebsit e pacient\u00ebve n\u00eb\" \/>\n<meta property=\"og:url\" content=\"https:\/\/veritasinfo.org\/?p=34705\" \/>\n<meta property=\"article:published_time\" content=\"2026-02-25T20:59:01+00:00\" \/>\n<meta property=\"og:image\" content=\"https:\/\/veritasinfo.org\/wp-content\/uploads\/2026\/02\/1-148.jpg\" \/>\n\t<meta property=\"og:image:width\" content=\"739\" \/>\n\t<meta property=\"og:image:height\" content=\"421\" \/>\n\t<meta property=\"og:image:type\" content=\"image\/jpeg\" \/>\n<meta name=\"author\" content=\"US6\" \/>\n<meta name=\"twitter:card\" content=\"summary_large_image\" \/>\n<meta name=\"twitter:label1\" content=\"Written by\" \/>\n\t<meta name=\"twitter:data1\" content=\"US6\" \/>\n\t<meta name=\"twitter:label2\" content=\"Est. reading time\" \/>\n\t<meta name=\"twitter:data2\" content=\"3 minutes\" \/>\n<script type=\"application\/ld+json\" class=\"yoast-schema-graph\">{\"@context\":\"https:\/\/schema.org\",\"@graph\":[{\"@type\":\"WebPage\",\"@id\":\"https:\/\/veritasinfo.org\/?p=34705\",\"url\":\"https:\/\/veritasinfo.org\/?p=34705\",\"name\":\"QKUK heq tarif\u00ebn p\u00ebr p\u00ebrcjell\u00ebsit e pacient\u00ebve n\u00eb Klinik\u00ebn e Pediatris\u00eb dhe Klinik\u00ebn e Kirurgjis\u00eb s\u00eb F\u00ebmij\u00ebve -\",\"isPartOf\":{\"@id\":\"https:\/\/veritasinfo.org\/#website\"},\"primaryImageOfPage\":{\"@id\":\"https:\/\/veritasinfo.org\/?p=34705#primaryimage\"},\"image\":{\"@id\":\"https:\/\/veritasinfo.org\/?p=34705#primaryimage\"},\"thumbnailUrl\":\"https:\/\/veritasinfo.org\/wp-content\/uploads\/2026\/02\/1-148.jpg\",\"datePublished\":\"2026-02-25T20:59:01+00:00\",\"author\":{\"@id\":\"https:\/\/veritasinfo.org\/#\/schema\/person\/fe199eede04c3937362892b7444747cc\"},\"breadcrumb\":{\"@id\":\"https:\/\/veritasinfo.org\/?p=34705#breadcrumb\"},\"inLanguage\":\"en-US\",\"potentialAction\":[{\"@type\":\"ReadAction\",\"target\":[\"https:\/\/veritasinfo.org\/?p=34705\"]}]},{\"@type\":\"ImageObject\",\"inLanguage\":\"en-US\",\"@id\":\"https:\/\/veritasinfo.org\/?p=34705#primaryimage\",\"url\":\"https:\/\/veritasinfo.org\/wp-content\/uploads\/2026\/02\/1-148.jpg\",\"contentUrl\":\"https:\/\/veritasinfo.org\/wp-content\/uploads\/2026\/02\/1-148.jpg\",\"width\":739,\"height\":421},{\"@type\":\"BreadcrumbList\",\"@id\":\"https:\/\/veritasinfo.org\/?p=34705#breadcrumb\",\"itemListElement\":[{\"@type\":\"ListItem\",\"position\":1,\"name\":\"Home\",\"item\":\"https:\/\/veritasinfo.org\/\"},{\"@type\":\"ListItem\",\"position\":2,\"name\":\"QKUK heq tarif\u00ebn p\u00ebr p\u00ebrcjell\u00ebsit e pacient\u00ebve n\u00eb Klinik\u00ebn e Pediatris\u00eb dhe Klinik\u00ebn e Kirurgjis\u00eb s\u00eb F\u00ebmij\u00ebve\"}]},{\"@type\":\"WebSite\",\"@id\":\"https:\/\/veritasinfo.org\/#website\",\"url\":\"https:\/\/veritasinfo.org\/\",\"name\":\"\",\"description\":\"\",\"potentialAction\":[{\"@type\":\"SearchAction\",\"target\":{\"@type\":\"EntryPoint\",\"urlTemplate\":\"https:\/\/veritasinfo.org\/?s={search_term_string}\"},\"query-input\":{\"@type\":\"PropertyValueSpecification\",\"valueRequired\":true,\"valueName\":\"search_term_string\"}}],\"inLanguage\":\"en-US\"},{\"@type\":\"Person\",\"@id\":\"https:\/\/veritasinfo.org\/#\/schema\/person\/fe199eede04c3937362892b7444747cc\",\"name\":\"US6\",\"image\":{\"@type\":\"ImageObject\",\"inLanguage\":\"en-US\",\"@id\":\"https:\/\/veritasinfo.org\/#\/schema\/person\/image\/\",\"url\":\"https:\/\/secure.gravatar.com\/avatar\/cb16c3c31c9d23b9b8c705964598220b3014e42ff51eb540ff23cefa3ae8c15f?s=96&d=mm&r=g\",\"contentUrl\":\"https:\/\/secure.gravatar.com\/avatar\/cb16c3c31c9d23b9b8c705964598220b3014e42ff51eb540ff23cefa3ae8c15f?s=96&d=mm&r=g\",\"caption\":\"US6\"},\"url\":\"https:\/\/veritasinfo.org\/?author=7\"}]}<\/script>\n<!-- \/ Yoast SEO plugin. -->","yoast_head_json":{"title":"QKUK heq tarif\u00ebn p\u00ebr p\u00ebrcjell\u00ebsit e pacient\u00ebve n\u00eb Klinik\u00ebn e Pediatris\u00eb dhe Klinik\u00ebn e Kirurgjis\u00eb s\u00eb F\u00ebmij\u00ebve -","robots":{"index":"index","follow":"follow","max-snippet":"max-snippet:-1","max-image-preview":"max-image-preview:large","max-video-preview":"max-video-preview:-1"},"canonical":"https:\/\/veritasinfo.org\/?p=34705","og_locale":"en_US","og_type":"article","og_title":"QKUK heq tarif\u00ebn p\u00ebr p\u00ebrcjell\u00ebsit e pacient\u00ebve n\u00eb Klinik\u00ebn e Pediatris\u00eb dhe Klinik\u00ebn e Kirurgjis\u00eb s\u00eb F\u00ebmij\u00ebve -","og_description":"Prishtin\u00eb, 25 shkurt 2026 21:58 Qendra Klinike Universitare e Kosov\u00ebs (QKUK) ka njoftuar se n\u00eb p\u00ebrputhje me udh\u00ebzimin administrativ n\u00eb fuqi, p\u00ebrcjell\u00ebsit e pacient\u00ebve n\u00eb","og_url":"https:\/\/veritasinfo.org\/?p=34705","article_published_time":"2026-02-25T20:59:01+00:00","og_image":[{"width":739,"height":421,"url":"https:\/\/veritasinfo.org\/wp-content\/uploads\/2026\/02\/1-148.jpg","type":"image\/jpeg"}],"author":"US6","twitter_card":"summary_large_image","twitter_misc":{"Written by":"US6","Est. reading time":"3 minutes"},"schema":{"@context":"https:\/\/schema.org","@graph":[{"@type":"WebPage","@id":"https:\/\/veritasinfo.org\/?p=34705","url":"https:\/\/veritasinfo.org\/?p=34705","name":"QKUK heq tarif\u00ebn p\u00ebr p\u00ebrcjell\u00ebsit e pacient\u00ebve n\u00eb Klinik\u00ebn e Pediatris\u00eb dhe Klinik\u00ebn e Kirurgjis\u00eb s\u00eb F\u00ebmij\u00ebve -","isPartOf":{"@id":"https:\/\/veritasinfo.org\/#website"},"primaryImageOfPage":{"@id":"https:\/\/veritasinfo.org\/?p=34705#primaryimage"},"image":{"@id":"https:\/\/veritasinfo.org\/?p=34705#primaryimage"},"thumbnailUrl":"https:\/\/veritasinfo.org\/wp-content\/uploads\/2026\/02\/1-148.jpg","datePublished":"2026-02-25T20:59:01+00:00","author":{"@id":"https:\/\/veritasinfo.org\/#\/schema\/person\/fe199eede04c3937362892b7444747cc"},"breadcrumb":{"@id":"https:\/\/veritasinfo.org\/?p=34705#breadcrumb"},"inLanguage":"en-US","potentialAction":[{"@type":"ReadAction","target":["https:\/\/veritasinfo.org\/?p=34705"]}]},{"@type":"ImageObject","inLanguage":"en-US","@id":"https:\/\/veritasinfo.org\/?p=34705#primaryimage","url":"https:\/\/veritasinfo.org\/wp-content\/uploads\/2026\/02\/1-148.jpg","contentUrl":"https:\/\/veritasinfo.org\/wp-content\/uploads\/2026\/02\/1-148.jpg","width":739,"height":421},{"@type":"BreadcrumbList","@id":"https:\/\/veritasinfo.org\/?p=34705#breadcrumb","itemListElement":[{"@type":"ListItem","position":1,"name":"Home","item":"https:\/\/veritasinfo.org\/"},{"@type":"ListItem","position":2,"name":"QKUK heq tarif\u00ebn p\u00ebr p\u00ebrcjell\u00ebsit e pacient\u00ebve n\u00eb Klinik\u00ebn e Pediatris\u00eb dhe Klinik\u00ebn e Kirurgjis\u00eb s\u00eb F\u00ebmij\u00ebve"}]},{"@type":"WebSite","@id":"https:\/\/veritasinfo.org\/#website","url":"https:\/\/veritasinfo.org\/","name":"","description":"","potentialAction":[{"@type":"SearchAction","target":{"@type":"EntryPoint","urlTemplate":"https:\/\/veritasinfo.org\/?s={search_term_string}"},"query-input":{"@type":"PropertyValueSpecification","valueRequired":true,"valueName":"search_term_string"}}],"inLanguage":"en-US"},{"@type":"Person","@id":"https:\/\/veritasinfo.org\/#\/schema\/person\/fe199eede04c3937362892b7444747cc","name":"US6","image":{"@type":"ImageObject","inLanguage":"en-US","@id":"https:\/\/veritasinfo.org\/#\/schema\/person\/image\/","url":"https:\/\/secure.gravatar.com\/avatar\/cb16c3c31c9d23b9b8c705964598220b3014e42ff51eb540ff23cefa3ae8c15f?s=96&d=mm&r=g","contentUrl":"https:\/\/secure.gravatar.com\/avatar\/cb16c3c31c9d23b9b8c705964598220b3014e42ff51eb540ff23cefa3ae8c15f?s=96&d=mm&r=g","caption":"US6"},"url":"https:\/\/veritasinfo.org\/?author=7"}]}},"featured_image_urls":{"full":["https:\/\/veritasinfo.org\/wp-content\/uploads\/2026\/02\/1-148.jpg",739,421,false],"thumbnail":["https:\/\/veritasinfo.org\/wp-content\/uploads\/2026\/02\/1-148-150x150.jpg",150,150,true],"medium":["https:\/\/veritasinfo.org\/wp-content\/uploads\/2026\/02\/1-148-300x171.jpg",300,171,true],"medium_large":["https:\/\/veritasinfo.org\/wp-content\/uploads\/2026\/02\/1-148.jpg",640,365,false],"large":["https:\/\/veritasinfo.org\/wp-content\/uploads\/2026\/02\/1-148.jpg",640,365,false],"1536x1536":["https:\/\/veritasinfo.org\/wp-content\/uploads\/2026\/02\/1-148.jpg",739,421,false],"2048x2048":["https:\/\/veritasinfo.org\/wp-content\/uploads\/2026\/02\/1-148.jpg",739,421,false],"kreeti-slider-full":["https:\/\/veritasinfo.org\/wp-content\/uploads\/2026\/02\/1-148.jpg",739,421,false],"kreeti-featured":["https:\/\/veritasinfo.org\/wp-content\/uploads\/2026\/02\/1-148.jpg",739,421,false],"kreeti-medium":["https:\/\/veritasinfo.org\/wp-content\/uploads\/2026\/02\/1-148.jpg",720,410,false],"kreeti-medium-square":["https:\/\/veritasinfo.org\/wp-content\/uploads\/2026\/02\/1-148.jpg",350,199,false]},"author_info":{"info":["US6"]},"category_info":"<a href=\"https:\/\/veritasinfo.org\/?cat=60\" rel=\"category\">Shoq\u00ebrore<\/a>","tag_info":"Shoq\u00ebrore","comment_count":"0","_links":{"self":[{"href":"https:\/\/veritasinfo.org\/index.php?rest_route=\/wp\/v2\/posts\/34705","targetHints":{"allow":["GET"]}}],"collection":[{"href":"https:\/\/veritasinfo.org\/index.php?rest_route=\/wp\/v2\/posts"}],"about":[{"href":"https:\/\/veritasinfo.org\/index.php?rest_route=\/wp\/v2\/types\/post"}],"author":[{"embeddable":true,"href":"https:\/\/veritasinfo.org\/index.php?rest_route=\/wp\/v2\/users\/7"}],"replies":[{"embeddable":true,"href":"https:\/\/veritasinfo.org\/index.php?rest_route=%2Fwp%2Fv2%2Fcomments&post=34705"}],"version-history":[{"count":1,"href":"https:\/\/veritasinfo.org\/index.php?rest_route=\/wp\/v2\/posts\/34705\/revisions"}],"predecessor-version":[{"id":34707,"href":"https:\/\/veritasinfo.org\/index.php?rest_route=\/wp\/v2\/posts\/34705\/revisions\/34707"}],"wp:featuredmedia":[{"embeddable":true,"href":"https:\/\/veritasinfo.org\/index.php?rest_route=\/wp\/v2\/media\/34706"}],"wp:attachment":[{"href":"https:\/\/veritasinfo.org\/index.php?rest_route=%2Fwp%2Fv2%2Fmedia&parent=34705"}],"wp:term":[{"taxonomy":"category","embeddable":true,"href":"https:\/\/veritasinfo.org\/index.php?rest_route=%2Fwp%2Fv2%2Fcategories&post=34705"},{"taxonomy":"post_tag","embeddable":true,"href":"https:\/\/veritasinfo.org\/index.php?rest_route=%2Fwp%2Fv2%2Ftags&post=34705"}],"curies":[{"name":"wp","href":"https:\/\/api.w.org\/{rel}","templated":true}]}}