{"id":34694,"date":"2026-02-25T20:00:48","date_gmt":"2026-02-25T19:00:48","guid":{"rendered":"https:\/\/veritasinfo.org\/?p=34694"},"modified":"2026-02-25T20:00:48","modified_gmt":"2026-02-25T19:00:48","slug":"kurti-e-spiropali-diskutuan-per-mbledhjen-e-perbashket-dhe-hekurudhen-gjakove-shkoder","status":"publish","type":"post","link":"https:\/\/veritasinfo.org\/?p=34694","title":{"rendered":"Kurti e Spiropali diskutuan p\u00ebr mbledhjen e p\u00ebrbashk\u00ebt dhe hekurudh\u00ebn Gjakov\u00eb-Shkod\u00ebr"},"content":{"rendered":"<p>Prishtin\u00eb, 25 shkurt 2026 20:01<\/p>\n<p>Kryeministri i Kosov\u00ebs, Albin Kurti dhe ministrja e Pun\u00ebve t\u00eb Jashtme t\u00eb Shqip\u00ebris\u00eb, Elisa Spiropali kan diskutuar p\u00ebr projekte strategjike infrastrukturore, me theks hekurudh\u00ebn Gjakov\u00eb\u2013Shkod\u00ebr.<\/p>\n<p>Sipas komunikat\u00ebs s\u00eb Qevers\u00eb, ky projekt \u00ebsht\u00eb prioritet i vler\u00ebsuar si investim i r\u00ebnd\u00ebsish\u00ebm p\u00ebr zhvillimin ekonomik.<\/p>\n<div class=\"jeg_ad jeg_ad_article jnews_content_inline_ads  \">\n<div class=\"ads-wrapper align-center \">\u201cN\u00eb takim, p\u00ebrve\u00e7 tjerash, u theksua r\u00ebnd\u00ebsia e projekteve strategjike infrastrukturore, n\u00eb ve\u00e7anti hekurudha Gjakov\u00eb\u2013Shkod\u00ebr, e cila do t\u00eb jet\u00eb prioritet i k\u00ebtij mandati, me synimin q\u00eb punimet p\u00ebr nd\u00ebrtimin e saj t\u00eb fillojn\u00eb sa m\u00eb par\u00eb. Ky projekt u vler\u00ebsua si investim me r\u00ebnd\u00ebsi t\u00eb madhe ekonomike dhe rajonale, q\u00eb do t\u00eb forcoj\u00eb lidhjet mes Kosov\u00ebs dhe Shqip\u00ebris\u00eb, do t\u00eb rris\u00eb qarkullimin e mallrave dhe njer\u00ebzve, si dhe do t\u00eb kontribuoj\u00eb n\u00eb zhvillimin e q\u00ebndruesh\u00ebm t\u00eb t\u00eb dy vendeve\u201d, thuhet n\u00eb komunikat\u00eb.<\/div>\n<\/div>\n<p>N\u00eb takim u diskutua edhe mbajtja e mbledhjes s\u00eb p\u00ebrbashk\u00ebt t\u00eb dy qeverive.<\/p>\n<p>\u201cPo ashtu, u theksua nevoja p\u00ebr vazhdimin e mbledhjeve t\u00eb p\u00ebrbashk\u00ebta nd\u00ebrqeveritare (G2G), me synimin q\u00eb nj\u00eb e till\u00eb t\u00eb organizohet gjat\u00eb vitit 2026. U diskutua gjithashtu p\u00ebr koordinimin e politik\u00ebs s\u00eb jashtme dhe mb\u00ebshtetjen e nd\u00ebrsjell\u00eb n\u00eb organizata dhe forume nd\u00ebrkomb\u00ebtare, si dhe p\u00ebr forcimin e bashk\u00ebpunimit lidhur me diaspor\u00ebn shqiptare, ve\u00e7an\u00ebrisht n\u00eb promovimin e gjuh\u00ebs dhe kultur\u00ebs tek gjeneratat e reja. T\u00eb dy pal\u00ebt u dakorduan se diaspora mbetet nj\u00eb faktor i r\u00ebnd\u00ebsish\u00ebm p\u00ebr zhvillimin ekonomik, diplomatik dhe kulturor t\u00eb t\u00eb dy shteteve dhe k\u00ebrkon angazhim t\u00eb p\u00ebrbashk\u00ebt e strategji t\u00eb koordinuar\u201d, ka njoftuar Qeveria.<\/p>\n","protected":false},"excerpt":{"rendered":"<p>Prishtin\u00eb, 25 shkurt 2026 20:01 Kryeministri i Kosov\u00ebs, Albin Kurti dhe ministrja e Pun\u00ebve t\u00eb Jashtme t\u00eb Shqip\u00ebris\u00eb, Elisa Spiropali kan diskutuar p\u00ebr projekte strategjike<\/p>\n","protected":false},"author":7,"featured_media":34695,"comment_status":"open","ping_status":"open","sticky":false,"template":"","format":"standard","meta":{"footnotes":""},"categories":[58],"tags":[],"class_list":["post-34694","post","type-post","status-publish","format-standard","has-post-thumbnail","hentry","category-politike-sq"],"yoast_head":"<!-- This site is optimized with the Yoast SEO plugin v25.3.1 - https:\/\/yoast.com\/wordpress\/plugins\/seo\/ -->\n<title>Kurti e Spiropali diskutuan p\u00ebr mbledhjen e p\u00ebrbashk\u00ebt dhe hekurudh\u00ebn Gjakov\u00eb-Shkod\u00ebr -<\/title>\n<meta name=\"robots\" content=\"index, follow, max-snippet:-1, max-image-preview:large, max-video-preview:-1\" \/>\n<link rel=\"canonical\" href=\"https:\/\/veritasinfo.org\/?p=34694\" \/>\n<meta property=\"og:locale\" content=\"en_US\" \/>\n<meta property=\"og:type\" content=\"article\" \/>\n<meta property=\"og:title\" content=\"Kurti e Spiropali diskutuan p\u00ebr mbledhjen e p\u00ebrbashk\u00ebt dhe hekurudh\u00ebn Gjakov\u00eb-Shkod\u00ebr -\" \/>\n<meta property=\"og:description\" content=\"Prishtin\u00eb, 25 shkurt 2026 20:01 Kryeministri i Kosov\u00ebs, Albin Kurti dhe ministrja e Pun\u00ebve t\u00eb Jashtme t\u00eb Shqip\u00ebris\u00eb, Elisa Spiropali kan diskutuar p\u00ebr projekte strategjike\" \/>\n<meta property=\"og:url\" content=\"https:\/\/veritasinfo.org\/?p=34694\" \/>\n<meta property=\"article:published_time\" content=\"2026-02-25T19:00:48+00:00\" \/>\n<meta property=\"og:image\" content=\"https:\/\/veritasinfo.org\/wp-content\/uploads\/2026\/02\/1-145.jpg\" \/>\n\t<meta property=\"og:image:width\" content=\"793\" \/>\n\t<meta property=\"og:image:height\" content=\"519\" \/>\n\t<meta property=\"og:image:type\" content=\"image\/jpeg\" \/>\n<meta name=\"author\" content=\"US6\" \/>\n<meta name=\"twitter:card\" content=\"summary_large_image\" \/>\n<meta name=\"twitter:label1\" content=\"Written by\" \/>\n\t<meta name=\"twitter:data1\" content=\"US6\" \/>\n\t<meta name=\"twitter:label2\" content=\"Est. reading time\" \/>\n\t<meta name=\"twitter:data2\" content=\"2 minutes\" \/>\n<script type=\"application\/ld+json\" class=\"yoast-schema-graph\">{\"@context\":\"https:\/\/schema.org\",\"@graph\":[{\"@type\":\"WebPage\",\"@id\":\"https:\/\/veritasinfo.org\/?p=34694\",\"url\":\"https:\/\/veritasinfo.org\/?p=34694\",\"name\":\"Kurti e Spiropali diskutuan p\u00ebr mbledhjen e p\u00ebrbashk\u00ebt dhe hekurudh\u00ebn Gjakov\u00eb-Shkod\u00ebr -\",\"isPartOf\":{\"@id\":\"https:\/\/veritasinfo.org\/#website\"},\"primaryImageOfPage\":{\"@id\":\"https:\/\/veritasinfo.org\/?p=34694#primaryimage\"},\"image\":{\"@id\":\"https:\/\/veritasinfo.org\/?p=34694#primaryimage\"},\"thumbnailUrl\":\"https:\/\/veritasinfo.org\/wp-content\/uploads\/2026\/02\/1-145.jpg\",\"datePublished\":\"2026-02-25T19:00:48+00:00\",\"author\":{\"@id\":\"https:\/\/veritasinfo.org\/#\/schema\/person\/fe199eede04c3937362892b7444747cc\"},\"breadcrumb\":{\"@id\":\"https:\/\/veritasinfo.org\/?p=34694#breadcrumb\"},\"inLanguage\":\"en-US\",\"potentialAction\":[{\"@type\":\"ReadAction\",\"target\":[\"https:\/\/veritasinfo.org\/?p=34694\"]}]},{\"@type\":\"ImageObject\",\"inLanguage\":\"en-US\",\"@id\":\"https:\/\/veritasinfo.org\/?p=34694#primaryimage\",\"url\":\"https:\/\/veritasinfo.org\/wp-content\/uploads\/2026\/02\/1-145.jpg\",\"contentUrl\":\"https:\/\/veritasinfo.org\/wp-content\/uploads\/2026\/02\/1-145.jpg\",\"width\":793,\"height\":519},{\"@type\":\"BreadcrumbList\",\"@id\":\"https:\/\/veritasinfo.org\/?p=34694#breadcrumb\",\"itemListElement\":[{\"@type\":\"ListItem\",\"position\":1,\"name\":\"Home\",\"item\":\"https:\/\/veritasinfo.org\/\"},{\"@type\":\"ListItem\",\"position\":2,\"name\":\"Kurti e Spiropali diskutuan p\u00ebr mbledhjen e p\u00ebrbashk\u00ebt dhe hekurudh\u00ebn Gjakov\u00eb-Shkod\u00ebr\"}]},{\"@type\":\"WebSite\",\"@id\":\"https:\/\/veritasinfo.org\/#website\",\"url\":\"https:\/\/veritasinfo.org\/\",\"name\":\"\",\"description\":\"\",\"potentialAction\":[{\"@type\":\"SearchAction\",\"target\":{\"@type\":\"EntryPoint\",\"urlTemplate\":\"https:\/\/veritasinfo.org\/?s={search_term_string}\"},\"query-input\":{\"@type\":\"PropertyValueSpecification\",\"valueRequired\":true,\"valueName\":\"search_term_string\"}}],\"inLanguage\":\"en-US\"},{\"@type\":\"Person\",\"@id\":\"https:\/\/veritasinfo.org\/#\/schema\/person\/fe199eede04c3937362892b7444747cc\",\"name\":\"US6\",\"image\":{\"@type\":\"ImageObject\",\"inLanguage\":\"en-US\",\"@id\":\"https:\/\/veritasinfo.org\/#\/schema\/person\/image\/\",\"url\":\"https:\/\/secure.gravatar.com\/avatar\/cb16c3c31c9d23b9b8c705964598220b3014e42ff51eb540ff23cefa3ae8c15f?s=96&d=mm&r=g\",\"contentUrl\":\"https:\/\/secure.gravatar.com\/avatar\/cb16c3c31c9d23b9b8c705964598220b3014e42ff51eb540ff23cefa3ae8c15f?s=96&d=mm&r=g\",\"caption\":\"US6\"},\"url\":\"https:\/\/veritasinfo.org\/?author=7\"}]}<\/script>\n<!-- \/ Yoast SEO plugin. -->","yoast_head_json":{"title":"Kurti e Spiropali diskutuan p\u00ebr mbledhjen e p\u00ebrbashk\u00ebt dhe hekurudh\u00ebn Gjakov\u00eb-Shkod\u00ebr -","robots":{"index":"index","follow":"follow","max-snippet":"max-snippet:-1","max-image-preview":"max-image-preview:large","max-video-preview":"max-video-preview:-1"},"canonical":"https:\/\/veritasinfo.org\/?p=34694","og_locale":"en_US","og_type":"article","og_title":"Kurti e Spiropali diskutuan p\u00ebr mbledhjen e p\u00ebrbashk\u00ebt dhe hekurudh\u00ebn Gjakov\u00eb-Shkod\u00ebr -","og_description":"Prishtin\u00eb, 25 shkurt 2026 20:01 Kryeministri i Kosov\u00ebs, Albin Kurti dhe ministrja e Pun\u00ebve t\u00eb Jashtme t\u00eb Shqip\u00ebris\u00eb, Elisa Spiropali kan diskutuar p\u00ebr projekte strategjike","og_url":"https:\/\/veritasinfo.org\/?p=34694","article_published_time":"2026-02-25T19:00:48+00:00","og_image":[{"width":793,"height":519,"url":"https:\/\/veritasinfo.org\/wp-content\/uploads\/2026\/02\/1-145.jpg","type":"image\/jpeg"}],"author":"US6","twitter_card":"summary_large_image","twitter_misc":{"Written by":"US6","Est. reading time":"2 minutes"},"schema":{"@context":"https:\/\/schema.org","@graph":[{"@type":"WebPage","@id":"https:\/\/veritasinfo.org\/?p=34694","url":"https:\/\/veritasinfo.org\/?p=34694","name":"Kurti e Spiropali diskutuan p\u00ebr mbledhjen e p\u00ebrbashk\u00ebt dhe hekurudh\u00ebn Gjakov\u00eb-Shkod\u00ebr -","isPartOf":{"@id":"https:\/\/veritasinfo.org\/#website"},"primaryImageOfPage":{"@id":"https:\/\/veritasinfo.org\/?p=34694#primaryimage"},"image":{"@id":"https:\/\/veritasinfo.org\/?p=34694#primaryimage"},"thumbnailUrl":"https:\/\/veritasinfo.org\/wp-content\/uploads\/2026\/02\/1-145.jpg","datePublished":"2026-02-25T19:00:48+00:00","author":{"@id":"https:\/\/veritasinfo.org\/#\/schema\/person\/fe199eede04c3937362892b7444747cc"},"breadcrumb":{"@id":"https:\/\/veritasinfo.org\/?p=34694#breadcrumb"},"inLanguage":"en-US","potentialAction":[{"@type":"ReadAction","target":["https:\/\/veritasinfo.org\/?p=34694"]}]},{"@type":"ImageObject","inLanguage":"en-US","@id":"https:\/\/veritasinfo.org\/?p=34694#primaryimage","url":"https:\/\/veritasinfo.org\/wp-content\/uploads\/2026\/02\/1-145.jpg","contentUrl":"https:\/\/veritasinfo.org\/wp-content\/uploads\/2026\/02\/1-145.jpg","width":793,"height":519},{"@type":"BreadcrumbList","@id":"https:\/\/veritasinfo.org\/?p=34694#breadcrumb","itemListElement":[{"@type":"ListItem","position":1,"name":"Home","item":"https:\/\/veritasinfo.org\/"},{"@type":"ListItem","position":2,"name":"Kurti e Spiropali diskutuan p\u00ebr mbledhjen e p\u00ebrbashk\u00ebt dhe hekurudh\u00ebn Gjakov\u00eb-Shkod\u00ebr"}]},{"@type":"WebSite","@id":"https:\/\/veritasinfo.org\/#website","url":"https:\/\/veritasinfo.org\/","name":"","description":"","potentialAction":[{"@type":"SearchAction","target":{"@type":"EntryPoint","urlTemplate":"https:\/\/veritasinfo.org\/?s={search_term_string}"},"query-input":{"@type":"PropertyValueSpecification","valueRequired":true,"valueName":"search_term_string"}}],"inLanguage":"en-US"},{"@type":"Person","@id":"https:\/\/veritasinfo.org\/#\/schema\/person\/fe199eede04c3937362892b7444747cc","name":"US6","image":{"@type":"ImageObject","inLanguage":"en-US","@id":"https:\/\/veritasinfo.org\/#\/schema\/person\/image\/","url":"https:\/\/secure.gravatar.com\/avatar\/cb16c3c31c9d23b9b8c705964598220b3014e42ff51eb540ff23cefa3ae8c15f?s=96&d=mm&r=g","contentUrl":"https:\/\/secure.gravatar.com\/avatar\/cb16c3c31c9d23b9b8c705964598220b3014e42ff51eb540ff23cefa3ae8c15f?s=96&d=mm&r=g","caption":"US6"},"url":"https:\/\/veritasinfo.org\/?author=7"}]}},"featured_image_urls":{"full":["https:\/\/veritasinfo.org\/wp-content\/uploads\/2026\/02\/1-145.jpg",793,519,false],"thumbnail":["https:\/\/veritasinfo.org\/wp-content\/uploads\/2026\/02\/1-145-150x150.jpg",150,150,true],"medium":["https:\/\/veritasinfo.org\/wp-content\/uploads\/2026\/02\/1-145-300x196.jpg",300,196,true],"medium_large":["https:\/\/veritasinfo.org\/wp-content\/uploads\/2026\/02\/1-145-768x503.jpg",640,419,true],"large":["https:\/\/veritasinfo.org\/wp-content\/uploads\/2026\/02\/1-145.jpg",640,419,false],"1536x1536":["https:\/\/veritasinfo.org\/wp-content\/uploads\/2026\/02\/1-145.jpg",793,519,false],"2048x2048":["https:\/\/veritasinfo.org\/wp-content\/uploads\/2026\/02\/1-145.jpg",793,519,false],"kreeti-slider-full":["https:\/\/veritasinfo.org\/wp-content\/uploads\/2026\/02\/1-145.jpg",793,519,false],"kreeti-featured":["https:\/\/veritasinfo.org\/wp-content\/uploads\/2026\/02\/1-145.jpg",793,519,false],"kreeti-medium":["https:\/\/veritasinfo.org\/wp-content\/uploads\/2026\/02\/1-145.jpg",720,471,false],"kreeti-medium-square":["https:\/\/veritasinfo.org\/wp-content\/uploads\/2026\/02\/1-145.jpg",350,229,false]},"author_info":{"info":["US6"]},"category_info":"<a href=\"https:\/\/veritasinfo.org\/?cat=58\" rel=\"category\">Politik\u00eb<\/a>","tag_info":"Politik\u00eb","comment_count":"0","_links":{"self":[{"href":"https:\/\/veritasinfo.org\/index.php?rest_route=\/wp\/v2\/posts\/34694","targetHints":{"allow":["GET"]}}],"collection":[{"href":"https:\/\/veritasinfo.org\/index.php?rest_route=\/wp\/v2\/posts"}],"about":[{"href":"https:\/\/veritasinfo.org\/index.php?rest_route=\/wp\/v2\/types\/post"}],"author":[{"embeddable":true,"href":"https:\/\/veritasinfo.org\/index.php?rest_route=\/wp\/v2\/users\/7"}],"replies":[{"embeddable":true,"href":"https:\/\/veritasinfo.org\/index.php?rest_route=%2Fwp%2Fv2%2Fcomments&post=34694"}],"version-history":[{"count":1,"href":"https:\/\/veritasinfo.org\/index.php?rest_route=\/wp\/v2\/posts\/34694\/revisions"}],"predecessor-version":[{"id":34696,"href":"https:\/\/veritasinfo.org\/index.php?rest_route=\/wp\/v2\/posts\/34694\/revisions\/34696"}],"wp:featuredmedia":[{"embeddable":true,"href":"https:\/\/veritasinfo.org\/index.php?rest_route=\/wp\/v2\/media\/34695"}],"wp:attachment":[{"href":"https:\/\/veritasinfo.org\/index.php?rest_route=%2Fwp%2Fv2%2Fmedia&parent=34694"}],"wp:term":[{"taxonomy":"category","embeddable":true,"href":"https:\/\/veritasinfo.org\/index.php?rest_route=%2Fwp%2Fv2%2Fcategories&post=34694"},{"taxonomy":"post_tag","embeddable":true,"href":"https:\/\/veritasinfo.org\/index.php?rest_route=%2Fwp%2Fv2%2Ftags&post=34694"}],"curies":[{"name":"wp","href":"https:\/\/api.w.org\/{rel}","templated":true}]}}