{"id":34680,"date":"2026-02-25T18:04:32","date_gmt":"2026-02-25T17:04:32","guid":{"rendered":"https:\/\/veritasinfo.org\/?p=34680"},"modified":"2026-02-25T18:04:32","modified_gmt":"2026-02-25T17:04:32","slug":"babai-i-viktimes-kerkon-deshmine-e-vuciqit-per-masakren-ne-panda-28-vjet-pa-pergjigje","status":"publish","type":"post","link":"https:\/\/veritasinfo.org\/?p=34680","title":{"rendered":"Babai i viktim\u00ebs k\u00ebrkon d\u00ebshmin\u00eb\u00a0e Vu\u00e7iqit p\u00ebr masakr\u00ebn n\u00eb\u00a0\u201cPanda\u201d: 28 vjet pa p\u00ebrgjigje"},"content":{"rendered":"<p>Prishtin\u00eb, 25 shkurt 2026 17:44<\/p>\n<p>Babai i nj\u00ebrit prej t\u00eb\u00a0rinjve t\u00eb\u00a0vrar\u00eb\u00a0n\u00eb\u00a0kafenen\u00eb\u00a0\u201cPanda\u201d n\u00eb\u00a0Pej\u00eb, Ljubomir Risti\u00e7, ka k\u00ebrkuar q\u00eb\u00a0Presidenti i Serbis\u00eb, Aleksandar Vu\u00e7iq, t\u00eb\u00a0merret n\u00eb\u00a0pyetje n\u00eb\u00a0lidhje me deklaratat e tij publike p\u00ebr ngjarjen tragjike t\u00eb\u00a014 dhjetorit 1998, ku humb\u00ebn jet\u00ebn gjasht\u00eb\u00a0t\u00eb\u00a0rinj.<\/p>\n<p>N\u00eb\u00a0nj\u00eb\u00a0prononcim p\u00ebr media, Risti\u00e7 theksoi se familjet e viktimave kan\u00eb\u00a0k\u00ebrkuar n\u00eb\u00a0m\u00ebnyr\u00eb\u00a0t\u00eb\u00a0p\u00ebrs\u00ebritur takim me Vu\u00e7iqin, pas deklaratave t\u00eb\u00a0tij se \u201ce di \u00e7far\u00eb\u00a0ndodhi nat\u00ebn kritike n\u00eb\u00a0\u2018Panda\u2019\u201d, por sipas tij, ato nuk jan\u00eb\u00a0pranuar.<\/p>\n<p>Ai shtoi se bashk\u00eb\u00a0me p\u00ebrfaq\u00ebsuesin e tyre ligjor, avokatin Ivan Nini\u00e7, kan\u00eb\u00a0k\u00ebrkuar zyrtarisht nga Prokuroria p\u00ebr Krimin e Organizuar q\u00eb\u00a0presidenti t\u00eb\u00a0d\u00ebgjohet si d\u00ebshmitar, por deri m\u00eb\u00a0tani kjo nuk ka ndodhur.<\/p>\n<p>\u201cVu\u00e7iq\u00a0nuk na priti kurr\u00eb\u00a0p\u00ebr nj\u00eb\u00a0takim as nuk pat\u00ebm bised\u00eb\u00a0me t\u00eb, edhe pse e kishte premtuar nj\u00eb\u00a0gj\u00eb\u00a0t\u00eb\u00a0till\u00eb. Prokuroria p\u00ebr Krimin e Organizuar, ku po zhvillohet hetimi p\u00ebr vrasjen e f\u00ebmij\u00ebve tan\u00eb, nuk e ka d\u00ebgjuar at\u00eb\u00a0p\u00ebr njohurit\u00eb\u00a0q\u00eb\u00a0ai vet\u00eb\u00a0ka deklaruar publikisht se i posedon. K\u00ebrkojm\u00eb\u00a0q\u00eb\u00a0m\u00eb\u00a0n\u00eb\u00a0fund t\u00eb\u00a0d\u00ebgjohet, n\u00eb\u00a0m\u00ebnyr\u00eb\u00a0q\u00eb\u00a0gjat\u00eb\u00a0jet\u00ebs son\u00eb\u00a0t\u00eb\u00a0m\u00ebsojm\u00eb\u00a0kush i vrau dhe kush urdh\u00ebroi vrasjen e gjasht\u00eb\u00a0djemve\u201d, tha Risti\u00e7.<\/p>\n<p>Disa deklarime t\u00eb m\u00ebhershme\u00a0t\u00eb\u00a0Vu\u00e7iqit<\/p>\n<p>Sipas p\u00ebrfaq\u00ebsuesit ligjor t\u00eb\u00a0familjeve, m\u00eb\u00a010 gusht 2023 \u00ebsht\u00eb\u00a0dor\u00ebzuar nj\u00eb\u00a0propozim provash n\u00eb\u00a0Prokurori p\u00ebr marrjen n\u00eb\u00a0pyetje t\u00eb\u00a0Vu\u00e7i\u00e7it, duke iu referuar deklaratave t\u00eb\u00a0tij t\u00eb\u00a0m\u00ebhershme.<\/p>\n<p>N\u00eb\u00a0dhjetor 2013, Vu\u00e7iq\u00a0kishte deklaruar se krimi n\u00eb\u00a0\u201cPanda\u201d nuk ishte kryer nga shqiptar\u00ebt, si\u00e7 ishte besuar deri at\u00ebher\u00eb, dhe se publiku do t\u00eb\u00a0\u201ctmerrohej\u201d kur t\u00eb\u00a0m\u00ebsonte t\u00eb\u00a0v\u00ebrtet\u00ebn.<\/p>\n<p>Madje, p\u00ebr k\u00ebt\u00eb rast, gjykata n\u00eb Nish kishte d\u00ebnuar dy shqiptar\u00eb.<\/p>\n<p>Dy vjet m\u00eb\u00a0von\u00eb, Vu\u00e7iq ishte shprehur i sigurt\u00a0p\u00ebr at\u00eb\u00a0q\u00eb\u00a0kishte ndodhur, por se nuk\u00a0kishte prova.<\/p>\n<p>\u201cJam pothuajse i sigurt se \u00e7far\u00eb\u00a0ndodhi n\u00eb\u00a0kafenen\u00eb\u00a0\u201cPanda\u201d, por nuk kam prova. Nuk jam i sigurt se autoritetet tona mund t\u00eb\u00a0jen\u00eb\u00a0krenare p\u00ebr at\u00eb\u00a0q\u00eb\u00a0b\u00ebn\u00eb\u00a0at\u00ebher\u00eb\u201d, kishte deklaruar Vu\u00e7i\u00e7.<\/p>\n<p>Masakra e 14 dhjetorit 1998<\/p>\n<p>Mbr\u00ebmjen e 14 dhjetorit 1998, rreth or\u00ebs 20:00, dy persona t\u00eb\u00a0maskuar hap\u00ebn zjarr me arm\u00eb\u00a0automatike ndaj mysafir\u00ebve t\u00eb\u00a0kafenes\u00eb\u00a0\u201cPanda\u201d n\u00eb\u00a0Pej\u00eb, shumica nx\u00ebn\u00ebs t\u00eb\u00a0shkoll\u00ebs s\u00eb\u00a0mesme.<\/p>\n<p>Nga sulmi mbet\u00ebn t\u00eb\u00a0vrar\u00eb\u00a0gjasht\u00eb\u00a0t\u00eb\u00a0rinj: Ivan Obradovi\u00e7 (15), Zoran Stanojevi\u00e7 (18), Vukota Gvozdenovi\u00e7 (16), Svetislav Risti\u00e7 (18), Ivan Radevi\u00e7 (24) dhe Dragan Trifovi\u00e7 (18). Tre persona t\u00eb\u00a0tjer\u00eb\u00a0u plagos\u00ebn, dy prej tyre r\u00ebnd\u00eb.<\/p>\n<p>Pak dit\u00eb\u00a0pas sulmit, autoritetet arrestuan disa shqiptar\u00eb\u00a0n\u00ebn dyshimin p\u00ebr p\u00ebrfshirje n\u00eb\u00a0krim, por ata u liruan p\u00ebr munges\u00eb\u00a0provash. M\u00eb\u00a0von\u00eb, zyrtar\u00eb\u00a0t\u00eb\u00a0lart\u00eb\u00a0t\u00eb\u00a0t\u00eb Jugosllavis\u00eb s\u00eb at\u00ebhershme deklaruan se rasti ishte zbardhur, por pa detaje konkrete p\u00ebr publikun.<\/p>\n<p>Hetimi zyrtar n\u00eb\u00a0Prokurorin\u00eb\u00a0p\u00ebr Krimin e Organizuar n\u00eb\u00a0Beograd nisi m\u00eb\u00a012 maj 2016. Deri m\u00eb\u00a0tani jan\u00eb\u00a0marr\u00eb\u00a0n\u00eb\u00a0pyetje 39 d\u00ebshmitar\u00eb, por nuk \u00ebsht\u00eb\u00a0ngritur asnj\u00eb\u00a0aktakuz\u00eb.<\/p>\n<p>Hetim pa progres<\/p>\n<p>N\u00eb\u00a0shtator t\u00eb vitit 2025, Prokuroria p\u00ebr Krimin e Organizuar njoftoi se hetimi nuk \u00ebsht\u00eb\u00a0mbyllur, por konfirmoi se n\u00eb\u00a0dy vitet e fundit nuk \u00ebsht\u00eb\u00a0marr\u00eb\u00a0n\u00eb\u00a0pyetje asnj\u00eb\u00a0d\u00ebshmitar i ri dhe nuk jan\u00eb\u00a0nd\u00ebrmarr\u00eb\u00a0veprime t\u00eb\u00a0reja provuese.<\/p>\n<p>Nd\u00ebrkoh\u00eb, prokuroria n\u00eb Serbi kishte deklaruar p\u00ebr mediat serbe se nuk \u00ebsht\u00eb marr\u00eb vendimi p\u00ebr marrjen n\u00eb pyetje t\u00eb d\u00ebshmitar\u00ebve t\u00eb rinj, p\u00ebrfshir\u00eb edhe vet\u00eb presidentin serb.<\/p>\n<p>\u201cProkuroria do t\u00eb\u00a0vendos\u00eb\u00a0p\u00ebr d\u00ebshmitar\u00ebt q\u00eb\u00a0do t\u00eb\u00a0merren n\u00eb\u00a0pyetje, p\u00ebrfshir\u00eb\u00a0Presidentin e Serbis\u00eb, Aleksandar Vu\u00e7iq, si dhe p\u00ebr koh\u00ebn e nd\u00ebrmarrjes s\u00eb\u00a0k\u00ebtyre veprimeve, n\u00eb\u00a0p\u00ebrputhje me vler\u00ebsimin objektiv t\u00eb\u00a0situat\u00ebs faktike\u201d, thuhet n\u00eb\u00a0p\u00ebrgjigjen zyrtare.<\/p>\n<p>Nd\u00ebrkoh\u00eb, p\u00ebr familjet e viktimave, kalimi i koh\u00ebs pa p\u00ebrgjigje p\u00ebrb\u00ebn nj\u00eb\u00a0barr\u00eb\u00a0shtes\u00eb\u00a0n\u00eb\u00a0k\u00ebrkimin e drejt\u00ebsis\u00eb\u00a0p\u00ebr nj\u00eb\u00a0nga krimet m\u00eb\u00a0t\u00eb\u00a0r\u00ebnda dhe ende t\u00eb\u00a0pazbardhura t\u00eb\u00a0periudh\u00ebs s\u00eb\u00a0luft\u00ebs n\u00eb\u00a0Kosov\u00eb.<\/p>\n<p>&nbsp;<\/p>\n","protected":false},"excerpt":{"rendered":"<p>Prishtin\u00eb, 25 shkurt 2026 17:44 Babai i nj\u00ebrit prej t\u00eb\u00a0rinjve t\u00eb\u00a0vrar\u00eb\u00a0n\u00eb\u00a0kafenen\u00eb\u00a0\u201cPanda\u201d n\u00eb\u00a0Pej\u00eb, Ljubomir Risti\u00e7, ka k\u00ebrkuar q\u00eb\u00a0Presidenti i Serbis\u00eb, Aleksandar Vu\u00e7iq, t\u00eb\u00a0merret n\u00eb\u00a0pyetje n\u00eb\u00a0lidhje me<\/p>\n","protected":false},"author":7,"featured_media":34681,"comment_status":"open","ping_status":"open","sticky":false,"template":"","format":"standard","meta":{"footnotes":""},"categories":[58],"tags":[],"class_list":["post-34680","post","type-post","status-publish","format-standard","has-post-thumbnail","hentry","category-politike-sq"],"yoast_head":"<!-- This site is optimized with the Yoast SEO plugin v25.3.1 - https:\/\/yoast.com\/wordpress\/plugins\/seo\/ -->\n<title>Babai i viktim\u00ebs k\u00ebrkon d\u00ebshmin\u00eb\u00a0e Vu\u00e7iqit p\u00ebr masakr\u00ebn n\u00eb\u00a0\u201cPanda\u201d: 28 vjet pa p\u00ebrgjigje -<\/title>\n<meta name=\"robots\" content=\"index, follow, max-snippet:-1, max-image-preview:large, max-video-preview:-1\" \/>\n<link rel=\"canonical\" href=\"https:\/\/veritasinfo.org\/?p=34680\" \/>\n<meta property=\"og:locale\" content=\"en_US\" \/>\n<meta property=\"og:type\" content=\"article\" \/>\n<meta property=\"og:title\" content=\"Babai i viktim\u00ebs k\u00ebrkon d\u00ebshmin\u00eb\u00a0e Vu\u00e7iqit p\u00ebr masakr\u00ebn n\u00eb\u00a0\u201cPanda\u201d: 28 vjet pa p\u00ebrgjigje -\" \/>\n<meta property=\"og:description\" content=\"Prishtin\u00eb, 25 shkurt 2026 17:44 Babai i nj\u00ebrit prej t\u00eb\u00a0rinjve t\u00eb\u00a0vrar\u00eb\u00a0n\u00eb\u00a0kafenen\u00eb\u00a0\u201cPanda\u201d n\u00eb\u00a0Pej\u00eb, Ljubomir Risti\u00e7, ka k\u00ebrkuar q\u00eb\u00a0Presidenti i Serbis\u00eb, Aleksandar Vu\u00e7iq, t\u00eb\u00a0merret n\u00eb\u00a0pyetje n\u00eb\u00a0lidhje me\" \/>\n<meta property=\"og:url\" content=\"https:\/\/veritasinfo.org\/?p=34680\" \/>\n<meta property=\"article:published_time\" content=\"2026-02-25T17:04:32+00:00\" \/>\n<meta property=\"og:image\" content=\"https:\/\/veritasinfo.org\/wp-content\/uploads\/2026\/02\/1-144.jpg\" \/>\n\t<meta property=\"og:image:width\" content=\"814\" \/>\n\t<meta property=\"og:image:height\" content=\"451\" \/>\n\t<meta property=\"og:image:type\" content=\"image\/jpeg\" \/>\n<meta name=\"author\" content=\"US6\" \/>\n<meta name=\"twitter:card\" content=\"summary_large_image\" \/>\n<meta name=\"twitter:label1\" content=\"Written by\" \/>\n\t<meta name=\"twitter:data1\" content=\"US6\" \/>\n\t<meta name=\"twitter:label2\" content=\"Est. reading time\" \/>\n\t<meta name=\"twitter:data2\" content=\"3 minutes\" \/>\n<script type=\"application\/ld+json\" class=\"yoast-schema-graph\">{\"@context\":\"https:\/\/schema.org\",\"@graph\":[{\"@type\":\"WebPage\",\"@id\":\"https:\/\/veritasinfo.org\/?p=34680\",\"url\":\"https:\/\/veritasinfo.org\/?p=34680\",\"name\":\"Babai i viktim\u00ebs k\u00ebrkon d\u00ebshmin\u00eb\u00a0e Vu\u00e7iqit p\u00ebr masakr\u00ebn n\u00eb\u00a0\u201cPanda\u201d: 28 vjet pa p\u00ebrgjigje -\",\"isPartOf\":{\"@id\":\"https:\/\/veritasinfo.org\/#website\"},\"primaryImageOfPage\":{\"@id\":\"https:\/\/veritasinfo.org\/?p=34680#primaryimage\"},\"image\":{\"@id\":\"https:\/\/veritasinfo.org\/?p=34680#primaryimage\"},\"thumbnailUrl\":\"https:\/\/veritasinfo.org\/wp-content\/uploads\/2026\/02\/1-144.jpg\",\"datePublished\":\"2026-02-25T17:04:32+00:00\",\"author\":{\"@id\":\"https:\/\/veritasinfo.org\/#\/schema\/person\/fe199eede04c3937362892b7444747cc\"},\"breadcrumb\":{\"@id\":\"https:\/\/veritasinfo.org\/?p=34680#breadcrumb\"},\"inLanguage\":\"en-US\",\"potentialAction\":[{\"@type\":\"ReadAction\",\"target\":[\"https:\/\/veritasinfo.org\/?p=34680\"]}]},{\"@type\":\"ImageObject\",\"inLanguage\":\"en-US\",\"@id\":\"https:\/\/veritasinfo.org\/?p=34680#primaryimage\",\"url\":\"https:\/\/veritasinfo.org\/wp-content\/uploads\/2026\/02\/1-144.jpg\",\"contentUrl\":\"https:\/\/veritasinfo.org\/wp-content\/uploads\/2026\/02\/1-144.jpg\",\"width\":814,\"height\":451},{\"@type\":\"BreadcrumbList\",\"@id\":\"https:\/\/veritasinfo.org\/?p=34680#breadcrumb\",\"itemListElement\":[{\"@type\":\"ListItem\",\"position\":1,\"name\":\"Home\",\"item\":\"https:\/\/veritasinfo.org\/\"},{\"@type\":\"ListItem\",\"position\":2,\"name\":\"Babai i viktim\u00ebs k\u00ebrkon d\u00ebshmin\u00eb\u00a0e Vu\u00e7iqit p\u00ebr masakr\u00ebn n\u00eb\u00a0\u201cPanda\u201d: 28 vjet pa p\u00ebrgjigje\"}]},{\"@type\":\"WebSite\",\"@id\":\"https:\/\/veritasinfo.org\/#website\",\"url\":\"https:\/\/veritasinfo.org\/\",\"name\":\"\",\"description\":\"\",\"potentialAction\":[{\"@type\":\"SearchAction\",\"target\":{\"@type\":\"EntryPoint\",\"urlTemplate\":\"https:\/\/veritasinfo.org\/?s={search_term_string}\"},\"query-input\":{\"@type\":\"PropertyValueSpecification\",\"valueRequired\":true,\"valueName\":\"search_term_string\"}}],\"inLanguage\":\"en-US\"},{\"@type\":\"Person\",\"@id\":\"https:\/\/veritasinfo.org\/#\/schema\/person\/fe199eede04c3937362892b7444747cc\",\"name\":\"US6\",\"image\":{\"@type\":\"ImageObject\",\"inLanguage\":\"en-US\",\"@id\":\"https:\/\/veritasinfo.org\/#\/schema\/person\/image\/\",\"url\":\"https:\/\/secure.gravatar.com\/avatar\/cb16c3c31c9d23b9b8c705964598220b3014e42ff51eb540ff23cefa3ae8c15f?s=96&d=mm&r=g\",\"contentUrl\":\"https:\/\/secure.gravatar.com\/avatar\/cb16c3c31c9d23b9b8c705964598220b3014e42ff51eb540ff23cefa3ae8c15f?s=96&d=mm&r=g\",\"caption\":\"US6\"},\"url\":\"https:\/\/veritasinfo.org\/?author=7\"}]}<\/script>\n<!-- \/ Yoast SEO plugin. -->","yoast_head_json":{"title":"Babai i viktim\u00ebs k\u00ebrkon d\u00ebshmin\u00eb\u00a0e Vu\u00e7iqit p\u00ebr masakr\u00ebn n\u00eb\u00a0\u201cPanda\u201d: 28 vjet pa p\u00ebrgjigje -","robots":{"index":"index","follow":"follow","max-snippet":"max-snippet:-1","max-image-preview":"max-image-preview:large","max-video-preview":"max-video-preview:-1"},"canonical":"https:\/\/veritasinfo.org\/?p=34680","og_locale":"en_US","og_type":"article","og_title":"Babai i viktim\u00ebs k\u00ebrkon d\u00ebshmin\u00eb\u00a0e Vu\u00e7iqit p\u00ebr masakr\u00ebn n\u00eb\u00a0\u201cPanda\u201d: 28 vjet pa p\u00ebrgjigje -","og_description":"Prishtin\u00eb, 25 shkurt 2026 17:44 Babai i nj\u00ebrit prej t\u00eb\u00a0rinjve t\u00eb\u00a0vrar\u00eb\u00a0n\u00eb\u00a0kafenen\u00eb\u00a0\u201cPanda\u201d n\u00eb\u00a0Pej\u00eb, Ljubomir Risti\u00e7, ka k\u00ebrkuar q\u00eb\u00a0Presidenti i Serbis\u00eb, Aleksandar Vu\u00e7iq, t\u00eb\u00a0merret n\u00eb\u00a0pyetje n\u00eb\u00a0lidhje me","og_url":"https:\/\/veritasinfo.org\/?p=34680","article_published_time":"2026-02-25T17:04:32+00:00","og_image":[{"width":814,"height":451,"url":"https:\/\/veritasinfo.org\/wp-content\/uploads\/2026\/02\/1-144.jpg","type":"image\/jpeg"}],"author":"US6","twitter_card":"summary_large_image","twitter_misc":{"Written by":"US6","Est. reading time":"3 minutes"},"schema":{"@context":"https:\/\/schema.org","@graph":[{"@type":"WebPage","@id":"https:\/\/veritasinfo.org\/?p=34680","url":"https:\/\/veritasinfo.org\/?p=34680","name":"Babai i viktim\u00ebs k\u00ebrkon d\u00ebshmin\u00eb\u00a0e Vu\u00e7iqit p\u00ebr masakr\u00ebn n\u00eb\u00a0\u201cPanda\u201d: 28 vjet pa p\u00ebrgjigje -","isPartOf":{"@id":"https:\/\/veritasinfo.org\/#website"},"primaryImageOfPage":{"@id":"https:\/\/veritasinfo.org\/?p=34680#primaryimage"},"image":{"@id":"https:\/\/veritasinfo.org\/?p=34680#primaryimage"},"thumbnailUrl":"https:\/\/veritasinfo.org\/wp-content\/uploads\/2026\/02\/1-144.jpg","datePublished":"2026-02-25T17:04:32+00:00","author":{"@id":"https:\/\/veritasinfo.org\/#\/schema\/person\/fe199eede04c3937362892b7444747cc"},"breadcrumb":{"@id":"https:\/\/veritasinfo.org\/?p=34680#breadcrumb"},"inLanguage":"en-US","potentialAction":[{"@type":"ReadAction","target":["https:\/\/veritasinfo.org\/?p=34680"]}]},{"@type":"ImageObject","inLanguage":"en-US","@id":"https:\/\/veritasinfo.org\/?p=34680#primaryimage","url":"https:\/\/veritasinfo.org\/wp-content\/uploads\/2026\/02\/1-144.jpg","contentUrl":"https:\/\/veritasinfo.org\/wp-content\/uploads\/2026\/02\/1-144.jpg","width":814,"height":451},{"@type":"BreadcrumbList","@id":"https:\/\/veritasinfo.org\/?p=34680#breadcrumb","itemListElement":[{"@type":"ListItem","position":1,"name":"Home","item":"https:\/\/veritasinfo.org\/"},{"@type":"ListItem","position":2,"name":"Babai i viktim\u00ebs k\u00ebrkon d\u00ebshmin\u00eb\u00a0e Vu\u00e7iqit p\u00ebr masakr\u00ebn n\u00eb\u00a0\u201cPanda\u201d: 28 vjet pa p\u00ebrgjigje"}]},{"@type":"WebSite","@id":"https:\/\/veritasinfo.org\/#website","url":"https:\/\/veritasinfo.org\/","name":"","description":"","potentialAction":[{"@type":"SearchAction","target":{"@type":"EntryPoint","urlTemplate":"https:\/\/veritasinfo.org\/?s={search_term_string}"},"query-input":{"@type":"PropertyValueSpecification","valueRequired":true,"valueName":"search_term_string"}}],"inLanguage":"en-US"},{"@type":"Person","@id":"https:\/\/veritasinfo.org\/#\/schema\/person\/fe199eede04c3937362892b7444747cc","name":"US6","image":{"@type":"ImageObject","inLanguage":"en-US","@id":"https:\/\/veritasinfo.org\/#\/schema\/person\/image\/","url":"https:\/\/secure.gravatar.com\/avatar\/cb16c3c31c9d23b9b8c705964598220b3014e42ff51eb540ff23cefa3ae8c15f?s=96&d=mm&r=g","contentUrl":"https:\/\/secure.gravatar.com\/avatar\/cb16c3c31c9d23b9b8c705964598220b3014e42ff51eb540ff23cefa3ae8c15f?s=96&d=mm&r=g","caption":"US6"},"url":"https:\/\/veritasinfo.org\/?author=7"}]}},"featured_image_urls":{"full":["https:\/\/veritasinfo.org\/wp-content\/uploads\/2026\/02\/1-144.jpg",814,451,false],"thumbnail":["https:\/\/veritasinfo.org\/wp-content\/uploads\/2026\/02\/1-144-150x150.jpg",150,150,true],"medium":["https:\/\/veritasinfo.org\/wp-content\/uploads\/2026\/02\/1-144-300x166.jpg",300,166,true],"medium_large":["https:\/\/veritasinfo.org\/wp-content\/uploads\/2026\/02\/1-144-768x426.jpg",640,355,true],"large":["https:\/\/veritasinfo.org\/wp-content\/uploads\/2026\/02\/1-144.jpg",640,355,false],"1536x1536":["https:\/\/veritasinfo.org\/wp-content\/uploads\/2026\/02\/1-144.jpg",814,451,false],"2048x2048":["https:\/\/veritasinfo.org\/wp-content\/uploads\/2026\/02\/1-144.jpg",814,451,false],"kreeti-slider-full":["https:\/\/veritasinfo.org\/wp-content\/uploads\/2026\/02\/1-144.jpg",814,451,false],"kreeti-featured":["https:\/\/veritasinfo.org\/wp-content\/uploads\/2026\/02\/1-144.jpg",814,451,false],"kreeti-medium":["https:\/\/veritasinfo.org\/wp-content\/uploads\/2026\/02\/1-144.jpg",720,399,false],"kreeti-medium-square":["https:\/\/veritasinfo.org\/wp-content\/uploads\/2026\/02\/1-144.jpg",350,194,false]},"author_info":{"info":["US6"]},"category_info":"<a href=\"https:\/\/veritasinfo.org\/?cat=58\" rel=\"category\">Politik\u00eb<\/a>","tag_info":"Politik\u00eb","comment_count":"0","_links":{"self":[{"href":"https:\/\/veritasinfo.org\/index.php?rest_route=\/wp\/v2\/posts\/34680","targetHints":{"allow":["GET"]}}],"collection":[{"href":"https:\/\/veritasinfo.org\/index.php?rest_route=\/wp\/v2\/posts"}],"about":[{"href":"https:\/\/veritasinfo.org\/index.php?rest_route=\/wp\/v2\/types\/post"}],"author":[{"embeddable":true,"href":"https:\/\/veritasinfo.org\/index.php?rest_route=\/wp\/v2\/users\/7"}],"replies":[{"embeddable":true,"href":"https:\/\/veritasinfo.org\/index.php?rest_route=%2Fwp%2Fv2%2Fcomments&post=34680"}],"version-history":[{"count":1,"href":"https:\/\/veritasinfo.org\/index.php?rest_route=\/wp\/v2\/posts\/34680\/revisions"}],"predecessor-version":[{"id":34682,"href":"https:\/\/veritasinfo.org\/index.php?rest_route=\/wp\/v2\/posts\/34680\/revisions\/34682"}],"wp:featuredmedia":[{"embeddable":true,"href":"https:\/\/veritasinfo.org\/index.php?rest_route=\/wp\/v2\/media\/34681"}],"wp:attachment":[{"href":"https:\/\/veritasinfo.org\/index.php?rest_route=%2Fwp%2Fv2%2Fmedia&parent=34680"}],"wp:term":[{"taxonomy":"category","embeddable":true,"href":"https:\/\/veritasinfo.org\/index.php?rest_route=%2Fwp%2Fv2%2Fcategories&post=34680"},{"taxonomy":"post_tag","embeddable":true,"href":"https:\/\/veritasinfo.org\/index.php?rest_route=%2Fwp%2Fv2%2Ftags&post=34680"}],"curies":[{"name":"wp","href":"https:\/\/api.w.org\/{rel}","templated":true}]}}