{"id":34674,"date":"2026-02-25T17:00:26","date_gmt":"2026-02-25T16:00:26","guid":{"rendered":"https:\/\/veritasinfo.org\/?p=34674"},"modified":"2026-02-25T17:00:26","modified_gmt":"2026-02-25T16:00:26","slug":"murat-jashari-refuzon-postin-e-presidentit-familja-jashari-i-takon-gjithe-shqiptareve","status":"publish","type":"post","link":"https:\/\/veritasinfo.org\/?p=34674","title":{"rendered":"Murat Jashari refuzon postin e presidentit: Familja Jashari i takon gjith\u00eb shqiptar\u00ebve"},"content":{"rendered":"<p>Prishtin\u00eb, 25 shkurt 2026 16:59<\/p>\n<p>Ministri i Pun\u00ebve t\u00eb Jashtme, Glauk Konjufca, deklaroi t\u00eb m\u00ebrkur\u00ebn se n\u00ebse nj\u00eb em\u00ebr nga familja e heroit komb\u00ebtar Adem Jashari do t\u00eb propozohej p\u00ebr president t\u00eb Kosov\u00ebs, kjo do t\u00eb p\u00ebrb\u00ebnte nj\u00eb \u201ckonsensus automatik\u201d n\u00eb shoq\u00ebri.<\/p>\n<p>Megjithat\u00eb, nj\u00eb kandidatur\u00eb nga familja Jashari nuk pritet t\u00eb ndodh\u00eb.<\/p>\n<p>Murat Jashari, n\u00eb nj\u00eb prononcim p\u00ebr VOXKosova, ka refuzuar mund\u00ebsin\u00eb p\u00ebr t\u00eb marr\u00eb postin e presidentit.<\/p>\n<p>Ai ka theksuar se familja Jashari \u201ci takon gjith\u00eb shqiptar\u00ebve\u201d dhe nuk duhet t\u00eb p\u00ebrfshihet n\u00eb kalkulime politike t\u00eb zakonshme.<\/p>\n<p>Sipas tij, nj\u00eb p\u00ebrgjegj\u00ebsi e till\u00eb do t\u00eb mund t\u00eb merrej parasysh vet\u00ebm n\u00eb rrethana t\u00eb jasht\u00ebzakonshme, si n\u00eb rast t\u00eb ndonj\u00eb lufte civile apo situate q\u00eb k\u00ebrkon unitet dhe sakrific\u00eb komb\u00ebtare, por jo n\u00eb kushte normale politike.<\/p>\n<p>Kosova duhet ta zgjedh\u00eb presidentin e ri deri m\u00eb 4 mars, p\u00ebr t\u00eb shmangur zgjedhje t\u00eb tjera t\u00eb parakohshme, pasi mandatit t\u00eb presidentes aktuale, Vjosa Osmani, i vjen fundi m\u00eb 4 prill.<\/p>\n<p>Osmani aktualisht nuk duket se ka mb\u00ebshtetjen e mjaftueshme parlamentare p\u00ebr t\u2019u rizgjedhur, nd\u00ebrsa emra t\u00eb tjer\u00eb potencial\u00eb nuk jan\u00eb zyrtarizuar, ndon\u00ebse afati po afrohet.<\/p>\n","protected":false},"excerpt":{"rendered":"<p>Prishtin\u00eb, 25 shkurt 2026 16:59 Ministri i Pun\u00ebve t\u00eb Jashtme, Glauk Konjufca, deklaroi t\u00eb m\u00ebrkur\u00ebn se n\u00ebse nj\u00eb em\u00ebr nga familja e heroit komb\u00ebtar Adem<\/p>\n","protected":false},"author":7,"featured_media":34675,"comment_status":"open","ping_status":"open","sticky":false,"template":"","format":"standard","meta":{"footnotes":""},"categories":[60],"tags":[],"class_list":["post-34674","post","type-post","status-publish","format-standard","has-post-thumbnail","hentry","category-shoqerore-sq"],"yoast_head":"<!-- This site is optimized with the Yoast SEO plugin v25.3.1 - https:\/\/yoast.com\/wordpress\/plugins\/seo\/ -->\n<title>Murat Jashari refuzon postin e presidentit: Familja Jashari i takon gjith\u00eb shqiptar\u00ebve -<\/title>\n<meta name=\"robots\" content=\"index, follow, max-snippet:-1, max-image-preview:large, max-video-preview:-1\" \/>\n<link rel=\"canonical\" href=\"https:\/\/veritasinfo.org\/?p=34674\" \/>\n<meta property=\"og:locale\" content=\"en_US\" \/>\n<meta property=\"og:type\" content=\"article\" \/>\n<meta property=\"og:title\" content=\"Murat Jashari refuzon postin e presidentit: Familja Jashari i takon gjith\u00eb shqiptar\u00ebve -\" \/>\n<meta property=\"og:description\" content=\"Prishtin\u00eb, 25 shkurt 2026 16:59 Ministri i Pun\u00ebve t\u00eb Jashtme, Glauk Konjufca, deklaroi t\u00eb m\u00ebrkur\u00ebn se n\u00ebse nj\u00eb em\u00ebr nga familja e heroit komb\u00ebtar Adem\" \/>\n<meta property=\"og:url\" content=\"https:\/\/veritasinfo.org\/?p=34674\" \/>\n<meta property=\"article:published_time\" content=\"2026-02-25T16:00:26+00:00\" \/>\n<meta property=\"og:image\" content=\"https:\/\/veritasinfo.org\/wp-content\/uploads\/2026\/02\/image-22.webp\" \/>\n\t<meta property=\"og:image:width\" content=\"1245\" \/>\n\t<meta property=\"og:image:height\" content=\"700\" \/>\n\t<meta property=\"og:image:type\" content=\"image\/webp\" \/>\n<meta name=\"author\" content=\"US6\" \/>\n<meta name=\"twitter:card\" content=\"summary_large_image\" \/>\n<meta name=\"twitter:label1\" content=\"Written by\" \/>\n\t<meta name=\"twitter:data1\" content=\"US6\" \/>\n\t<meta name=\"twitter:label2\" content=\"Est. reading time\" \/>\n\t<meta name=\"twitter:data2\" content=\"2 minutes\" \/>\n<script type=\"application\/ld+json\" class=\"yoast-schema-graph\">{\"@context\":\"https:\/\/schema.org\",\"@graph\":[{\"@type\":\"WebPage\",\"@id\":\"https:\/\/veritasinfo.org\/?p=34674\",\"url\":\"https:\/\/veritasinfo.org\/?p=34674\",\"name\":\"Murat Jashari refuzon postin e presidentit: Familja Jashari i takon gjith\u00eb shqiptar\u00ebve -\",\"isPartOf\":{\"@id\":\"https:\/\/veritasinfo.org\/#website\"},\"primaryImageOfPage\":{\"@id\":\"https:\/\/veritasinfo.org\/?p=34674#primaryimage\"},\"image\":{\"@id\":\"https:\/\/veritasinfo.org\/?p=34674#primaryimage\"},\"thumbnailUrl\":\"https:\/\/veritasinfo.org\/wp-content\/uploads\/2026\/02\/image-22.webp\",\"datePublished\":\"2026-02-25T16:00:26+00:00\",\"author\":{\"@id\":\"https:\/\/veritasinfo.org\/#\/schema\/person\/fe199eede04c3937362892b7444747cc\"},\"breadcrumb\":{\"@id\":\"https:\/\/veritasinfo.org\/?p=34674#breadcrumb\"},\"inLanguage\":\"en-US\",\"potentialAction\":[{\"@type\":\"ReadAction\",\"target\":[\"https:\/\/veritasinfo.org\/?p=34674\"]}]},{\"@type\":\"ImageObject\",\"inLanguage\":\"en-US\",\"@id\":\"https:\/\/veritasinfo.org\/?p=34674#primaryimage\",\"url\":\"https:\/\/veritasinfo.org\/wp-content\/uploads\/2026\/02\/image-22.webp\",\"contentUrl\":\"https:\/\/veritasinfo.org\/wp-content\/uploads\/2026\/02\/image-22.webp\",\"width\":1245,\"height\":700},{\"@type\":\"BreadcrumbList\",\"@id\":\"https:\/\/veritasinfo.org\/?p=34674#breadcrumb\",\"itemListElement\":[{\"@type\":\"ListItem\",\"position\":1,\"name\":\"Home\",\"item\":\"https:\/\/veritasinfo.org\/\"},{\"@type\":\"ListItem\",\"position\":2,\"name\":\"Murat Jashari refuzon postin e presidentit: Familja Jashari i takon gjith\u00eb shqiptar\u00ebve\"}]},{\"@type\":\"WebSite\",\"@id\":\"https:\/\/veritasinfo.org\/#website\",\"url\":\"https:\/\/veritasinfo.org\/\",\"name\":\"\",\"description\":\"\",\"potentialAction\":[{\"@type\":\"SearchAction\",\"target\":{\"@type\":\"EntryPoint\",\"urlTemplate\":\"https:\/\/veritasinfo.org\/?s={search_term_string}\"},\"query-input\":{\"@type\":\"PropertyValueSpecification\",\"valueRequired\":true,\"valueName\":\"search_term_string\"}}],\"inLanguage\":\"en-US\"},{\"@type\":\"Person\",\"@id\":\"https:\/\/veritasinfo.org\/#\/schema\/person\/fe199eede04c3937362892b7444747cc\",\"name\":\"US6\",\"image\":{\"@type\":\"ImageObject\",\"inLanguage\":\"en-US\",\"@id\":\"https:\/\/veritasinfo.org\/#\/schema\/person\/image\/\",\"url\":\"https:\/\/secure.gravatar.com\/avatar\/cb16c3c31c9d23b9b8c705964598220b3014e42ff51eb540ff23cefa3ae8c15f?s=96&d=mm&r=g\",\"contentUrl\":\"https:\/\/secure.gravatar.com\/avatar\/cb16c3c31c9d23b9b8c705964598220b3014e42ff51eb540ff23cefa3ae8c15f?s=96&d=mm&r=g\",\"caption\":\"US6\"},\"url\":\"https:\/\/veritasinfo.org\/?author=7\"}]}<\/script>\n<!-- \/ Yoast SEO plugin. -->","yoast_head_json":{"title":"Murat Jashari refuzon postin e presidentit: Familja Jashari i takon gjith\u00eb shqiptar\u00ebve -","robots":{"index":"index","follow":"follow","max-snippet":"max-snippet:-1","max-image-preview":"max-image-preview:large","max-video-preview":"max-video-preview:-1"},"canonical":"https:\/\/veritasinfo.org\/?p=34674","og_locale":"en_US","og_type":"article","og_title":"Murat Jashari refuzon postin e presidentit: Familja Jashari i takon gjith\u00eb shqiptar\u00ebve -","og_description":"Prishtin\u00eb, 25 shkurt 2026 16:59 Ministri i Pun\u00ebve t\u00eb Jashtme, Glauk Konjufca, deklaroi t\u00eb m\u00ebrkur\u00ebn se n\u00ebse nj\u00eb em\u00ebr nga familja e heroit komb\u00ebtar Adem","og_url":"https:\/\/veritasinfo.org\/?p=34674","article_published_time":"2026-02-25T16:00:26+00:00","og_image":[{"width":1245,"height":700,"url":"https:\/\/veritasinfo.org\/wp-content\/uploads\/2026\/02\/image-22.webp","type":"image\/webp"}],"author":"US6","twitter_card":"summary_large_image","twitter_misc":{"Written by":"US6","Est. reading time":"2 minutes"},"schema":{"@context":"https:\/\/schema.org","@graph":[{"@type":"WebPage","@id":"https:\/\/veritasinfo.org\/?p=34674","url":"https:\/\/veritasinfo.org\/?p=34674","name":"Murat Jashari refuzon postin e presidentit: Familja Jashari i takon gjith\u00eb shqiptar\u00ebve -","isPartOf":{"@id":"https:\/\/veritasinfo.org\/#website"},"primaryImageOfPage":{"@id":"https:\/\/veritasinfo.org\/?p=34674#primaryimage"},"image":{"@id":"https:\/\/veritasinfo.org\/?p=34674#primaryimage"},"thumbnailUrl":"https:\/\/veritasinfo.org\/wp-content\/uploads\/2026\/02\/image-22.webp","datePublished":"2026-02-25T16:00:26+00:00","author":{"@id":"https:\/\/veritasinfo.org\/#\/schema\/person\/fe199eede04c3937362892b7444747cc"},"breadcrumb":{"@id":"https:\/\/veritasinfo.org\/?p=34674#breadcrumb"},"inLanguage":"en-US","potentialAction":[{"@type":"ReadAction","target":["https:\/\/veritasinfo.org\/?p=34674"]}]},{"@type":"ImageObject","inLanguage":"en-US","@id":"https:\/\/veritasinfo.org\/?p=34674#primaryimage","url":"https:\/\/veritasinfo.org\/wp-content\/uploads\/2026\/02\/image-22.webp","contentUrl":"https:\/\/veritasinfo.org\/wp-content\/uploads\/2026\/02\/image-22.webp","width":1245,"height":700},{"@type":"BreadcrumbList","@id":"https:\/\/veritasinfo.org\/?p=34674#breadcrumb","itemListElement":[{"@type":"ListItem","position":1,"name":"Home","item":"https:\/\/veritasinfo.org\/"},{"@type":"ListItem","position":2,"name":"Murat Jashari refuzon postin e presidentit: Familja Jashari i takon gjith\u00eb shqiptar\u00ebve"}]},{"@type":"WebSite","@id":"https:\/\/veritasinfo.org\/#website","url":"https:\/\/veritasinfo.org\/","name":"","description":"","potentialAction":[{"@type":"SearchAction","target":{"@type":"EntryPoint","urlTemplate":"https:\/\/veritasinfo.org\/?s={search_term_string}"},"query-input":{"@type":"PropertyValueSpecification","valueRequired":true,"valueName":"search_term_string"}}],"inLanguage":"en-US"},{"@type":"Person","@id":"https:\/\/veritasinfo.org\/#\/schema\/person\/fe199eede04c3937362892b7444747cc","name":"US6","image":{"@type":"ImageObject","inLanguage":"en-US","@id":"https:\/\/veritasinfo.org\/#\/schema\/person\/image\/","url":"https:\/\/secure.gravatar.com\/avatar\/cb16c3c31c9d23b9b8c705964598220b3014e42ff51eb540ff23cefa3ae8c15f?s=96&d=mm&r=g","contentUrl":"https:\/\/secure.gravatar.com\/avatar\/cb16c3c31c9d23b9b8c705964598220b3014e42ff51eb540ff23cefa3ae8c15f?s=96&d=mm&r=g","caption":"US6"},"url":"https:\/\/veritasinfo.org\/?author=7"}]}},"featured_image_urls":{"full":["https:\/\/veritasinfo.org\/wp-content\/uploads\/2026\/02\/image-22.webp",1245,700,false],"thumbnail":["https:\/\/veritasinfo.org\/wp-content\/uploads\/2026\/02\/image-22-150x150.webp",150,150,true],"medium":["https:\/\/veritasinfo.org\/wp-content\/uploads\/2026\/02\/image-22-300x169.webp",300,169,true],"medium_large":["https:\/\/veritasinfo.org\/wp-content\/uploads\/2026\/02\/image-22-768x432.webp",640,360,true],"large":["https:\/\/veritasinfo.org\/wp-content\/uploads\/2026\/02\/image-22-1024x576.webp",640,360,true],"1536x1536":["https:\/\/veritasinfo.org\/wp-content\/uploads\/2026\/02\/image-22.webp",1245,700,false],"2048x2048":["https:\/\/veritasinfo.org\/wp-content\/uploads\/2026\/02\/image-22.webp",1245,700,false],"kreeti-slider-full":["https:\/\/veritasinfo.org\/wp-content\/uploads\/2026\/02\/image-22.webp",1245,700,false],"kreeti-featured":["https:\/\/veritasinfo.org\/wp-content\/uploads\/2026\/02\/image-22.webp",1024,576,false],"kreeti-medium":["https:\/\/veritasinfo.org\/wp-content\/uploads\/2026\/02\/image-22.webp",720,405,false],"kreeti-medium-square":["https:\/\/veritasinfo.org\/wp-content\/uploads\/2026\/02\/image-22.webp",350,197,false]},"author_info":{"info":["US6"]},"category_info":"<a href=\"https:\/\/veritasinfo.org\/?cat=60\" rel=\"category\">Shoq\u00ebrore<\/a>","tag_info":"Shoq\u00ebrore","comment_count":"0","_links":{"self":[{"href":"https:\/\/veritasinfo.org\/index.php?rest_route=\/wp\/v2\/posts\/34674","targetHints":{"allow":["GET"]}}],"collection":[{"href":"https:\/\/veritasinfo.org\/index.php?rest_route=\/wp\/v2\/posts"}],"about":[{"href":"https:\/\/veritasinfo.org\/index.php?rest_route=\/wp\/v2\/types\/post"}],"author":[{"embeddable":true,"href":"https:\/\/veritasinfo.org\/index.php?rest_route=\/wp\/v2\/users\/7"}],"replies":[{"embeddable":true,"href":"https:\/\/veritasinfo.org\/index.php?rest_route=%2Fwp%2Fv2%2Fcomments&post=34674"}],"version-history":[{"count":1,"href":"https:\/\/veritasinfo.org\/index.php?rest_route=\/wp\/v2\/posts\/34674\/revisions"}],"predecessor-version":[{"id":34676,"href":"https:\/\/veritasinfo.org\/index.php?rest_route=\/wp\/v2\/posts\/34674\/revisions\/34676"}],"wp:featuredmedia":[{"embeddable":true,"href":"https:\/\/veritasinfo.org\/index.php?rest_route=\/wp\/v2\/media\/34675"}],"wp:attachment":[{"href":"https:\/\/veritasinfo.org\/index.php?rest_route=%2Fwp%2Fv2%2Fmedia&parent=34674"}],"wp:term":[{"taxonomy":"category","embeddable":true,"href":"https:\/\/veritasinfo.org\/index.php?rest_route=%2Fwp%2Fv2%2Fcategories&post=34674"},{"taxonomy":"post_tag","embeddable":true,"href":"https:\/\/veritasinfo.org\/index.php?rest_route=%2Fwp%2Fv2%2Ftags&post=34674"}],"curies":[{"name":"wp","href":"https:\/\/api.w.org\/{rel}","templated":true}]}}