{"id":3465,"date":"2025-07-11T17:26:17","date_gmt":"2025-07-11T15:26:17","guid":{"rendered":"https:\/\/veritasinfo.org\/?p=3465"},"modified":"2025-07-11T17:26:17","modified_gmt":"2025-07-11T15:26:17","slug":"macron-srebrenica-mbetet-nje-njolle-e-perhershme-ne-kujtesen-kolektive-te-evropes-dhe-te-gjithe-botes","status":"publish","type":"post","link":"https:\/\/veritasinfo.org\/?p=3465","title":{"rendered":"Macron: Srebrenica mbetet nj\u00eb njoll\u00eb e p\u00ebrhershme n\u00eb kujtes\u00ebn kolektive t\u00eb Evrop\u00ebs dhe t\u00eb gjith\u00eb bot\u00ebs"},"content":{"rendered":"<p>Srebrenic\u00eb, 11 Korrik 2025<\/p>\n<p>Me rastin e 30-vjetorit t\u00eb gjenocidit n\u00eb Srebrenic\u00eb, Ministri i \u00c7\u00ebshtjeve Evropiane t\u00eb Franc\u00ebs, Benjamin Haddad, ka lexuar n\u00eb em\u00ebr t\u00eb presidentit Emmanuel Macron nj\u00eb mesazh p\u00ebrkujtimor me tone t\u00eb forta kujtimi, njohjeje dhe mb\u00ebshtetjeje p\u00ebr Bosnj\u00ebn dhe Hercegovin\u00ebn.<\/p>\n<p>Macron theksoi se ajo \u00e7far\u00eb ndodhi n\u00eb korrik t\u00eb vitit 1995 duhet t\u00eb q\u00ebndroj\u00eb p\u00ebrgjithmon\u00eb n\u00eb nd\u00ebrgjegjen kolektive t\u00eb Evrop\u00ebs dhe bot\u00ebs.<br \/>\n\u201cSrebrenica mbetet nj\u00eb njoll\u00eb e p\u00ebrhershme n\u00eb kujtes\u00ebn kolektive t\u00eb Evrop\u00ebs dhe t\u00eb gjith\u00eb bot\u00ebs. Na detyron t\u00eb jemi t\u00eb v\u00ebrtet\u00eb dhe t\u00eb jemi t\u00eb drejt\u00eb\u201d, tha presidenti francez.<\/p>\n<p>Ai n\u00ebnvizoi se \u201ce v\u00ebrteta\u201d do t\u00eb thot\u00eb njohje e plot\u00eb e shkall\u00ebs s\u00eb krimit, q\u00eb sipas tij ishte i motivuar nga urrejtja etnike, por edhe pranim i d\u00ebshtimit t\u00eb bashk\u00ebsis\u00eb nd\u00ebrkomb\u00ebtare p\u00ebr t\u00eb mbrojtur civil\u00ebt n\u00eb at\u00eb koh\u00eb.<\/p>\n<div class=\"adds__image mt-3 mb-3\">\u201c\u00cbsht\u00eb nj\u00eb pranim i d\u00ebshtimit me q\u00ebllim q\u00eb t\u00eb mos p\u00ebrs\u00ebritet m\u00eb kurr\u00eb nj\u00eb e keqe e till\u00eb dhe t\u00eb nd\u00ebrtohet nj\u00eb e ardhme e p\u00ebrbashk\u00ebt\u201d, shtoi Macron.<\/div>\n<p>Ai b\u00ebri thirrje p\u00ebr respektim t\u00eb drejt\u00ebsis\u00eb nd\u00ebrkomb\u00ebtare dhe paralajm\u00ebroi kund\u00ebr tentimeve p\u00ebr mohimin e krimeve n\u00eb rajon.<\/p>\n<p>\u201cDrejt\u00ebsia do t\u00eb thot\u00eb respektim i vendimeve t\u00eb gjykatave dhe se nuk ka vend p\u00ebr revizioniz\u00ebm dhe mohim n\u00eb nj\u00eb rajon q\u00eb d\u00ebshiron t\u00eb jet\u00eb pjes\u00eb e Bashkimit Evropian.\u201d<\/p>\n<p>Macron e mbylli mesazhin me nj\u00eb shembull historik t\u00eb Franc\u00ebs pas Luft\u00ebs s\u00eb Dyt\u00eb Bot\u00ebrore dhe premtoi mb\u00ebshtetje t\u00eb pandalshme p\u00ebr Bosnj\u00ebn n\u00eb rrug\u00ebtimin e saj evropian.<\/p>\n<p>\u201cKy kujtim na angazhon p\u00ebr guxim, p\u00ebr nd\u00ebrtimin e p\u00ebrditsh\u00ebm dhe t\u00eb vazhduesh\u00ebm t\u00eb paqes dhe besimit \u2013 pa p\u00ebrjashtuar ask\u00ebnd.\u201d<\/p>\n<p>\u201cFranca \u00ebsht\u00eb krenare q\u00eb ka nd\u00ebrtuar nj\u00eb t\u00eb ardhme t\u00eb p\u00ebrbashk\u00ebt dhe premtuese me Gjermanin\u00eb pas Luft\u00ebs s\u00eb Dyt\u00eb Bot\u00ebrore. Edhe sot, Franca mbetet me ju \u2013 p\u00ebr t\u00eb mb\u00ebshtetur Bosnj\u00ebn dhe Hercegovin\u00ebn n\u00eb rrug\u00ebn e v\u00ebshtir\u00eb, por t\u00eb domosdoshme t\u00eb pajtimit, nd\u00ebrtimit t\u00eb paqes dhe nj\u00eb t\u00eb ardhmeje t\u00eb begat\u00eb nj\u00eb Evrop\u00eb t\u00eb bashkuar.\u201d<\/p>\n<p>&nbsp;<\/p>\n","protected":false},"excerpt":{"rendered":"<p>Srebrenic\u00eb, 11 Korrik 2025 Me rastin e 30-vjetorit t\u00eb gjenocidit n\u00eb Srebrenic\u00eb, Ministri i \u00c7\u00ebshtjeve Evropiane t\u00eb Franc\u00ebs, Benjamin Haddad, ka lexuar n\u00eb em\u00ebr t\u00eb<\/p>\n","protected":false},"author":1,"featured_media":3466,"comment_status":"open","ping_status":"open","sticky":false,"template":"","format":"standard","meta":{"footnotes":""},"categories":[72],"tags":[],"class_list":["post-3465","post","type-post","status-publish","format-standard","has-post-thumbnail","hentry","category-bota"],"yoast_head":"<!-- This site is optimized with the Yoast SEO plugin v25.3.1 - https:\/\/yoast.com\/wordpress\/plugins\/seo\/ -->\n<title>Macron: Srebrenica mbetet nj\u00eb njoll\u00eb e p\u00ebrhershme n\u00eb kujtes\u00ebn kolektive t\u00eb Evrop\u00ebs dhe t\u00eb gjith\u00eb bot\u00ebs -<\/title>\n<meta name=\"robots\" content=\"index, follow, max-snippet:-1, max-image-preview:large, max-video-preview:-1\" \/>\n<link rel=\"canonical\" href=\"https:\/\/veritasinfo.org\/?p=3465\" \/>\n<meta property=\"og:locale\" content=\"en_US\" \/>\n<meta property=\"og:type\" content=\"article\" \/>\n<meta property=\"og:title\" content=\"Macron: Srebrenica mbetet nj\u00eb njoll\u00eb e p\u00ebrhershme n\u00eb kujtes\u00ebn kolektive t\u00eb Evrop\u00ebs dhe t\u00eb gjith\u00eb bot\u00ebs -\" \/>\n<meta property=\"og:description\" content=\"Srebrenic\u00eb, 11 Korrik 2025 Me rastin e 30-vjetorit t\u00eb gjenocidit n\u00eb Srebrenic\u00eb, Ministri i \u00c7\u00ebshtjeve Evropiane t\u00eb Franc\u00ebs, Benjamin Haddad, ka lexuar n\u00eb em\u00ebr t\u00eb\" \/>\n<meta property=\"og:url\" content=\"https:\/\/veritasinfo.org\/?p=3465\" \/>\n<meta property=\"article:published_time\" content=\"2025-07-11T15:26:17+00:00\" \/>\n<meta property=\"og:image\" content=\"https:\/\/veritasinfo.org\/wp-content\/uploads\/2025\/07\/IMG_1904.jpeg\" \/>\n\t<meta property=\"og:image:width\" content=\"1480\" \/>\n\t<meta property=\"og:image:height\" content=\"833\" \/>\n\t<meta property=\"og:image:type\" content=\"image\/jpeg\" \/>\n<meta name=\"author\" content=\"admin\" \/>\n<meta name=\"twitter:card\" content=\"summary_large_image\" \/>\n<meta name=\"twitter:label1\" content=\"Written by\" \/>\n\t<meta name=\"twitter:data1\" content=\"admin\" \/>\n\t<meta name=\"twitter:label2\" content=\"Est. reading time\" \/>\n\t<meta name=\"twitter:data2\" content=\"2 minutes\" \/>\n<script type=\"application\/ld+json\" class=\"yoast-schema-graph\">{\"@context\":\"https:\/\/schema.org\",\"@graph\":[{\"@type\":\"WebPage\",\"@id\":\"https:\/\/veritasinfo.org\/?p=3465\",\"url\":\"https:\/\/veritasinfo.org\/?p=3465\",\"name\":\"Macron: Srebrenica mbetet nj\u00eb njoll\u00eb e p\u00ebrhershme n\u00eb kujtes\u00ebn kolektive t\u00eb Evrop\u00ebs dhe t\u00eb gjith\u00eb bot\u00ebs -\",\"isPartOf\":{\"@id\":\"https:\/\/veritasinfo.org\/#website\"},\"primaryImageOfPage\":{\"@id\":\"https:\/\/veritasinfo.org\/?p=3465#primaryimage\"},\"image\":{\"@id\":\"https:\/\/veritasinfo.org\/?p=3465#primaryimage\"},\"thumbnailUrl\":\"https:\/\/veritasinfo.org\/wp-content\/uploads\/2025\/07\/IMG_1904.jpeg\",\"datePublished\":\"2025-07-11T15:26:17+00:00\",\"author\":{\"@id\":\"https:\/\/veritasinfo.org\/#\/schema\/person\/7701f8c088bece422266b100a712374f\"},\"breadcrumb\":{\"@id\":\"https:\/\/veritasinfo.org\/?p=3465#breadcrumb\"},\"inLanguage\":\"en-US\",\"potentialAction\":[{\"@type\":\"ReadAction\",\"target\":[\"https:\/\/veritasinfo.org\/?p=3465\"]}]},{\"@type\":\"ImageObject\",\"inLanguage\":\"en-US\",\"@id\":\"https:\/\/veritasinfo.org\/?p=3465#primaryimage\",\"url\":\"https:\/\/veritasinfo.org\/wp-content\/uploads\/2025\/07\/IMG_1904.jpeg\",\"contentUrl\":\"https:\/\/veritasinfo.org\/wp-content\/uploads\/2025\/07\/IMG_1904.jpeg\",\"width\":1480,\"height\":833},{\"@type\":\"BreadcrumbList\",\"@id\":\"https:\/\/veritasinfo.org\/?p=3465#breadcrumb\",\"itemListElement\":[{\"@type\":\"ListItem\",\"position\":1,\"name\":\"Home\",\"item\":\"https:\/\/veritasinfo.org\/\"},{\"@type\":\"ListItem\",\"position\":2,\"name\":\"Macron: Srebrenica mbetet nj\u00eb njoll\u00eb e p\u00ebrhershme n\u00eb kujtes\u00ebn kolektive t\u00eb Evrop\u00ebs dhe t\u00eb gjith\u00eb bot\u00ebs\"}]},{\"@type\":\"WebSite\",\"@id\":\"https:\/\/veritasinfo.org\/#website\",\"url\":\"https:\/\/veritasinfo.org\/\",\"name\":\"\",\"description\":\"\",\"potentialAction\":[{\"@type\":\"SearchAction\",\"target\":{\"@type\":\"EntryPoint\",\"urlTemplate\":\"https:\/\/veritasinfo.org\/?s={search_term_string}\"},\"query-input\":{\"@type\":\"PropertyValueSpecification\",\"valueRequired\":true,\"valueName\":\"search_term_string\"}}],\"inLanguage\":\"en-US\"},{\"@type\":\"Person\",\"@id\":\"https:\/\/veritasinfo.org\/#\/schema\/person\/7701f8c088bece422266b100a712374f\",\"name\":\"admin\",\"image\":{\"@type\":\"ImageObject\",\"inLanguage\":\"en-US\",\"@id\":\"https:\/\/veritasinfo.org\/#\/schema\/person\/image\/\",\"url\":\"https:\/\/secure.gravatar.com\/avatar\/ea53aa3bf6c9a12d5fde8ce4deff43fef3885ae33cf60184161a50d6987cfd2f?s=96&d=mm&r=g\",\"contentUrl\":\"https:\/\/secure.gravatar.com\/avatar\/ea53aa3bf6c9a12d5fde8ce4deff43fef3885ae33cf60184161a50d6987cfd2f?s=96&d=mm&r=g\",\"caption\":\"admin\"},\"sameAs\":[\"https:\/\/veritasinfo.org\"],\"url\":\"https:\/\/veritasinfo.org\/?author=1\"}]}<\/script>\n<!-- \/ Yoast SEO plugin. -->","yoast_head_json":{"title":"Macron: Srebrenica mbetet nj\u00eb njoll\u00eb e p\u00ebrhershme n\u00eb kujtes\u00ebn kolektive t\u00eb Evrop\u00ebs dhe t\u00eb gjith\u00eb bot\u00ebs -","robots":{"index":"index","follow":"follow","max-snippet":"max-snippet:-1","max-image-preview":"max-image-preview:large","max-video-preview":"max-video-preview:-1"},"canonical":"https:\/\/veritasinfo.org\/?p=3465","og_locale":"en_US","og_type":"article","og_title":"Macron: Srebrenica mbetet nj\u00eb njoll\u00eb e p\u00ebrhershme n\u00eb kujtes\u00ebn kolektive t\u00eb Evrop\u00ebs dhe t\u00eb gjith\u00eb bot\u00ebs -","og_description":"Srebrenic\u00eb, 11 Korrik 2025 Me rastin e 30-vjetorit t\u00eb gjenocidit n\u00eb Srebrenic\u00eb, Ministri i \u00c7\u00ebshtjeve Evropiane t\u00eb Franc\u00ebs, Benjamin Haddad, ka lexuar n\u00eb em\u00ebr t\u00eb","og_url":"https:\/\/veritasinfo.org\/?p=3465","article_published_time":"2025-07-11T15:26:17+00:00","og_image":[{"width":1480,"height":833,"url":"https:\/\/veritasinfo.org\/wp-content\/uploads\/2025\/07\/IMG_1904.jpeg","type":"image\/jpeg"}],"author":"admin","twitter_card":"summary_large_image","twitter_misc":{"Written by":"admin","Est. reading time":"2 minutes"},"schema":{"@context":"https:\/\/schema.org","@graph":[{"@type":"WebPage","@id":"https:\/\/veritasinfo.org\/?p=3465","url":"https:\/\/veritasinfo.org\/?p=3465","name":"Macron: Srebrenica mbetet nj\u00eb njoll\u00eb e p\u00ebrhershme n\u00eb kujtes\u00ebn kolektive t\u00eb Evrop\u00ebs dhe t\u00eb gjith\u00eb bot\u00ebs -","isPartOf":{"@id":"https:\/\/veritasinfo.org\/#website"},"primaryImageOfPage":{"@id":"https:\/\/veritasinfo.org\/?p=3465#primaryimage"},"image":{"@id":"https:\/\/veritasinfo.org\/?p=3465#primaryimage"},"thumbnailUrl":"https:\/\/veritasinfo.org\/wp-content\/uploads\/2025\/07\/IMG_1904.jpeg","datePublished":"2025-07-11T15:26:17+00:00","author":{"@id":"https:\/\/veritasinfo.org\/#\/schema\/person\/7701f8c088bece422266b100a712374f"},"breadcrumb":{"@id":"https:\/\/veritasinfo.org\/?p=3465#breadcrumb"},"inLanguage":"en-US","potentialAction":[{"@type":"ReadAction","target":["https:\/\/veritasinfo.org\/?p=3465"]}]},{"@type":"ImageObject","inLanguage":"en-US","@id":"https:\/\/veritasinfo.org\/?p=3465#primaryimage","url":"https:\/\/veritasinfo.org\/wp-content\/uploads\/2025\/07\/IMG_1904.jpeg","contentUrl":"https:\/\/veritasinfo.org\/wp-content\/uploads\/2025\/07\/IMG_1904.jpeg","width":1480,"height":833},{"@type":"BreadcrumbList","@id":"https:\/\/veritasinfo.org\/?p=3465#breadcrumb","itemListElement":[{"@type":"ListItem","position":1,"name":"Home","item":"https:\/\/veritasinfo.org\/"},{"@type":"ListItem","position":2,"name":"Macron: Srebrenica mbetet nj\u00eb njoll\u00eb e p\u00ebrhershme n\u00eb kujtes\u00ebn kolektive t\u00eb Evrop\u00ebs dhe t\u00eb gjith\u00eb bot\u00ebs"}]},{"@type":"WebSite","@id":"https:\/\/veritasinfo.org\/#website","url":"https:\/\/veritasinfo.org\/","name":"","description":"","potentialAction":[{"@type":"SearchAction","target":{"@type":"EntryPoint","urlTemplate":"https:\/\/veritasinfo.org\/?s={search_term_string}"},"query-input":{"@type":"PropertyValueSpecification","valueRequired":true,"valueName":"search_term_string"}}],"inLanguage":"en-US"},{"@type":"Person","@id":"https:\/\/veritasinfo.org\/#\/schema\/person\/7701f8c088bece422266b100a712374f","name":"admin","image":{"@type":"ImageObject","inLanguage":"en-US","@id":"https:\/\/veritasinfo.org\/#\/schema\/person\/image\/","url":"https:\/\/secure.gravatar.com\/avatar\/ea53aa3bf6c9a12d5fde8ce4deff43fef3885ae33cf60184161a50d6987cfd2f?s=96&d=mm&r=g","contentUrl":"https:\/\/secure.gravatar.com\/avatar\/ea53aa3bf6c9a12d5fde8ce4deff43fef3885ae33cf60184161a50d6987cfd2f?s=96&d=mm&r=g","caption":"admin"},"sameAs":["https:\/\/veritasinfo.org"],"url":"https:\/\/veritasinfo.org\/?author=1"}]}},"featured_image_urls":{"full":["https:\/\/veritasinfo.org\/wp-content\/uploads\/2025\/07\/IMG_1904.jpeg",1480,833,false],"thumbnail":["https:\/\/veritasinfo.org\/wp-content\/uploads\/2025\/07\/IMG_1904-150x150.jpeg",150,150,true],"medium":["https:\/\/veritasinfo.org\/wp-content\/uploads\/2025\/07\/IMG_1904-300x169.jpeg",300,169,true],"medium_large":["https:\/\/veritasinfo.org\/wp-content\/uploads\/2025\/07\/IMG_1904-768x432.jpeg",640,360,true],"large":["https:\/\/veritasinfo.org\/wp-content\/uploads\/2025\/07\/IMG_1904-1024x576.jpeg",640,360,true],"1536x1536":["https:\/\/veritasinfo.org\/wp-content\/uploads\/2025\/07\/IMG_1904.jpeg",1480,833,false],"2048x2048":["https:\/\/veritasinfo.org\/wp-content\/uploads\/2025\/07\/IMG_1904.jpeg",1480,833,false],"kreeti-slider-full":["https:\/\/veritasinfo.org\/wp-content\/uploads\/2025\/07\/IMG_1904.jpeg",1280,720,false],"kreeti-featured":["https:\/\/veritasinfo.org\/wp-content\/uploads\/2025\/07\/IMG_1904.jpeg",1024,576,false],"kreeti-medium":["https:\/\/veritasinfo.org\/wp-content\/uploads\/2025\/07\/IMG_1904.jpeg",720,405,false],"kreeti-medium-square":["https:\/\/veritasinfo.org\/wp-content\/uploads\/2025\/07\/IMG_1904.jpeg",350,197,false]},"author_info":{"info":["admin"]},"category_info":"<a href=\"https:\/\/veritasinfo.org\/?cat=72\" rel=\"category\">Bota<\/a>","tag_info":"Bota","comment_count":"0","_links":{"self":[{"href":"https:\/\/veritasinfo.org\/index.php?rest_route=\/wp\/v2\/posts\/3465","targetHints":{"allow":["GET"]}}],"collection":[{"href":"https:\/\/veritasinfo.org\/index.php?rest_route=\/wp\/v2\/posts"}],"about":[{"href":"https:\/\/veritasinfo.org\/index.php?rest_route=\/wp\/v2\/types\/post"}],"author":[{"embeddable":true,"href":"https:\/\/veritasinfo.org\/index.php?rest_route=\/wp\/v2\/users\/1"}],"replies":[{"embeddable":true,"href":"https:\/\/veritasinfo.org\/index.php?rest_route=%2Fwp%2Fv2%2Fcomments&post=3465"}],"version-history":[{"count":1,"href":"https:\/\/veritasinfo.org\/index.php?rest_route=\/wp\/v2\/posts\/3465\/revisions"}],"predecessor-version":[{"id":3467,"href":"https:\/\/veritasinfo.org\/index.php?rest_route=\/wp\/v2\/posts\/3465\/revisions\/3467"}],"wp:featuredmedia":[{"embeddable":true,"href":"https:\/\/veritasinfo.org\/index.php?rest_route=\/wp\/v2\/media\/3466"}],"wp:attachment":[{"href":"https:\/\/veritasinfo.org\/index.php?rest_route=%2Fwp%2Fv2%2Fmedia&parent=3465"}],"wp:term":[{"taxonomy":"category","embeddable":true,"href":"https:\/\/veritasinfo.org\/index.php?rest_route=%2Fwp%2Fv2%2Fcategories&post=3465"},{"taxonomy":"post_tag","embeddable":true,"href":"https:\/\/veritasinfo.org\/index.php?rest_route=%2Fwp%2Fv2%2Ftags&post=3465"}],"curies":[{"name":"wp","href":"https:\/\/api.w.org\/{rel}","templated":true}]}}