{"id":34632,"date":"2026-02-25T14:25:28","date_gmt":"2026-02-25T13:25:28","guid":{"rendered":"https:\/\/veritasinfo.org\/?p=34632"},"modified":"2026-02-25T14:25:28","modified_gmt":"2026-02-25T13:25:28","slug":"kosova-u-prezantua-per-here-te-pare-ne-panairin-nderkombetar-te-turizmit-ne-portugali","status":"publish","type":"post","link":"https:\/\/veritasinfo.org\/?p=34632","title":{"rendered":"Kosova u prezantua p\u00ebr her\u00eb t\u00eb par\u00eb n\u00eb Panairin Nd\u00ebrkomb\u00ebtar t\u00eb Turizmit n\u00eb Portugali"},"content":{"rendered":"<p>Prishtin\u00eb 25 Shkurt 2026 14:24<\/p>\n<p>P\u00ebr her\u00eb t\u00eb par\u00eb, Kosova \u00ebsht\u00eb prezantuar n\u00eb Panairin Nd\u00ebrkomb\u00ebtar t\u00eb Turizmit q\u00eb po mbahet n\u00eb Lisbon\u00eb, Portugali, p\u00ebrmes Unioni i Turizmit i Kosov\u00ebs.<\/p>\n<p>N\u00eb k\u00ebt\u00eb ngjarje t\u00eb r\u00ebnd\u00ebsishme nd\u00ebrkomb\u00ebtare, p\u00ebrfaq\u00ebsuesit nga Kosova kan\u00eb prezantuar potencialin turistik t\u00eb vendit, duke v\u00ebn\u00eb n\u00eb pah ofert\u00ebn e larmishme q\u00eb p\u00ebrfshin turizmin malor, kulturor, historik dhe gastronomik. Pjes\u00ebmarrja n\u00eb k\u00ebt\u00eb panair synon promovimin e Kosov\u00ebs si nj\u00eb destinacion atraktiv p\u00ebr vizitor\u00ebt e huaj, si dhe krijimin e lidhjeve t\u00eb reja me tregun portugez dhe m\u00eb gjer\u00eb.Q\u00ebllimi i pjes\u00ebmarrjes \u00ebsht\u00eb thellimi i bashk\u00ebpunimit dhe koordinimit nd\u00ebrmjet agjencioneve turistike kosovare dhe atyre portugeze, me synim rritjen e numrit t\u00eb turist\u00ebve dhe zhvillimin e projekteve t\u00eb p\u00ebrbashk\u00ebta n\u00eb fush\u00ebn e turizmit.<\/p>\n<p>Shtandi i Kosov\u00ebs \u00ebsht\u00eb vizituar edhe nga ambasadorja e Republik\u00ebs s\u00eb Kosov\u00ebs n\u00eb Portugali, Edona Maloku, s\u00eb bashku me ekipin e ambasad\u00ebs.Ajo ka vler\u00ebsuar r\u00ebnd\u00ebsin\u00eb e prezantimit t\u00eb Kosov\u00ebs n\u00eb nj\u00eb platform\u00eb t\u00eb till\u00eb nd\u00ebrkomb\u00ebtare, duke theksuar se kjo \u00ebsht\u00eb nj\u00eb mund\u00ebsi e mir\u00eb p\u00ebr forcimin e marr\u00ebdh\u00ebnieve ekonomike dhe turistike mes dy vendeve.<\/p>\n<p>Pjes\u00ebmarrja e Kosov\u00ebs n\u00eb k\u00ebt\u00eb panair u mund\u00ebsua nga Ambasada e Republik\u00ebs s\u00eb Kosov\u00ebs n\u00eb Lisbon\u00eb-Portugali. <\/p>\n","protected":false},"excerpt":{"rendered":"<p>Prishtin\u00eb 25 Shkurt 2026 14:24 P\u00ebr her\u00eb t\u00eb par\u00eb, Kosova \u00ebsht\u00eb prezantuar n\u00eb Panairin Nd\u00ebrkomb\u00ebtar t\u00eb Turizmit q\u00eb po mbahet n\u00eb Lisbon\u00eb, Portugali, p\u00ebrmes Unioni<\/p>\n","protected":false},"author":6,"featured_media":34633,"comment_status":"open","ping_status":"open","sticky":false,"template":"","format":"standard","meta":{"footnotes":""},"categories":[60],"tags":[],"class_list":["post-34632","post","type-post","status-publish","format-standard","has-post-thumbnail","hentry","category-shoqerore-sq"],"yoast_head":"<!-- This site is optimized with the Yoast SEO plugin v25.3.1 - https:\/\/yoast.com\/wordpress\/plugins\/seo\/ -->\n<title>Kosova u prezantua p\u00ebr her\u00eb t\u00eb par\u00eb n\u00eb Panairin Nd\u00ebrkomb\u00ebtar t\u00eb Turizmit n\u00eb Portugali -<\/title>\n<meta name=\"robots\" content=\"index, follow, max-snippet:-1, max-image-preview:large, max-video-preview:-1\" \/>\n<link rel=\"canonical\" href=\"https:\/\/veritasinfo.org\/?p=34632\" \/>\n<meta property=\"og:locale\" content=\"en_US\" \/>\n<meta property=\"og:type\" content=\"article\" \/>\n<meta property=\"og:title\" content=\"Kosova u prezantua p\u00ebr her\u00eb t\u00eb par\u00eb n\u00eb Panairin Nd\u00ebrkomb\u00ebtar t\u00eb Turizmit n\u00eb Portugali -\" \/>\n<meta property=\"og:description\" content=\"Prishtin\u00eb 25 Shkurt 2026 14:24 P\u00ebr her\u00eb t\u00eb par\u00eb, Kosova \u00ebsht\u00eb prezantuar n\u00eb Panairin Nd\u00ebrkomb\u00ebtar t\u00eb Turizmit q\u00eb po mbahet n\u00eb Lisbon\u00eb, Portugali, p\u00ebrmes Unioni\" \/>\n<meta property=\"og:url\" content=\"https:\/\/veritasinfo.org\/?p=34632\" \/>\n<meta property=\"article:published_time\" content=\"2026-02-25T13:25:28+00:00\" \/>\n<meta property=\"og:image\" content=\"https:\/\/veritasinfo.org\/wp-content\/uploads\/2026\/02\/image-20.webp\" \/>\n\t<meta property=\"og:image:width\" content=\"1245\" \/>\n\t<meta property=\"og:image:height\" content=\"700\" \/>\n\t<meta property=\"og:image:type\" content=\"image\/webp\" \/>\n<meta name=\"author\" content=\"US5\" \/>\n<meta name=\"twitter:card\" content=\"summary_large_image\" \/>\n<meta name=\"twitter:label1\" content=\"Written by\" \/>\n\t<meta name=\"twitter:data1\" content=\"US5\" \/>\n<script type=\"application\/ld+json\" class=\"yoast-schema-graph\">{\"@context\":\"https:\/\/schema.org\",\"@graph\":[{\"@type\":\"WebPage\",\"@id\":\"https:\/\/veritasinfo.org\/?p=34632\",\"url\":\"https:\/\/veritasinfo.org\/?p=34632\",\"name\":\"Kosova u prezantua p\u00ebr her\u00eb t\u00eb par\u00eb n\u00eb Panairin Nd\u00ebrkomb\u00ebtar t\u00eb Turizmit n\u00eb Portugali -\",\"isPartOf\":{\"@id\":\"https:\/\/veritasinfo.org\/#website\"},\"primaryImageOfPage\":{\"@id\":\"https:\/\/veritasinfo.org\/?p=34632#primaryimage\"},\"image\":{\"@id\":\"https:\/\/veritasinfo.org\/?p=34632#primaryimage\"},\"thumbnailUrl\":\"https:\/\/veritasinfo.org\/wp-content\/uploads\/2026\/02\/image-20.webp\",\"datePublished\":\"2026-02-25T13:25:28+00:00\",\"author\":{\"@id\":\"https:\/\/veritasinfo.org\/#\/schema\/person\/bc442336e35414d04494ab8fb45db4c6\"},\"breadcrumb\":{\"@id\":\"https:\/\/veritasinfo.org\/?p=34632#breadcrumb\"},\"inLanguage\":\"en-US\",\"potentialAction\":[{\"@type\":\"ReadAction\",\"target\":[\"https:\/\/veritasinfo.org\/?p=34632\"]}]},{\"@type\":\"ImageObject\",\"inLanguage\":\"en-US\",\"@id\":\"https:\/\/veritasinfo.org\/?p=34632#primaryimage\",\"url\":\"https:\/\/veritasinfo.org\/wp-content\/uploads\/2026\/02\/image-20.webp\",\"contentUrl\":\"https:\/\/veritasinfo.org\/wp-content\/uploads\/2026\/02\/image-20.webp\",\"width\":1245,\"height\":700},{\"@type\":\"BreadcrumbList\",\"@id\":\"https:\/\/veritasinfo.org\/?p=34632#breadcrumb\",\"itemListElement\":[{\"@type\":\"ListItem\",\"position\":1,\"name\":\"Home\",\"item\":\"https:\/\/veritasinfo.org\/\"},{\"@type\":\"ListItem\",\"position\":2,\"name\":\"Kosova u prezantua p\u00ebr her\u00eb t\u00eb par\u00eb n\u00eb Panairin Nd\u00ebrkomb\u00ebtar t\u00eb Turizmit n\u00eb Portugali\"}]},{\"@type\":\"WebSite\",\"@id\":\"https:\/\/veritasinfo.org\/#website\",\"url\":\"https:\/\/veritasinfo.org\/\",\"name\":\"\",\"description\":\"\",\"potentialAction\":[{\"@type\":\"SearchAction\",\"target\":{\"@type\":\"EntryPoint\",\"urlTemplate\":\"https:\/\/veritasinfo.org\/?s={search_term_string}\"},\"query-input\":{\"@type\":\"PropertyValueSpecification\",\"valueRequired\":true,\"valueName\":\"search_term_string\"}}],\"inLanguage\":\"en-US\"},{\"@type\":\"Person\",\"@id\":\"https:\/\/veritasinfo.org\/#\/schema\/person\/bc442336e35414d04494ab8fb45db4c6\",\"name\":\"US5\",\"image\":{\"@type\":\"ImageObject\",\"inLanguage\":\"en-US\",\"@id\":\"https:\/\/veritasinfo.org\/#\/schema\/person\/image\/\",\"url\":\"https:\/\/secure.gravatar.com\/avatar\/16a61e7272a0c5d001121ebb9e60e925d5816e4ac1e443ed3e640d9a6ae55d0c?s=96&d=mm&r=g\",\"contentUrl\":\"https:\/\/secure.gravatar.com\/avatar\/16a61e7272a0c5d001121ebb9e60e925d5816e4ac1e443ed3e640d9a6ae55d0c?s=96&d=mm&r=g\",\"caption\":\"US5\"},\"url\":\"https:\/\/veritasinfo.org\/?author=6\"}]}<\/script>\n<!-- \/ Yoast SEO plugin. -->","yoast_head_json":{"title":"Kosova u prezantua p\u00ebr her\u00eb t\u00eb par\u00eb n\u00eb Panairin Nd\u00ebrkomb\u00ebtar t\u00eb Turizmit n\u00eb Portugali -","robots":{"index":"index","follow":"follow","max-snippet":"max-snippet:-1","max-image-preview":"max-image-preview:large","max-video-preview":"max-video-preview:-1"},"canonical":"https:\/\/veritasinfo.org\/?p=34632","og_locale":"en_US","og_type":"article","og_title":"Kosova u prezantua p\u00ebr her\u00eb t\u00eb par\u00eb n\u00eb Panairin Nd\u00ebrkomb\u00ebtar t\u00eb Turizmit n\u00eb Portugali -","og_description":"Prishtin\u00eb 25 Shkurt 2026 14:24 P\u00ebr her\u00eb t\u00eb par\u00eb, Kosova \u00ebsht\u00eb prezantuar n\u00eb Panairin Nd\u00ebrkomb\u00ebtar t\u00eb Turizmit q\u00eb po mbahet n\u00eb Lisbon\u00eb, Portugali, p\u00ebrmes Unioni","og_url":"https:\/\/veritasinfo.org\/?p=34632","article_published_time":"2026-02-25T13:25:28+00:00","og_image":[{"width":1245,"height":700,"url":"https:\/\/veritasinfo.org\/wp-content\/uploads\/2026\/02\/image-20.webp","type":"image\/webp"}],"author":"US5","twitter_card":"summary_large_image","twitter_misc":{"Written by":"US5"},"schema":{"@context":"https:\/\/schema.org","@graph":[{"@type":"WebPage","@id":"https:\/\/veritasinfo.org\/?p=34632","url":"https:\/\/veritasinfo.org\/?p=34632","name":"Kosova u prezantua p\u00ebr her\u00eb t\u00eb par\u00eb n\u00eb Panairin Nd\u00ebrkomb\u00ebtar t\u00eb Turizmit n\u00eb Portugali -","isPartOf":{"@id":"https:\/\/veritasinfo.org\/#website"},"primaryImageOfPage":{"@id":"https:\/\/veritasinfo.org\/?p=34632#primaryimage"},"image":{"@id":"https:\/\/veritasinfo.org\/?p=34632#primaryimage"},"thumbnailUrl":"https:\/\/veritasinfo.org\/wp-content\/uploads\/2026\/02\/image-20.webp","datePublished":"2026-02-25T13:25:28+00:00","author":{"@id":"https:\/\/veritasinfo.org\/#\/schema\/person\/bc442336e35414d04494ab8fb45db4c6"},"breadcrumb":{"@id":"https:\/\/veritasinfo.org\/?p=34632#breadcrumb"},"inLanguage":"en-US","potentialAction":[{"@type":"ReadAction","target":["https:\/\/veritasinfo.org\/?p=34632"]}]},{"@type":"ImageObject","inLanguage":"en-US","@id":"https:\/\/veritasinfo.org\/?p=34632#primaryimage","url":"https:\/\/veritasinfo.org\/wp-content\/uploads\/2026\/02\/image-20.webp","contentUrl":"https:\/\/veritasinfo.org\/wp-content\/uploads\/2026\/02\/image-20.webp","width":1245,"height":700},{"@type":"BreadcrumbList","@id":"https:\/\/veritasinfo.org\/?p=34632#breadcrumb","itemListElement":[{"@type":"ListItem","position":1,"name":"Home","item":"https:\/\/veritasinfo.org\/"},{"@type":"ListItem","position":2,"name":"Kosova u prezantua p\u00ebr her\u00eb t\u00eb par\u00eb n\u00eb Panairin Nd\u00ebrkomb\u00ebtar t\u00eb Turizmit n\u00eb Portugali"}]},{"@type":"WebSite","@id":"https:\/\/veritasinfo.org\/#website","url":"https:\/\/veritasinfo.org\/","name":"","description":"","potentialAction":[{"@type":"SearchAction","target":{"@type":"EntryPoint","urlTemplate":"https:\/\/veritasinfo.org\/?s={search_term_string}"},"query-input":{"@type":"PropertyValueSpecification","valueRequired":true,"valueName":"search_term_string"}}],"inLanguage":"en-US"},{"@type":"Person","@id":"https:\/\/veritasinfo.org\/#\/schema\/person\/bc442336e35414d04494ab8fb45db4c6","name":"US5","image":{"@type":"ImageObject","inLanguage":"en-US","@id":"https:\/\/veritasinfo.org\/#\/schema\/person\/image\/","url":"https:\/\/secure.gravatar.com\/avatar\/16a61e7272a0c5d001121ebb9e60e925d5816e4ac1e443ed3e640d9a6ae55d0c?s=96&d=mm&r=g","contentUrl":"https:\/\/secure.gravatar.com\/avatar\/16a61e7272a0c5d001121ebb9e60e925d5816e4ac1e443ed3e640d9a6ae55d0c?s=96&d=mm&r=g","caption":"US5"},"url":"https:\/\/veritasinfo.org\/?author=6"}]}},"featured_image_urls":{"full":["https:\/\/veritasinfo.org\/wp-content\/uploads\/2026\/02\/image-20.webp",1245,700,false],"thumbnail":["https:\/\/veritasinfo.org\/wp-content\/uploads\/2026\/02\/image-20-150x150.webp",150,150,true],"medium":["https:\/\/veritasinfo.org\/wp-content\/uploads\/2026\/02\/image-20-300x169.webp",300,169,true],"medium_large":["https:\/\/veritasinfo.org\/wp-content\/uploads\/2026\/02\/image-20-768x432.webp",640,360,true],"large":["https:\/\/veritasinfo.org\/wp-content\/uploads\/2026\/02\/image-20-1024x576.webp",640,360,true],"1536x1536":["https:\/\/veritasinfo.org\/wp-content\/uploads\/2026\/02\/image-20.webp",1245,700,false],"2048x2048":["https:\/\/veritasinfo.org\/wp-content\/uploads\/2026\/02\/image-20.webp",1245,700,false],"kreeti-slider-full":["https:\/\/veritasinfo.org\/wp-content\/uploads\/2026\/02\/image-20.webp",1245,700,false],"kreeti-featured":["https:\/\/veritasinfo.org\/wp-content\/uploads\/2026\/02\/image-20.webp",1024,576,false],"kreeti-medium":["https:\/\/veritasinfo.org\/wp-content\/uploads\/2026\/02\/image-20.webp",720,405,false],"kreeti-medium-square":["https:\/\/veritasinfo.org\/wp-content\/uploads\/2026\/02\/image-20.webp",350,197,false]},"author_info":{"info":["US5"]},"category_info":"<a href=\"https:\/\/veritasinfo.org\/?cat=60\" rel=\"category\">Shoq\u00ebrore<\/a>","tag_info":"Shoq\u00ebrore","comment_count":"0","_links":{"self":[{"href":"https:\/\/veritasinfo.org\/index.php?rest_route=\/wp\/v2\/posts\/34632","targetHints":{"allow":["GET"]}}],"collection":[{"href":"https:\/\/veritasinfo.org\/index.php?rest_route=\/wp\/v2\/posts"}],"about":[{"href":"https:\/\/veritasinfo.org\/index.php?rest_route=\/wp\/v2\/types\/post"}],"author":[{"embeddable":true,"href":"https:\/\/veritasinfo.org\/index.php?rest_route=\/wp\/v2\/users\/6"}],"replies":[{"embeddable":true,"href":"https:\/\/veritasinfo.org\/index.php?rest_route=%2Fwp%2Fv2%2Fcomments&post=34632"}],"version-history":[{"count":1,"href":"https:\/\/veritasinfo.org\/index.php?rest_route=\/wp\/v2\/posts\/34632\/revisions"}],"predecessor-version":[{"id":34634,"href":"https:\/\/veritasinfo.org\/index.php?rest_route=\/wp\/v2\/posts\/34632\/revisions\/34634"}],"wp:featuredmedia":[{"embeddable":true,"href":"https:\/\/veritasinfo.org\/index.php?rest_route=\/wp\/v2\/media\/34633"}],"wp:attachment":[{"href":"https:\/\/veritasinfo.org\/index.php?rest_route=%2Fwp%2Fv2%2Fmedia&parent=34632"}],"wp:term":[{"taxonomy":"category","embeddable":true,"href":"https:\/\/veritasinfo.org\/index.php?rest_route=%2Fwp%2Fv2%2Fcategories&post=34632"},{"taxonomy":"post_tag","embeddable":true,"href":"https:\/\/veritasinfo.org\/index.php?rest_route=%2Fwp%2Fv2%2Ftags&post=34632"}],"curies":[{"name":"wp","href":"https:\/\/api.w.org\/{rel}","templated":true}]}}