{"id":34626,"date":"2026-02-25T14:19:02","date_gmt":"2026-02-25T13:19:02","guid":{"rendered":"https:\/\/veritasinfo.org\/?p=34626"},"modified":"2026-02-25T14:19:02","modified_gmt":"2026-02-25T13:19:02","slug":"takimi-me-osmanin-spiropali-rikonfirmova-mbeshtetjen-e-shqiperise-per-integrimin-euroatlantik-te-kosoves","status":"publish","type":"post","link":"https:\/\/veritasinfo.org\/?p=34626","title":{"rendered":"Takimi me Osmanin, Spiropali: Rikonfirmova mb\u00ebshtetjen e Shqip\u00ebris\u00eb p\u00ebr integrimin euroatlantik t\u00eb Kosov\u00ebs"},"content":{"rendered":"<p>Prishtin\u00eb 25 Shkurt 2026 14:18<\/p>\n<p>Ministrja p\u00ebr Evrop\u00eb dhe Pun\u00eb t\u00eb Jashtme, Elisa Spiropali gjat\u00eb vizit\u00ebs s\u00eb saj n\u00eb Kosov\u00eb, \u00ebsht\u00eb pritur edhe nga e para e shtetit, Vjosa Osmani.<\/p>\n<p>Ajo ka th\u00ebn\u00eb se e vler\u00ebson angazhimin e Osmanit n\u00eb forcimin e marr\u00ebdh\u00ebnieve t\u00eb Kosov\u00ebs me komunitetin nd\u00ebrkomb\u00ebtar, n\u00eb ve\u00e7anti me partner\u00ebt strategjik\u00eb, SHBA-n\u00eb dhe vendet e BE-s\u00eb.<\/p>\n<p>\u201cRikonfirmova mb\u00ebshtetjen e Shqip\u00ebris\u00eb p\u00ebr integrimin euroatlantik t\u00eb Kosov\u00ebs. Pas vendimit per heqjen e masave kufizuese, \u00ebsht\u00eb momenti q\u00eb BE t\u00eb vendos\u00eb pa vones\u00eb dh\u00ebnien e statusit kandidat p\u00ebr Kosov\u00ebn. Shqip\u00ebria mbetet e pal\u00ebkundur n\u00eb mb\u00ebshtetjen aktive p\u00ebr subjektivitetin nd\u00ebrkomb\u00ebtar t\u00eb Kosov\u00ebs dhe do t\u00eb vijoj\u00eb angazhimin diplomatik p\u00ebr an\u00ebtar\u00ebsimin e saj n\u00eb organizatat nd\u00ebrkomb\u00ebtare dhe avancimin drejt BE-s\u00eb e NATO-s\u201d, ka shkruar Spiropali.<\/p>\n<p>Ajo sot ka takuar edhe z\u00ebvend\u00ebskryeministrin e par\u00eb dhe ministrin e Pun\u00ebve t\u00eb Jashtme dhe Diaspor\u00ebs, Glauk Konjufc\u00ebn, si dhe me kryetaren e Kuvendit t\u00eb Kosov\u00ebs, Albulena Haxhiun<\/p>\n","protected":false},"excerpt":{"rendered":"<p>Prishtin\u00eb 25 Shkurt 2026 14:18 Ministrja p\u00ebr Evrop\u00eb dhe Pun\u00eb t\u00eb Jashtme, Elisa Spiropali gjat\u00eb vizit\u00ebs s\u00eb saj n\u00eb Kosov\u00eb, \u00ebsht\u00eb pritur edhe nga e<\/p>\n","protected":false},"author":6,"featured_media":34627,"comment_status":"open","ping_status":"open","sticky":false,"template":"","format":"standard","meta":{"footnotes":""},"categories":[60],"tags":[],"class_list":["post-34626","post","type-post","status-publish","format-standard","has-post-thumbnail","hentry","category-shoqerore-sq"],"yoast_head":"<!-- This site is optimized with the Yoast SEO plugin v25.3.1 - https:\/\/yoast.com\/wordpress\/plugins\/seo\/ -->\n<title>Takimi me Osmanin, Spiropali: Rikonfirmova mb\u00ebshtetjen e Shqip\u00ebris\u00eb p\u00ebr integrimin euroatlantik t\u00eb Kosov\u00ebs -<\/title>\n<meta name=\"robots\" content=\"index, follow, max-snippet:-1, max-image-preview:large, max-video-preview:-1\" \/>\n<link rel=\"canonical\" href=\"https:\/\/veritasinfo.org\/?p=34626\" \/>\n<meta property=\"og:locale\" content=\"en_US\" \/>\n<meta property=\"og:type\" content=\"article\" \/>\n<meta property=\"og:title\" content=\"Takimi me Osmanin, Spiropali: Rikonfirmova mb\u00ebshtetjen e Shqip\u00ebris\u00eb p\u00ebr integrimin euroatlantik t\u00eb Kosov\u00ebs -\" \/>\n<meta property=\"og:description\" content=\"Prishtin\u00eb 25 Shkurt 2026 14:18 Ministrja p\u00ebr Evrop\u00eb dhe Pun\u00eb t\u00eb Jashtme, Elisa Spiropali gjat\u00eb vizit\u00ebs s\u00eb saj n\u00eb Kosov\u00eb, \u00ebsht\u00eb pritur edhe nga e\" \/>\n<meta property=\"og:url\" content=\"https:\/\/veritasinfo.org\/?p=34626\" \/>\n<meta property=\"article:published_time\" content=\"2026-02-25T13:19:02+00:00\" \/>\n<meta property=\"og:image\" content=\"https:\/\/veritasinfo.org\/wp-content\/uploads\/2026\/02\/sss-2-600x360-1.png\" \/>\n\t<meta property=\"og:image:width\" content=\"600\" \/>\n\t<meta property=\"og:image:height\" content=\"360\" \/>\n\t<meta property=\"og:image:type\" content=\"image\/png\" \/>\n<meta name=\"author\" content=\"US5\" \/>\n<meta name=\"twitter:card\" content=\"summary_large_image\" \/>\n<meta name=\"twitter:label1\" content=\"Written by\" \/>\n\t<meta name=\"twitter:data1\" content=\"US5\" \/>\n<script type=\"application\/ld+json\" class=\"yoast-schema-graph\">{\"@context\":\"https:\/\/schema.org\",\"@graph\":[{\"@type\":\"WebPage\",\"@id\":\"https:\/\/veritasinfo.org\/?p=34626\",\"url\":\"https:\/\/veritasinfo.org\/?p=34626\",\"name\":\"Takimi me Osmanin, Spiropali: Rikonfirmova mb\u00ebshtetjen e Shqip\u00ebris\u00eb p\u00ebr integrimin euroatlantik t\u00eb Kosov\u00ebs -\",\"isPartOf\":{\"@id\":\"https:\/\/veritasinfo.org\/#website\"},\"primaryImageOfPage\":{\"@id\":\"https:\/\/veritasinfo.org\/?p=34626#primaryimage\"},\"image\":{\"@id\":\"https:\/\/veritasinfo.org\/?p=34626#primaryimage\"},\"thumbnailUrl\":\"https:\/\/veritasinfo.org\/wp-content\/uploads\/2026\/02\/sss-2-600x360-1.png\",\"datePublished\":\"2026-02-25T13:19:02+00:00\",\"author\":{\"@id\":\"https:\/\/veritasinfo.org\/#\/schema\/person\/bc442336e35414d04494ab8fb45db4c6\"},\"breadcrumb\":{\"@id\":\"https:\/\/veritasinfo.org\/?p=34626#breadcrumb\"},\"inLanguage\":\"en-US\",\"potentialAction\":[{\"@type\":\"ReadAction\",\"target\":[\"https:\/\/veritasinfo.org\/?p=34626\"]}]},{\"@type\":\"ImageObject\",\"inLanguage\":\"en-US\",\"@id\":\"https:\/\/veritasinfo.org\/?p=34626#primaryimage\",\"url\":\"https:\/\/veritasinfo.org\/wp-content\/uploads\/2026\/02\/sss-2-600x360-1.png\",\"contentUrl\":\"https:\/\/veritasinfo.org\/wp-content\/uploads\/2026\/02\/sss-2-600x360-1.png\",\"width\":600,\"height\":360},{\"@type\":\"BreadcrumbList\",\"@id\":\"https:\/\/veritasinfo.org\/?p=34626#breadcrumb\",\"itemListElement\":[{\"@type\":\"ListItem\",\"position\":1,\"name\":\"Home\",\"item\":\"https:\/\/veritasinfo.org\/\"},{\"@type\":\"ListItem\",\"position\":2,\"name\":\"Takimi me Osmanin, Spiropali: Rikonfirmova mb\u00ebshtetjen e Shqip\u00ebris\u00eb p\u00ebr integrimin euroatlantik t\u00eb Kosov\u00ebs\"}]},{\"@type\":\"WebSite\",\"@id\":\"https:\/\/veritasinfo.org\/#website\",\"url\":\"https:\/\/veritasinfo.org\/\",\"name\":\"\",\"description\":\"\",\"potentialAction\":[{\"@type\":\"SearchAction\",\"target\":{\"@type\":\"EntryPoint\",\"urlTemplate\":\"https:\/\/veritasinfo.org\/?s={search_term_string}\"},\"query-input\":{\"@type\":\"PropertyValueSpecification\",\"valueRequired\":true,\"valueName\":\"search_term_string\"}}],\"inLanguage\":\"en-US\"},{\"@type\":\"Person\",\"@id\":\"https:\/\/veritasinfo.org\/#\/schema\/person\/bc442336e35414d04494ab8fb45db4c6\",\"name\":\"US5\",\"image\":{\"@type\":\"ImageObject\",\"inLanguage\":\"en-US\",\"@id\":\"https:\/\/veritasinfo.org\/#\/schema\/person\/image\/\",\"url\":\"https:\/\/secure.gravatar.com\/avatar\/16a61e7272a0c5d001121ebb9e60e925d5816e4ac1e443ed3e640d9a6ae55d0c?s=96&d=mm&r=g\",\"contentUrl\":\"https:\/\/secure.gravatar.com\/avatar\/16a61e7272a0c5d001121ebb9e60e925d5816e4ac1e443ed3e640d9a6ae55d0c?s=96&d=mm&r=g\",\"caption\":\"US5\"},\"url\":\"https:\/\/veritasinfo.org\/?author=6\"}]}<\/script>\n<!-- \/ Yoast SEO plugin. -->","yoast_head_json":{"title":"Takimi me Osmanin, Spiropali: Rikonfirmova mb\u00ebshtetjen e Shqip\u00ebris\u00eb p\u00ebr integrimin euroatlantik t\u00eb Kosov\u00ebs -","robots":{"index":"index","follow":"follow","max-snippet":"max-snippet:-1","max-image-preview":"max-image-preview:large","max-video-preview":"max-video-preview:-1"},"canonical":"https:\/\/veritasinfo.org\/?p=34626","og_locale":"en_US","og_type":"article","og_title":"Takimi me Osmanin, Spiropali: Rikonfirmova mb\u00ebshtetjen e Shqip\u00ebris\u00eb p\u00ebr integrimin euroatlantik t\u00eb Kosov\u00ebs -","og_description":"Prishtin\u00eb 25 Shkurt 2026 14:18 Ministrja p\u00ebr Evrop\u00eb dhe Pun\u00eb t\u00eb Jashtme, Elisa Spiropali gjat\u00eb vizit\u00ebs s\u00eb saj n\u00eb Kosov\u00eb, \u00ebsht\u00eb pritur edhe nga e","og_url":"https:\/\/veritasinfo.org\/?p=34626","article_published_time":"2026-02-25T13:19:02+00:00","og_image":[{"width":600,"height":360,"url":"https:\/\/veritasinfo.org\/wp-content\/uploads\/2026\/02\/sss-2-600x360-1.png","type":"image\/png"}],"author":"US5","twitter_card":"summary_large_image","twitter_misc":{"Written by":"US5"},"schema":{"@context":"https:\/\/schema.org","@graph":[{"@type":"WebPage","@id":"https:\/\/veritasinfo.org\/?p=34626","url":"https:\/\/veritasinfo.org\/?p=34626","name":"Takimi me Osmanin, Spiropali: Rikonfirmova mb\u00ebshtetjen e Shqip\u00ebris\u00eb p\u00ebr integrimin euroatlantik t\u00eb Kosov\u00ebs -","isPartOf":{"@id":"https:\/\/veritasinfo.org\/#website"},"primaryImageOfPage":{"@id":"https:\/\/veritasinfo.org\/?p=34626#primaryimage"},"image":{"@id":"https:\/\/veritasinfo.org\/?p=34626#primaryimage"},"thumbnailUrl":"https:\/\/veritasinfo.org\/wp-content\/uploads\/2026\/02\/sss-2-600x360-1.png","datePublished":"2026-02-25T13:19:02+00:00","author":{"@id":"https:\/\/veritasinfo.org\/#\/schema\/person\/bc442336e35414d04494ab8fb45db4c6"},"breadcrumb":{"@id":"https:\/\/veritasinfo.org\/?p=34626#breadcrumb"},"inLanguage":"en-US","potentialAction":[{"@type":"ReadAction","target":["https:\/\/veritasinfo.org\/?p=34626"]}]},{"@type":"ImageObject","inLanguage":"en-US","@id":"https:\/\/veritasinfo.org\/?p=34626#primaryimage","url":"https:\/\/veritasinfo.org\/wp-content\/uploads\/2026\/02\/sss-2-600x360-1.png","contentUrl":"https:\/\/veritasinfo.org\/wp-content\/uploads\/2026\/02\/sss-2-600x360-1.png","width":600,"height":360},{"@type":"BreadcrumbList","@id":"https:\/\/veritasinfo.org\/?p=34626#breadcrumb","itemListElement":[{"@type":"ListItem","position":1,"name":"Home","item":"https:\/\/veritasinfo.org\/"},{"@type":"ListItem","position":2,"name":"Takimi me Osmanin, Spiropali: Rikonfirmova mb\u00ebshtetjen e Shqip\u00ebris\u00eb p\u00ebr integrimin euroatlantik t\u00eb Kosov\u00ebs"}]},{"@type":"WebSite","@id":"https:\/\/veritasinfo.org\/#website","url":"https:\/\/veritasinfo.org\/","name":"","description":"","potentialAction":[{"@type":"SearchAction","target":{"@type":"EntryPoint","urlTemplate":"https:\/\/veritasinfo.org\/?s={search_term_string}"},"query-input":{"@type":"PropertyValueSpecification","valueRequired":true,"valueName":"search_term_string"}}],"inLanguage":"en-US"},{"@type":"Person","@id":"https:\/\/veritasinfo.org\/#\/schema\/person\/bc442336e35414d04494ab8fb45db4c6","name":"US5","image":{"@type":"ImageObject","inLanguage":"en-US","@id":"https:\/\/veritasinfo.org\/#\/schema\/person\/image\/","url":"https:\/\/secure.gravatar.com\/avatar\/16a61e7272a0c5d001121ebb9e60e925d5816e4ac1e443ed3e640d9a6ae55d0c?s=96&d=mm&r=g","contentUrl":"https:\/\/secure.gravatar.com\/avatar\/16a61e7272a0c5d001121ebb9e60e925d5816e4ac1e443ed3e640d9a6ae55d0c?s=96&d=mm&r=g","caption":"US5"},"url":"https:\/\/veritasinfo.org\/?author=6"}]}},"featured_image_urls":{"full":["https:\/\/veritasinfo.org\/wp-content\/uploads\/2026\/02\/sss-2-600x360-1.png",600,360,false],"thumbnail":["https:\/\/veritasinfo.org\/wp-content\/uploads\/2026\/02\/sss-2-600x360-1-150x150.png",150,150,true],"medium":["https:\/\/veritasinfo.org\/wp-content\/uploads\/2026\/02\/sss-2-600x360-1-300x180.png",300,180,true],"medium_large":["https:\/\/veritasinfo.org\/wp-content\/uploads\/2026\/02\/sss-2-600x360-1.png",600,360,false],"large":["https:\/\/veritasinfo.org\/wp-content\/uploads\/2026\/02\/sss-2-600x360-1.png",600,360,false],"1536x1536":["https:\/\/veritasinfo.org\/wp-content\/uploads\/2026\/02\/sss-2-600x360-1.png",600,360,false],"2048x2048":["https:\/\/veritasinfo.org\/wp-content\/uploads\/2026\/02\/sss-2-600x360-1.png",600,360,false],"kreeti-slider-full":["https:\/\/veritasinfo.org\/wp-content\/uploads\/2026\/02\/sss-2-600x360-1.png",600,360,false],"kreeti-featured":["https:\/\/veritasinfo.org\/wp-content\/uploads\/2026\/02\/sss-2-600x360-1.png",600,360,false],"kreeti-medium":["https:\/\/veritasinfo.org\/wp-content\/uploads\/2026\/02\/sss-2-600x360-1.png",600,360,false],"kreeti-medium-square":["https:\/\/veritasinfo.org\/wp-content\/uploads\/2026\/02\/sss-2-600x360-1.png",350,210,false]},"author_info":{"info":["US5"]},"category_info":"<a href=\"https:\/\/veritasinfo.org\/?cat=60\" rel=\"category\">Shoq\u00ebrore<\/a>","tag_info":"Shoq\u00ebrore","comment_count":"0","_links":{"self":[{"href":"https:\/\/veritasinfo.org\/index.php?rest_route=\/wp\/v2\/posts\/34626","targetHints":{"allow":["GET"]}}],"collection":[{"href":"https:\/\/veritasinfo.org\/index.php?rest_route=\/wp\/v2\/posts"}],"about":[{"href":"https:\/\/veritasinfo.org\/index.php?rest_route=\/wp\/v2\/types\/post"}],"author":[{"embeddable":true,"href":"https:\/\/veritasinfo.org\/index.php?rest_route=\/wp\/v2\/users\/6"}],"replies":[{"embeddable":true,"href":"https:\/\/veritasinfo.org\/index.php?rest_route=%2Fwp%2Fv2%2Fcomments&post=34626"}],"version-history":[{"count":1,"href":"https:\/\/veritasinfo.org\/index.php?rest_route=\/wp\/v2\/posts\/34626\/revisions"}],"predecessor-version":[{"id":34628,"href":"https:\/\/veritasinfo.org\/index.php?rest_route=\/wp\/v2\/posts\/34626\/revisions\/34628"}],"wp:featuredmedia":[{"embeddable":true,"href":"https:\/\/veritasinfo.org\/index.php?rest_route=\/wp\/v2\/media\/34627"}],"wp:attachment":[{"href":"https:\/\/veritasinfo.org\/index.php?rest_route=%2Fwp%2Fv2%2Fmedia&parent=34626"}],"wp:term":[{"taxonomy":"category","embeddable":true,"href":"https:\/\/veritasinfo.org\/index.php?rest_route=%2Fwp%2Fv2%2Fcategories&post=34626"},{"taxonomy":"post_tag","embeddable":true,"href":"https:\/\/veritasinfo.org\/index.php?rest_route=%2Fwp%2Fv2%2Ftags&post=34626"}],"curies":[{"name":"wp","href":"https:\/\/api.w.org\/{rel}","templated":true}]}}