{"id":34620,"date":"2026-02-25T14:14:21","date_gmt":"2026-02-25T13:14:21","guid":{"rendered":"https:\/\/veritasinfo.org\/?p=34620"},"modified":"2026-02-25T14:14:21","modified_gmt":"2026-02-25T13:14:21","slug":"kurti-takohet-me-ambasadorin-italian-diskutojne-zhvillimet-e-fundit-politike","status":"publish","type":"post","link":"https:\/\/veritasinfo.org\/?p=34620","title":{"rendered":"Kurti takohet me ambasadorin italian, diskutojn\u00eb zhvillimet e fundit politike"},"content":{"rendered":"<p>Prishtin\u00eb 25 Shkurt 2026 14:13<\/p>\n<p>Kryeministri i Republik\u00ebs s\u00eb Kosov\u00ebs, Albin Kurti, takoi Ambasadorin e Republik\u00ebs s\u00eb Italis\u00eb n\u00eb Kosov\u00eb, Maurizio Antonini.<\/p>\n<p>Ambasadori e uroi Kryeministrin p\u00ebr detyr\u00ebn dhe p\u00ebrgjegj\u00ebsin\u00eb e tij n\u00eb krye t\u00eb Qeveris\u00eb, duke riafirmuar p\u00ebrkrahjen e Italis\u00eb p\u00ebr Kosov\u00ebn dhe p\u00ebrkushtimin p\u00ebr vazhdimin e bashk\u00ebpunimit t\u00eb ngusht\u00eb nd\u00ebrmjet dy vendeve.<\/p>\n<p>Gjat\u00eb takimit u diskutuan zhvillimet aktuale politike n\u00eb vend, si dhe mund\u00ebsit\u00eb p\u00ebr thellimin e bashk\u00ebpunimit n\u00eb fushat e biznesit, kultur\u00ebs dhe drejt\u00ebsis\u00eb. T\u00eb dy pal\u00ebt shpreh\u00ebn vullnetin p\u00ebr avancimin e partneritetit dypal\u00ebsh dhe forcimin e lidhjeve institucionale n\u00eb interes t\u00eb qytetar\u00ebve t\u00eb t\u00eb dy vendeve.<\/p>\n","protected":false},"excerpt":{"rendered":"<p>Prishtin\u00eb 25 Shkurt 2026 14:13 Kryeministri i Republik\u00ebs s\u00eb Kosov\u00ebs, Albin Kurti, takoi Ambasadorin e Republik\u00ebs s\u00eb Italis\u00eb n\u00eb Kosov\u00eb, Maurizio Antonini. Ambasadori e uroi<\/p>\n","protected":false},"author":6,"featured_media":34621,"comment_status":"open","ping_status":"open","sticky":false,"template":"","format":"standard","meta":{"footnotes":""},"categories":[60],"tags":[],"class_list":["post-34620","post","type-post","status-publish","format-standard","has-post-thumbnail","hentry","category-shoqerore-sq"],"yoast_head":"<!-- This site is optimized with the Yoast SEO plugin v25.3.1 - https:\/\/yoast.com\/wordpress\/plugins\/seo\/ -->\n<title>Kurti takohet me ambasadorin italian, diskutojn\u00eb zhvillimet e fundit politike -<\/title>\n<meta name=\"robots\" content=\"index, follow, max-snippet:-1, max-image-preview:large, max-video-preview:-1\" \/>\n<link rel=\"canonical\" href=\"https:\/\/veritasinfo.org\/?p=34620\" \/>\n<meta property=\"og:locale\" content=\"en_US\" \/>\n<meta property=\"og:type\" content=\"article\" \/>\n<meta property=\"og:title\" content=\"Kurti takohet me ambasadorin italian, diskutojn\u00eb zhvillimet e fundit politike -\" \/>\n<meta property=\"og:description\" content=\"Prishtin\u00eb 25 Shkurt 2026 14:13 Kryeministri i Republik\u00ebs s\u00eb Kosov\u00ebs, Albin Kurti, takoi Ambasadorin e Republik\u00ebs s\u00eb Italis\u00eb n\u00eb Kosov\u00eb, Maurizio Antonini. Ambasadori e uroi\" \/>\n<meta property=\"og:url\" content=\"https:\/\/veritasinfo.org\/?p=34620\" \/>\n<meta property=\"article:published_time\" content=\"2026-02-25T13:14:21+00:00\" \/>\n<meta property=\"og:image\" content=\"https:\/\/veritasinfo.org\/wp-content\/uploads\/2026\/02\/25.2.2026-ZKM-3.jpg\" \/>\n\t<meta property=\"og:image:width\" content=\"1500\" \/>\n\t<meta property=\"og:image:height\" content=\"1001\" \/>\n\t<meta property=\"og:image:type\" content=\"image\/jpeg\" \/>\n<meta name=\"author\" content=\"US5\" \/>\n<meta name=\"twitter:card\" content=\"summary_large_image\" \/>\n<meta name=\"twitter:label1\" content=\"Written by\" \/>\n\t<meta name=\"twitter:data1\" content=\"US5\" \/>\n<script type=\"application\/ld+json\" class=\"yoast-schema-graph\">{\"@context\":\"https:\/\/schema.org\",\"@graph\":[{\"@type\":\"WebPage\",\"@id\":\"https:\/\/veritasinfo.org\/?p=34620\",\"url\":\"https:\/\/veritasinfo.org\/?p=34620\",\"name\":\"Kurti takohet me ambasadorin italian, diskutojn\u00eb zhvillimet e fundit politike -\",\"isPartOf\":{\"@id\":\"https:\/\/veritasinfo.org\/#website\"},\"primaryImageOfPage\":{\"@id\":\"https:\/\/veritasinfo.org\/?p=34620#primaryimage\"},\"image\":{\"@id\":\"https:\/\/veritasinfo.org\/?p=34620#primaryimage\"},\"thumbnailUrl\":\"https:\/\/veritasinfo.org\/wp-content\/uploads\/2026\/02\/25.2.2026-ZKM-3.jpg\",\"datePublished\":\"2026-02-25T13:14:21+00:00\",\"author\":{\"@id\":\"https:\/\/veritasinfo.org\/#\/schema\/person\/bc442336e35414d04494ab8fb45db4c6\"},\"breadcrumb\":{\"@id\":\"https:\/\/veritasinfo.org\/?p=34620#breadcrumb\"},\"inLanguage\":\"en-US\",\"potentialAction\":[{\"@type\":\"ReadAction\",\"target\":[\"https:\/\/veritasinfo.org\/?p=34620\"]}]},{\"@type\":\"ImageObject\",\"inLanguage\":\"en-US\",\"@id\":\"https:\/\/veritasinfo.org\/?p=34620#primaryimage\",\"url\":\"https:\/\/veritasinfo.org\/wp-content\/uploads\/2026\/02\/25.2.2026-ZKM-3.jpg\",\"contentUrl\":\"https:\/\/veritasinfo.org\/wp-content\/uploads\/2026\/02\/25.2.2026-ZKM-3.jpg\",\"width\":1500,\"height\":1001},{\"@type\":\"BreadcrumbList\",\"@id\":\"https:\/\/veritasinfo.org\/?p=34620#breadcrumb\",\"itemListElement\":[{\"@type\":\"ListItem\",\"position\":1,\"name\":\"Home\",\"item\":\"https:\/\/veritasinfo.org\/\"},{\"@type\":\"ListItem\",\"position\":2,\"name\":\"Kurti takohet me ambasadorin italian, diskutojn\u00eb zhvillimet e fundit politike\"}]},{\"@type\":\"WebSite\",\"@id\":\"https:\/\/veritasinfo.org\/#website\",\"url\":\"https:\/\/veritasinfo.org\/\",\"name\":\"\",\"description\":\"\",\"potentialAction\":[{\"@type\":\"SearchAction\",\"target\":{\"@type\":\"EntryPoint\",\"urlTemplate\":\"https:\/\/veritasinfo.org\/?s={search_term_string}\"},\"query-input\":{\"@type\":\"PropertyValueSpecification\",\"valueRequired\":true,\"valueName\":\"search_term_string\"}}],\"inLanguage\":\"en-US\"},{\"@type\":\"Person\",\"@id\":\"https:\/\/veritasinfo.org\/#\/schema\/person\/bc442336e35414d04494ab8fb45db4c6\",\"name\":\"US5\",\"image\":{\"@type\":\"ImageObject\",\"inLanguage\":\"en-US\",\"@id\":\"https:\/\/veritasinfo.org\/#\/schema\/person\/image\/\",\"url\":\"https:\/\/secure.gravatar.com\/avatar\/16a61e7272a0c5d001121ebb9e60e925d5816e4ac1e443ed3e640d9a6ae55d0c?s=96&d=mm&r=g\",\"contentUrl\":\"https:\/\/secure.gravatar.com\/avatar\/16a61e7272a0c5d001121ebb9e60e925d5816e4ac1e443ed3e640d9a6ae55d0c?s=96&d=mm&r=g\",\"caption\":\"US5\"},\"url\":\"https:\/\/veritasinfo.org\/?author=6\"}]}<\/script>\n<!-- \/ Yoast SEO plugin. -->","yoast_head_json":{"title":"Kurti takohet me ambasadorin italian, diskutojn\u00eb zhvillimet e fundit politike -","robots":{"index":"index","follow":"follow","max-snippet":"max-snippet:-1","max-image-preview":"max-image-preview:large","max-video-preview":"max-video-preview:-1"},"canonical":"https:\/\/veritasinfo.org\/?p=34620","og_locale":"en_US","og_type":"article","og_title":"Kurti takohet me ambasadorin italian, diskutojn\u00eb zhvillimet e fundit politike -","og_description":"Prishtin\u00eb 25 Shkurt 2026 14:13 Kryeministri i Republik\u00ebs s\u00eb Kosov\u00ebs, Albin Kurti, takoi Ambasadorin e Republik\u00ebs s\u00eb Italis\u00eb n\u00eb Kosov\u00eb, Maurizio Antonini. Ambasadori e uroi","og_url":"https:\/\/veritasinfo.org\/?p=34620","article_published_time":"2026-02-25T13:14:21+00:00","og_image":[{"width":1500,"height":1001,"url":"https:\/\/veritasinfo.org\/wp-content\/uploads\/2026\/02\/25.2.2026-ZKM-3.jpg","type":"image\/jpeg"}],"author":"US5","twitter_card":"summary_large_image","twitter_misc":{"Written by":"US5"},"schema":{"@context":"https:\/\/schema.org","@graph":[{"@type":"WebPage","@id":"https:\/\/veritasinfo.org\/?p=34620","url":"https:\/\/veritasinfo.org\/?p=34620","name":"Kurti takohet me ambasadorin italian, diskutojn\u00eb zhvillimet e fundit politike -","isPartOf":{"@id":"https:\/\/veritasinfo.org\/#website"},"primaryImageOfPage":{"@id":"https:\/\/veritasinfo.org\/?p=34620#primaryimage"},"image":{"@id":"https:\/\/veritasinfo.org\/?p=34620#primaryimage"},"thumbnailUrl":"https:\/\/veritasinfo.org\/wp-content\/uploads\/2026\/02\/25.2.2026-ZKM-3.jpg","datePublished":"2026-02-25T13:14:21+00:00","author":{"@id":"https:\/\/veritasinfo.org\/#\/schema\/person\/bc442336e35414d04494ab8fb45db4c6"},"breadcrumb":{"@id":"https:\/\/veritasinfo.org\/?p=34620#breadcrumb"},"inLanguage":"en-US","potentialAction":[{"@type":"ReadAction","target":["https:\/\/veritasinfo.org\/?p=34620"]}]},{"@type":"ImageObject","inLanguage":"en-US","@id":"https:\/\/veritasinfo.org\/?p=34620#primaryimage","url":"https:\/\/veritasinfo.org\/wp-content\/uploads\/2026\/02\/25.2.2026-ZKM-3.jpg","contentUrl":"https:\/\/veritasinfo.org\/wp-content\/uploads\/2026\/02\/25.2.2026-ZKM-3.jpg","width":1500,"height":1001},{"@type":"BreadcrumbList","@id":"https:\/\/veritasinfo.org\/?p=34620#breadcrumb","itemListElement":[{"@type":"ListItem","position":1,"name":"Home","item":"https:\/\/veritasinfo.org\/"},{"@type":"ListItem","position":2,"name":"Kurti takohet me ambasadorin italian, diskutojn\u00eb zhvillimet e fundit politike"}]},{"@type":"WebSite","@id":"https:\/\/veritasinfo.org\/#website","url":"https:\/\/veritasinfo.org\/","name":"","description":"","potentialAction":[{"@type":"SearchAction","target":{"@type":"EntryPoint","urlTemplate":"https:\/\/veritasinfo.org\/?s={search_term_string}"},"query-input":{"@type":"PropertyValueSpecification","valueRequired":true,"valueName":"search_term_string"}}],"inLanguage":"en-US"},{"@type":"Person","@id":"https:\/\/veritasinfo.org\/#\/schema\/person\/bc442336e35414d04494ab8fb45db4c6","name":"US5","image":{"@type":"ImageObject","inLanguage":"en-US","@id":"https:\/\/veritasinfo.org\/#\/schema\/person\/image\/","url":"https:\/\/secure.gravatar.com\/avatar\/16a61e7272a0c5d001121ebb9e60e925d5816e4ac1e443ed3e640d9a6ae55d0c?s=96&d=mm&r=g","contentUrl":"https:\/\/secure.gravatar.com\/avatar\/16a61e7272a0c5d001121ebb9e60e925d5816e4ac1e443ed3e640d9a6ae55d0c?s=96&d=mm&r=g","caption":"US5"},"url":"https:\/\/veritasinfo.org\/?author=6"}]}},"featured_image_urls":{"full":["https:\/\/veritasinfo.org\/wp-content\/uploads\/2026\/02\/25.2.2026-ZKM-3.jpg",1500,1001,false],"thumbnail":["https:\/\/veritasinfo.org\/wp-content\/uploads\/2026\/02\/25.2.2026-ZKM-3-150x150.jpg",150,150,true],"medium":["https:\/\/veritasinfo.org\/wp-content\/uploads\/2026\/02\/25.2.2026-ZKM-3-300x200.jpg",300,200,true],"medium_large":["https:\/\/veritasinfo.org\/wp-content\/uploads\/2026\/02\/25.2.2026-ZKM-3-768x513.jpg",640,428,true],"large":["https:\/\/veritasinfo.org\/wp-content\/uploads\/2026\/02\/25.2.2026-ZKM-3-1024x683.jpg",640,427,true],"1536x1536":["https:\/\/veritasinfo.org\/wp-content\/uploads\/2026\/02\/25.2.2026-ZKM-3.jpg",1500,1001,false],"2048x2048":["https:\/\/veritasinfo.org\/wp-content\/uploads\/2026\/02\/25.2.2026-ZKM-3.jpg",1500,1001,false],"kreeti-slider-full":["https:\/\/veritasinfo.org\/wp-content\/uploads\/2026\/02\/25.2.2026-ZKM-3.jpg",1079,720,false],"kreeti-featured":["https:\/\/veritasinfo.org\/wp-content\/uploads\/2026\/02\/25.2.2026-ZKM-3.jpg",1024,683,false],"kreeti-medium":["https:\/\/veritasinfo.org\/wp-content\/uploads\/2026\/02\/25.2.2026-ZKM-3.jpg",720,480,false],"kreeti-medium-square":["https:\/\/veritasinfo.org\/wp-content\/uploads\/2026\/02\/25.2.2026-ZKM-3.jpg",350,234,false]},"author_info":{"info":["US5"]},"category_info":"<a href=\"https:\/\/veritasinfo.org\/?cat=60\" rel=\"category\">Shoq\u00ebrore<\/a>","tag_info":"Shoq\u00ebrore","comment_count":"0","_links":{"self":[{"href":"https:\/\/veritasinfo.org\/index.php?rest_route=\/wp\/v2\/posts\/34620","targetHints":{"allow":["GET"]}}],"collection":[{"href":"https:\/\/veritasinfo.org\/index.php?rest_route=\/wp\/v2\/posts"}],"about":[{"href":"https:\/\/veritasinfo.org\/index.php?rest_route=\/wp\/v2\/types\/post"}],"author":[{"embeddable":true,"href":"https:\/\/veritasinfo.org\/index.php?rest_route=\/wp\/v2\/users\/6"}],"replies":[{"embeddable":true,"href":"https:\/\/veritasinfo.org\/index.php?rest_route=%2Fwp%2Fv2%2Fcomments&post=34620"}],"version-history":[{"count":1,"href":"https:\/\/veritasinfo.org\/index.php?rest_route=\/wp\/v2\/posts\/34620\/revisions"}],"predecessor-version":[{"id":34622,"href":"https:\/\/veritasinfo.org\/index.php?rest_route=\/wp\/v2\/posts\/34620\/revisions\/34622"}],"wp:featuredmedia":[{"embeddable":true,"href":"https:\/\/veritasinfo.org\/index.php?rest_route=\/wp\/v2\/media\/34621"}],"wp:attachment":[{"href":"https:\/\/veritasinfo.org\/index.php?rest_route=%2Fwp%2Fv2%2Fmedia&parent=34620"}],"wp:term":[{"taxonomy":"category","embeddable":true,"href":"https:\/\/veritasinfo.org\/index.php?rest_route=%2Fwp%2Fv2%2Fcategories&post=34620"},{"taxonomy":"post_tag","embeddable":true,"href":"https:\/\/veritasinfo.org\/index.php?rest_route=%2Fwp%2Fv2%2Ftags&post=34620"}],"curies":[{"name":"wp","href":"https:\/\/api.w.org\/{rel}","templated":true}]}}