{"id":34542,"date":"2026-02-25T08:11:02","date_gmt":"2026-02-25T07:11:02","guid":{"rendered":"https:\/\/veritasinfo.org\/?p=34542"},"modified":"2026-02-25T08:11:02","modified_gmt":"2026-02-25T07:11:02","slug":"spiropali-vjen-sot-ne-kosove-takon-kurtin-osmanin-e-opoziten-ne-agjende-edhe-mbledhja-e-dy-qeverive","status":"publish","type":"post","link":"https:\/\/veritasinfo.org\/?p=34542","title":{"rendered":"Spiropali vjen sot n\u00eb Kosov\u00eb \u2013 takon Kurtin, Osmanin e opozit\u00ebn, n\u00eb agjend\u00eb edhe mbledhja e dy qeverive"},"content":{"rendered":"<p>Prishtin\u00eb 25 Shkurt 2026 08:10<\/p>\n<p>Ministrja p\u00ebr Evrop\u00ebn dhe Pun\u00ebt e Jashtme, Elisa Spiropali do t\u00eb zhvilloj\u00eb sot nj\u00eb vizit\u00eb zyrtare n\u00eb Kosov\u00eb ku do t\u00eb pritet nga krer\u00ebt m\u00eb t\u00eb lart\u00eb t\u00eb shtetit.<\/p>\n<p>Gjat\u00eb k\u00ebsaj vizite n\u00eb Prishtin\u00eb, Spiropali do t\u00eb pritet fillmisht nga homologu i saj, z\u00ebvend\u00ebskryeministri i par\u00eb dhe ministri p\u00ebr Pun\u00ebt e Jashtme dhe Diaspor\u00ebn, Glauk Konjufca.<\/p>\n<p>M\u00eb tej, ministrja do t\u00eb pritet n\u00eb takime t\u00eb ve\u00e7anta nga presidentja e Republik\u00ebs, Vjosa Osmani, kryetarja e Kuvendit, Albulena Haxhiu, si dhe nga kryeministri Albin Kurti.<\/p>\n<p>Spiropali do t\u00eb zhvilloj\u00eb gjithashtu takime me drejtuesit e partive kryesore parlamentare n\u00eb Kuvendin e Kosov\u00ebs, kryetarin e PDK-s\u00eb Bedri Hamza, t\u00eb LDK-s\u00eb Lumir Abdixhiku dhe AAK-s\u00eb, Ramush Haradinaj.<\/p>\n<p>Takimet do t\u00eb fokusohen te thellimi i bashk\u00ebpunimit mes dy vendeve, riaktivizimi i mekanizmave institucional\u00eb t\u00eb bashk\u00ebpunimit, p\u00ebrgatitjet p\u00ebr mbledhjen e p\u00ebrbashk\u00ebt qeveritare G2G dhe zbatimi i marr\u00ebveshjeve t\u00eb n\u00ebnshkruara.<\/p>\n<p>Po ashtu, n\u00eb zgjerimin e bashk\u00ebpunimit ekonomik, ve\u00e7an\u00ebrisht n\u00eb zbatimin e projekteve madhore komb\u00ebtare si hekurudha Durr\u00ebs-Prishtin\u00eb, shtimin e projekteve infrastrukturore dhe energjetike t\u00eb p\u00ebrbashk\u00ebta, pa l\u00ebn\u00eb m\u00ebnjan\u00eb koordinimin n\u00eb mb\u00ebshtetje t\u00eb faktorit shqiptar n\u00eb rajon dhe bashk\u00ebpunimin me diaspor\u00ebn.<\/p>\n<p>Gjat\u00eb vizit\u00ebs, Spiropali do t\u00eb theksoj\u00eb mb\u00ebshtetjen e Shqip\u00ebris\u00eb p\u00ebr forcimin e subjektivitetit nd\u00ebrkomb\u00ebtar t\u00eb Kosov\u00ebs, avancimin e njohjeve t\u00eb reja dhe an\u00ebtar\u00ebsimin e Kosov\u00ebs n\u00eb organizatat rajonale e nd\u00ebrkomb\u00ebtare, si dhe p\u00ebr integrimin euroatlantik t\u00eb Kosov\u00ebs.<\/p>\n","protected":false},"excerpt":{"rendered":"<p>Prishtin\u00eb 25 Shkurt 2026 08:10 Ministrja p\u00ebr Evrop\u00ebn dhe Pun\u00ebt e Jashtme, Elisa Spiropali do t\u00eb zhvilloj\u00eb sot nj\u00eb vizit\u00eb zyrtare n\u00eb Kosov\u00eb ku do<\/p>\n","protected":false},"author":6,"featured_media":34543,"comment_status":"open","ping_status":"open","sticky":false,"template":"","format":"standard","meta":{"footnotes":""},"categories":[60],"tags":[],"class_list":["post-34542","post","type-post","status-publish","format-standard","has-post-thumbnail","hentry","category-shoqerore-sq"],"yoast_head":"<!-- This site is optimized with the Yoast SEO plugin v25.3.1 - https:\/\/yoast.com\/wordpress\/plugins\/seo\/ -->\n<title>Spiropali vjen sot n\u00eb Kosov\u00eb \u2013 takon Kurtin, Osmanin e opozit\u00ebn, n\u00eb agjend\u00eb edhe mbledhja e dy qeverive -<\/title>\n<meta name=\"robots\" content=\"index, follow, max-snippet:-1, max-image-preview:large, max-video-preview:-1\" \/>\n<link rel=\"canonical\" href=\"https:\/\/veritasinfo.org\/?p=34542\" \/>\n<meta property=\"og:locale\" content=\"en_US\" \/>\n<meta property=\"og:type\" content=\"article\" \/>\n<meta property=\"og:title\" content=\"Spiropali vjen sot n\u00eb Kosov\u00eb \u2013 takon Kurtin, Osmanin e opozit\u00ebn, n\u00eb agjend\u00eb edhe mbledhja e dy qeverive -\" \/>\n<meta property=\"og:description\" content=\"Prishtin\u00eb 25 Shkurt 2026 08:10 Ministrja p\u00ebr Evrop\u00ebn dhe Pun\u00ebt e Jashtme, Elisa Spiropali do t\u00eb zhvilloj\u00eb sot nj\u00eb vizit\u00eb zyrtare n\u00eb Kosov\u00eb ku do\" \/>\n<meta property=\"og:url\" content=\"https:\/\/veritasinfo.org\/?p=34542\" \/>\n<meta property=\"article:published_time\" content=\"2026-02-25T07:11:02+00:00\" \/>\n<meta property=\"og:image\" content=\"https:\/\/veritasinfo.org\/wp-content\/uploads\/2026\/02\/spiropali-1.jpg\" \/>\n\t<meta property=\"og:image:width\" content=\"600\" \/>\n\t<meta property=\"og:image:height\" content=\"360\" \/>\n\t<meta property=\"og:image:type\" content=\"image\/jpeg\" \/>\n<meta name=\"author\" content=\"US5\" \/>\n<meta name=\"twitter:card\" content=\"summary_large_image\" \/>\n<meta name=\"twitter:label1\" content=\"Written by\" \/>\n\t<meta name=\"twitter:data1\" content=\"US5\" \/>\n<script type=\"application\/ld+json\" class=\"yoast-schema-graph\">{\"@context\":\"https:\/\/schema.org\",\"@graph\":[{\"@type\":\"WebPage\",\"@id\":\"https:\/\/veritasinfo.org\/?p=34542\",\"url\":\"https:\/\/veritasinfo.org\/?p=34542\",\"name\":\"Spiropali vjen sot n\u00eb Kosov\u00eb \u2013 takon Kurtin, Osmanin e opozit\u00ebn, n\u00eb agjend\u00eb edhe mbledhja e dy qeverive -\",\"isPartOf\":{\"@id\":\"https:\/\/veritasinfo.org\/#website\"},\"primaryImageOfPage\":{\"@id\":\"https:\/\/veritasinfo.org\/?p=34542#primaryimage\"},\"image\":{\"@id\":\"https:\/\/veritasinfo.org\/?p=34542#primaryimage\"},\"thumbnailUrl\":\"https:\/\/veritasinfo.org\/wp-content\/uploads\/2026\/02\/spiropali-1.jpg\",\"datePublished\":\"2026-02-25T07:11:02+00:00\",\"author\":{\"@id\":\"https:\/\/veritasinfo.org\/#\/schema\/person\/bc442336e35414d04494ab8fb45db4c6\"},\"breadcrumb\":{\"@id\":\"https:\/\/veritasinfo.org\/?p=34542#breadcrumb\"},\"inLanguage\":\"en-US\",\"potentialAction\":[{\"@type\":\"ReadAction\",\"target\":[\"https:\/\/veritasinfo.org\/?p=34542\"]}]},{\"@type\":\"ImageObject\",\"inLanguage\":\"en-US\",\"@id\":\"https:\/\/veritasinfo.org\/?p=34542#primaryimage\",\"url\":\"https:\/\/veritasinfo.org\/wp-content\/uploads\/2026\/02\/spiropali-1.jpg\",\"contentUrl\":\"https:\/\/veritasinfo.org\/wp-content\/uploads\/2026\/02\/spiropali-1.jpg\",\"width\":600,\"height\":360},{\"@type\":\"BreadcrumbList\",\"@id\":\"https:\/\/veritasinfo.org\/?p=34542#breadcrumb\",\"itemListElement\":[{\"@type\":\"ListItem\",\"position\":1,\"name\":\"Home\",\"item\":\"https:\/\/veritasinfo.org\/\"},{\"@type\":\"ListItem\",\"position\":2,\"name\":\"Spiropali vjen sot n\u00eb Kosov\u00eb \u2013 takon Kurtin, Osmanin e opozit\u00ebn, n\u00eb agjend\u00eb edhe mbledhja e dy qeverive\"}]},{\"@type\":\"WebSite\",\"@id\":\"https:\/\/veritasinfo.org\/#website\",\"url\":\"https:\/\/veritasinfo.org\/\",\"name\":\"\",\"description\":\"\",\"potentialAction\":[{\"@type\":\"SearchAction\",\"target\":{\"@type\":\"EntryPoint\",\"urlTemplate\":\"https:\/\/veritasinfo.org\/?s={search_term_string}\"},\"query-input\":{\"@type\":\"PropertyValueSpecification\",\"valueRequired\":true,\"valueName\":\"search_term_string\"}}],\"inLanguage\":\"en-US\"},{\"@type\":\"Person\",\"@id\":\"https:\/\/veritasinfo.org\/#\/schema\/person\/bc442336e35414d04494ab8fb45db4c6\",\"name\":\"US5\",\"image\":{\"@type\":\"ImageObject\",\"inLanguage\":\"en-US\",\"@id\":\"https:\/\/veritasinfo.org\/#\/schema\/person\/image\/\",\"url\":\"https:\/\/secure.gravatar.com\/avatar\/16a61e7272a0c5d001121ebb9e60e925d5816e4ac1e443ed3e640d9a6ae55d0c?s=96&d=mm&r=g\",\"contentUrl\":\"https:\/\/secure.gravatar.com\/avatar\/16a61e7272a0c5d001121ebb9e60e925d5816e4ac1e443ed3e640d9a6ae55d0c?s=96&d=mm&r=g\",\"caption\":\"US5\"},\"url\":\"https:\/\/veritasinfo.org\/?author=6\"}]}<\/script>\n<!-- \/ Yoast SEO plugin. -->","yoast_head_json":{"title":"Spiropali vjen sot n\u00eb Kosov\u00eb \u2013 takon Kurtin, Osmanin e opozit\u00ebn, n\u00eb agjend\u00eb edhe mbledhja e dy qeverive -","robots":{"index":"index","follow":"follow","max-snippet":"max-snippet:-1","max-image-preview":"max-image-preview:large","max-video-preview":"max-video-preview:-1"},"canonical":"https:\/\/veritasinfo.org\/?p=34542","og_locale":"en_US","og_type":"article","og_title":"Spiropali vjen sot n\u00eb Kosov\u00eb \u2013 takon Kurtin, Osmanin e opozit\u00ebn, n\u00eb agjend\u00eb edhe mbledhja e dy qeverive -","og_description":"Prishtin\u00eb 25 Shkurt 2026 08:10 Ministrja p\u00ebr Evrop\u00ebn dhe Pun\u00ebt e Jashtme, Elisa Spiropali do t\u00eb zhvilloj\u00eb sot nj\u00eb vizit\u00eb zyrtare n\u00eb Kosov\u00eb ku do","og_url":"https:\/\/veritasinfo.org\/?p=34542","article_published_time":"2026-02-25T07:11:02+00:00","og_image":[{"width":600,"height":360,"url":"https:\/\/veritasinfo.org\/wp-content\/uploads\/2026\/02\/spiropali-1.jpg","type":"image\/jpeg"}],"author":"US5","twitter_card":"summary_large_image","twitter_misc":{"Written by":"US5"},"schema":{"@context":"https:\/\/schema.org","@graph":[{"@type":"WebPage","@id":"https:\/\/veritasinfo.org\/?p=34542","url":"https:\/\/veritasinfo.org\/?p=34542","name":"Spiropali vjen sot n\u00eb Kosov\u00eb \u2013 takon Kurtin, Osmanin e opozit\u00ebn, n\u00eb agjend\u00eb edhe mbledhja e dy qeverive -","isPartOf":{"@id":"https:\/\/veritasinfo.org\/#website"},"primaryImageOfPage":{"@id":"https:\/\/veritasinfo.org\/?p=34542#primaryimage"},"image":{"@id":"https:\/\/veritasinfo.org\/?p=34542#primaryimage"},"thumbnailUrl":"https:\/\/veritasinfo.org\/wp-content\/uploads\/2026\/02\/spiropali-1.jpg","datePublished":"2026-02-25T07:11:02+00:00","author":{"@id":"https:\/\/veritasinfo.org\/#\/schema\/person\/bc442336e35414d04494ab8fb45db4c6"},"breadcrumb":{"@id":"https:\/\/veritasinfo.org\/?p=34542#breadcrumb"},"inLanguage":"en-US","potentialAction":[{"@type":"ReadAction","target":["https:\/\/veritasinfo.org\/?p=34542"]}]},{"@type":"ImageObject","inLanguage":"en-US","@id":"https:\/\/veritasinfo.org\/?p=34542#primaryimage","url":"https:\/\/veritasinfo.org\/wp-content\/uploads\/2026\/02\/spiropali-1.jpg","contentUrl":"https:\/\/veritasinfo.org\/wp-content\/uploads\/2026\/02\/spiropali-1.jpg","width":600,"height":360},{"@type":"BreadcrumbList","@id":"https:\/\/veritasinfo.org\/?p=34542#breadcrumb","itemListElement":[{"@type":"ListItem","position":1,"name":"Home","item":"https:\/\/veritasinfo.org\/"},{"@type":"ListItem","position":2,"name":"Spiropali vjen sot n\u00eb Kosov\u00eb \u2013 takon Kurtin, Osmanin e opozit\u00ebn, n\u00eb agjend\u00eb edhe mbledhja e dy qeverive"}]},{"@type":"WebSite","@id":"https:\/\/veritasinfo.org\/#website","url":"https:\/\/veritasinfo.org\/","name":"","description":"","potentialAction":[{"@type":"SearchAction","target":{"@type":"EntryPoint","urlTemplate":"https:\/\/veritasinfo.org\/?s={search_term_string}"},"query-input":{"@type":"PropertyValueSpecification","valueRequired":true,"valueName":"search_term_string"}}],"inLanguage":"en-US"},{"@type":"Person","@id":"https:\/\/veritasinfo.org\/#\/schema\/person\/bc442336e35414d04494ab8fb45db4c6","name":"US5","image":{"@type":"ImageObject","inLanguage":"en-US","@id":"https:\/\/veritasinfo.org\/#\/schema\/person\/image\/","url":"https:\/\/secure.gravatar.com\/avatar\/16a61e7272a0c5d001121ebb9e60e925d5816e4ac1e443ed3e640d9a6ae55d0c?s=96&d=mm&r=g","contentUrl":"https:\/\/secure.gravatar.com\/avatar\/16a61e7272a0c5d001121ebb9e60e925d5816e4ac1e443ed3e640d9a6ae55d0c?s=96&d=mm&r=g","caption":"US5"},"url":"https:\/\/veritasinfo.org\/?author=6"}]}},"featured_image_urls":{"full":["https:\/\/veritasinfo.org\/wp-content\/uploads\/2026\/02\/spiropali-1.jpg",600,360,false],"thumbnail":["https:\/\/veritasinfo.org\/wp-content\/uploads\/2026\/02\/spiropali-1-150x150.jpg",150,150,true],"medium":["https:\/\/veritasinfo.org\/wp-content\/uploads\/2026\/02\/spiropali-1-300x180.jpg",300,180,true],"medium_large":["https:\/\/veritasinfo.org\/wp-content\/uploads\/2026\/02\/spiropali-1.jpg",600,360,false],"large":["https:\/\/veritasinfo.org\/wp-content\/uploads\/2026\/02\/spiropali-1.jpg",600,360,false],"1536x1536":["https:\/\/veritasinfo.org\/wp-content\/uploads\/2026\/02\/spiropali-1.jpg",600,360,false],"2048x2048":["https:\/\/veritasinfo.org\/wp-content\/uploads\/2026\/02\/spiropali-1.jpg",600,360,false],"kreeti-slider-full":["https:\/\/veritasinfo.org\/wp-content\/uploads\/2026\/02\/spiropali-1.jpg",600,360,false],"kreeti-featured":["https:\/\/veritasinfo.org\/wp-content\/uploads\/2026\/02\/spiropali-1.jpg",600,360,false],"kreeti-medium":["https:\/\/veritasinfo.org\/wp-content\/uploads\/2026\/02\/spiropali-1.jpg",600,360,false],"kreeti-medium-square":["https:\/\/veritasinfo.org\/wp-content\/uploads\/2026\/02\/spiropali-1.jpg",350,210,false]},"author_info":{"info":["US5"]},"category_info":"<a href=\"https:\/\/veritasinfo.org\/?cat=60\" rel=\"category\">Shoq\u00ebrore<\/a>","tag_info":"Shoq\u00ebrore","comment_count":"0","_links":{"self":[{"href":"https:\/\/veritasinfo.org\/index.php?rest_route=\/wp\/v2\/posts\/34542","targetHints":{"allow":["GET"]}}],"collection":[{"href":"https:\/\/veritasinfo.org\/index.php?rest_route=\/wp\/v2\/posts"}],"about":[{"href":"https:\/\/veritasinfo.org\/index.php?rest_route=\/wp\/v2\/types\/post"}],"author":[{"embeddable":true,"href":"https:\/\/veritasinfo.org\/index.php?rest_route=\/wp\/v2\/users\/6"}],"replies":[{"embeddable":true,"href":"https:\/\/veritasinfo.org\/index.php?rest_route=%2Fwp%2Fv2%2Fcomments&post=34542"}],"version-history":[{"count":1,"href":"https:\/\/veritasinfo.org\/index.php?rest_route=\/wp\/v2\/posts\/34542\/revisions"}],"predecessor-version":[{"id":34544,"href":"https:\/\/veritasinfo.org\/index.php?rest_route=\/wp\/v2\/posts\/34542\/revisions\/34544"}],"wp:featuredmedia":[{"embeddable":true,"href":"https:\/\/veritasinfo.org\/index.php?rest_route=\/wp\/v2\/media\/34543"}],"wp:attachment":[{"href":"https:\/\/veritasinfo.org\/index.php?rest_route=%2Fwp%2Fv2%2Fmedia&parent=34542"}],"wp:term":[{"taxonomy":"category","embeddable":true,"href":"https:\/\/veritasinfo.org\/index.php?rest_route=%2Fwp%2Fv2%2Fcategories&post=34542"},{"taxonomy":"post_tag","embeddable":true,"href":"https:\/\/veritasinfo.org\/index.php?rest_route=%2Fwp%2Fv2%2Ftags&post=34542"}],"curies":[{"name":"wp","href":"https:\/\/api.w.org\/{rel}","templated":true}]}}