{"id":34531,"date":"2026-02-25T08:05:38","date_gmt":"2026-02-25T07:05:38","guid":{"rendered":"https:\/\/veritasinfo.org\/?p=34531"},"modified":"2026-02-25T08:05:38","modified_gmt":"2026-02-25T07:05:38","slug":"ulutas-nuk-ka-vendim-per-reduktimin-e-trupave-amerikane-nga-kosova","status":"publish","type":"post","link":"https:\/\/veritasinfo.org\/?p=34531","title":{"rendered":"Uluta\u015f: Nuk ka vendim p\u00ebr reduktimin e trupave amerikane nga Kosova"},"content":{"rendered":"<p>Prishtin\u00eb 25 Shkurt 2026 08:04<\/p>\n<p>Komandanti i forc\u00ebs paqeruajt\u00ebse KFOR, gjeneral majori \u00d6zkan Uluta\u015f tha se NATO vazhdon t\u00eb k\u00ebrkoj\u00eb llogaridh\u00ebnie p\u00ebr raastin e Banjsk\u00ebs dhe q\u00eb kryer\u00ebsit e sulmeve t\u00eb sillen p\u00ebrpara drejt\u00ebsis\u00eb.<\/p>\n<p>N\u00eb nj\u00eb intervist\u00eb me  RTV21, gjenerali Uluta\u015f tha se KFOR-i nuk ka qen\u00eb i p\u00ebrfshir\u00eb n\u00eb asnj\u00eb negociat\u00eb t\u00eb pretenduar p\u00ebr largimin e sulmuesve nga Kosova n\u00eb vitin 2023 por ishte n\u00eb detyr\u00ebn e tij t\u00eb rivendosjes s\u00eb siguris\u00eb n\u00eb zon\u00eb. Komandanti I KFOR-it tha se KFOR-it do t\u00eb ruaj\u00eb pranin\u00eb e tij t\u00eb p\u00ebrhershme n\u00eb ur\u00ebn kryesore n\u00eb lumin Ib\u00ebr duke b\u00ebr\u00eb patrullime t\u00eb rregullta n\u00eb zonat p\u00ebrreth p\u00ebr aq koh\u00eb sa t\u00eb jet\u00eb e nevojshme. Ai tha se FSK nuk mund t\u00eb hyj\u00eb n\u00eb veri t\u00eb Kosov\u00ebs pa lejen e tij.<\/p>\n<p>RTV21: Mir\u00eb. Ka pasur raportime p\u00ebr nj\u00eb reduktim t\u00eb mundsh\u00ebm t\u00eb trupave amerikane n\u00eb KFOR. N\u00ebse ndodh, sa e v\u00ebshtir\u00eb do ta b\u00ebnte kjo misionin e NATO-s n\u00eb Kosov\u00eb dhe cili do t\u00eb ishte ndikimi n\u00eb situat\u00ebn e p\u00ebrgjithshme t\u00eb siguris\u00eb?<\/p>\n<p>Gjeneral Uluta\u015f: P\u00ebrb\u00ebrja dhe pozicionimi i KFOR-it rishikohen periodikisht dhe p\u00ebrshtaten sipas zhvillimit t\u00eb rrethanave n\u00eb m\u00ebnyr\u00eb q\u00eb misioni t\u00eb mbetet efektiv. Aktualisht, nuk ka ndryshime t\u00eb r\u00ebnd\u00ebsishme n\u00ebn shqyrtim. KFOR-i vazhdon t\u00eb p\u00ebrmbush\u00eb mandatin e tij sipas Rezolut\u00ebs 1244 t\u00eb K\u00ebshillit t\u00eb Sigurimit t\u00eb OKB-s\u00eb p\u00ebr t\u00eb ndihmuar n\u00eb ruajtjen e nj\u00eb mjedisi t\u00eb sigurt p\u00ebr t\u00eb gjith\u00eb njer\u00ebzit q\u00eb jetojn\u00eb n\u00eb Kosov\u00eb, si dhe lirin\u00eb e l\u00ebvizjes. KFOR-i operon n\u00eb koordinim t\u00eb ngusht\u00eb me Policin\u00eb e Kosov\u00ebs dhe EULEX-in, n\u00eb rolin e tyre t\u00eb p\u00ebrcaktuar si p\u00ebrgjegj\u00ebs t\u00eb siguris\u00eb. SHBA-ja vazhdon t\u00eb luaj nj\u00eb rol fundamental n\u00eb mb\u00ebshtetje p\u00ebr nj\u00eb siguri t\u00eb q\u00ebndrueshme n\u00eb mbar\u00eb Kosov\u00ebn dhe p\u00ebr stabilitet rajonal, p\u00ebrfshir\u00eb edhe n\u00eb kuad\u00ebr t\u00eb misionit t\u00eb udh\u00ebhequr nga NATO, KFOR. Shtetet e Bashkuara kan\u00eb pothuajse 600 trupa t\u00eb dislokuara n\u00eb KFOR. Ato udh\u00ebheqin Komand\u00ebn Rajonale Lindje t\u00eb misionit ton\u00eb. Komanda Rajonale Lindje kontribuon n\u00eb operacionet e p\u00ebrditshme t\u00eb KFOR-it n\u00eb shum\u00eb m\u00ebnyra t\u00eb ndryshme, duke p\u00ebrfshir\u00eb patrullime, trajnim dhe st\u00ebrvitje, angazhim me p\u00ebrfaq\u00ebsues t\u00eb komuniteteve lokale dhe mb\u00ebshtetje p\u00ebr projekte rind\u00ebrtimi dhe zhvillimi ekonomik.<\/p>\n","protected":false},"excerpt":{"rendered":"<p>Prishtin\u00eb 25 Shkurt 2026 08:04 Komandanti i forc\u00ebs paqeruajt\u00ebse KFOR, gjeneral majori \u00d6zkan Uluta\u015f tha se NATO vazhdon t\u00eb k\u00ebrkoj\u00eb llogaridh\u00ebnie p\u00ebr raastin e Banjsk\u00ebs<\/p>\n","protected":false},"author":6,"featured_media":34533,"comment_status":"open","ping_status":"open","sticky":false,"template":"","format":"standard","meta":{"footnotes":""},"categories":[60],"tags":[],"class_list":["post-34531","post","type-post","status-publish","format-standard","has-post-thumbnail","hentry","category-shoqerore-sq"],"yoast_head":"<!-- This site is optimized with the Yoast SEO plugin v25.3.1 - https:\/\/yoast.com\/wordpress\/plugins\/seo\/ -->\n<title>Uluta\u015f: Nuk ka vendim p\u00ebr reduktimin e trupave amerikane nga Kosova -<\/title>\n<meta name=\"robots\" content=\"index, follow, max-snippet:-1, max-image-preview:large, max-video-preview:-1\" \/>\n<link rel=\"canonical\" href=\"https:\/\/veritasinfo.org\/?p=34531\" \/>\n<meta property=\"og:locale\" content=\"en_US\" \/>\n<meta property=\"og:type\" content=\"article\" \/>\n<meta property=\"og:title\" content=\"Uluta\u015f: Nuk ka vendim p\u00ebr reduktimin e trupave amerikane nga Kosova -\" \/>\n<meta property=\"og:description\" content=\"Prishtin\u00eb 25 Shkurt 2026 08:04 Komandanti i forc\u00ebs paqeruajt\u00ebse KFOR, gjeneral majori \u00d6zkan Uluta\u015f tha se NATO vazhdon t\u00eb k\u00ebrkoj\u00eb llogaridh\u00ebnie p\u00ebr raastin e Banjsk\u00ebs\" \/>\n<meta property=\"og:url\" content=\"https:\/\/veritasinfo.org\/?p=34531\" \/>\n<meta property=\"article:published_time\" content=\"2026-02-25T07:05:38+00:00\" \/>\n<meta property=\"og:image\" content=\"https:\/\/veritasinfo.org\/wp-content\/uploads\/2026\/02\/Ulutash.jpg\" \/>\n\t<meta property=\"og:image:width\" content=\"1200\" \/>\n\t<meta property=\"og:image:height\" content=\"630\" \/>\n\t<meta property=\"og:image:type\" content=\"image\/jpeg\" \/>\n<meta name=\"author\" content=\"US5\" \/>\n<meta name=\"twitter:card\" content=\"summary_large_image\" \/>\n<meta name=\"twitter:label1\" content=\"Written by\" \/>\n\t<meta name=\"twitter:data1\" content=\"US5\" \/>\n<script type=\"application\/ld+json\" class=\"yoast-schema-graph\">{\"@context\":\"https:\/\/schema.org\",\"@graph\":[{\"@type\":\"WebPage\",\"@id\":\"https:\/\/veritasinfo.org\/?p=34531\",\"url\":\"https:\/\/veritasinfo.org\/?p=34531\",\"name\":\"Uluta\u015f: Nuk ka vendim p\u00ebr reduktimin e trupave amerikane nga Kosova -\",\"isPartOf\":{\"@id\":\"https:\/\/veritasinfo.org\/#website\"},\"primaryImageOfPage\":{\"@id\":\"https:\/\/veritasinfo.org\/?p=34531#primaryimage\"},\"image\":{\"@id\":\"https:\/\/veritasinfo.org\/?p=34531#primaryimage\"},\"thumbnailUrl\":\"https:\/\/veritasinfo.org\/wp-content\/uploads\/2026\/02\/Ulutash.jpg\",\"datePublished\":\"2026-02-25T07:05:38+00:00\",\"author\":{\"@id\":\"https:\/\/veritasinfo.org\/#\/schema\/person\/bc442336e35414d04494ab8fb45db4c6\"},\"breadcrumb\":{\"@id\":\"https:\/\/veritasinfo.org\/?p=34531#breadcrumb\"},\"inLanguage\":\"en-US\",\"potentialAction\":[{\"@type\":\"ReadAction\",\"target\":[\"https:\/\/veritasinfo.org\/?p=34531\"]}]},{\"@type\":\"ImageObject\",\"inLanguage\":\"en-US\",\"@id\":\"https:\/\/veritasinfo.org\/?p=34531#primaryimage\",\"url\":\"https:\/\/veritasinfo.org\/wp-content\/uploads\/2026\/02\/Ulutash.jpg\",\"contentUrl\":\"https:\/\/veritasinfo.org\/wp-content\/uploads\/2026\/02\/Ulutash.jpg\",\"width\":1200,\"height\":630},{\"@type\":\"BreadcrumbList\",\"@id\":\"https:\/\/veritasinfo.org\/?p=34531#breadcrumb\",\"itemListElement\":[{\"@type\":\"ListItem\",\"position\":1,\"name\":\"Home\",\"item\":\"https:\/\/veritasinfo.org\/\"},{\"@type\":\"ListItem\",\"position\":2,\"name\":\"Uluta\u015f: Nuk ka vendim p\u00ebr reduktimin e trupave amerikane nga Kosova\"}]},{\"@type\":\"WebSite\",\"@id\":\"https:\/\/veritasinfo.org\/#website\",\"url\":\"https:\/\/veritasinfo.org\/\",\"name\":\"\",\"description\":\"\",\"potentialAction\":[{\"@type\":\"SearchAction\",\"target\":{\"@type\":\"EntryPoint\",\"urlTemplate\":\"https:\/\/veritasinfo.org\/?s={search_term_string}\"},\"query-input\":{\"@type\":\"PropertyValueSpecification\",\"valueRequired\":true,\"valueName\":\"search_term_string\"}}],\"inLanguage\":\"en-US\"},{\"@type\":\"Person\",\"@id\":\"https:\/\/veritasinfo.org\/#\/schema\/person\/bc442336e35414d04494ab8fb45db4c6\",\"name\":\"US5\",\"image\":{\"@type\":\"ImageObject\",\"inLanguage\":\"en-US\",\"@id\":\"https:\/\/veritasinfo.org\/#\/schema\/person\/image\/\",\"url\":\"https:\/\/secure.gravatar.com\/avatar\/16a61e7272a0c5d001121ebb9e60e925d5816e4ac1e443ed3e640d9a6ae55d0c?s=96&d=mm&r=g\",\"contentUrl\":\"https:\/\/secure.gravatar.com\/avatar\/16a61e7272a0c5d001121ebb9e60e925d5816e4ac1e443ed3e640d9a6ae55d0c?s=96&d=mm&r=g\",\"caption\":\"US5\"},\"url\":\"https:\/\/veritasinfo.org\/?author=6\"}]}<\/script>\n<!-- \/ Yoast SEO plugin. -->","yoast_head_json":{"title":"Uluta\u015f: Nuk ka vendim p\u00ebr reduktimin e trupave amerikane nga Kosova -","robots":{"index":"index","follow":"follow","max-snippet":"max-snippet:-1","max-image-preview":"max-image-preview:large","max-video-preview":"max-video-preview:-1"},"canonical":"https:\/\/veritasinfo.org\/?p=34531","og_locale":"en_US","og_type":"article","og_title":"Uluta\u015f: Nuk ka vendim p\u00ebr reduktimin e trupave amerikane nga Kosova -","og_description":"Prishtin\u00eb 25 Shkurt 2026 08:04 Komandanti i forc\u00ebs paqeruajt\u00ebse KFOR, gjeneral majori \u00d6zkan Uluta\u015f tha se NATO vazhdon t\u00eb k\u00ebrkoj\u00eb llogaridh\u00ebnie p\u00ebr raastin e Banjsk\u00ebs","og_url":"https:\/\/veritasinfo.org\/?p=34531","article_published_time":"2026-02-25T07:05:38+00:00","og_image":[{"width":1200,"height":630,"url":"https:\/\/veritasinfo.org\/wp-content\/uploads\/2026\/02\/Ulutash.jpg","type":"image\/jpeg"}],"author":"US5","twitter_card":"summary_large_image","twitter_misc":{"Written by":"US5"},"schema":{"@context":"https:\/\/schema.org","@graph":[{"@type":"WebPage","@id":"https:\/\/veritasinfo.org\/?p=34531","url":"https:\/\/veritasinfo.org\/?p=34531","name":"Uluta\u015f: Nuk ka vendim p\u00ebr reduktimin e trupave amerikane nga Kosova -","isPartOf":{"@id":"https:\/\/veritasinfo.org\/#website"},"primaryImageOfPage":{"@id":"https:\/\/veritasinfo.org\/?p=34531#primaryimage"},"image":{"@id":"https:\/\/veritasinfo.org\/?p=34531#primaryimage"},"thumbnailUrl":"https:\/\/veritasinfo.org\/wp-content\/uploads\/2026\/02\/Ulutash.jpg","datePublished":"2026-02-25T07:05:38+00:00","author":{"@id":"https:\/\/veritasinfo.org\/#\/schema\/person\/bc442336e35414d04494ab8fb45db4c6"},"breadcrumb":{"@id":"https:\/\/veritasinfo.org\/?p=34531#breadcrumb"},"inLanguage":"en-US","potentialAction":[{"@type":"ReadAction","target":["https:\/\/veritasinfo.org\/?p=34531"]}]},{"@type":"ImageObject","inLanguage":"en-US","@id":"https:\/\/veritasinfo.org\/?p=34531#primaryimage","url":"https:\/\/veritasinfo.org\/wp-content\/uploads\/2026\/02\/Ulutash.jpg","contentUrl":"https:\/\/veritasinfo.org\/wp-content\/uploads\/2026\/02\/Ulutash.jpg","width":1200,"height":630},{"@type":"BreadcrumbList","@id":"https:\/\/veritasinfo.org\/?p=34531#breadcrumb","itemListElement":[{"@type":"ListItem","position":1,"name":"Home","item":"https:\/\/veritasinfo.org\/"},{"@type":"ListItem","position":2,"name":"Uluta\u015f: Nuk ka vendim p\u00ebr reduktimin e trupave amerikane nga Kosova"}]},{"@type":"WebSite","@id":"https:\/\/veritasinfo.org\/#website","url":"https:\/\/veritasinfo.org\/","name":"","description":"","potentialAction":[{"@type":"SearchAction","target":{"@type":"EntryPoint","urlTemplate":"https:\/\/veritasinfo.org\/?s={search_term_string}"},"query-input":{"@type":"PropertyValueSpecification","valueRequired":true,"valueName":"search_term_string"}}],"inLanguage":"en-US"},{"@type":"Person","@id":"https:\/\/veritasinfo.org\/#\/schema\/person\/bc442336e35414d04494ab8fb45db4c6","name":"US5","image":{"@type":"ImageObject","inLanguage":"en-US","@id":"https:\/\/veritasinfo.org\/#\/schema\/person\/image\/","url":"https:\/\/secure.gravatar.com\/avatar\/16a61e7272a0c5d001121ebb9e60e925d5816e4ac1e443ed3e640d9a6ae55d0c?s=96&d=mm&r=g","contentUrl":"https:\/\/secure.gravatar.com\/avatar\/16a61e7272a0c5d001121ebb9e60e925d5816e4ac1e443ed3e640d9a6ae55d0c?s=96&d=mm&r=g","caption":"US5"},"url":"https:\/\/veritasinfo.org\/?author=6"}]}},"featured_image_urls":{"full":["https:\/\/veritasinfo.org\/wp-content\/uploads\/2026\/02\/Ulutash.jpg",1200,630,false],"thumbnail":["https:\/\/veritasinfo.org\/wp-content\/uploads\/2026\/02\/Ulutash-150x150.jpg",150,150,true],"medium":["https:\/\/veritasinfo.org\/wp-content\/uploads\/2026\/02\/Ulutash-300x158.jpg",300,158,true],"medium_large":["https:\/\/veritasinfo.org\/wp-content\/uploads\/2026\/02\/Ulutash-768x403.jpg",640,336,true],"large":["https:\/\/veritasinfo.org\/wp-content\/uploads\/2026\/02\/Ulutash-1024x538.jpg",640,336,true],"1536x1536":["https:\/\/veritasinfo.org\/wp-content\/uploads\/2026\/02\/Ulutash.jpg",1200,630,false],"2048x2048":["https:\/\/veritasinfo.org\/wp-content\/uploads\/2026\/02\/Ulutash.jpg",1200,630,false],"kreeti-slider-full":["https:\/\/veritasinfo.org\/wp-content\/uploads\/2026\/02\/Ulutash.jpg",1200,630,false],"kreeti-featured":["https:\/\/veritasinfo.org\/wp-content\/uploads\/2026\/02\/Ulutash.jpg",1024,538,false],"kreeti-medium":["https:\/\/veritasinfo.org\/wp-content\/uploads\/2026\/02\/Ulutash.jpg",720,378,false],"kreeti-medium-square":["https:\/\/veritasinfo.org\/wp-content\/uploads\/2026\/02\/Ulutash.jpg",350,184,false]},"author_info":{"info":["US5"]},"category_info":"<a href=\"https:\/\/veritasinfo.org\/?cat=60\" rel=\"category\">Shoq\u00ebrore<\/a>","tag_info":"Shoq\u00ebrore","comment_count":"0","_links":{"self":[{"href":"https:\/\/veritasinfo.org\/index.php?rest_route=\/wp\/v2\/posts\/34531","targetHints":{"allow":["GET"]}}],"collection":[{"href":"https:\/\/veritasinfo.org\/index.php?rest_route=\/wp\/v2\/posts"}],"about":[{"href":"https:\/\/veritasinfo.org\/index.php?rest_route=\/wp\/v2\/types\/post"}],"author":[{"embeddable":true,"href":"https:\/\/veritasinfo.org\/index.php?rest_route=\/wp\/v2\/users\/6"}],"replies":[{"embeddable":true,"href":"https:\/\/veritasinfo.org\/index.php?rest_route=%2Fwp%2Fv2%2Fcomments&post=34531"}],"version-history":[{"count":1,"href":"https:\/\/veritasinfo.org\/index.php?rest_route=\/wp\/v2\/posts\/34531\/revisions"}],"predecessor-version":[{"id":34534,"href":"https:\/\/veritasinfo.org\/index.php?rest_route=\/wp\/v2\/posts\/34531\/revisions\/34534"}],"wp:featuredmedia":[{"embeddable":true,"href":"https:\/\/veritasinfo.org\/index.php?rest_route=\/wp\/v2\/media\/34533"}],"wp:attachment":[{"href":"https:\/\/veritasinfo.org\/index.php?rest_route=%2Fwp%2Fv2%2Fmedia&parent=34531"}],"wp:term":[{"taxonomy":"category","embeddable":true,"href":"https:\/\/veritasinfo.org\/index.php?rest_route=%2Fwp%2Fv2%2Fcategories&post=34531"},{"taxonomy":"post_tag","embeddable":true,"href":"https:\/\/veritasinfo.org\/index.php?rest_route=%2Fwp%2Fv2%2Ftags&post=34531"}],"curies":[{"name":"wp","href":"https:\/\/api.w.org\/{rel}","templated":true}]}}