{"id":34520,"date":"2026-02-25T07:06:00","date_gmt":"2026-02-25T06:06:00","guid":{"rendered":"https:\/\/veritasinfo.org\/?p=34520"},"modified":"2026-02-25T07:06:00","modified_gmt":"2026-02-25T06:06:00","slug":"ne-hage-nis-gjykimi-i-dyte-ndaj-ish-presidentit-hashim-thaci","status":"publish","type":"post","link":"https:\/\/veritasinfo.org\/?p=34520","title":{"rendered":"N\u00eb Hag\u00eb nis gjykimi i dyt\u00eb ndaj ish-presidentit Hashim Tha\u00e7i"},"content":{"rendered":"<p>Prishtin\u00eb, 25 shkurt 2026 07:05<\/p>\n<p>Ndaj ish-presidentit t\u00eb Kosov\u00ebs, Hashim Tha\u00e7i, m\u00eb 27 shkurt nis nj\u00eb proces i ri gjyq\u00ebsor, p\u00ebr si thuhet, \u201cpengim t\u00eb drejt\u00ebsis\u00eb\u201d. Rasti zhvillohet paralelisht me gjykimin p\u00ebr krime t\u00eb pretenduara lufte, por n\u00eb aspektin procedural trajtohet si \u00e7\u00ebshtje e ve\u00e7ant\u00eb.<\/p>\n<p>Ish-presidenti i Kosov\u00ebs, Hashim Tha\u00e7i, vet\u00ebm pak dit\u00eb pasi dha fjal\u00ebn e tij p\u00ebrfundimtare, do t\u00eb p\u00ebrballet me nj\u00eb tjet\u00ebr proces gjyq\u00ebsor n\u00eb Dhomat e Specializuara t\u00eb Kosov\u00ebs n\u00eb Hag\u00eb.<\/p>\n<p>Pas qindra seancave ku Tha\u00e7i gjykohet s\u00eb bashku me Kadri Veselin, Jakup Krasniqin dhe Rexhep Selimin p\u00ebr krime t\u00eb pretenduara lufte, tashm\u00eb ai do ta nis\u00eb p\u00ebrballjen me d\u00ebshmitar\u00ebt n\u00eb nj\u00eb \u00e7\u00ebshtje t\u00eb re, at\u00eb p\u00ebr pengim t\u00eb drejt\u00ebsis\u00eb.<\/p>\n<p>N\u00eb k\u00ebt\u00eb rast, p\u00ebrve\u00e7 tij, t\u00eb akuzuar jan\u00eb edhe Bashkim Smakaj, Isni Kilaj, Fadil Fazliu dhe Hajredin Ku\u00e7i.<\/p>\n<p>Sipas njoftimit t\u00eb Dhomave t\u00eb Specializuara, m\u00eb 27 shkurt do t\u00eb mbahet seanca e par\u00eb me deklaratat hyr\u00ebse. Fillimisht fjal\u00ebn do ta marr\u00eb Prokuroria e Specializuar, nd\u00ebrsa m\u00eb pas deklaratat hyr\u00ebse do t\u2019i paraqesin mbrojtja e Tha\u00e7it dhe ajo e Fazliut.<\/p>\n<p>Pas k\u00ebsaj, Prokuroria pritet ta th\u00ebrras\u00eb d\u00ebshmitarin e par\u00eb nga tre gjithsej, t\u00eb cil\u00ebt do t\u00eb merren n\u00eb pyetje gjat\u00eb jav\u00ebs s\u00eb ardhshme. P\u00ebr k\u00ebt\u00eb proces jan\u00eb planifikuar gjasht\u00eb seanca gjyq\u00ebsore, nga 27 shkurti deri m\u00eb 6 mars.<\/p>\n<p>Avokati i akredituar pran\u00eb Speciales, Artan Qerkini, vler\u00ebson se ndon\u00ebse aktakuza p\u00ebr pengim t\u00eb drejt\u00ebsis\u00eb \u00ebsht\u00eb ngritur n\u00eb lidhje me rastin p\u00ebr krime lufte, n\u00eb aspektin procedural b\u00ebhet fjal\u00eb p\u00ebr dy procese t\u00eb ndara.<\/p>\n<p>Sipas tij, kjo reflektohet edhe n\u00eb vendimet p\u00ebr paraburgim, t\u00eb cilat shqyrtohen ve\u00e7mas p\u00ebr secilin rast, pasi elementet e veprave penale ndryshojn\u00eb.<\/p>\n<p>\u201cK\u00ebto aktakuza n\u00eb at\u00eb kuptimin material jan\u00eb t\u00eb nd\u00ebrlidhura sepse aktakuz\u00eb p\u00ebr pengim t\u00eb drejt\u00ebsi jan\u00eb ngritur n\u00eb lidhje me rastin p\u00ebr krime lufte, mir\u00ebpo n\u00eb aspektin formal procedural k\u00ebto jan\u00eb dy procedura t\u00eb ndara, k\u00ebshtu q\u00eb besoj e keni v\u00ebrejt se dhe paraburgimi kur t\u00eb vazhdohet, i vazhdohet p\u00ebr dy procedurat ndaras, ngase elementet e figurave t\u00eb veprave penale nuk jan\u00eb t\u00eb nj\u00ebjta, k\u00ebshtu q\u00eb n\u00eb aspektin procedural k\u00ebto dy \u00e7\u00ebshtje konsiderohen si \u00e7\u00ebshtje t\u00eb ndara\u201d, thot\u00eb Qerkini.<\/p>\n<p>Nd\u00ebrkoh\u00eb, p\u00ebrve\u00e7 Tha\u00e7it q\u00eb ndodhet n\u00eb paraburgim q\u00eb nga n\u00ebntori i vitit 2020, t\u00eb akuzuarit e tjer\u00eb n\u00eb rastin p\u00ebr pengim t\u00eb drejt\u00ebsis\u00eb jan\u00eb liruar me kusht dhe aktualisht ndodhen n\u00eb Kosov\u00eb.<\/p>\n","protected":false},"excerpt":{"rendered":"<p>Prishtin\u00eb, 25 shkurt 2026 07:05 Ndaj ish-presidentit t\u00eb Kosov\u00ebs, Hashim Tha\u00e7i, m\u00eb 27 shkurt nis nj\u00eb proces i ri gjyq\u00ebsor, p\u00ebr si thuhet, \u201cpengim t\u00eb<\/p>\n","protected":false},"author":7,"featured_media":34521,"comment_status":"open","ping_status":"open","sticky":false,"template":"","format":"standard","meta":{"footnotes":""},"categories":[60],"tags":[],"class_list":["post-34520","post","type-post","status-publish","format-standard","has-post-thumbnail","hentry","category-shoqerore-sq"],"yoast_head":"<!-- This site is optimized with the Yoast SEO plugin v25.3.1 - https:\/\/yoast.com\/wordpress\/plugins\/seo\/ -->\n<title>N\u00eb Hag\u00eb nis gjykimi i dyt\u00eb ndaj ish-presidentit Hashim Tha\u00e7i -<\/title>\n<meta name=\"robots\" content=\"index, follow, max-snippet:-1, max-image-preview:large, max-video-preview:-1\" \/>\n<link rel=\"canonical\" href=\"https:\/\/veritasinfo.org\/?p=34520\" \/>\n<meta property=\"og:locale\" content=\"en_US\" \/>\n<meta property=\"og:type\" content=\"article\" \/>\n<meta property=\"og:title\" content=\"N\u00eb Hag\u00eb nis gjykimi i dyt\u00eb ndaj ish-presidentit Hashim Tha\u00e7i -\" \/>\n<meta property=\"og:description\" content=\"Prishtin\u00eb, 25 shkurt 2026 07:05 Ndaj ish-presidentit t\u00eb Kosov\u00ebs, Hashim Tha\u00e7i, m\u00eb 27 shkurt nis nj\u00eb proces i ri gjyq\u00ebsor, p\u00ebr si thuhet, \u201cpengim t\u00eb\" \/>\n<meta property=\"og:url\" content=\"https:\/\/veritasinfo.org\/?p=34520\" \/>\n<meta property=\"article:published_time\" content=\"2026-02-25T06:06:00+00:00\" \/>\n<meta property=\"og:image\" content=\"https:\/\/veritasinfo.org\/wp-content\/uploads\/2026\/02\/Hashin-Thaci-in-court-1-e1751481892846.jpg\" \/>\n\t<meta property=\"og:image:width\" content=\"632\" \/>\n\t<meta property=\"og:image:height\" content=\"397\" \/>\n\t<meta property=\"og:image:type\" content=\"image\/jpeg\" \/>\n<meta name=\"author\" content=\"US6\" \/>\n<meta name=\"twitter:card\" content=\"summary_large_image\" \/>\n<meta name=\"twitter:label1\" content=\"Written by\" \/>\n\t<meta name=\"twitter:data1\" content=\"US6\" \/>\n\t<meta name=\"twitter:label2\" content=\"Est. reading time\" \/>\n\t<meta name=\"twitter:data2\" content=\"2 minutes\" \/>\n<script type=\"application\/ld+json\" class=\"yoast-schema-graph\">{\"@context\":\"https:\/\/schema.org\",\"@graph\":[{\"@type\":\"WebPage\",\"@id\":\"https:\/\/veritasinfo.org\/?p=34520\",\"url\":\"https:\/\/veritasinfo.org\/?p=34520\",\"name\":\"N\u00eb Hag\u00eb nis gjykimi i dyt\u00eb ndaj ish-presidentit Hashim Tha\u00e7i -\",\"isPartOf\":{\"@id\":\"https:\/\/veritasinfo.org\/#website\"},\"primaryImageOfPage\":{\"@id\":\"https:\/\/veritasinfo.org\/?p=34520#primaryimage\"},\"image\":{\"@id\":\"https:\/\/veritasinfo.org\/?p=34520#primaryimage\"},\"thumbnailUrl\":\"https:\/\/veritasinfo.org\/wp-content\/uploads\/2026\/02\/Hashin-Thaci-in-court-1-e1751481892846.jpg\",\"datePublished\":\"2026-02-25T06:06:00+00:00\",\"author\":{\"@id\":\"https:\/\/veritasinfo.org\/#\/schema\/person\/fe199eede04c3937362892b7444747cc\"},\"breadcrumb\":{\"@id\":\"https:\/\/veritasinfo.org\/?p=34520#breadcrumb\"},\"inLanguage\":\"en-US\",\"potentialAction\":[{\"@type\":\"ReadAction\",\"target\":[\"https:\/\/veritasinfo.org\/?p=34520\"]}]},{\"@type\":\"ImageObject\",\"inLanguage\":\"en-US\",\"@id\":\"https:\/\/veritasinfo.org\/?p=34520#primaryimage\",\"url\":\"https:\/\/veritasinfo.org\/wp-content\/uploads\/2026\/02\/Hashin-Thaci-in-court-1-e1751481892846.jpg\",\"contentUrl\":\"https:\/\/veritasinfo.org\/wp-content\/uploads\/2026\/02\/Hashin-Thaci-in-court-1-e1751481892846.jpg\",\"width\":632,\"height\":397},{\"@type\":\"BreadcrumbList\",\"@id\":\"https:\/\/veritasinfo.org\/?p=34520#breadcrumb\",\"itemListElement\":[{\"@type\":\"ListItem\",\"position\":1,\"name\":\"Home\",\"item\":\"https:\/\/veritasinfo.org\/\"},{\"@type\":\"ListItem\",\"position\":2,\"name\":\"N\u00eb Hag\u00eb nis gjykimi i dyt\u00eb ndaj ish-presidentit Hashim Tha\u00e7i\"}]},{\"@type\":\"WebSite\",\"@id\":\"https:\/\/veritasinfo.org\/#website\",\"url\":\"https:\/\/veritasinfo.org\/\",\"name\":\"\",\"description\":\"\",\"potentialAction\":[{\"@type\":\"SearchAction\",\"target\":{\"@type\":\"EntryPoint\",\"urlTemplate\":\"https:\/\/veritasinfo.org\/?s={search_term_string}\"},\"query-input\":{\"@type\":\"PropertyValueSpecification\",\"valueRequired\":true,\"valueName\":\"search_term_string\"}}],\"inLanguage\":\"en-US\"},{\"@type\":\"Person\",\"@id\":\"https:\/\/veritasinfo.org\/#\/schema\/person\/fe199eede04c3937362892b7444747cc\",\"name\":\"US6\",\"image\":{\"@type\":\"ImageObject\",\"inLanguage\":\"en-US\",\"@id\":\"https:\/\/veritasinfo.org\/#\/schema\/person\/image\/\",\"url\":\"https:\/\/secure.gravatar.com\/avatar\/cb16c3c31c9d23b9b8c705964598220b3014e42ff51eb540ff23cefa3ae8c15f?s=96&d=mm&r=g\",\"contentUrl\":\"https:\/\/secure.gravatar.com\/avatar\/cb16c3c31c9d23b9b8c705964598220b3014e42ff51eb540ff23cefa3ae8c15f?s=96&d=mm&r=g\",\"caption\":\"US6\"},\"url\":\"https:\/\/veritasinfo.org\/?author=7\"}]}<\/script>\n<!-- \/ Yoast SEO plugin. -->","yoast_head_json":{"title":"N\u00eb Hag\u00eb nis gjykimi i dyt\u00eb ndaj ish-presidentit Hashim Tha\u00e7i -","robots":{"index":"index","follow":"follow","max-snippet":"max-snippet:-1","max-image-preview":"max-image-preview:large","max-video-preview":"max-video-preview:-1"},"canonical":"https:\/\/veritasinfo.org\/?p=34520","og_locale":"en_US","og_type":"article","og_title":"N\u00eb Hag\u00eb nis gjykimi i dyt\u00eb ndaj ish-presidentit Hashim Tha\u00e7i -","og_description":"Prishtin\u00eb, 25 shkurt 2026 07:05 Ndaj ish-presidentit t\u00eb Kosov\u00ebs, Hashim Tha\u00e7i, m\u00eb 27 shkurt nis nj\u00eb proces i ri gjyq\u00ebsor, p\u00ebr si thuhet, \u201cpengim t\u00eb","og_url":"https:\/\/veritasinfo.org\/?p=34520","article_published_time":"2026-02-25T06:06:00+00:00","og_image":[{"width":632,"height":397,"url":"https:\/\/veritasinfo.org\/wp-content\/uploads\/2026\/02\/Hashin-Thaci-in-court-1-e1751481892846.jpg","type":"image\/jpeg"}],"author":"US6","twitter_card":"summary_large_image","twitter_misc":{"Written by":"US6","Est. reading time":"2 minutes"},"schema":{"@context":"https:\/\/schema.org","@graph":[{"@type":"WebPage","@id":"https:\/\/veritasinfo.org\/?p=34520","url":"https:\/\/veritasinfo.org\/?p=34520","name":"N\u00eb Hag\u00eb nis gjykimi i dyt\u00eb ndaj ish-presidentit Hashim Tha\u00e7i -","isPartOf":{"@id":"https:\/\/veritasinfo.org\/#website"},"primaryImageOfPage":{"@id":"https:\/\/veritasinfo.org\/?p=34520#primaryimage"},"image":{"@id":"https:\/\/veritasinfo.org\/?p=34520#primaryimage"},"thumbnailUrl":"https:\/\/veritasinfo.org\/wp-content\/uploads\/2026\/02\/Hashin-Thaci-in-court-1-e1751481892846.jpg","datePublished":"2026-02-25T06:06:00+00:00","author":{"@id":"https:\/\/veritasinfo.org\/#\/schema\/person\/fe199eede04c3937362892b7444747cc"},"breadcrumb":{"@id":"https:\/\/veritasinfo.org\/?p=34520#breadcrumb"},"inLanguage":"en-US","potentialAction":[{"@type":"ReadAction","target":["https:\/\/veritasinfo.org\/?p=34520"]}]},{"@type":"ImageObject","inLanguage":"en-US","@id":"https:\/\/veritasinfo.org\/?p=34520#primaryimage","url":"https:\/\/veritasinfo.org\/wp-content\/uploads\/2026\/02\/Hashin-Thaci-in-court-1-e1751481892846.jpg","contentUrl":"https:\/\/veritasinfo.org\/wp-content\/uploads\/2026\/02\/Hashin-Thaci-in-court-1-e1751481892846.jpg","width":632,"height":397},{"@type":"BreadcrumbList","@id":"https:\/\/veritasinfo.org\/?p=34520#breadcrumb","itemListElement":[{"@type":"ListItem","position":1,"name":"Home","item":"https:\/\/veritasinfo.org\/"},{"@type":"ListItem","position":2,"name":"N\u00eb Hag\u00eb nis gjykimi i dyt\u00eb ndaj ish-presidentit Hashim Tha\u00e7i"}]},{"@type":"WebSite","@id":"https:\/\/veritasinfo.org\/#website","url":"https:\/\/veritasinfo.org\/","name":"","description":"","potentialAction":[{"@type":"SearchAction","target":{"@type":"EntryPoint","urlTemplate":"https:\/\/veritasinfo.org\/?s={search_term_string}"},"query-input":{"@type":"PropertyValueSpecification","valueRequired":true,"valueName":"search_term_string"}}],"inLanguage":"en-US"},{"@type":"Person","@id":"https:\/\/veritasinfo.org\/#\/schema\/person\/fe199eede04c3937362892b7444747cc","name":"US6","image":{"@type":"ImageObject","inLanguage":"en-US","@id":"https:\/\/veritasinfo.org\/#\/schema\/person\/image\/","url":"https:\/\/secure.gravatar.com\/avatar\/cb16c3c31c9d23b9b8c705964598220b3014e42ff51eb540ff23cefa3ae8c15f?s=96&d=mm&r=g","contentUrl":"https:\/\/secure.gravatar.com\/avatar\/cb16c3c31c9d23b9b8c705964598220b3014e42ff51eb540ff23cefa3ae8c15f?s=96&d=mm&r=g","caption":"US6"},"url":"https:\/\/veritasinfo.org\/?author=7"}]}},"featured_image_urls":{"full":["https:\/\/veritasinfo.org\/wp-content\/uploads\/2026\/02\/Hashin-Thaci-in-court-1-e1751481892846.jpg",632,397,false],"thumbnail":["https:\/\/veritasinfo.org\/wp-content\/uploads\/2026\/02\/Hashin-Thaci-in-court-1-e1751481892846-150x150.jpg",150,150,true],"medium":["https:\/\/veritasinfo.org\/wp-content\/uploads\/2026\/02\/Hashin-Thaci-in-court-1-e1751481892846-300x188.jpg",300,188,true],"medium_large":["https:\/\/veritasinfo.org\/wp-content\/uploads\/2026\/02\/Hashin-Thaci-in-court-1-e1751481892846.jpg",632,397,false],"large":["https:\/\/veritasinfo.org\/wp-content\/uploads\/2026\/02\/Hashin-Thaci-in-court-1-e1751481892846.jpg",632,397,false],"1536x1536":["https:\/\/veritasinfo.org\/wp-content\/uploads\/2026\/02\/Hashin-Thaci-in-court-1-e1751481892846.jpg",632,397,false],"2048x2048":["https:\/\/veritasinfo.org\/wp-content\/uploads\/2026\/02\/Hashin-Thaci-in-court-1-e1751481892846.jpg",632,397,false],"kreeti-slider-full":["https:\/\/veritasinfo.org\/wp-content\/uploads\/2026\/02\/Hashin-Thaci-in-court-1-e1751481892846.jpg",632,397,false],"kreeti-featured":["https:\/\/veritasinfo.org\/wp-content\/uploads\/2026\/02\/Hashin-Thaci-in-court-1-e1751481892846.jpg",632,397,false],"kreeti-medium":["https:\/\/veritasinfo.org\/wp-content\/uploads\/2026\/02\/Hashin-Thaci-in-court-1-e1751481892846.jpg",632,397,false],"kreeti-medium-square":["https:\/\/veritasinfo.org\/wp-content\/uploads\/2026\/02\/Hashin-Thaci-in-court-1-e1751481892846.jpg",350,220,false]},"author_info":{"info":["US6"]},"category_info":"<a href=\"https:\/\/veritasinfo.org\/?cat=60\" rel=\"category\">Shoq\u00ebrore<\/a>","tag_info":"Shoq\u00ebrore","comment_count":"0","_links":{"self":[{"href":"https:\/\/veritasinfo.org\/index.php?rest_route=\/wp\/v2\/posts\/34520","targetHints":{"allow":["GET"]}}],"collection":[{"href":"https:\/\/veritasinfo.org\/index.php?rest_route=\/wp\/v2\/posts"}],"about":[{"href":"https:\/\/veritasinfo.org\/index.php?rest_route=\/wp\/v2\/types\/post"}],"author":[{"embeddable":true,"href":"https:\/\/veritasinfo.org\/index.php?rest_route=\/wp\/v2\/users\/7"}],"replies":[{"embeddable":true,"href":"https:\/\/veritasinfo.org\/index.php?rest_route=%2Fwp%2Fv2%2Fcomments&post=34520"}],"version-history":[{"count":1,"href":"https:\/\/veritasinfo.org\/index.php?rest_route=\/wp\/v2\/posts\/34520\/revisions"}],"predecessor-version":[{"id":34522,"href":"https:\/\/veritasinfo.org\/index.php?rest_route=\/wp\/v2\/posts\/34520\/revisions\/34522"}],"wp:featuredmedia":[{"embeddable":true,"href":"https:\/\/veritasinfo.org\/index.php?rest_route=\/wp\/v2\/media\/34521"}],"wp:attachment":[{"href":"https:\/\/veritasinfo.org\/index.php?rest_route=%2Fwp%2Fv2%2Fmedia&parent=34520"}],"wp:term":[{"taxonomy":"category","embeddable":true,"href":"https:\/\/veritasinfo.org\/index.php?rest_route=%2Fwp%2Fv2%2Fcategories&post=34520"},{"taxonomy":"post_tag","embeddable":true,"href":"https:\/\/veritasinfo.org\/index.php?rest_route=%2Fwp%2Fv2%2Ftags&post=34520"}],"curies":[{"name":"wp","href":"https:\/\/api.w.org\/{rel}","templated":true}]}}