{"id":34496,"date":"2026-02-24T21:59:20","date_gmt":"2026-02-24T20:59:20","guid":{"rendered":"https:\/\/veritasinfo.org\/?p=34496"},"modified":"2026-02-24T21:59:20","modified_gmt":"2026-02-24T20:59:20","slug":"kritiku-i-listes-serbe-dhe-i-vuciqit-rrihet-e-kercenohet-ne-shterpce","status":"publish","type":"post","link":"https:\/\/veritasinfo.org\/?p=34496","title":{"rendered":"Kritiku i List\u00ebs Serbe dhe i Vu\u00e7iqit rrihet e k\u00ebrc\u00ebnohet n\u00eb Sht\u00ebrpc\u00eb"},"content":{"rendered":"<p><span style=\"font-size: 16px;\">Prishtin\u00eb, 24 shkurt 2026 21:54<\/span><\/p>\n<p><span style=\"font-size: 16px;\">Stefan Stamenkoviq q\u00eb kandidoi p\u00ebr kryetar t\u00eb Sht\u00ebrpc\u00ebs dhe q\u00eb mban nj\u00eb faqe n\u00eb Facebooku ku publikon materiale kund\u00ebr List\u00ebs Serbe \u00ebsht\u00eb rrahur para dy dit\u00ebsh gjat\u00eb nj\u00eb manifestimi n\u00eb Sht\u00ebrpc\u00eb. Policia e ka konfirmuar pranimin e rastit, derisa p\u00ebrkrahje p\u00ebr Stamenkoviqin kan\u00eb shprehur edhe politikan\u00eb t\u00eb tjer\u00eb opozitar\u00eb serb\u00eb<\/span><\/p>\n<p><span style=\"font-size: 16px;\">Ish-kandidati p\u00ebr kryetar t\u00eb komun\u00ebs s\u00eb Sht\u00ebrpc\u00ebs, Stefan Stamenkoviq \u00ebsht\u00eb k\u00ebrc\u00ebnuar e rrahur gjat\u00eb manifestimit t\u00eb fest\u00ebs s\u00eb Kreshm\u00ebs t\u00eb diel\u00ebn.\u00a0<\/span><\/p>\n<p><span style=\"font-size: 16px;\">Stamekoviq ka th\u00ebn\u00eb se nj\u00eb person e ka goditur shkaku q\u00eb ka shprehur q\u00ebndrimet e tij kund\u00ebr List\u00ebs Serbe dhe presidentit t\u00eb Serbis\u00eb, Aleksandar Vu\u00e7iq.<\/span><\/p>\n<p>\u201cM\u00eb tha mund t\u00eb m\u00eb vras\u00eb e para asaj mund t\u00eb m\u00eb dhunoj\u00eb dhe i thash\u00eb se kushdo mund ta sulmoj\u00eb k\u00ebdo por nuk \u00ebsht\u00eb normale, sepse jemi njer\u00ebz dhe duhet ta respektojm\u00eb nj\u00ebri tjetrin. Sapo e ktheva kok\u00ebn q\u00eb ta shihja mikun tim ai m\u00eb kapi dhe m\u00eb hodhi p\u00ebr asfalti. Pastaj rash\u00eb dhe m\u00eb goditi p\u00ebrs\u00ebri dhe p\u00ebrs\u00ebri. E l\u00ebndova kok\u00ebn, qaf\u00ebn e edhe kam mavijosje n\u00eb t\u00eb majt\u00eb e t\u00eb djatht\u00eb t\u00eb vitheve\u201d, ka th\u00ebn\u00eb politikani serb.<\/p>\n<p>Policia ka konfirmuar paraqitjen e k\u00ebtij rasti.<\/p>\n<p>M\u00eb 22.02.2026, n\u00eb or\u00ebn 21:08, n\u00eb Sht\u00ebrpc\u00eb, nj\u00eb viktim\u00eb mashkull kosovar-serb ka raportuar se \u00ebsht\u00eb sulmuar fizikisht nga nj\u00eb person i panjohur. Viktima ka qen\u00eb n\u00ebn ndikimin e alkoolit dhe i \u00ebsht\u00eb ofruar tretman mjek\u00ebsor. Rasti \u00ebsht\u00eb iniciuar si \u2018L\u00ebndim i leht\u00eb trupor\u2019 dhe nj\u00ebsitet relevante policore jan\u00eb duke nd\u00ebrmarr\u00eb veprimet e nevojshme hetimore p\u00ebr identifikimin e t\u00eb dyshuarit\u201d, thuhet n\u00eb njoftimin e Policis\u00eb, drejtoria n\u00eb Ferizaj.<\/p>\n<p>E Stamenkoviq ka deklaruar se pavar\u00ebsisht se ka pir\u00eb ashtu si t\u00eb gjith\u00eb q\u00eb ishin pjes\u00eb e fest\u00ebs, ai nuk i ka b\u00ebr\u00eb askujt asgj\u00eb t\u00eb keqe.<\/p>\n<p>Ai ka th\u00ebn\u00eb se sulmuesi \u00ebsht\u00eb person i njohur p\u00ebr policin\u00eb dhe k\u00ebrkon q\u00eb t\u00eb vendoset drejt\u00ebsi pa nd\u00ebrhyrje politike.<\/p>\n<p>\u201cNuk e di n\u00ebse dikush n\u00eb Polici do q\u00eb t\u2019i mbroj\u00eb ata, por e dim\u00eb q\u00eb n\u00eb Ballkan gjith\u00e7ka \u00ebsht\u00eb politik\u00eb dhe \u00e7do institucion \u00ebsht\u00eb aq i korruptuar, saq\u00eb duan ta fusin n\u00eb sirtar cilido incident sepse nuk e di, p\u00ebr p\u00ebrfitime apo p\u00ebr q\u00ebllime t\u00eb k\u00ebqija dhe sigurisht ka shum\u00eb d\u00ebshmitar\u00eb q\u00eb mund ta v\u00ebrtetojn\u00eb se asnj\u00eb t\u00eb keqe nuk ia kam th\u00ebn\u00eb askujt\u201d, ka th\u00ebn\u00eb Stamenkoviq.<\/p>\n<p>N\u00eb Prokurorin\u00eb Themelore n\u00eb Ferizaj kan\u00eb th\u00ebn\u00eb se Policia ende nuk ua ka d\u00ebrguar l\u00ebnd\u00ebn.<\/p>\n<p>P\u00ebr rastin e tij, kan\u00eb reaguar edhe disa politikan\u00eb opozitar\u00eb serb\u00eb.<\/p>\n<p>Kryetari i subjektit politik SNP, Milija Bishevac, ka shprehur p\u00ebrkrahje duke th\u00ebn\u00eb se \u201cp\u00ebr vite dhuna ka qen\u00eb mjet p\u00ebr trajtimin e disident\u00ebve dhe m\u00ebnyr\u00eb e disiplinimit t\u00eb atyre q\u00eb mendojn\u00eb dhe flasin ndryshe\u201d.<\/p>\n<p>Ngjash\u00ebm ka reaguar edhe asamblisti i Iniciativ\u00ebs Qytetare &#8220;Veriu p\u00ebr t\u00eb gjith\u00eb&#8221; Marko Jakshiq, i cili ka shkruar n\u00eb Facebook se arena politike duhet t\u00eb jet\u00eb luft\u00eb q\u00ebndrimesh, argumentesh e jo e heshtjes p\u00ebrmes grushtesh.<\/p>\n<p>&nbsp;<\/p>\n","protected":false},"excerpt":{"rendered":"<p>Prishtin\u00eb, 24 shkurt 2026 21:54 Stefan Stamenkoviq q\u00eb kandidoi p\u00ebr kryetar t\u00eb Sht\u00ebrpc\u00ebs dhe q\u00eb mban nj\u00eb faqe n\u00eb Facebooku ku publikon materiale kund\u00ebr List\u00ebs<\/p>\n","protected":false},"author":7,"featured_media":34497,"comment_status":"open","ping_status":"open","sticky":false,"template":"","format":"standard","meta":{"footnotes":""},"categories":[58],"tags":[],"class_list":["post-34496","post","type-post","status-publish","format-standard","has-post-thumbnail","hentry","category-politike-sq"],"yoast_head":"<!-- This site is optimized with the Yoast SEO plugin v25.3.1 - https:\/\/yoast.com\/wordpress\/plugins\/seo\/ -->\n<title>Kritiku i List\u00ebs Serbe dhe i Vu\u00e7iqit rrihet e k\u00ebrc\u00ebnohet n\u00eb Sht\u00ebrpc\u00eb -<\/title>\n<meta name=\"robots\" content=\"index, follow, max-snippet:-1, max-image-preview:large, max-video-preview:-1\" \/>\n<link rel=\"canonical\" href=\"https:\/\/veritasinfo.org\/?p=34496\" \/>\n<meta property=\"og:locale\" content=\"en_US\" \/>\n<meta property=\"og:type\" content=\"article\" \/>\n<meta property=\"og:title\" content=\"Kritiku i List\u00ebs Serbe dhe i Vu\u00e7iqit rrihet e k\u00ebrc\u00ebnohet n\u00eb Sht\u00ebrpc\u00eb -\" \/>\n<meta property=\"og:description\" content=\"Prishtin\u00eb, 24 shkurt 2026 21:54 Stefan Stamenkoviq q\u00eb kandidoi p\u00ebr kryetar t\u00eb Sht\u00ebrpc\u00ebs dhe q\u00eb mban nj\u00eb faqe n\u00eb Facebooku ku publikon materiale kund\u00ebr List\u00ebs\" \/>\n<meta property=\"og:url\" content=\"https:\/\/veritasinfo.org\/?p=34496\" \/>\n<meta property=\"article:published_time\" content=\"2026-02-24T20:59:20+00:00\" \/>\n<meta property=\"og:image\" content=\"https:\/\/veritasinfo.org\/wp-content\/uploads\/2026\/02\/1-142.jpg\" \/>\n\t<meta property=\"og:image:width\" content=\"646\" \/>\n\t<meta property=\"og:image:height\" content=\"418\" \/>\n\t<meta property=\"og:image:type\" content=\"image\/jpeg\" \/>\n<meta name=\"author\" content=\"US6\" \/>\n<meta name=\"twitter:card\" content=\"summary_large_image\" \/>\n<meta name=\"twitter:label1\" content=\"Written by\" \/>\n\t<meta name=\"twitter:data1\" content=\"US6\" \/>\n\t<meta name=\"twitter:label2\" content=\"Est. reading time\" \/>\n\t<meta name=\"twitter:data2\" content=\"3 minutes\" \/>\n<script type=\"application\/ld+json\" class=\"yoast-schema-graph\">{\"@context\":\"https:\/\/schema.org\",\"@graph\":[{\"@type\":\"WebPage\",\"@id\":\"https:\/\/veritasinfo.org\/?p=34496\",\"url\":\"https:\/\/veritasinfo.org\/?p=34496\",\"name\":\"Kritiku i List\u00ebs Serbe dhe i Vu\u00e7iqit rrihet e k\u00ebrc\u00ebnohet n\u00eb Sht\u00ebrpc\u00eb -\",\"isPartOf\":{\"@id\":\"https:\/\/veritasinfo.org\/#website\"},\"primaryImageOfPage\":{\"@id\":\"https:\/\/veritasinfo.org\/?p=34496#primaryimage\"},\"image\":{\"@id\":\"https:\/\/veritasinfo.org\/?p=34496#primaryimage\"},\"thumbnailUrl\":\"https:\/\/veritasinfo.org\/wp-content\/uploads\/2026\/02\/1-142.jpg\",\"datePublished\":\"2026-02-24T20:59:20+00:00\",\"author\":{\"@id\":\"https:\/\/veritasinfo.org\/#\/schema\/person\/fe199eede04c3937362892b7444747cc\"},\"breadcrumb\":{\"@id\":\"https:\/\/veritasinfo.org\/?p=34496#breadcrumb\"},\"inLanguage\":\"en-US\",\"potentialAction\":[{\"@type\":\"ReadAction\",\"target\":[\"https:\/\/veritasinfo.org\/?p=34496\"]}]},{\"@type\":\"ImageObject\",\"inLanguage\":\"en-US\",\"@id\":\"https:\/\/veritasinfo.org\/?p=34496#primaryimage\",\"url\":\"https:\/\/veritasinfo.org\/wp-content\/uploads\/2026\/02\/1-142.jpg\",\"contentUrl\":\"https:\/\/veritasinfo.org\/wp-content\/uploads\/2026\/02\/1-142.jpg\",\"width\":646,\"height\":418},{\"@type\":\"BreadcrumbList\",\"@id\":\"https:\/\/veritasinfo.org\/?p=34496#breadcrumb\",\"itemListElement\":[{\"@type\":\"ListItem\",\"position\":1,\"name\":\"Home\",\"item\":\"https:\/\/veritasinfo.org\/\"},{\"@type\":\"ListItem\",\"position\":2,\"name\":\"Kritiku i List\u00ebs Serbe dhe i Vu\u00e7iqit rrihet e k\u00ebrc\u00ebnohet n\u00eb Sht\u00ebrpc\u00eb\"}]},{\"@type\":\"WebSite\",\"@id\":\"https:\/\/veritasinfo.org\/#website\",\"url\":\"https:\/\/veritasinfo.org\/\",\"name\":\"\",\"description\":\"\",\"potentialAction\":[{\"@type\":\"SearchAction\",\"target\":{\"@type\":\"EntryPoint\",\"urlTemplate\":\"https:\/\/veritasinfo.org\/?s={search_term_string}\"},\"query-input\":{\"@type\":\"PropertyValueSpecification\",\"valueRequired\":true,\"valueName\":\"search_term_string\"}}],\"inLanguage\":\"en-US\"},{\"@type\":\"Person\",\"@id\":\"https:\/\/veritasinfo.org\/#\/schema\/person\/fe199eede04c3937362892b7444747cc\",\"name\":\"US6\",\"image\":{\"@type\":\"ImageObject\",\"inLanguage\":\"en-US\",\"@id\":\"https:\/\/veritasinfo.org\/#\/schema\/person\/image\/\",\"url\":\"https:\/\/secure.gravatar.com\/avatar\/cb16c3c31c9d23b9b8c705964598220b3014e42ff51eb540ff23cefa3ae8c15f?s=96&d=mm&r=g\",\"contentUrl\":\"https:\/\/secure.gravatar.com\/avatar\/cb16c3c31c9d23b9b8c705964598220b3014e42ff51eb540ff23cefa3ae8c15f?s=96&d=mm&r=g\",\"caption\":\"US6\"},\"url\":\"https:\/\/veritasinfo.org\/?author=7\"}]}<\/script>\n<!-- \/ Yoast SEO plugin. -->","yoast_head_json":{"title":"Kritiku i List\u00ebs Serbe dhe i Vu\u00e7iqit rrihet e k\u00ebrc\u00ebnohet n\u00eb Sht\u00ebrpc\u00eb -","robots":{"index":"index","follow":"follow","max-snippet":"max-snippet:-1","max-image-preview":"max-image-preview:large","max-video-preview":"max-video-preview:-1"},"canonical":"https:\/\/veritasinfo.org\/?p=34496","og_locale":"en_US","og_type":"article","og_title":"Kritiku i List\u00ebs Serbe dhe i Vu\u00e7iqit rrihet e k\u00ebrc\u00ebnohet n\u00eb Sht\u00ebrpc\u00eb -","og_description":"Prishtin\u00eb, 24 shkurt 2026 21:54 Stefan Stamenkoviq q\u00eb kandidoi p\u00ebr kryetar t\u00eb Sht\u00ebrpc\u00ebs dhe q\u00eb mban nj\u00eb faqe n\u00eb Facebooku ku publikon materiale kund\u00ebr List\u00ebs","og_url":"https:\/\/veritasinfo.org\/?p=34496","article_published_time":"2026-02-24T20:59:20+00:00","og_image":[{"width":646,"height":418,"url":"https:\/\/veritasinfo.org\/wp-content\/uploads\/2026\/02\/1-142.jpg","type":"image\/jpeg"}],"author":"US6","twitter_card":"summary_large_image","twitter_misc":{"Written by":"US6","Est. reading time":"3 minutes"},"schema":{"@context":"https:\/\/schema.org","@graph":[{"@type":"WebPage","@id":"https:\/\/veritasinfo.org\/?p=34496","url":"https:\/\/veritasinfo.org\/?p=34496","name":"Kritiku i List\u00ebs Serbe dhe i Vu\u00e7iqit rrihet e k\u00ebrc\u00ebnohet n\u00eb Sht\u00ebrpc\u00eb -","isPartOf":{"@id":"https:\/\/veritasinfo.org\/#website"},"primaryImageOfPage":{"@id":"https:\/\/veritasinfo.org\/?p=34496#primaryimage"},"image":{"@id":"https:\/\/veritasinfo.org\/?p=34496#primaryimage"},"thumbnailUrl":"https:\/\/veritasinfo.org\/wp-content\/uploads\/2026\/02\/1-142.jpg","datePublished":"2026-02-24T20:59:20+00:00","author":{"@id":"https:\/\/veritasinfo.org\/#\/schema\/person\/fe199eede04c3937362892b7444747cc"},"breadcrumb":{"@id":"https:\/\/veritasinfo.org\/?p=34496#breadcrumb"},"inLanguage":"en-US","potentialAction":[{"@type":"ReadAction","target":["https:\/\/veritasinfo.org\/?p=34496"]}]},{"@type":"ImageObject","inLanguage":"en-US","@id":"https:\/\/veritasinfo.org\/?p=34496#primaryimage","url":"https:\/\/veritasinfo.org\/wp-content\/uploads\/2026\/02\/1-142.jpg","contentUrl":"https:\/\/veritasinfo.org\/wp-content\/uploads\/2026\/02\/1-142.jpg","width":646,"height":418},{"@type":"BreadcrumbList","@id":"https:\/\/veritasinfo.org\/?p=34496#breadcrumb","itemListElement":[{"@type":"ListItem","position":1,"name":"Home","item":"https:\/\/veritasinfo.org\/"},{"@type":"ListItem","position":2,"name":"Kritiku i List\u00ebs Serbe dhe i Vu\u00e7iqit rrihet e k\u00ebrc\u00ebnohet n\u00eb Sht\u00ebrpc\u00eb"}]},{"@type":"WebSite","@id":"https:\/\/veritasinfo.org\/#website","url":"https:\/\/veritasinfo.org\/","name":"","description":"","potentialAction":[{"@type":"SearchAction","target":{"@type":"EntryPoint","urlTemplate":"https:\/\/veritasinfo.org\/?s={search_term_string}"},"query-input":{"@type":"PropertyValueSpecification","valueRequired":true,"valueName":"search_term_string"}}],"inLanguage":"en-US"},{"@type":"Person","@id":"https:\/\/veritasinfo.org\/#\/schema\/person\/fe199eede04c3937362892b7444747cc","name":"US6","image":{"@type":"ImageObject","inLanguage":"en-US","@id":"https:\/\/veritasinfo.org\/#\/schema\/person\/image\/","url":"https:\/\/secure.gravatar.com\/avatar\/cb16c3c31c9d23b9b8c705964598220b3014e42ff51eb540ff23cefa3ae8c15f?s=96&d=mm&r=g","contentUrl":"https:\/\/secure.gravatar.com\/avatar\/cb16c3c31c9d23b9b8c705964598220b3014e42ff51eb540ff23cefa3ae8c15f?s=96&d=mm&r=g","caption":"US6"},"url":"https:\/\/veritasinfo.org\/?author=7"}]}},"featured_image_urls":{"full":["https:\/\/veritasinfo.org\/wp-content\/uploads\/2026\/02\/1-142.jpg",646,418,false],"thumbnail":["https:\/\/veritasinfo.org\/wp-content\/uploads\/2026\/02\/1-142-150x150.jpg",150,150,true],"medium":["https:\/\/veritasinfo.org\/wp-content\/uploads\/2026\/02\/1-142-300x194.jpg",300,194,true],"medium_large":["https:\/\/veritasinfo.org\/wp-content\/uploads\/2026\/02\/1-142.jpg",640,414,false],"large":["https:\/\/veritasinfo.org\/wp-content\/uploads\/2026\/02\/1-142.jpg",640,414,false],"1536x1536":["https:\/\/veritasinfo.org\/wp-content\/uploads\/2026\/02\/1-142.jpg",646,418,false],"2048x2048":["https:\/\/veritasinfo.org\/wp-content\/uploads\/2026\/02\/1-142.jpg",646,418,false],"kreeti-slider-full":["https:\/\/veritasinfo.org\/wp-content\/uploads\/2026\/02\/1-142.jpg",646,418,false],"kreeti-featured":["https:\/\/veritasinfo.org\/wp-content\/uploads\/2026\/02\/1-142.jpg",646,418,false],"kreeti-medium":["https:\/\/veritasinfo.org\/wp-content\/uploads\/2026\/02\/1-142.jpg",646,418,false],"kreeti-medium-square":["https:\/\/veritasinfo.org\/wp-content\/uploads\/2026\/02\/1-142.jpg",350,226,false]},"author_info":{"info":["US6"]},"category_info":"<a href=\"https:\/\/veritasinfo.org\/?cat=58\" rel=\"category\">Politik\u00eb<\/a>","tag_info":"Politik\u00eb","comment_count":"0","_links":{"self":[{"href":"https:\/\/veritasinfo.org\/index.php?rest_route=\/wp\/v2\/posts\/34496","targetHints":{"allow":["GET"]}}],"collection":[{"href":"https:\/\/veritasinfo.org\/index.php?rest_route=\/wp\/v2\/posts"}],"about":[{"href":"https:\/\/veritasinfo.org\/index.php?rest_route=\/wp\/v2\/types\/post"}],"author":[{"embeddable":true,"href":"https:\/\/veritasinfo.org\/index.php?rest_route=\/wp\/v2\/users\/7"}],"replies":[{"embeddable":true,"href":"https:\/\/veritasinfo.org\/index.php?rest_route=%2Fwp%2Fv2%2Fcomments&post=34496"}],"version-history":[{"count":1,"href":"https:\/\/veritasinfo.org\/index.php?rest_route=\/wp\/v2\/posts\/34496\/revisions"}],"predecessor-version":[{"id":34498,"href":"https:\/\/veritasinfo.org\/index.php?rest_route=\/wp\/v2\/posts\/34496\/revisions\/34498"}],"wp:featuredmedia":[{"embeddable":true,"href":"https:\/\/veritasinfo.org\/index.php?rest_route=\/wp\/v2\/media\/34497"}],"wp:attachment":[{"href":"https:\/\/veritasinfo.org\/index.php?rest_route=%2Fwp%2Fv2%2Fmedia&parent=34496"}],"wp:term":[{"taxonomy":"category","embeddable":true,"href":"https:\/\/veritasinfo.org\/index.php?rest_route=%2Fwp%2Fv2%2Fcategories&post=34496"},{"taxonomy":"post_tag","embeddable":true,"href":"https:\/\/veritasinfo.org\/index.php?rest_route=%2Fwp%2Fv2%2Ftags&post=34496"}],"curies":[{"name":"wp","href":"https:\/\/api.w.org\/{rel}","templated":true}]}}