{"id":34489,"date":"2026-02-24T20:51:54","date_gmt":"2026-02-24T19:51:54","guid":{"rendered":"https:\/\/veritasinfo.org\/?p=34489"},"modified":"2026-02-24T20:51:54","modified_gmt":"2026-02-24T19:51:54","slug":"konjufca-dhe-meinl-reisinger-flasin-per-marredheniet-bilaterale-kosove-austri","status":"publish","type":"post","link":"https:\/\/veritasinfo.org\/?p=34489","title":{"rendered":"Konjufca dhe Meinl-Reisinger flasin p\u00ebr marr\u00ebdh\u00ebniet bilaterale Kosov\u00eb-Austri"},"content":{"rendered":"<p>Prishtin\u00eb, 24 shkurt 2026 20:51<\/p>\n<p>Ministri i Pun\u00ebve t\u00eb Jashtme dhe Diaspor\u00ebs, Glauk Konjufca, zhvilloi sot n\u00eb Vjen\u00eb nj\u00eb takim me ministren Federale p\u00ebr \u00c7\u00ebshtje Evropiane dhe Nd\u00ebrkomb\u00ebtare t\u00eb Austris\u00eb, Beate Meinl-Reisinger.<\/p>\n<p>Gjat\u00eb takimit u diskutua p\u00ebr thellimin e marr\u00ebdh\u00ebnieve bilaterale nd\u00ebrmjet Republik\u00ebs s\u00eb Kosov\u00ebs dhe Austris\u00eb, avancimin e integrimit evropian t\u00eb Kosov\u00ebs, si dhe bashk\u00ebpunimin n\u00eb funksion t\u00eb stabilitetit rajonal.<\/p>\n<p>Z\u00ebvend\u00ebskryeministri Konjufca e falenderoi ministren Meinl-Reisinger p\u00ebr kontributin e hersh\u00ebm dhe t\u00eb vazhduesh\u00ebm t\u00eb Austris\u00eb ndaj Kosov\u00ebs n\u00eb t\u00eb gjitha fazat e shtetnd\u00ebrtimit dhe konsolidimit nd\u00ebrkomb\u00ebtar.<\/p>\n<p>Ai theksoi r\u00ebnd\u00ebsin\u00eb e mb\u00ebshtetjes s\u00eb Austris\u00eb p\u00ebr pranimin e aplikimit t\u00eb Kosov\u00ebs p\u00ebr an\u00ebtar\u00ebsim n\u00eb Bashkimin Evropian, dh\u00ebnien e statusit t\u00eb vendit kandidat, dhe hapjen sa m\u00eb t\u00eb shpejt\u00eb t\u00eb negociatave p\u00ebr an\u00ebtar\u00ebsim.<\/p>\n<div class=\"code-block code-block-7\"><ins id=\"revive-0-5\" data-revive-zoneid=\"218\" data-revive-id=\"6d10792d7a3e9a00328e01545b0215e5\" data-revive-seq=\"5\" data-revive-loaded=\"1\"><\/p>\n<div id=\"beacon_fa92c33905\">Austria mbetet nj\u00eb nga partner\u00ebt m\u00eb t\u00eb af\u00ebrt dhe m\u00eb t\u00eb q\u00ebndruesh\u00ebm t\u00eb Republik\u00ebs s\u00eb Kosov\u00ebs n\u00eb rrug\u00ebn e saj evropiane.<\/div>\n<p><\/ins><\/div>\n","protected":false},"excerpt":{"rendered":"<p>Prishtin\u00eb, 24 shkurt 2026 20:51 Ministri i Pun\u00ebve t\u00eb Jashtme dhe Diaspor\u00ebs, Glauk Konjufca, zhvilloi sot n\u00eb Vjen\u00eb nj\u00eb takim me ministren Federale p\u00ebr \u00c7\u00ebshtje<\/p>\n","protected":false},"author":7,"featured_media":34490,"comment_status":"open","ping_status":"open","sticky":false,"template":"","format":"standard","meta":{"footnotes":""},"categories":[58],"tags":[],"class_list":["post-34489","post","type-post","status-publish","format-standard","has-post-thumbnail","hentry","category-politike-sq"],"yoast_head":"<!-- This site is optimized with the Yoast SEO plugin v25.3.1 - https:\/\/yoast.com\/wordpress\/plugins\/seo\/ -->\n<title>Konjufca dhe Meinl-Reisinger flasin p\u00ebr marr\u00ebdh\u00ebniet bilaterale Kosov\u00eb-Austri -<\/title>\n<meta name=\"robots\" content=\"index, follow, max-snippet:-1, max-image-preview:large, max-video-preview:-1\" \/>\n<link rel=\"canonical\" href=\"https:\/\/veritasinfo.org\/?p=34489\" \/>\n<meta property=\"og:locale\" content=\"en_US\" \/>\n<meta property=\"og:type\" content=\"article\" \/>\n<meta property=\"og:title\" content=\"Konjufca dhe Meinl-Reisinger flasin p\u00ebr marr\u00ebdh\u00ebniet bilaterale Kosov\u00eb-Austri -\" \/>\n<meta property=\"og:description\" content=\"Prishtin\u00eb, 24 shkurt 2026 20:51 Ministri i Pun\u00ebve t\u00eb Jashtme dhe Diaspor\u00ebs, Glauk Konjufca, zhvilloi sot n\u00eb Vjen\u00eb nj\u00eb takim me ministren Federale p\u00ebr \u00c7\u00ebshtje\" \/>\n<meta property=\"og:url\" content=\"https:\/\/veritasinfo.org\/?p=34489\" \/>\n<meta property=\"article:published_time\" content=\"2026-02-24T19:51:54+00:00\" \/>\n<meta property=\"og:image\" content=\"https:\/\/veritasinfo.org\/wp-content\/uploads\/2026\/02\/1-140.jpg\" \/>\n\t<meta property=\"og:image:width\" content=\"648\" \/>\n\t<meta property=\"og:image:height\" content=\"382\" \/>\n\t<meta property=\"og:image:type\" content=\"image\/jpeg\" \/>\n<meta name=\"author\" content=\"US6\" \/>\n<meta name=\"twitter:card\" content=\"summary_large_image\" \/>\n<meta name=\"twitter:label1\" content=\"Written by\" \/>\n\t<meta name=\"twitter:data1\" content=\"US6\" \/>\n\t<meta name=\"twitter:label2\" content=\"Est. reading time\" \/>\n\t<meta name=\"twitter:data2\" content=\"1 minute\" \/>\n<script type=\"application\/ld+json\" class=\"yoast-schema-graph\">{\"@context\":\"https:\/\/schema.org\",\"@graph\":[{\"@type\":\"WebPage\",\"@id\":\"https:\/\/veritasinfo.org\/?p=34489\",\"url\":\"https:\/\/veritasinfo.org\/?p=34489\",\"name\":\"Konjufca dhe Meinl-Reisinger flasin p\u00ebr marr\u00ebdh\u00ebniet bilaterale Kosov\u00eb-Austri -\",\"isPartOf\":{\"@id\":\"https:\/\/veritasinfo.org\/#website\"},\"primaryImageOfPage\":{\"@id\":\"https:\/\/veritasinfo.org\/?p=34489#primaryimage\"},\"image\":{\"@id\":\"https:\/\/veritasinfo.org\/?p=34489#primaryimage\"},\"thumbnailUrl\":\"https:\/\/veritasinfo.org\/wp-content\/uploads\/2026\/02\/1-140.jpg\",\"datePublished\":\"2026-02-24T19:51:54+00:00\",\"author\":{\"@id\":\"https:\/\/veritasinfo.org\/#\/schema\/person\/fe199eede04c3937362892b7444747cc\"},\"breadcrumb\":{\"@id\":\"https:\/\/veritasinfo.org\/?p=34489#breadcrumb\"},\"inLanguage\":\"en-US\",\"potentialAction\":[{\"@type\":\"ReadAction\",\"target\":[\"https:\/\/veritasinfo.org\/?p=34489\"]}]},{\"@type\":\"ImageObject\",\"inLanguage\":\"en-US\",\"@id\":\"https:\/\/veritasinfo.org\/?p=34489#primaryimage\",\"url\":\"https:\/\/veritasinfo.org\/wp-content\/uploads\/2026\/02\/1-140.jpg\",\"contentUrl\":\"https:\/\/veritasinfo.org\/wp-content\/uploads\/2026\/02\/1-140.jpg\",\"width\":648,\"height\":382},{\"@type\":\"BreadcrumbList\",\"@id\":\"https:\/\/veritasinfo.org\/?p=34489#breadcrumb\",\"itemListElement\":[{\"@type\":\"ListItem\",\"position\":1,\"name\":\"Home\",\"item\":\"https:\/\/veritasinfo.org\/\"},{\"@type\":\"ListItem\",\"position\":2,\"name\":\"Konjufca dhe Meinl-Reisinger flasin p\u00ebr marr\u00ebdh\u00ebniet bilaterale Kosov\u00eb-Austri\"}]},{\"@type\":\"WebSite\",\"@id\":\"https:\/\/veritasinfo.org\/#website\",\"url\":\"https:\/\/veritasinfo.org\/\",\"name\":\"\",\"description\":\"\",\"potentialAction\":[{\"@type\":\"SearchAction\",\"target\":{\"@type\":\"EntryPoint\",\"urlTemplate\":\"https:\/\/veritasinfo.org\/?s={search_term_string}\"},\"query-input\":{\"@type\":\"PropertyValueSpecification\",\"valueRequired\":true,\"valueName\":\"search_term_string\"}}],\"inLanguage\":\"en-US\"},{\"@type\":\"Person\",\"@id\":\"https:\/\/veritasinfo.org\/#\/schema\/person\/fe199eede04c3937362892b7444747cc\",\"name\":\"US6\",\"image\":{\"@type\":\"ImageObject\",\"inLanguage\":\"en-US\",\"@id\":\"https:\/\/veritasinfo.org\/#\/schema\/person\/image\/\",\"url\":\"https:\/\/secure.gravatar.com\/avatar\/cb16c3c31c9d23b9b8c705964598220b3014e42ff51eb540ff23cefa3ae8c15f?s=96&d=mm&r=g\",\"contentUrl\":\"https:\/\/secure.gravatar.com\/avatar\/cb16c3c31c9d23b9b8c705964598220b3014e42ff51eb540ff23cefa3ae8c15f?s=96&d=mm&r=g\",\"caption\":\"US6\"},\"url\":\"https:\/\/veritasinfo.org\/?author=7\"}]}<\/script>\n<!-- \/ Yoast SEO plugin. -->","yoast_head_json":{"title":"Konjufca dhe Meinl-Reisinger flasin p\u00ebr marr\u00ebdh\u00ebniet bilaterale Kosov\u00eb-Austri -","robots":{"index":"index","follow":"follow","max-snippet":"max-snippet:-1","max-image-preview":"max-image-preview:large","max-video-preview":"max-video-preview:-1"},"canonical":"https:\/\/veritasinfo.org\/?p=34489","og_locale":"en_US","og_type":"article","og_title":"Konjufca dhe Meinl-Reisinger flasin p\u00ebr marr\u00ebdh\u00ebniet bilaterale Kosov\u00eb-Austri -","og_description":"Prishtin\u00eb, 24 shkurt 2026 20:51 Ministri i Pun\u00ebve t\u00eb Jashtme dhe Diaspor\u00ebs, Glauk Konjufca, zhvilloi sot n\u00eb Vjen\u00eb nj\u00eb takim me ministren Federale p\u00ebr \u00c7\u00ebshtje","og_url":"https:\/\/veritasinfo.org\/?p=34489","article_published_time":"2026-02-24T19:51:54+00:00","og_image":[{"width":648,"height":382,"url":"https:\/\/veritasinfo.org\/wp-content\/uploads\/2026\/02\/1-140.jpg","type":"image\/jpeg"}],"author":"US6","twitter_card":"summary_large_image","twitter_misc":{"Written by":"US6","Est. reading time":"1 minute"},"schema":{"@context":"https:\/\/schema.org","@graph":[{"@type":"WebPage","@id":"https:\/\/veritasinfo.org\/?p=34489","url":"https:\/\/veritasinfo.org\/?p=34489","name":"Konjufca dhe Meinl-Reisinger flasin p\u00ebr marr\u00ebdh\u00ebniet bilaterale Kosov\u00eb-Austri -","isPartOf":{"@id":"https:\/\/veritasinfo.org\/#website"},"primaryImageOfPage":{"@id":"https:\/\/veritasinfo.org\/?p=34489#primaryimage"},"image":{"@id":"https:\/\/veritasinfo.org\/?p=34489#primaryimage"},"thumbnailUrl":"https:\/\/veritasinfo.org\/wp-content\/uploads\/2026\/02\/1-140.jpg","datePublished":"2026-02-24T19:51:54+00:00","author":{"@id":"https:\/\/veritasinfo.org\/#\/schema\/person\/fe199eede04c3937362892b7444747cc"},"breadcrumb":{"@id":"https:\/\/veritasinfo.org\/?p=34489#breadcrumb"},"inLanguage":"en-US","potentialAction":[{"@type":"ReadAction","target":["https:\/\/veritasinfo.org\/?p=34489"]}]},{"@type":"ImageObject","inLanguage":"en-US","@id":"https:\/\/veritasinfo.org\/?p=34489#primaryimage","url":"https:\/\/veritasinfo.org\/wp-content\/uploads\/2026\/02\/1-140.jpg","contentUrl":"https:\/\/veritasinfo.org\/wp-content\/uploads\/2026\/02\/1-140.jpg","width":648,"height":382},{"@type":"BreadcrumbList","@id":"https:\/\/veritasinfo.org\/?p=34489#breadcrumb","itemListElement":[{"@type":"ListItem","position":1,"name":"Home","item":"https:\/\/veritasinfo.org\/"},{"@type":"ListItem","position":2,"name":"Konjufca dhe Meinl-Reisinger flasin p\u00ebr marr\u00ebdh\u00ebniet bilaterale Kosov\u00eb-Austri"}]},{"@type":"WebSite","@id":"https:\/\/veritasinfo.org\/#website","url":"https:\/\/veritasinfo.org\/","name":"","description":"","potentialAction":[{"@type":"SearchAction","target":{"@type":"EntryPoint","urlTemplate":"https:\/\/veritasinfo.org\/?s={search_term_string}"},"query-input":{"@type":"PropertyValueSpecification","valueRequired":true,"valueName":"search_term_string"}}],"inLanguage":"en-US"},{"@type":"Person","@id":"https:\/\/veritasinfo.org\/#\/schema\/person\/fe199eede04c3937362892b7444747cc","name":"US6","image":{"@type":"ImageObject","inLanguage":"en-US","@id":"https:\/\/veritasinfo.org\/#\/schema\/person\/image\/","url":"https:\/\/secure.gravatar.com\/avatar\/cb16c3c31c9d23b9b8c705964598220b3014e42ff51eb540ff23cefa3ae8c15f?s=96&d=mm&r=g","contentUrl":"https:\/\/secure.gravatar.com\/avatar\/cb16c3c31c9d23b9b8c705964598220b3014e42ff51eb540ff23cefa3ae8c15f?s=96&d=mm&r=g","caption":"US6"},"url":"https:\/\/veritasinfo.org\/?author=7"}]}},"featured_image_urls":{"full":["https:\/\/veritasinfo.org\/wp-content\/uploads\/2026\/02\/1-140.jpg",648,382,false],"thumbnail":["https:\/\/veritasinfo.org\/wp-content\/uploads\/2026\/02\/1-140-150x150.jpg",150,150,true],"medium":["https:\/\/veritasinfo.org\/wp-content\/uploads\/2026\/02\/1-140-300x177.jpg",300,177,true],"medium_large":["https:\/\/veritasinfo.org\/wp-content\/uploads\/2026\/02\/1-140.jpg",640,377,false],"large":["https:\/\/veritasinfo.org\/wp-content\/uploads\/2026\/02\/1-140.jpg",640,377,false],"1536x1536":["https:\/\/veritasinfo.org\/wp-content\/uploads\/2026\/02\/1-140.jpg",648,382,false],"2048x2048":["https:\/\/veritasinfo.org\/wp-content\/uploads\/2026\/02\/1-140.jpg",648,382,false],"kreeti-slider-full":["https:\/\/veritasinfo.org\/wp-content\/uploads\/2026\/02\/1-140.jpg",648,382,false],"kreeti-featured":["https:\/\/veritasinfo.org\/wp-content\/uploads\/2026\/02\/1-140.jpg",648,382,false],"kreeti-medium":["https:\/\/veritasinfo.org\/wp-content\/uploads\/2026\/02\/1-140.jpg",648,382,false],"kreeti-medium-square":["https:\/\/veritasinfo.org\/wp-content\/uploads\/2026\/02\/1-140.jpg",350,206,false]},"author_info":{"info":["US6"]},"category_info":"<a href=\"https:\/\/veritasinfo.org\/?cat=58\" rel=\"category\">Politik\u00eb<\/a>","tag_info":"Politik\u00eb","comment_count":"0","_links":{"self":[{"href":"https:\/\/veritasinfo.org\/index.php?rest_route=\/wp\/v2\/posts\/34489","targetHints":{"allow":["GET"]}}],"collection":[{"href":"https:\/\/veritasinfo.org\/index.php?rest_route=\/wp\/v2\/posts"}],"about":[{"href":"https:\/\/veritasinfo.org\/index.php?rest_route=\/wp\/v2\/types\/post"}],"author":[{"embeddable":true,"href":"https:\/\/veritasinfo.org\/index.php?rest_route=\/wp\/v2\/users\/7"}],"replies":[{"embeddable":true,"href":"https:\/\/veritasinfo.org\/index.php?rest_route=%2Fwp%2Fv2%2Fcomments&post=34489"}],"version-history":[{"count":1,"href":"https:\/\/veritasinfo.org\/index.php?rest_route=\/wp\/v2\/posts\/34489\/revisions"}],"predecessor-version":[{"id":34491,"href":"https:\/\/veritasinfo.org\/index.php?rest_route=\/wp\/v2\/posts\/34489\/revisions\/34491"}],"wp:featuredmedia":[{"embeddable":true,"href":"https:\/\/veritasinfo.org\/index.php?rest_route=\/wp\/v2\/media\/34490"}],"wp:attachment":[{"href":"https:\/\/veritasinfo.org\/index.php?rest_route=%2Fwp%2Fv2%2Fmedia&parent=34489"}],"wp:term":[{"taxonomy":"category","embeddable":true,"href":"https:\/\/veritasinfo.org\/index.php?rest_route=%2Fwp%2Fv2%2Fcategories&post=34489"},{"taxonomy":"post_tag","embeddable":true,"href":"https:\/\/veritasinfo.org\/index.php?rest_route=%2Fwp%2Fv2%2Ftags&post=34489"}],"curies":[{"name":"wp","href":"https:\/\/api.w.org\/{rel}","templated":true}]}}