{"id":3445,"date":"2025-07-11T13:18:13","date_gmt":"2025-07-11T11:18:13","guid":{"rendered":"https:\/\/veritasinfo.org\/?p=3445"},"modified":"2025-07-11T13:18:13","modified_gmt":"2025-07-11T11:18:13","slug":"protestat-e-guximshme-ne-serbi-dhe-krimet-e-varrosura","status":"publish","type":"post","link":"https:\/\/veritasinfo.org\/?p=3445","title":{"rendered":"Protestat e guximshme n\u00eb Serbi dhe krimet e varrosura"},"content":{"rendered":"<p>Beograd, 11 Korrik 2025<\/p>\n<h2>Student\u00ebt e guximsh\u00ebm q\u00eb protestojn\u00eb n\u00eb Beograd dhe qytete t\u00eb tjera mund t\u00eb mos mbajn\u00eb pankarta p\u00ebr Srebrenic\u00ebn ose p\u00ebr varrezat masive t\u00eb fshehura n\u00ebn tok\u00ebn serbe. Por revolta e tyre lidhet me t\u00eb nj\u00ebjt\u00ebn t\u00eb v\u00ebrtet\u00eb: nj\u00eb shtet q\u00eb mbron rrethin e ngusht\u00eb politik \u00ebsht\u00eb i nj\u00ebjti shtet q\u00eb mbron kriminel\u00ebt e luft\u00ebs.<\/h2>\n<div class=\"instream-video\"><\/div>\n<p><strong>Fred Abrahams<\/strong><\/p>\n<p>Prej muajsh tashm\u00eb, student\u00ebt serb\u00eb kan\u00eb sfiduar k\u00ebrc\u00ebnimet dhe arrestimet p\u00ebr t\u00eb mbushur rrug\u00ebt e vendit me protesta energjike. K\u00ebrkesat e tyre jan\u00eb t\u00eb qarta: fundi i korrupsionit, abuzimit me pushtetin dhe sundimit t\u00eb gjat\u00eb t\u00eb presidentit Aleksandar Vu\u00e7iq. Ata duan qeverisje transparente, media t\u00eb lira dhe gjykata q\u00eb zbatojn\u00eb ligjin n\u00eb vend q\u00eb t\u2019u sh\u00ebrbejn\u00eb udh\u00ebheq\u00ebsve.<\/p>\n<p>Sfida tani \u00ebsht\u00eb: si t\u00eb nd\u00ebrtohet nj\u00eb e ardhme m\u00eb e ndritur pa u p\u00ebrballur haptazi me t\u00eb kaluar\u00ebn e err\u00ebt t\u00eb Serbis\u00eb \u2014 dhe si t\u00eb lidhet lufta p\u00ebr drejt\u00ebsi n\u00eb vend me p\u00ebrgjegj\u00ebsin\u00eb p\u00ebr abuzimet q\u00eb kan\u00eb tejkaluar kufij dhe breza.<\/p>\n<p>Kjo lidhje del n\u00eb pah sot, nd\u00ebrsa Bosnja dhe Hercegovina sh\u00ebnon 30-vjetorin e gjenocidit n\u00eb Srebrenic\u00eb. N\u00eb k\u00ebt\u00eb p\u00ebrvjetor t\u00eb dhimbsh\u00ebm, t\u00eb mbijetuarit dhe familjar\u00ebt, s\u00eb bashku me shum\u00eb njer\u00ebz n\u00eb mbar\u00eb bot\u00ebn, kujtojn\u00eb s\u00ebrish se si forcat serbe t\u00eb Bosnj\u00ebs masakruan mbi 8,000 burra dhe djem mysliman\u00eb boshnjak\u00eb \u2014 mizoria m\u00eb e r\u00ebnd\u00eb n\u00eb Evrop\u00eb q\u00eb nga Lufta e Dyt\u00eb Bot\u00ebrore.<\/p>\n<p>Qeveria e Vu\u00e7iqit vazhdon ta mohoj\u00eb rolin e Serbis\u00eb n\u00eb ndihm\u00ebn dhe mb\u00ebshtetjen e k\u00ebtij krimi. Nd\u00ebrsa, l\u00ebvizja demokratike e udh\u00ebhequr nga student\u00ebt ende p\u00ebrballet me pyetjen se si, ose n\u00ebse, duhet t\u00eb ballafaqohet me k\u00ebt\u00eb trash\u00ebgimi t\u00eb r\u00ebnd\u00eb.<\/p>\n<p>Disa kritik\u00eb akuzojn\u00eb student\u00ebt p\u00ebr shmangie t\u00eb q\u00ebllimshme t\u00eb k\u00ebsaj historie, p\u00ebr t\u00eb qet\u00ebsuar ose k\u00ebnaqur rrymat nacionaliste. T\u00eb tjer\u00eb thon\u00eb se \u00ebsht\u00eb e padrejt\u00eb t\u00eb pritet nga t\u00eb rinjt\u00eb \u2014 shum\u00eb prej t\u00eb cil\u00ebve nuk kishin lindur akoma n\u00eb at\u00eb koh\u00eb \u2014 t\u00eb mbajn\u00eb p\u00ebrgjegj\u00ebsi p\u00ebr krime t\u00eb kryera disa dekada m\u00eb par\u00eb.<\/p>\n<p>Por cilado qoft\u00eb pik\u00ebpamja, lidhja nuk mund t\u00eb injorohet: nj\u00eb shoq\u00ebri m\u00eb demokratike, e nd\u00ebrtuar mbi parimin e sundimit t\u00eb ligjit, do t\u00eb ket\u00eb themele t\u00eb dob\u00ebta pa nj\u00eb p\u00ebrballje t\u00eb sinqert\u00eb me krimet e s\u00eb kaluar\u00ebs.<\/p>\n<p>Merrni rastin e fundit t\u00eb Vlastimir Gjorgjeviq, i cili drejtoi policin\u00eb e Serbis\u00eb gjat\u00eb sundimit t\u00eb Sllobodan Millosheviqit dhe luft\u00ebs s\u00eb Kosov\u00ebs m\u00eb 1998\u201399. Muajin e kaluar, Gjorgjeviq u kthye n\u00eb atdhe pasi p\u00ebrfundoi nj\u00eb d\u00ebnim 18-vje\u00e7ar t\u00eb caktuar nga tribunali i Kombeve t\u00eb Bashkuara p\u00ebr krime lufte dhe krime kund\u00ebr njer\u00ebzimit.<\/p>\n<p>Vet\u00ebm disa dit\u00eb pas lirimit, ai u shfaq krenar gjat\u00eb ceremonis\u00eb p\u00ebr riem\u00ebrtimin e nj\u00eb rruge n\u00eb nder t\u00eb nj\u00ebsive speciale t\u00eb policis\u00eb q\u00eb ai dikur i komandonte \u2014 forca p\u00ebrgjegj\u00ebse p\u00ebr tortura, vrasje masive, dhun\u00eb seksuale dhe zhdukjen e afro 1,000 trupave p\u00ebr t\u00eb fshehur provat.<\/p>\n<p>K\u00ebto mbetje, t\u00eb hedhura n\u00eb varreza masive n\u00eb komplekset e policis\u00eb dhe vende t\u00eb tjera n\u00eb mbar\u00eb Serbin\u00eb, nuk jan\u00eb zbuluar ende plot\u00ebsisht.<\/p>\n<p>Mir\u00ebpritja e tij nuk ishte rast\u00ebsi. Zyrtar\u00eb t\u00eb tjer\u00eb t\u00eb lart\u00eb, t\u00eb d\u00ebnuar nga tribunali i OKB-s\u00eb, jan\u00eb kthyer n\u00eb sht\u00ebpi me duartrokitje. Ata flasin n\u00eb tubime publike, shfaqen n\u00eb televizionin shtet\u00ebror dhe mohojn\u00eb krimet p\u00ebr t\u00eb cilat jan\u00eb d\u00ebnuar \u2014 teksa gjyqet p\u00ebr krime t\u00eb luft\u00ebs n\u00eb vendin e tyre kan\u00eb stagnuar dhe t\u00eb dyshuarit e nivelit t\u00eb lart\u00eb mbeten t\u00eb paprekur.<\/p>\n<p>Student\u00ebt e guximsh\u00ebm q\u00eb protestojn\u00eb n\u00eb Beograd dhe qytete t\u00eb tjera mund t\u00eb mos mbajn\u00eb pankarta p\u00ebr Srebrenic\u00ebn ose p\u00ebr varrezat masive t\u00eb fshehura n\u00ebn tok\u00ebn serbe.<\/p>\n<p>Por revolta e tyre lidhet me t\u00eb nj\u00ebjt\u00ebn t\u00eb v\u00ebrtet\u00eb: nj\u00eb shtet q\u00eb mbron rrethin e ngusht\u00eb politik \u00ebsht\u00eb i nj\u00ebjti shtet q\u00eb mbron kriminel\u00ebt e luft\u00ebs. Nj\u00eb qeveri q\u00eb varros t\u00eb v\u00ebrtet\u00ebn p\u00ebr t\u00eb kaluar\u00ebn nuk mund t\u00eb besohet se do t\u00eb sjell\u00eb drejt\u00ebsi t\u00eb v\u00ebrtet\u00eb, transparenc\u00eb dhe demokraci t\u00eb mir\u00ebfillt\u00eb.<\/p>\n<p><i>* Fred Abrahams raportoi p\u00ebr Ballkanin n\u00eb kuad\u00ebr t\u00eb organizat\u00ebs nd\u00ebrkomb\u00ebtare jo-qeveritare \u00a0\u201cHuman Rights Watch\u201d nga viti 1993 deri m\u00eb 2000. Ai d\u00ebshmoi n\u00eb gjyqet p\u00ebr krimet e luft\u00ebs kund\u00ebr Sllobodan Millosheviqit, Vlastimir Gjorgjeviq dhe lider\u00ebve t\u00eb m\u00ebhersh\u00ebm serb\u00eb.<\/i><br \/>\n&nbsp;<\/p>\n","protected":false},"excerpt":{"rendered":"<p>Beograd, 11 Korrik 2025 Student\u00ebt e guximsh\u00ebm q\u00eb protestojn\u00eb n\u00eb Beograd dhe qytete t\u00eb tjera mund t\u00eb mos mbajn\u00eb pankarta p\u00ebr Srebrenic\u00ebn ose p\u00ebr varrezat<\/p>\n","protected":false},"author":1,"featured_media":3446,"comment_status":"open","ping_status":"open","sticky":false,"template":"","format":"standard","meta":{"footnotes":""},"categories":[60],"tags":[],"class_list":["post-3445","post","type-post","status-publish","format-standard","has-post-thumbnail","hentry","category-shoqerore-sq"],"yoast_head":"<!-- This site is optimized with the Yoast SEO plugin v25.3.1 - https:\/\/yoast.com\/wordpress\/plugins\/seo\/ -->\n<title>Protestat e guximshme n\u00eb Serbi dhe krimet e varrosura -<\/title>\n<meta name=\"robots\" content=\"index, follow, max-snippet:-1, max-image-preview:large, max-video-preview:-1\" \/>\n<link rel=\"canonical\" href=\"https:\/\/veritasinfo.org\/?p=3445\" \/>\n<meta property=\"og:locale\" content=\"en_US\" \/>\n<meta property=\"og:type\" content=\"article\" \/>\n<meta property=\"og:title\" content=\"Protestat e guximshme n\u00eb Serbi dhe krimet e varrosura -\" \/>\n<meta property=\"og:description\" content=\"Beograd, 11 Korrik 2025 Student\u00ebt e guximsh\u00ebm q\u00eb protestojn\u00eb n\u00eb Beograd dhe qytete t\u00eb tjera mund t\u00eb mos mbajn\u00eb pankarta p\u00ebr Srebrenic\u00ebn ose p\u00ebr varrezat\" \/>\n<meta property=\"og:url\" content=\"https:\/\/veritasinfo.org\/?p=3445\" \/>\n<meta property=\"article:published_time\" content=\"2025-07-11T11:18:13+00:00\" \/>\n<meta property=\"og:image\" content=\"https:\/\/veritasinfo.org\/wp-content\/uploads\/2025\/07\/IMG_1866.webp\" \/>\n\t<meta property=\"og:image:width\" content=\"300\" \/>\n\t<meta property=\"og:image:height\" content=\"300\" \/>\n\t<meta property=\"og:image:type\" content=\"image\/webp\" \/>\n<meta name=\"author\" content=\"admin\" \/>\n<meta name=\"twitter:card\" content=\"summary_large_image\" \/>\n<meta name=\"twitter:label1\" content=\"Written by\" \/>\n\t<meta name=\"twitter:data1\" content=\"admin\" \/>\n\t<meta name=\"twitter:label2\" content=\"Est. reading time\" \/>\n\t<meta name=\"twitter:data2\" content=\"4 minutes\" \/>\n<script type=\"application\/ld+json\" class=\"yoast-schema-graph\">{\"@context\":\"https:\/\/schema.org\",\"@graph\":[{\"@type\":\"WebPage\",\"@id\":\"https:\/\/veritasinfo.org\/?p=3445\",\"url\":\"https:\/\/veritasinfo.org\/?p=3445\",\"name\":\"Protestat e guximshme n\u00eb Serbi dhe krimet e varrosura -\",\"isPartOf\":{\"@id\":\"https:\/\/veritasinfo.org\/#website\"},\"primaryImageOfPage\":{\"@id\":\"https:\/\/veritasinfo.org\/?p=3445#primaryimage\"},\"image\":{\"@id\":\"https:\/\/veritasinfo.org\/?p=3445#primaryimage\"},\"thumbnailUrl\":\"https:\/\/veritasinfo.org\/wp-content\/uploads\/2025\/07\/IMG_1866.webp\",\"datePublished\":\"2025-07-11T11:18:13+00:00\",\"author\":{\"@id\":\"https:\/\/veritasinfo.org\/#\/schema\/person\/7701f8c088bece422266b100a712374f\"},\"breadcrumb\":{\"@id\":\"https:\/\/veritasinfo.org\/?p=3445#breadcrumb\"},\"inLanguage\":\"en-US\",\"potentialAction\":[{\"@type\":\"ReadAction\",\"target\":[\"https:\/\/veritasinfo.org\/?p=3445\"]}]},{\"@type\":\"ImageObject\",\"inLanguage\":\"en-US\",\"@id\":\"https:\/\/veritasinfo.org\/?p=3445#primaryimage\",\"url\":\"https:\/\/veritasinfo.org\/wp-content\/uploads\/2025\/07\/IMG_1866.webp\",\"contentUrl\":\"https:\/\/veritasinfo.org\/wp-content\/uploads\/2025\/07\/IMG_1866.webp\",\"width\":300,\"height\":300},{\"@type\":\"BreadcrumbList\",\"@id\":\"https:\/\/veritasinfo.org\/?p=3445#breadcrumb\",\"itemListElement\":[{\"@type\":\"ListItem\",\"position\":1,\"name\":\"Home\",\"item\":\"https:\/\/veritasinfo.org\/\"},{\"@type\":\"ListItem\",\"position\":2,\"name\":\"Protestat e guximshme n\u00eb Serbi dhe krimet e varrosura\"}]},{\"@type\":\"WebSite\",\"@id\":\"https:\/\/veritasinfo.org\/#website\",\"url\":\"https:\/\/veritasinfo.org\/\",\"name\":\"\",\"description\":\"\",\"potentialAction\":[{\"@type\":\"SearchAction\",\"target\":{\"@type\":\"EntryPoint\",\"urlTemplate\":\"https:\/\/veritasinfo.org\/?s={search_term_string}\"},\"query-input\":{\"@type\":\"PropertyValueSpecification\",\"valueRequired\":true,\"valueName\":\"search_term_string\"}}],\"inLanguage\":\"en-US\"},{\"@type\":\"Person\",\"@id\":\"https:\/\/veritasinfo.org\/#\/schema\/person\/7701f8c088bece422266b100a712374f\",\"name\":\"admin\",\"image\":{\"@type\":\"ImageObject\",\"inLanguage\":\"en-US\",\"@id\":\"https:\/\/veritasinfo.org\/#\/schema\/person\/image\/\",\"url\":\"https:\/\/secure.gravatar.com\/avatar\/ea53aa3bf6c9a12d5fde8ce4deff43fef3885ae33cf60184161a50d6987cfd2f?s=96&d=mm&r=g\",\"contentUrl\":\"https:\/\/secure.gravatar.com\/avatar\/ea53aa3bf6c9a12d5fde8ce4deff43fef3885ae33cf60184161a50d6987cfd2f?s=96&d=mm&r=g\",\"caption\":\"admin\"},\"sameAs\":[\"https:\/\/veritasinfo.org\"],\"url\":\"https:\/\/veritasinfo.org\/?author=1\"}]}<\/script>\n<!-- \/ Yoast SEO plugin. -->","yoast_head_json":{"title":"Protestat e guximshme n\u00eb Serbi dhe krimet e varrosura -","robots":{"index":"index","follow":"follow","max-snippet":"max-snippet:-1","max-image-preview":"max-image-preview:large","max-video-preview":"max-video-preview:-1"},"canonical":"https:\/\/veritasinfo.org\/?p=3445","og_locale":"en_US","og_type":"article","og_title":"Protestat e guximshme n\u00eb Serbi dhe krimet e varrosura -","og_description":"Beograd, 11 Korrik 2025 Student\u00ebt e guximsh\u00ebm q\u00eb protestojn\u00eb n\u00eb Beograd dhe qytete t\u00eb tjera mund t\u00eb mos mbajn\u00eb pankarta p\u00ebr Srebrenic\u00ebn ose p\u00ebr varrezat","og_url":"https:\/\/veritasinfo.org\/?p=3445","article_published_time":"2025-07-11T11:18:13+00:00","og_image":[{"width":300,"height":300,"url":"https:\/\/veritasinfo.org\/wp-content\/uploads\/2025\/07\/IMG_1866.webp","type":"image\/webp"}],"author":"admin","twitter_card":"summary_large_image","twitter_misc":{"Written by":"admin","Est. reading time":"4 minutes"},"schema":{"@context":"https:\/\/schema.org","@graph":[{"@type":"WebPage","@id":"https:\/\/veritasinfo.org\/?p=3445","url":"https:\/\/veritasinfo.org\/?p=3445","name":"Protestat e guximshme n\u00eb Serbi dhe krimet e varrosura -","isPartOf":{"@id":"https:\/\/veritasinfo.org\/#website"},"primaryImageOfPage":{"@id":"https:\/\/veritasinfo.org\/?p=3445#primaryimage"},"image":{"@id":"https:\/\/veritasinfo.org\/?p=3445#primaryimage"},"thumbnailUrl":"https:\/\/veritasinfo.org\/wp-content\/uploads\/2025\/07\/IMG_1866.webp","datePublished":"2025-07-11T11:18:13+00:00","author":{"@id":"https:\/\/veritasinfo.org\/#\/schema\/person\/7701f8c088bece422266b100a712374f"},"breadcrumb":{"@id":"https:\/\/veritasinfo.org\/?p=3445#breadcrumb"},"inLanguage":"en-US","potentialAction":[{"@type":"ReadAction","target":["https:\/\/veritasinfo.org\/?p=3445"]}]},{"@type":"ImageObject","inLanguage":"en-US","@id":"https:\/\/veritasinfo.org\/?p=3445#primaryimage","url":"https:\/\/veritasinfo.org\/wp-content\/uploads\/2025\/07\/IMG_1866.webp","contentUrl":"https:\/\/veritasinfo.org\/wp-content\/uploads\/2025\/07\/IMG_1866.webp","width":300,"height":300},{"@type":"BreadcrumbList","@id":"https:\/\/veritasinfo.org\/?p=3445#breadcrumb","itemListElement":[{"@type":"ListItem","position":1,"name":"Home","item":"https:\/\/veritasinfo.org\/"},{"@type":"ListItem","position":2,"name":"Protestat e guximshme n\u00eb Serbi dhe krimet e varrosura"}]},{"@type":"WebSite","@id":"https:\/\/veritasinfo.org\/#website","url":"https:\/\/veritasinfo.org\/","name":"","description":"","potentialAction":[{"@type":"SearchAction","target":{"@type":"EntryPoint","urlTemplate":"https:\/\/veritasinfo.org\/?s={search_term_string}"},"query-input":{"@type":"PropertyValueSpecification","valueRequired":true,"valueName":"search_term_string"}}],"inLanguage":"en-US"},{"@type":"Person","@id":"https:\/\/veritasinfo.org\/#\/schema\/person\/7701f8c088bece422266b100a712374f","name":"admin","image":{"@type":"ImageObject","inLanguage":"en-US","@id":"https:\/\/veritasinfo.org\/#\/schema\/person\/image\/","url":"https:\/\/secure.gravatar.com\/avatar\/ea53aa3bf6c9a12d5fde8ce4deff43fef3885ae33cf60184161a50d6987cfd2f?s=96&d=mm&r=g","contentUrl":"https:\/\/secure.gravatar.com\/avatar\/ea53aa3bf6c9a12d5fde8ce4deff43fef3885ae33cf60184161a50d6987cfd2f?s=96&d=mm&r=g","caption":"admin"},"sameAs":["https:\/\/veritasinfo.org"],"url":"https:\/\/veritasinfo.org\/?author=1"}]}},"featured_image_urls":{"full":["https:\/\/veritasinfo.org\/wp-content\/uploads\/2025\/07\/IMG_1866.webp",300,300,false],"thumbnail":["https:\/\/veritasinfo.org\/wp-content\/uploads\/2025\/07\/IMG_1866-150x150.webp",150,150,true],"medium":["https:\/\/veritasinfo.org\/wp-content\/uploads\/2025\/07\/IMG_1866.webp",300,300,false],"medium_large":["https:\/\/veritasinfo.org\/wp-content\/uploads\/2025\/07\/IMG_1866.webp",300,300,false],"large":["https:\/\/veritasinfo.org\/wp-content\/uploads\/2025\/07\/IMG_1866.webp",300,300,false],"1536x1536":["https:\/\/veritasinfo.org\/wp-content\/uploads\/2025\/07\/IMG_1866.webp",300,300,false],"2048x2048":["https:\/\/veritasinfo.org\/wp-content\/uploads\/2025\/07\/IMG_1866.webp",300,300,false],"kreeti-slider-full":["https:\/\/veritasinfo.org\/wp-content\/uploads\/2025\/07\/IMG_1866.webp",300,300,false],"kreeti-featured":["https:\/\/veritasinfo.org\/wp-content\/uploads\/2025\/07\/IMG_1866.webp",300,300,false],"kreeti-medium":["https:\/\/veritasinfo.org\/wp-content\/uploads\/2025\/07\/IMG_1866.webp",300,300,false],"kreeti-medium-square":["https:\/\/veritasinfo.org\/wp-content\/uploads\/2025\/07\/IMG_1866.webp",300,300,false]},"author_info":{"info":["admin"]},"category_info":"<a href=\"https:\/\/veritasinfo.org\/?cat=60\" rel=\"category\">Shoq\u00ebrore<\/a>","tag_info":"Shoq\u00ebrore","comment_count":"0","_links":{"self":[{"href":"https:\/\/veritasinfo.org\/index.php?rest_route=\/wp\/v2\/posts\/3445","targetHints":{"allow":["GET"]}}],"collection":[{"href":"https:\/\/veritasinfo.org\/index.php?rest_route=\/wp\/v2\/posts"}],"about":[{"href":"https:\/\/veritasinfo.org\/index.php?rest_route=\/wp\/v2\/types\/post"}],"author":[{"embeddable":true,"href":"https:\/\/veritasinfo.org\/index.php?rest_route=\/wp\/v2\/users\/1"}],"replies":[{"embeddable":true,"href":"https:\/\/veritasinfo.org\/index.php?rest_route=%2Fwp%2Fv2%2Fcomments&post=3445"}],"version-history":[{"count":1,"href":"https:\/\/veritasinfo.org\/index.php?rest_route=\/wp\/v2\/posts\/3445\/revisions"}],"predecessor-version":[{"id":3447,"href":"https:\/\/veritasinfo.org\/index.php?rest_route=\/wp\/v2\/posts\/3445\/revisions\/3447"}],"wp:featuredmedia":[{"embeddable":true,"href":"https:\/\/veritasinfo.org\/index.php?rest_route=\/wp\/v2\/media\/3446"}],"wp:attachment":[{"href":"https:\/\/veritasinfo.org\/index.php?rest_route=%2Fwp%2Fv2%2Fmedia&parent=3445"}],"wp:term":[{"taxonomy":"category","embeddable":true,"href":"https:\/\/veritasinfo.org\/index.php?rest_route=%2Fwp%2Fv2%2Fcategories&post=3445"},{"taxonomy":"post_tag","embeddable":true,"href":"https:\/\/veritasinfo.org\/index.php?rest_route=%2Fwp%2Fv2%2Ftags&post=3445"}],"curies":[{"name":"wp","href":"https:\/\/api.w.org\/{rel}","templated":true}]}}