{"id":34425,"date":"2026-02-24T13:28:24","date_gmt":"2026-02-24T12:28:24","guid":{"rendered":"https:\/\/veritasinfo.org\/?p=34425"},"modified":"2026-02-24T13:28:24","modified_gmt":"2026-02-24T12:28:24","slug":"kurti-takon-ambasadoren-jorezidente-te-kanadase-ia-rikonfirmon-mbeshtetjen-ndaj-kosoves","status":"publish","type":"post","link":"https:\/\/veritasinfo.org\/?p=34425","title":{"rendered":"Kurti takon ambasadoren jorezidente t\u00eb Kanadas\u00eb, ia rikonfirmon mb\u00ebshtetjen ndaj Kosov\u00ebs"},"content":{"rendered":"<p>Prishtin\u00eb 24 Shkurt 2026 13:27<\/p>\n<p>Albin Kurti priti n\u00eb takim ambasadoren jorezidente t\u00eb Kanadas\u00eb p\u00ebr Kosov\u00eb, Jessica Blitt, n\u00eb takimin e par\u00eb nd\u00ebrmjet tyre n\u00eb mandatin e ri qeveris\u00ebs.<\/p>\n<p>Ambasadorja Blitt e uroi Kurtin p\u00ebr mandatin e ri dhe riafirmoi mb\u00ebshtetjen e vazhdueshme t\u00eb Kanadas\u00eb p\u00ebr Kosov\u00ebn.<\/p>\n<p>Sipas ZKM-s\u00eb, Kryeministri fal\u00ebnderoi p\u00ebr bashk\u00ebpunimin n\u00eb fusha t\u00eb ndryshme, p\u00ebrfshir\u00eb mbrojtjen, ku pjes\u00ebtar\u00eb t\u00eb FSK-s\u00eb po trajnohen n\u00eb akademit\u00eb ushtarake n\u00eb Kanada, si dhe theksoi prioritetet p\u00ebr investime strategjike infrastrukturore dhe rritje t\u00eb investimeve n\u00eb mbrojtje.<\/p>\n<p>Ai fal\u00ebnderoi Kanadan\u00eb edhe p\u00ebr mb\u00ebshtetjen ndaj pjes\u00ebmarrjes s\u00eb Kosov\u00ebs n\u00eb Konvent\u00ebn e Shoqat\u00ebs s\u00eb K\u00ebrkuesve dhe Zhvilluesve t\u00eb Kanadas\u00eb (PDAC) q\u00eb mbahet n\u00eb Toronto m\u00eb 1\u20134 mars.<\/p>\n<p>Kanadaja, an\u00ebtare e G7 dhe NATO-s, u vler\u00ebsua si shtet mik dhe partner i r\u00ebnd\u00ebsish\u00ebm, nd\u00ebrsa u theksua p\u00ebrkushtimi p\u00ebr thellimin e marr\u00ebdh\u00ebnieve bilaterale.<\/p>\n","protected":false},"excerpt":{"rendered":"<p>Prishtin\u00eb 24 Shkurt 2026 13:27 Albin Kurti priti n\u00eb takim ambasadoren jorezidente t\u00eb Kanadas\u00eb p\u00ebr Kosov\u00eb, Jessica Blitt, n\u00eb takimin e par\u00eb nd\u00ebrmjet tyre n\u00eb<\/p>\n","protected":false},"author":6,"featured_media":34427,"comment_status":"open","ping_status":"open","sticky":false,"template":"","format":"standard","meta":{"footnotes":""},"categories":[60],"tags":[],"class_list":["post-34425","post","type-post","status-publish","format-standard","has-post-thumbnail","hentry","category-shoqerore-sq"],"yoast_head":"<!-- This site is optimized with the Yoast SEO plugin v25.3.1 - https:\/\/yoast.com\/wordpress\/plugins\/seo\/ -->\n<title>Kurti takon ambasadoren jorezidente t\u00eb Kanadas\u00eb, ia rikonfirmon mb\u00ebshtetjen ndaj Kosov\u00ebs -<\/title>\n<meta name=\"robots\" content=\"index, follow, max-snippet:-1, max-image-preview:large, max-video-preview:-1\" \/>\n<link rel=\"canonical\" href=\"https:\/\/veritasinfo.org\/?p=34425\" \/>\n<meta property=\"og:locale\" content=\"en_US\" \/>\n<meta property=\"og:type\" content=\"article\" \/>\n<meta property=\"og:title\" content=\"Kurti takon ambasadoren jorezidente t\u00eb Kanadas\u00eb, ia rikonfirmon mb\u00ebshtetjen ndaj Kosov\u00ebs -\" \/>\n<meta property=\"og:description\" content=\"Prishtin\u00eb 24 Shkurt 2026 13:27 Albin Kurti priti n\u00eb takim ambasadoren jorezidente t\u00eb Kanadas\u00eb p\u00ebr Kosov\u00eb, Jessica Blitt, n\u00eb takimin e par\u00eb nd\u00ebrmjet tyre n\u00eb\" \/>\n<meta property=\"og:url\" content=\"https:\/\/veritasinfo.org\/?p=34425\" \/>\n<meta property=\"article:published_time\" content=\"2026-02-24T12:28:24+00:00\" \/>\n<meta property=\"og:image\" content=\"https:\/\/veritasinfo.org\/wp-content\/uploads\/2026\/02\/24.2.2026-ZKM-1-1536x1024-1.jpg\" \/>\n\t<meta property=\"og:image:width\" content=\"1536\" \/>\n\t<meta property=\"og:image:height\" content=\"1024\" \/>\n\t<meta property=\"og:image:type\" content=\"image\/jpeg\" \/>\n<meta name=\"author\" content=\"US5\" \/>\n<meta name=\"twitter:card\" content=\"summary_large_image\" \/>\n<meta name=\"twitter:label1\" content=\"Written by\" \/>\n\t<meta name=\"twitter:data1\" content=\"US5\" \/>\n<script type=\"application\/ld+json\" class=\"yoast-schema-graph\">{\"@context\":\"https:\/\/schema.org\",\"@graph\":[{\"@type\":\"WebPage\",\"@id\":\"https:\/\/veritasinfo.org\/?p=34425\",\"url\":\"https:\/\/veritasinfo.org\/?p=34425\",\"name\":\"Kurti takon ambasadoren jorezidente t\u00eb Kanadas\u00eb, ia rikonfirmon mb\u00ebshtetjen ndaj Kosov\u00ebs -\",\"isPartOf\":{\"@id\":\"https:\/\/veritasinfo.org\/#website\"},\"primaryImageOfPage\":{\"@id\":\"https:\/\/veritasinfo.org\/?p=34425#primaryimage\"},\"image\":{\"@id\":\"https:\/\/veritasinfo.org\/?p=34425#primaryimage\"},\"thumbnailUrl\":\"https:\/\/veritasinfo.org\/wp-content\/uploads\/2026\/02\/24.2.2026-ZKM-1-1536x1024-1.jpg\",\"datePublished\":\"2026-02-24T12:28:24+00:00\",\"author\":{\"@id\":\"https:\/\/veritasinfo.org\/#\/schema\/person\/bc442336e35414d04494ab8fb45db4c6\"},\"breadcrumb\":{\"@id\":\"https:\/\/veritasinfo.org\/?p=34425#breadcrumb\"},\"inLanguage\":\"en-US\",\"potentialAction\":[{\"@type\":\"ReadAction\",\"target\":[\"https:\/\/veritasinfo.org\/?p=34425\"]}]},{\"@type\":\"ImageObject\",\"inLanguage\":\"en-US\",\"@id\":\"https:\/\/veritasinfo.org\/?p=34425#primaryimage\",\"url\":\"https:\/\/veritasinfo.org\/wp-content\/uploads\/2026\/02\/24.2.2026-ZKM-1-1536x1024-1.jpg\",\"contentUrl\":\"https:\/\/veritasinfo.org\/wp-content\/uploads\/2026\/02\/24.2.2026-ZKM-1-1536x1024-1.jpg\",\"width\":1536,\"height\":1024},{\"@type\":\"BreadcrumbList\",\"@id\":\"https:\/\/veritasinfo.org\/?p=34425#breadcrumb\",\"itemListElement\":[{\"@type\":\"ListItem\",\"position\":1,\"name\":\"Home\",\"item\":\"https:\/\/veritasinfo.org\/\"},{\"@type\":\"ListItem\",\"position\":2,\"name\":\"Kurti takon ambasadoren jorezidente t\u00eb Kanadas\u00eb, ia rikonfirmon mb\u00ebshtetjen ndaj Kosov\u00ebs\"}]},{\"@type\":\"WebSite\",\"@id\":\"https:\/\/veritasinfo.org\/#website\",\"url\":\"https:\/\/veritasinfo.org\/\",\"name\":\"\",\"description\":\"\",\"potentialAction\":[{\"@type\":\"SearchAction\",\"target\":{\"@type\":\"EntryPoint\",\"urlTemplate\":\"https:\/\/veritasinfo.org\/?s={search_term_string}\"},\"query-input\":{\"@type\":\"PropertyValueSpecification\",\"valueRequired\":true,\"valueName\":\"search_term_string\"}}],\"inLanguage\":\"en-US\"},{\"@type\":\"Person\",\"@id\":\"https:\/\/veritasinfo.org\/#\/schema\/person\/bc442336e35414d04494ab8fb45db4c6\",\"name\":\"US5\",\"image\":{\"@type\":\"ImageObject\",\"inLanguage\":\"en-US\",\"@id\":\"https:\/\/veritasinfo.org\/#\/schema\/person\/image\/\",\"url\":\"https:\/\/secure.gravatar.com\/avatar\/16a61e7272a0c5d001121ebb9e60e925d5816e4ac1e443ed3e640d9a6ae55d0c?s=96&d=mm&r=g\",\"contentUrl\":\"https:\/\/secure.gravatar.com\/avatar\/16a61e7272a0c5d001121ebb9e60e925d5816e4ac1e443ed3e640d9a6ae55d0c?s=96&d=mm&r=g\",\"caption\":\"US5\"},\"url\":\"https:\/\/veritasinfo.org\/?author=6\"}]}<\/script>\n<!-- \/ Yoast SEO plugin. -->","yoast_head_json":{"title":"Kurti takon ambasadoren jorezidente t\u00eb Kanadas\u00eb, ia rikonfirmon mb\u00ebshtetjen ndaj Kosov\u00ebs -","robots":{"index":"index","follow":"follow","max-snippet":"max-snippet:-1","max-image-preview":"max-image-preview:large","max-video-preview":"max-video-preview:-1"},"canonical":"https:\/\/veritasinfo.org\/?p=34425","og_locale":"en_US","og_type":"article","og_title":"Kurti takon ambasadoren jorezidente t\u00eb Kanadas\u00eb, ia rikonfirmon mb\u00ebshtetjen ndaj Kosov\u00ebs -","og_description":"Prishtin\u00eb 24 Shkurt 2026 13:27 Albin Kurti priti n\u00eb takim ambasadoren jorezidente t\u00eb Kanadas\u00eb p\u00ebr Kosov\u00eb, Jessica Blitt, n\u00eb takimin e par\u00eb nd\u00ebrmjet tyre n\u00eb","og_url":"https:\/\/veritasinfo.org\/?p=34425","article_published_time":"2026-02-24T12:28:24+00:00","og_image":[{"width":1536,"height":1024,"url":"https:\/\/veritasinfo.org\/wp-content\/uploads\/2026\/02\/24.2.2026-ZKM-1-1536x1024-1.jpg","type":"image\/jpeg"}],"author":"US5","twitter_card":"summary_large_image","twitter_misc":{"Written by":"US5"},"schema":{"@context":"https:\/\/schema.org","@graph":[{"@type":"WebPage","@id":"https:\/\/veritasinfo.org\/?p=34425","url":"https:\/\/veritasinfo.org\/?p=34425","name":"Kurti takon ambasadoren jorezidente t\u00eb Kanadas\u00eb, ia rikonfirmon mb\u00ebshtetjen ndaj Kosov\u00ebs -","isPartOf":{"@id":"https:\/\/veritasinfo.org\/#website"},"primaryImageOfPage":{"@id":"https:\/\/veritasinfo.org\/?p=34425#primaryimage"},"image":{"@id":"https:\/\/veritasinfo.org\/?p=34425#primaryimage"},"thumbnailUrl":"https:\/\/veritasinfo.org\/wp-content\/uploads\/2026\/02\/24.2.2026-ZKM-1-1536x1024-1.jpg","datePublished":"2026-02-24T12:28:24+00:00","author":{"@id":"https:\/\/veritasinfo.org\/#\/schema\/person\/bc442336e35414d04494ab8fb45db4c6"},"breadcrumb":{"@id":"https:\/\/veritasinfo.org\/?p=34425#breadcrumb"},"inLanguage":"en-US","potentialAction":[{"@type":"ReadAction","target":["https:\/\/veritasinfo.org\/?p=34425"]}]},{"@type":"ImageObject","inLanguage":"en-US","@id":"https:\/\/veritasinfo.org\/?p=34425#primaryimage","url":"https:\/\/veritasinfo.org\/wp-content\/uploads\/2026\/02\/24.2.2026-ZKM-1-1536x1024-1.jpg","contentUrl":"https:\/\/veritasinfo.org\/wp-content\/uploads\/2026\/02\/24.2.2026-ZKM-1-1536x1024-1.jpg","width":1536,"height":1024},{"@type":"BreadcrumbList","@id":"https:\/\/veritasinfo.org\/?p=34425#breadcrumb","itemListElement":[{"@type":"ListItem","position":1,"name":"Home","item":"https:\/\/veritasinfo.org\/"},{"@type":"ListItem","position":2,"name":"Kurti takon ambasadoren jorezidente t\u00eb Kanadas\u00eb, ia rikonfirmon mb\u00ebshtetjen ndaj Kosov\u00ebs"}]},{"@type":"WebSite","@id":"https:\/\/veritasinfo.org\/#website","url":"https:\/\/veritasinfo.org\/","name":"","description":"","potentialAction":[{"@type":"SearchAction","target":{"@type":"EntryPoint","urlTemplate":"https:\/\/veritasinfo.org\/?s={search_term_string}"},"query-input":{"@type":"PropertyValueSpecification","valueRequired":true,"valueName":"search_term_string"}}],"inLanguage":"en-US"},{"@type":"Person","@id":"https:\/\/veritasinfo.org\/#\/schema\/person\/bc442336e35414d04494ab8fb45db4c6","name":"US5","image":{"@type":"ImageObject","inLanguage":"en-US","@id":"https:\/\/veritasinfo.org\/#\/schema\/person\/image\/","url":"https:\/\/secure.gravatar.com\/avatar\/16a61e7272a0c5d001121ebb9e60e925d5816e4ac1e443ed3e640d9a6ae55d0c?s=96&d=mm&r=g","contentUrl":"https:\/\/secure.gravatar.com\/avatar\/16a61e7272a0c5d001121ebb9e60e925d5816e4ac1e443ed3e640d9a6ae55d0c?s=96&d=mm&r=g","caption":"US5"},"url":"https:\/\/veritasinfo.org\/?author=6"}]}},"featured_image_urls":{"full":["https:\/\/veritasinfo.org\/wp-content\/uploads\/2026\/02\/24.2.2026-ZKM-1-1536x1024-1.jpg",1536,1024,false],"thumbnail":["https:\/\/veritasinfo.org\/wp-content\/uploads\/2026\/02\/24.2.2026-ZKM-1-1536x1024-1-150x150.jpg",150,150,true],"medium":["https:\/\/veritasinfo.org\/wp-content\/uploads\/2026\/02\/24.2.2026-ZKM-1-1536x1024-1-300x200.jpg",300,200,true],"medium_large":["https:\/\/veritasinfo.org\/wp-content\/uploads\/2026\/02\/24.2.2026-ZKM-1-1536x1024-1-768x512.jpg",640,427,true],"large":["https:\/\/veritasinfo.org\/wp-content\/uploads\/2026\/02\/24.2.2026-ZKM-1-1536x1024-1-1024x683.jpg",640,427,true],"1536x1536":["https:\/\/veritasinfo.org\/wp-content\/uploads\/2026\/02\/24.2.2026-ZKM-1-1536x1024-1.jpg",1536,1024,false],"2048x2048":["https:\/\/veritasinfo.org\/wp-content\/uploads\/2026\/02\/24.2.2026-ZKM-1-1536x1024-1.jpg",1536,1024,false],"kreeti-slider-full":["https:\/\/veritasinfo.org\/wp-content\/uploads\/2026\/02\/24.2.2026-ZKM-1-1536x1024-1.jpg",1080,720,false],"kreeti-featured":["https:\/\/veritasinfo.org\/wp-content\/uploads\/2026\/02\/24.2.2026-ZKM-1-1536x1024-1.jpg",1024,683,false],"kreeti-medium":["https:\/\/veritasinfo.org\/wp-content\/uploads\/2026\/02\/24.2.2026-ZKM-1-1536x1024-1.jpg",720,480,false],"kreeti-medium-square":["https:\/\/veritasinfo.org\/wp-content\/uploads\/2026\/02\/24.2.2026-ZKM-1-1536x1024-1.jpg",350,233,false]},"author_info":{"info":["US5"]},"category_info":"<a href=\"https:\/\/veritasinfo.org\/?cat=60\" rel=\"category\">Shoq\u00ebrore<\/a>","tag_info":"Shoq\u00ebrore","comment_count":"0","_links":{"self":[{"href":"https:\/\/veritasinfo.org\/index.php?rest_route=\/wp\/v2\/posts\/34425","targetHints":{"allow":["GET"]}}],"collection":[{"href":"https:\/\/veritasinfo.org\/index.php?rest_route=\/wp\/v2\/posts"}],"about":[{"href":"https:\/\/veritasinfo.org\/index.php?rest_route=\/wp\/v2\/types\/post"}],"author":[{"embeddable":true,"href":"https:\/\/veritasinfo.org\/index.php?rest_route=\/wp\/v2\/users\/6"}],"replies":[{"embeddable":true,"href":"https:\/\/veritasinfo.org\/index.php?rest_route=%2Fwp%2Fv2%2Fcomments&post=34425"}],"version-history":[{"count":1,"href":"https:\/\/veritasinfo.org\/index.php?rest_route=\/wp\/v2\/posts\/34425\/revisions"}],"predecessor-version":[{"id":34428,"href":"https:\/\/veritasinfo.org\/index.php?rest_route=\/wp\/v2\/posts\/34425\/revisions\/34428"}],"wp:featuredmedia":[{"embeddable":true,"href":"https:\/\/veritasinfo.org\/index.php?rest_route=\/wp\/v2\/media\/34427"}],"wp:attachment":[{"href":"https:\/\/veritasinfo.org\/index.php?rest_route=%2Fwp%2Fv2%2Fmedia&parent=34425"}],"wp:term":[{"taxonomy":"category","embeddable":true,"href":"https:\/\/veritasinfo.org\/index.php?rest_route=%2Fwp%2Fv2%2Fcategories&post=34425"},{"taxonomy":"post_tag","embeddable":true,"href":"https:\/\/veritasinfo.org\/index.php?rest_route=%2Fwp%2Fv2%2Ftags&post=34425"}],"curies":[{"name":"wp","href":"https:\/\/api.w.org\/{rel}","templated":true}]}}