{"id":34418,"date":"2026-02-24T13:23:27","date_gmt":"2026-02-24T12:23:27","guid":{"rendered":"https:\/\/veritasinfo.org\/?p=34418"},"modified":"2026-02-24T13:23:27","modified_gmt":"2026-02-24T12:23:27","slug":"5-milione-euro-ndahen-per-grate-ndermarrese-dhe-zonat-rurale-ne-kosove","status":"publish","type":"post","link":"https:\/\/veritasinfo.org\/?p=34418","title":{"rendered":"\u200b5 milion\u00eb euro ndahen p\u00ebr grat\u00eb nd\u00ebrmarr\u00ebse dhe zonat rurale n\u00eb Kosov\u00eb"},"content":{"rendered":"<p>Prishtin\u00eb 24 Shkurt 2026 13:22<\/p>\n<p>Agjencia Franceze p\u00ebr Zhvillim e p\u00ebrfaq\u00ebsuar nga Proparco ka n\u00ebnshkruar marr\u00ebveshje financimi me Agjencionin p\u00ebr Financim n\u00eb Kosov\u00eb n\u00eb vler\u00eb prej 5 milion\u00eb eurosh, e cila synon fuqizimin e grave dhe komunitetit rural.<\/p>\n<p>Nga shuma 5 milion\u00eb euro, 3 milion\u00eb prej tyre jan\u00eb ndar\u00eb p\u00ebr grat\u00eb nd\u00ebrmarr\u00ebse, nd\u00ebrsa, 2 milion\u00eb t\u00eb tjera p\u00ebr zonat rurale.<\/p>\n<p>Ambasadori i Franc\u00ebs n\u00eb Kosov\u00ebs, Olivier Guerot vler\u00ebson se me k\u00ebto kredi do t\u00eb fuqizohen grat\u00eb dhe sip\u00ebrmarr\u00ebsit n\u00eb zonat rurale.<\/p>\n<p>Guerot theksoi se sa m\u00eb shum\u00eb grat\u00eb jan\u00eb t\u00eb p\u00ebrfshira n\u00eb biznes, aq me fort\u00eb b\u00ebhet Kosova.<\/p>\n<p>\u201cP\u00ebr ne, kjo \u00ebsht\u00eb shum\u00eb e r\u00ebnd\u00ebsishme, sepse kjo kredi do t\u00eb ndihmoj\u00eb grat\u00eb dhe sip\u00ebrmarr\u00ebsit n\u00eb zonat rurale. Mb\u00ebshtetja e grave, e sidomos grave sip\u00ebrmarr\u00ebse, \u00ebsht\u00eb shum\u00eb e r\u00ebnd\u00ebsishme. Kosova \u00ebsht\u00eb nj\u00eb vend i grave t\u00eb forta. I takoj \u00e7do dit\u00eb n\u00eb institucione, n\u00eb politik\u00eb si n\u00eb shumic\u00eb ashtu edhe n\u00eb opozit\u00eb si dhe n\u00eb biznes. Sa m\u00eb shum\u00eb gra t\u00eb ket\u00eb n\u00eb k\u00ebt\u00eb vend, aq m\u00eb e fort\u00eb \u00ebsht\u00eb Kosova. N\u00ebse t\u00eb gjitha grat\u00eb kan\u00eb qasje n\u00eb biznes, politik\u00eb apo n\u00eb jet\u00ebn publike n\u00eb p\u00ebrgjith\u00ebsi, Kosova do t\u00eb jet\u00eb dyfish m\u00eb e fort\u00eb\u202601:20 Kosova \u00ebsht\u00eb nj\u00eb vend me qytete t\u00eb bukura, por edhe me nj\u00eb peizazh t\u00eb jasht\u00ebzakonsh\u00ebm. Ne po p\u00ebrpiqemi ta promovojm\u00eb k\u00ebt\u00eb peizazh n\u00eb m\u00ebnyra t\u00eb ndryshme. Kemi mb\u00ebshtetur nj\u00eb skem\u00eb nga Ministria e Bujq\u00ebsis\u00eb p\u00ebr blerjen e lop\u00ebve. Po ashtu, po mb\u00ebshtesim aktivitete n\u00eb fush\u00ebn e biodiversitetit\u201d, tha ai.<\/p>\n<p>Drejtori ekzekutiv i Agjencis\u00eb p\u00ebr Financim n\u00eb Kosov\u00eb (AFK), Xhevdet Spahija theksoi se bashk\u00ebpunimi prej 5 milion\u00eb eurosh me Proparco do t\u00eb shkoj\u00eb kryesisht p\u00ebr kreditimin e grave nd\u00ebrmarr\u00ebse dhe grave n\u00eb bujq\u00ebsi.<\/p>\n<p>Ai theksoi se AFK, q\u00eb nga viti 1999, ka shp\u00ebrndar\u00eb rreth 500 milion\u00eb euro p\u00ebrmes afro 165 mij\u00eb kredive.<\/p>\n<p>\u201cKy bashk\u00ebpunim me Proparco i cili \u00ebsht\u00eb prej 5 milion\u00eb euro do t\u00eb shfryt\u00ebzohet m\u00eb tep\u00ebr p\u00ebr kreditim t\u00eb femrave nd\u00ebrmarr\u00ebse si dhe femrave n\u00eb bujq\u00ebsi. Deri m\u00eb tani AFK ka shp\u00ebrndar\u00eb diku af\u00ebr 500 milion\u00eb euro me diku 165 mij\u00eb kredi \u00ebsht\u00eb nj\u00eb institucion mikrofinanciar mjaft\u00eb i suksessh\u00ebm i cili vepron nga viti 1999\u201d, tha ai.<\/p>\n<p>Drejtori Regjional p\u00ebr Euroazi n\u00eb Proparco, Steve Gardon u shpreh se partneriteti synon ta b\u00ebj\u00eb zhvillimin ekonomik n\u00eb Kosov\u00eb m\u00eb gjith\u00ebp\u00ebrfshir\u00ebs.<\/p>\n<p>Ai theksoi se fokusi do t\u00eb jet\u00eb n\u00eb mb\u00ebshtetjen e grave sip\u00ebrmarr\u00ebse dhe n\u00eb financimin e bizneseve n\u00eb zonat rurale, ku mungesa e qasjes n\u00eb financa \u00ebsht\u00eb m\u00eb e theksuar.<\/p>\n<p>\u201cKy partneritet do t\u00eb jet\u00eb p\u00ebr dy gj\u00ebra. S\u00eb pari, te mb\u00ebshtetja e grave sip\u00ebrmarr\u00ebse. Kjo \u00ebsht\u00eb nj\u00eb nga shtyllat kryesore t\u00eb strategjis\u00eb globale t\u00eb Proparco-s dhe t\u00eb Franc\u00ebs p\u00ebr t\u00eb mb\u00ebshtetur grat\u00eb n\u00eb biznes, p\u00ebr t\u00eb v\u00ebn\u00eb n\u00eb dispozicion financim q\u00eb t\u00eb rrisin mund\u00ebsit\u00eb e tyre dhe t\u00eb kontribuojn\u00eb gjithnj\u00eb e m\u00eb shum\u00eb n\u00eb ekosistemin ekonomik. S\u00eb dyti, mb\u00ebshtetja e sip\u00ebrmarrjes n\u00eb zonat m\u00eb rurale, ku hendeku i financimit \u00ebsht\u00eb m\u00eb kritik dhe ku mb\u00ebshtetja e njer\u00ebzve t\u00eb AFK-s\u00eb, p\u00ebr shembull, \u00ebsht\u00eb m\u00eb s\u00eb shumti e nevojshme\u201d, ka deklaruar ai.<\/p>\n","protected":false},"excerpt":{"rendered":"<p>Prishtin\u00eb 24 Shkurt 2026 13:22 Agjencia Franceze p\u00ebr Zhvillim e p\u00ebrfaq\u00ebsuar nga Proparco ka n\u00ebnshkruar marr\u00ebveshje financimi me Agjencionin p\u00ebr Financim n\u00eb Kosov\u00eb n\u00eb vler\u00eb<\/p>\n","protected":false},"author":6,"featured_media":34419,"comment_status":"open","ping_status":"open","sticky":false,"template":"","format":"standard","meta":{"footnotes":""},"categories":[60],"tags":[],"class_list":["post-34418","post","type-post","status-publish","format-standard","has-post-thumbnail","hentry","category-shoqerore-sq"],"yoast_head":"<!-- This site is optimized with the Yoast SEO plugin v25.3.1 - https:\/\/yoast.com\/wordpress\/plugins\/seo\/ -->\n<title>\u200b5 milion\u00eb euro ndahen p\u00ebr grat\u00eb nd\u00ebrmarr\u00ebse dhe zonat rurale n\u00eb Kosov\u00eb -<\/title>\n<meta name=\"robots\" content=\"index, follow, max-snippet:-1, max-image-preview:large, max-video-preview:-1\" \/>\n<link rel=\"canonical\" href=\"https:\/\/veritasinfo.org\/?p=34418\" \/>\n<meta property=\"og:locale\" content=\"en_US\" \/>\n<meta property=\"og:type\" content=\"article\" \/>\n<meta property=\"og:title\" content=\"\u200b5 milion\u00eb euro ndahen p\u00ebr grat\u00eb nd\u00ebrmarr\u00ebse dhe zonat rurale n\u00eb Kosov\u00eb -\" \/>\n<meta property=\"og:description\" content=\"Prishtin\u00eb 24 Shkurt 2026 13:22 Agjencia Franceze p\u00ebr Zhvillim e p\u00ebrfaq\u00ebsuar nga Proparco ka n\u00ebnshkruar marr\u00ebveshje financimi me Agjencionin p\u00ebr Financim n\u00eb Kosov\u00eb n\u00eb vler\u00eb\" \/>\n<meta property=\"og:url\" content=\"https:\/\/veritasinfo.org\/?p=34418\" \/>\n<meta property=\"article:published_time\" content=\"2026-02-24T12:23:27+00:00\" \/>\n<meta property=\"og:image\" content=\"https:\/\/veritasinfo.org\/wp-content\/uploads\/2026\/02\/IMG-20260224-WA0003.jpg\" \/>\n\t<meta property=\"og:image:width\" content=\"600\" \/>\n\t<meta property=\"og:image:height\" content=\"450\" \/>\n\t<meta property=\"og:image:type\" content=\"image\/jpeg\" \/>\n<meta name=\"author\" content=\"US5\" \/>\n<meta name=\"twitter:card\" content=\"summary_large_image\" \/>\n<meta name=\"twitter:label1\" content=\"Written by\" \/>\n\t<meta name=\"twitter:data1\" content=\"US5\" \/>\n<script type=\"application\/ld+json\" class=\"yoast-schema-graph\">{\"@context\":\"https:\/\/schema.org\",\"@graph\":[{\"@type\":\"WebPage\",\"@id\":\"https:\/\/veritasinfo.org\/?p=34418\",\"url\":\"https:\/\/veritasinfo.org\/?p=34418\",\"name\":\"\u200b5 milion\u00eb euro ndahen p\u00ebr grat\u00eb nd\u00ebrmarr\u00ebse dhe zonat rurale n\u00eb Kosov\u00eb -\",\"isPartOf\":{\"@id\":\"https:\/\/veritasinfo.org\/#website\"},\"primaryImageOfPage\":{\"@id\":\"https:\/\/veritasinfo.org\/?p=34418#primaryimage\"},\"image\":{\"@id\":\"https:\/\/veritasinfo.org\/?p=34418#primaryimage\"},\"thumbnailUrl\":\"https:\/\/veritasinfo.org\/wp-content\/uploads\/2026\/02\/IMG-20260224-WA0003.jpg\",\"datePublished\":\"2026-02-24T12:23:27+00:00\",\"author\":{\"@id\":\"https:\/\/veritasinfo.org\/#\/schema\/person\/bc442336e35414d04494ab8fb45db4c6\"},\"breadcrumb\":{\"@id\":\"https:\/\/veritasinfo.org\/?p=34418#breadcrumb\"},\"inLanguage\":\"en-US\",\"potentialAction\":[{\"@type\":\"ReadAction\",\"target\":[\"https:\/\/veritasinfo.org\/?p=34418\"]}]},{\"@type\":\"ImageObject\",\"inLanguage\":\"en-US\",\"@id\":\"https:\/\/veritasinfo.org\/?p=34418#primaryimage\",\"url\":\"https:\/\/veritasinfo.org\/wp-content\/uploads\/2026\/02\/IMG-20260224-WA0003.jpg\",\"contentUrl\":\"https:\/\/veritasinfo.org\/wp-content\/uploads\/2026\/02\/IMG-20260224-WA0003.jpg\",\"width\":600,\"height\":450},{\"@type\":\"BreadcrumbList\",\"@id\":\"https:\/\/veritasinfo.org\/?p=34418#breadcrumb\",\"itemListElement\":[{\"@type\":\"ListItem\",\"position\":1,\"name\":\"Home\",\"item\":\"https:\/\/veritasinfo.org\/\"},{\"@type\":\"ListItem\",\"position\":2,\"name\":\"\u200b5 milion\u00eb euro ndahen p\u00ebr grat\u00eb nd\u00ebrmarr\u00ebse dhe zonat rurale n\u00eb Kosov\u00eb\"}]},{\"@type\":\"WebSite\",\"@id\":\"https:\/\/veritasinfo.org\/#website\",\"url\":\"https:\/\/veritasinfo.org\/\",\"name\":\"\",\"description\":\"\",\"potentialAction\":[{\"@type\":\"SearchAction\",\"target\":{\"@type\":\"EntryPoint\",\"urlTemplate\":\"https:\/\/veritasinfo.org\/?s={search_term_string}\"},\"query-input\":{\"@type\":\"PropertyValueSpecification\",\"valueRequired\":true,\"valueName\":\"search_term_string\"}}],\"inLanguage\":\"en-US\"},{\"@type\":\"Person\",\"@id\":\"https:\/\/veritasinfo.org\/#\/schema\/person\/bc442336e35414d04494ab8fb45db4c6\",\"name\":\"US5\",\"image\":{\"@type\":\"ImageObject\",\"inLanguage\":\"en-US\",\"@id\":\"https:\/\/veritasinfo.org\/#\/schema\/person\/image\/\",\"url\":\"https:\/\/secure.gravatar.com\/avatar\/16a61e7272a0c5d001121ebb9e60e925d5816e4ac1e443ed3e640d9a6ae55d0c?s=96&d=mm&r=g\",\"contentUrl\":\"https:\/\/secure.gravatar.com\/avatar\/16a61e7272a0c5d001121ebb9e60e925d5816e4ac1e443ed3e640d9a6ae55d0c?s=96&d=mm&r=g\",\"caption\":\"US5\"},\"url\":\"https:\/\/veritasinfo.org\/?author=6\"}]}<\/script>\n<!-- \/ Yoast SEO plugin. -->","yoast_head_json":{"title":"\u200b5 milion\u00eb euro ndahen p\u00ebr grat\u00eb nd\u00ebrmarr\u00ebse dhe zonat rurale n\u00eb Kosov\u00eb -","robots":{"index":"index","follow":"follow","max-snippet":"max-snippet:-1","max-image-preview":"max-image-preview:large","max-video-preview":"max-video-preview:-1"},"canonical":"https:\/\/veritasinfo.org\/?p=34418","og_locale":"en_US","og_type":"article","og_title":"\u200b5 milion\u00eb euro ndahen p\u00ebr grat\u00eb nd\u00ebrmarr\u00ebse dhe zonat rurale n\u00eb Kosov\u00eb -","og_description":"Prishtin\u00eb 24 Shkurt 2026 13:22 Agjencia Franceze p\u00ebr Zhvillim e p\u00ebrfaq\u00ebsuar nga Proparco ka n\u00ebnshkruar marr\u00ebveshje financimi me Agjencionin p\u00ebr Financim n\u00eb Kosov\u00eb n\u00eb vler\u00eb","og_url":"https:\/\/veritasinfo.org\/?p=34418","article_published_time":"2026-02-24T12:23:27+00:00","og_image":[{"width":600,"height":450,"url":"https:\/\/veritasinfo.org\/wp-content\/uploads\/2026\/02\/IMG-20260224-WA0003.jpg","type":"image\/jpeg"}],"author":"US5","twitter_card":"summary_large_image","twitter_misc":{"Written by":"US5"},"schema":{"@context":"https:\/\/schema.org","@graph":[{"@type":"WebPage","@id":"https:\/\/veritasinfo.org\/?p=34418","url":"https:\/\/veritasinfo.org\/?p=34418","name":"\u200b5 milion\u00eb euro ndahen p\u00ebr grat\u00eb nd\u00ebrmarr\u00ebse dhe zonat rurale n\u00eb Kosov\u00eb -","isPartOf":{"@id":"https:\/\/veritasinfo.org\/#website"},"primaryImageOfPage":{"@id":"https:\/\/veritasinfo.org\/?p=34418#primaryimage"},"image":{"@id":"https:\/\/veritasinfo.org\/?p=34418#primaryimage"},"thumbnailUrl":"https:\/\/veritasinfo.org\/wp-content\/uploads\/2026\/02\/IMG-20260224-WA0003.jpg","datePublished":"2026-02-24T12:23:27+00:00","author":{"@id":"https:\/\/veritasinfo.org\/#\/schema\/person\/bc442336e35414d04494ab8fb45db4c6"},"breadcrumb":{"@id":"https:\/\/veritasinfo.org\/?p=34418#breadcrumb"},"inLanguage":"en-US","potentialAction":[{"@type":"ReadAction","target":["https:\/\/veritasinfo.org\/?p=34418"]}]},{"@type":"ImageObject","inLanguage":"en-US","@id":"https:\/\/veritasinfo.org\/?p=34418#primaryimage","url":"https:\/\/veritasinfo.org\/wp-content\/uploads\/2026\/02\/IMG-20260224-WA0003.jpg","contentUrl":"https:\/\/veritasinfo.org\/wp-content\/uploads\/2026\/02\/IMG-20260224-WA0003.jpg","width":600,"height":450},{"@type":"BreadcrumbList","@id":"https:\/\/veritasinfo.org\/?p=34418#breadcrumb","itemListElement":[{"@type":"ListItem","position":1,"name":"Home","item":"https:\/\/veritasinfo.org\/"},{"@type":"ListItem","position":2,"name":"\u200b5 milion\u00eb euro ndahen p\u00ebr grat\u00eb nd\u00ebrmarr\u00ebse dhe zonat rurale n\u00eb Kosov\u00eb"}]},{"@type":"WebSite","@id":"https:\/\/veritasinfo.org\/#website","url":"https:\/\/veritasinfo.org\/","name":"","description":"","potentialAction":[{"@type":"SearchAction","target":{"@type":"EntryPoint","urlTemplate":"https:\/\/veritasinfo.org\/?s={search_term_string}"},"query-input":{"@type":"PropertyValueSpecification","valueRequired":true,"valueName":"search_term_string"}}],"inLanguage":"en-US"},{"@type":"Person","@id":"https:\/\/veritasinfo.org\/#\/schema\/person\/bc442336e35414d04494ab8fb45db4c6","name":"US5","image":{"@type":"ImageObject","inLanguage":"en-US","@id":"https:\/\/veritasinfo.org\/#\/schema\/person\/image\/","url":"https:\/\/secure.gravatar.com\/avatar\/16a61e7272a0c5d001121ebb9e60e925d5816e4ac1e443ed3e640d9a6ae55d0c?s=96&d=mm&r=g","contentUrl":"https:\/\/secure.gravatar.com\/avatar\/16a61e7272a0c5d001121ebb9e60e925d5816e4ac1e443ed3e640d9a6ae55d0c?s=96&d=mm&r=g","caption":"US5"},"url":"https:\/\/veritasinfo.org\/?author=6"}]}},"featured_image_urls":{"full":["https:\/\/veritasinfo.org\/wp-content\/uploads\/2026\/02\/IMG-20260224-WA0003.jpg",600,450,false],"thumbnail":["https:\/\/veritasinfo.org\/wp-content\/uploads\/2026\/02\/IMG-20260224-WA0003-150x150.jpg",150,150,true],"medium":["https:\/\/veritasinfo.org\/wp-content\/uploads\/2026\/02\/IMG-20260224-WA0003-300x225.jpg",300,225,true],"medium_large":["https:\/\/veritasinfo.org\/wp-content\/uploads\/2026\/02\/IMG-20260224-WA0003.jpg",600,450,false],"large":["https:\/\/veritasinfo.org\/wp-content\/uploads\/2026\/02\/IMG-20260224-WA0003.jpg",600,450,false],"1536x1536":["https:\/\/veritasinfo.org\/wp-content\/uploads\/2026\/02\/IMG-20260224-WA0003.jpg",600,450,false],"2048x2048":["https:\/\/veritasinfo.org\/wp-content\/uploads\/2026\/02\/IMG-20260224-WA0003.jpg",600,450,false],"kreeti-slider-full":["https:\/\/veritasinfo.org\/wp-content\/uploads\/2026\/02\/IMG-20260224-WA0003.jpg",600,450,false],"kreeti-featured":["https:\/\/veritasinfo.org\/wp-content\/uploads\/2026\/02\/IMG-20260224-WA0003.jpg",600,450,false],"kreeti-medium":["https:\/\/veritasinfo.org\/wp-content\/uploads\/2026\/02\/IMG-20260224-WA0003.jpg",600,450,false],"kreeti-medium-square":["https:\/\/veritasinfo.org\/wp-content\/uploads\/2026\/02\/IMG-20260224-WA0003.jpg",350,263,false]},"author_info":{"info":["US5"]},"category_info":"<a href=\"https:\/\/veritasinfo.org\/?cat=60\" rel=\"category\">Shoq\u00ebrore<\/a>","tag_info":"Shoq\u00ebrore","comment_count":"0","_links":{"self":[{"href":"https:\/\/veritasinfo.org\/index.php?rest_route=\/wp\/v2\/posts\/34418","targetHints":{"allow":["GET"]}}],"collection":[{"href":"https:\/\/veritasinfo.org\/index.php?rest_route=\/wp\/v2\/posts"}],"about":[{"href":"https:\/\/veritasinfo.org\/index.php?rest_route=\/wp\/v2\/types\/post"}],"author":[{"embeddable":true,"href":"https:\/\/veritasinfo.org\/index.php?rest_route=\/wp\/v2\/users\/6"}],"replies":[{"embeddable":true,"href":"https:\/\/veritasinfo.org\/index.php?rest_route=%2Fwp%2Fv2%2Fcomments&post=34418"}],"version-history":[{"count":1,"href":"https:\/\/veritasinfo.org\/index.php?rest_route=\/wp\/v2\/posts\/34418\/revisions"}],"predecessor-version":[{"id":34420,"href":"https:\/\/veritasinfo.org\/index.php?rest_route=\/wp\/v2\/posts\/34418\/revisions\/34420"}],"wp:featuredmedia":[{"embeddable":true,"href":"https:\/\/veritasinfo.org\/index.php?rest_route=\/wp\/v2\/media\/34419"}],"wp:attachment":[{"href":"https:\/\/veritasinfo.org\/index.php?rest_route=%2Fwp%2Fv2%2Fmedia&parent=34418"}],"wp:term":[{"taxonomy":"category","embeddable":true,"href":"https:\/\/veritasinfo.org\/index.php?rest_route=%2Fwp%2Fv2%2Fcategories&post=34418"},{"taxonomy":"post_tag","embeddable":true,"href":"https:\/\/veritasinfo.org\/index.php?rest_route=%2Fwp%2Fv2%2Ftags&post=34418"}],"curies":[{"name":"wp","href":"https:\/\/api.w.org\/{rel}","templated":true}]}}