{"id":34396,"date":"2026-02-24T11:41:27","date_gmt":"2026-02-24T10:41:27","guid":{"rendered":"https:\/\/veritasinfo.org\/?p=34396"},"modified":"2026-02-24T11:41:27","modified_gmt":"2026-02-24T10:41:27","slug":"komisioni-per-arsim-miraton-fusheveprimin-e-komisionit","status":"publish","type":"post","link":"https:\/\/veritasinfo.org\/?p=34396","title":{"rendered":"Komisioni p\u00ebr arsim miraton fush\u00ebveprimin e komisionit"},"content":{"rendered":"<p>Prishtin\u00eb 24 Shkurt 2026 11:40<\/p>\n<p>Komisioni p\u00ebr Arsim, Shkenc\u00eb dhe Teknologji ka miratuar fush\u00ebveprimin e tij, pas diskutimeve dhe propozimeve t\u00eb an\u00ebtar\u00ebve nga pozita dhe opozita lidhur me prioritetet dhe mbik\u00ebqyrjen n\u00eb sektorin e arsimit, raporton Ekonomia Online.<\/p>\n<p>Deputeti i LVV-s\u00eb, Fahrush Rexhepi, propozoi q\u00eb n\u00eb fush\u00ebveprim t\u00eb p\u00ebrfshihet edhe mbik\u00ebqyrja e zbatimit t\u00eb ligjshm\u00ebris\u00eb n\u00eb disa institucione shkencore, konkretisht n\u00eb Institutin e Historis\u00eb, Institutin Albanologjik dhe Institutin e Pedagogjis\u00eb.<\/p>\n<p>\u201cPropozoja futjen e mbik\u00ebqyrjes s\u00eb zbatimit t\u00eb ligjshm\u00ebris\u00eb n\u00eb disa institucione tjera shkencore, p\u00ebr Institutin e Historis\u00eb, Institutin Albanologjik dhe Institutin e Pedagogjis\u00eb\u201d, tha ai.<\/p>\n<p>An\u00ebtarja e VV-s\u00eb, Arb\u00ebrie Nagavci, tha se nga praktika e kaluar Komisioni ka kryer edhe aktivitete q\u00eb nuk jan\u00eb specifikuar.<\/p>\n<p>\u201cNe mund t\u00eb kryejm\u00eb aktivitete edhe mbik\u00ebqyrje edhe jasht\u00eb asaj q\u00eb \u00ebsht\u00eb specifikuar. Propozimi im \u00ebsht\u00eb q\u00eb t\u00eb mos ngarkohet veprimtaria m\u00eb shum\u00eb se sa \u00ebsht\u00eb cekur\u201d, tha ajo.<\/p>\n<p>Deputeti i PDK-s\u00eb, Enver Hoxha, theksoi se vendi ka nj\u00eb qeveri t\u00eb re, por ende mungon nj\u00eb program i qart\u00eb p\u00ebr fush\u00ebn e arsimit.<\/p>\n<p>Ai propozoi nj\u00eb takim paraprak me ministrin p\u00ebr t\u00eb diskutuar prioritetet, si dhe k\u00ebrkoi dialog me drejtorit\u00eb komunale t\u00eb arsimit. Sipas tij, nj\u00eb nga sfidat kryesore t\u00eb mandatit do t\u00eb jet\u00eb inteligjenca artificiale dhe zhvillimi teknologjik.<\/p>\n<p>\u201cNe kemi nj\u00eb qeveri t\u00eb re e cila \u00ebsht\u00eb mb\u00ebshtetur n\u00eb Kuvend t\u00eb Kosov\u00ebs, por nuk kemi edhe nj\u00eb program se cila \u00ebsht\u00eb qasja n\u00eb fush\u00ebn e arsimit. Do t\u00eb ishte mir\u00eb se para se t\u00eb vij\u00eb programi i qeveris\u00eb n\u00eb Kuvend ta kemi nj\u00eb takim me ministrin se \u00e7far\u00eb integron n\u00eb programin e tij t\u00eb pun\u00ebs (p\u00ebr fush\u00ebn e arsimit). Do t\u00eb ishte mir\u00eb q\u00eb t\u00eb kemi nj\u00eb dialog paraprak. S\u00eb dyti, i kemi pushtetet komunale, i kemi drejtorit\u00eb e komunave, do t\u00eb ishte mir\u00eb se \u00e7far\u00eb prioritete kan\u00eb drejtorit\u00eb e arsimit n\u00eb t\u00eb gjitha komunat e Kosov\u00ebs. Shqet\u00ebsimi im serioz \u00ebsht\u00eb se ne kemi nj\u00eb mandat me t\u00eb v\u00ebshtir\u00eb dhe kjo ka t\u00eb b\u00ebj\u00eb me inteligjenc\u00ebn artificiale, teknologjin\u00eb.\u201d<\/p>\n<p>Deputetja e PDK-s\u00eb, Sala Jashari, tha se duhet t\u00eb funksionalizohet K\u00ebshilli Shtet\u00ebror i Arsimit Parauniversitar.<\/p>\n<p>An\u00ebtari i List\u00ebs Serbe n\u00eb k\u00ebt\u00eb komision, Nemanja Bisevaq, tha se mbik\u00ebqyrja e arsimit t\u00eb lart\u00eb n\u00eb veri \u00ebsht\u00eb \u00e7\u00ebshtje e dialogut.<\/p>\n<p>\u201cKonsideroj se kjo \u00ebsht\u00eb \u00e7\u00ebshtje e dialogut dhe se \u00ebsht\u00eb nj\u00eb nga kompetencat e komisionit t\u00eb p\u00ebrbashk\u00ebt t\u00eb ardhsh\u00ebm. Prandaj mendoj se ne nuk duhet t\u00eb merremi me k\u00ebt\u00eb dhe se kjo \u00ebsht\u00eb \u00e7\u00ebshtje e tyre.\u201d<\/p>\n<p>Deputetja e LDK-s\u00eb, Jehona Lushaku Sadriu, propozoi q\u00eb n\u00eb fush\u00ebveprim t\u00eb p\u00ebrfshihet m\u00eb qart\u00eb arsimi fillor dhe parashkollor, si dhe t\u00eb p\u00ebrmendet n\u00eb m\u00ebnyr\u00eb eksplicite universiteti n\u00eb kuad\u00ebr t\u00eb arsimit t\u00eb lart\u00eb.<\/p>\n<p>Ajo k\u00ebrkoi rritje t\u00eb mbik\u00ebqyrjes ndaj universiteteve, prioritet p\u00ebr agjend\u00ebn evropiane, digjitalizimin dhe arsimin t\u00ebr\u00ebditor, si dhe v\u00ebmendje ndaj hartimit t\u00eb kurrikulave.<\/p>\n<p>\u201cT\u00eb shtojm\u00eb arsimin fillor dhe parashkollor, p\u00ebrkund\u00ebr faktit q\u00eb mbulohet nga komuna. Si komision t\u2019i kemi nd\u00ebrlidhshm\u00ebrin\u00eb dhe t\u2019i njohim problemet e arsimit fillor dhe parashkollor. Fjala universitet mungon kur flasim p\u00ebr arsimin e lart\u00eb, propozoj t\u00eb p\u00ebrmendet dhe ne duhet ta rrisim mbik\u00ebqyrjen p\u00ebr fush\u00ebveprimtarin\u00eb e universiteteve. Tema si agjenda evropiane dhe harmonizimi me to t\u00eb jet\u00eb di\u00e7ka prioritare dhe t\u00eb ushtrojm\u00eb presion q\u00eb tema si digjitalizimi i arsimit t\u00ebr\u00ebditor t\u00eb b\u00ebhemi motor i k\u00ebrkes\u00ebs s\u00eb llogaridh\u00ebnies p\u00ebr implementimin dhe imponimin e k\u00ebtyre temave. T\u00eb marrim pik\u00ebpamje edhe p\u00ebr kurrikul\u00ebn dhe synimet dhe hartimi i kurrikulave t\u00eb b\u00ebhet p\u00ebr arsim t\u00ebr\u00ebditor\u201d, tha ajo.<\/p>\n<p>N\u00eb replik\u00eb, deputeti i PDK-s\u00eb, Enver Hoxhaj, tha se \u00e7\u00ebshtjet e arsimit nuk duhet t\u00eb lidhen me dialogun.<\/p>\n<p>\u201cNuk ka t\u00eb b\u00ebj\u00eb fare me dialog dhe un\u00eb si deputet mund ta monitoroj dhe ta mbik\u00ebqyr, e un\u00eb e shoh q\u00eb temat e arsimit dhe dijes nuk duhet t\u00eb jen\u00eb tema t\u00eb nj\u00eb debati t\u00eb nj\u00eb politike ditore, sepse n\u00eb fund t\u00eb dit\u00ebs t\u00eb gjith\u00eb jan\u00eb qytetar\u00eb t\u00eb Kosov\u00ebs\u201d, tha ai.<\/p>\n","protected":false},"excerpt":{"rendered":"<p>Prishtin\u00eb 24 Shkurt 2026 11:40 Komisioni p\u00ebr Arsim, Shkenc\u00eb dhe Teknologji ka miratuar fush\u00ebveprimin e tij, pas diskutimeve dhe propozimeve t\u00eb an\u00ebtar\u00ebve nga pozita dhe<\/p>\n","protected":false},"author":6,"featured_media":34397,"comment_status":"open","ping_status":"open","sticky":false,"template":"","format":"standard","meta":{"footnotes":""},"categories":[60],"tags":[],"class_list":["post-34396","post","type-post","status-publish","format-standard","has-post-thumbnail","hentry","category-shoqerore-sq"],"yoast_head":"<!-- This site is optimized with the Yoast SEO plugin v25.3.1 - https:\/\/yoast.com\/wordpress\/plugins\/seo\/ -->\n<title>Komisioni p\u00ebr arsim miraton fush\u00ebveprimin e komisionit -<\/title>\n<meta name=\"robots\" content=\"index, follow, max-snippet:-1, max-image-preview:large, max-video-preview:-1\" \/>\n<link rel=\"canonical\" href=\"https:\/\/veritasinfo.org\/?p=34396\" \/>\n<meta property=\"og:locale\" content=\"en_US\" \/>\n<meta property=\"og:type\" content=\"article\" \/>\n<meta property=\"og:title\" content=\"Komisioni p\u00ebr arsim miraton fush\u00ebveprimin e komisionit -\" \/>\n<meta property=\"og:description\" content=\"Prishtin\u00eb 24 Shkurt 2026 11:40 Komisioni p\u00ebr Arsim, Shkenc\u00eb dhe Teknologji ka miratuar fush\u00ebveprimin e tij, pas diskutimeve dhe propozimeve t\u00eb an\u00ebtar\u00ebve nga pozita dhe\" \/>\n<meta property=\"og:url\" content=\"https:\/\/veritasinfo.org\/?p=34396\" \/>\n<meta property=\"article:published_time\" content=\"2026-02-24T10:41:27+00:00\" \/>\n<meta property=\"og:image\" content=\"https:\/\/veritasinfo.org\/wp-content\/uploads\/2026\/02\/komisiioni-per-arsim-1536x1152-1.jpg\" \/>\n\t<meta property=\"og:image:width\" content=\"1536\" \/>\n\t<meta property=\"og:image:height\" content=\"1152\" \/>\n\t<meta property=\"og:image:type\" content=\"image\/jpeg\" \/>\n<meta name=\"author\" content=\"US5\" \/>\n<meta name=\"twitter:card\" content=\"summary_large_image\" \/>\n<meta name=\"twitter:label1\" content=\"Written by\" \/>\n\t<meta name=\"twitter:data1\" content=\"US5\" \/>\n<script type=\"application\/ld+json\" class=\"yoast-schema-graph\">{\"@context\":\"https:\/\/schema.org\",\"@graph\":[{\"@type\":\"WebPage\",\"@id\":\"https:\/\/veritasinfo.org\/?p=34396\",\"url\":\"https:\/\/veritasinfo.org\/?p=34396\",\"name\":\"Komisioni p\u00ebr arsim miraton fush\u00ebveprimin e komisionit -\",\"isPartOf\":{\"@id\":\"https:\/\/veritasinfo.org\/#website\"},\"primaryImageOfPage\":{\"@id\":\"https:\/\/veritasinfo.org\/?p=34396#primaryimage\"},\"image\":{\"@id\":\"https:\/\/veritasinfo.org\/?p=34396#primaryimage\"},\"thumbnailUrl\":\"https:\/\/veritasinfo.org\/wp-content\/uploads\/2026\/02\/komisiioni-per-arsim-1536x1152-1.jpg\",\"datePublished\":\"2026-02-24T10:41:27+00:00\",\"author\":{\"@id\":\"https:\/\/veritasinfo.org\/#\/schema\/person\/bc442336e35414d04494ab8fb45db4c6\"},\"breadcrumb\":{\"@id\":\"https:\/\/veritasinfo.org\/?p=34396#breadcrumb\"},\"inLanguage\":\"en-US\",\"potentialAction\":[{\"@type\":\"ReadAction\",\"target\":[\"https:\/\/veritasinfo.org\/?p=34396\"]}]},{\"@type\":\"ImageObject\",\"inLanguage\":\"en-US\",\"@id\":\"https:\/\/veritasinfo.org\/?p=34396#primaryimage\",\"url\":\"https:\/\/veritasinfo.org\/wp-content\/uploads\/2026\/02\/komisiioni-per-arsim-1536x1152-1.jpg\",\"contentUrl\":\"https:\/\/veritasinfo.org\/wp-content\/uploads\/2026\/02\/komisiioni-per-arsim-1536x1152-1.jpg\",\"width\":1536,\"height\":1152},{\"@type\":\"BreadcrumbList\",\"@id\":\"https:\/\/veritasinfo.org\/?p=34396#breadcrumb\",\"itemListElement\":[{\"@type\":\"ListItem\",\"position\":1,\"name\":\"Home\",\"item\":\"https:\/\/veritasinfo.org\/\"},{\"@type\":\"ListItem\",\"position\":2,\"name\":\"Komisioni p\u00ebr arsim miraton fush\u00ebveprimin e komisionit\"}]},{\"@type\":\"WebSite\",\"@id\":\"https:\/\/veritasinfo.org\/#website\",\"url\":\"https:\/\/veritasinfo.org\/\",\"name\":\"\",\"description\":\"\",\"potentialAction\":[{\"@type\":\"SearchAction\",\"target\":{\"@type\":\"EntryPoint\",\"urlTemplate\":\"https:\/\/veritasinfo.org\/?s={search_term_string}\"},\"query-input\":{\"@type\":\"PropertyValueSpecification\",\"valueRequired\":true,\"valueName\":\"search_term_string\"}}],\"inLanguage\":\"en-US\"},{\"@type\":\"Person\",\"@id\":\"https:\/\/veritasinfo.org\/#\/schema\/person\/bc442336e35414d04494ab8fb45db4c6\",\"name\":\"US5\",\"image\":{\"@type\":\"ImageObject\",\"inLanguage\":\"en-US\",\"@id\":\"https:\/\/veritasinfo.org\/#\/schema\/person\/image\/\",\"url\":\"https:\/\/secure.gravatar.com\/avatar\/16a61e7272a0c5d001121ebb9e60e925d5816e4ac1e443ed3e640d9a6ae55d0c?s=96&d=mm&r=g\",\"contentUrl\":\"https:\/\/secure.gravatar.com\/avatar\/16a61e7272a0c5d001121ebb9e60e925d5816e4ac1e443ed3e640d9a6ae55d0c?s=96&d=mm&r=g\",\"caption\":\"US5\"},\"url\":\"https:\/\/veritasinfo.org\/?author=6\"}]}<\/script>\n<!-- \/ Yoast SEO plugin. -->","yoast_head_json":{"title":"Komisioni p\u00ebr arsim miraton fush\u00ebveprimin e komisionit -","robots":{"index":"index","follow":"follow","max-snippet":"max-snippet:-1","max-image-preview":"max-image-preview:large","max-video-preview":"max-video-preview:-1"},"canonical":"https:\/\/veritasinfo.org\/?p=34396","og_locale":"en_US","og_type":"article","og_title":"Komisioni p\u00ebr arsim miraton fush\u00ebveprimin e komisionit -","og_description":"Prishtin\u00eb 24 Shkurt 2026 11:40 Komisioni p\u00ebr Arsim, Shkenc\u00eb dhe Teknologji ka miratuar fush\u00ebveprimin e tij, pas diskutimeve dhe propozimeve t\u00eb an\u00ebtar\u00ebve nga pozita dhe","og_url":"https:\/\/veritasinfo.org\/?p=34396","article_published_time":"2026-02-24T10:41:27+00:00","og_image":[{"width":1536,"height":1152,"url":"https:\/\/veritasinfo.org\/wp-content\/uploads\/2026\/02\/komisiioni-per-arsim-1536x1152-1.jpg","type":"image\/jpeg"}],"author":"US5","twitter_card":"summary_large_image","twitter_misc":{"Written by":"US5"},"schema":{"@context":"https:\/\/schema.org","@graph":[{"@type":"WebPage","@id":"https:\/\/veritasinfo.org\/?p=34396","url":"https:\/\/veritasinfo.org\/?p=34396","name":"Komisioni p\u00ebr arsim miraton fush\u00ebveprimin e komisionit -","isPartOf":{"@id":"https:\/\/veritasinfo.org\/#website"},"primaryImageOfPage":{"@id":"https:\/\/veritasinfo.org\/?p=34396#primaryimage"},"image":{"@id":"https:\/\/veritasinfo.org\/?p=34396#primaryimage"},"thumbnailUrl":"https:\/\/veritasinfo.org\/wp-content\/uploads\/2026\/02\/komisiioni-per-arsim-1536x1152-1.jpg","datePublished":"2026-02-24T10:41:27+00:00","author":{"@id":"https:\/\/veritasinfo.org\/#\/schema\/person\/bc442336e35414d04494ab8fb45db4c6"},"breadcrumb":{"@id":"https:\/\/veritasinfo.org\/?p=34396#breadcrumb"},"inLanguage":"en-US","potentialAction":[{"@type":"ReadAction","target":["https:\/\/veritasinfo.org\/?p=34396"]}]},{"@type":"ImageObject","inLanguage":"en-US","@id":"https:\/\/veritasinfo.org\/?p=34396#primaryimage","url":"https:\/\/veritasinfo.org\/wp-content\/uploads\/2026\/02\/komisiioni-per-arsim-1536x1152-1.jpg","contentUrl":"https:\/\/veritasinfo.org\/wp-content\/uploads\/2026\/02\/komisiioni-per-arsim-1536x1152-1.jpg","width":1536,"height":1152},{"@type":"BreadcrumbList","@id":"https:\/\/veritasinfo.org\/?p=34396#breadcrumb","itemListElement":[{"@type":"ListItem","position":1,"name":"Home","item":"https:\/\/veritasinfo.org\/"},{"@type":"ListItem","position":2,"name":"Komisioni p\u00ebr arsim miraton fush\u00ebveprimin e komisionit"}]},{"@type":"WebSite","@id":"https:\/\/veritasinfo.org\/#website","url":"https:\/\/veritasinfo.org\/","name":"","description":"","potentialAction":[{"@type":"SearchAction","target":{"@type":"EntryPoint","urlTemplate":"https:\/\/veritasinfo.org\/?s={search_term_string}"},"query-input":{"@type":"PropertyValueSpecification","valueRequired":true,"valueName":"search_term_string"}}],"inLanguage":"en-US"},{"@type":"Person","@id":"https:\/\/veritasinfo.org\/#\/schema\/person\/bc442336e35414d04494ab8fb45db4c6","name":"US5","image":{"@type":"ImageObject","inLanguage":"en-US","@id":"https:\/\/veritasinfo.org\/#\/schema\/person\/image\/","url":"https:\/\/secure.gravatar.com\/avatar\/16a61e7272a0c5d001121ebb9e60e925d5816e4ac1e443ed3e640d9a6ae55d0c?s=96&d=mm&r=g","contentUrl":"https:\/\/secure.gravatar.com\/avatar\/16a61e7272a0c5d001121ebb9e60e925d5816e4ac1e443ed3e640d9a6ae55d0c?s=96&d=mm&r=g","caption":"US5"},"url":"https:\/\/veritasinfo.org\/?author=6"}]}},"featured_image_urls":{"full":["https:\/\/veritasinfo.org\/wp-content\/uploads\/2026\/02\/komisiioni-per-arsim-1536x1152-1.jpg",1536,1152,false],"thumbnail":["https:\/\/veritasinfo.org\/wp-content\/uploads\/2026\/02\/komisiioni-per-arsim-1536x1152-1-150x150.jpg",150,150,true],"medium":["https:\/\/veritasinfo.org\/wp-content\/uploads\/2026\/02\/komisiioni-per-arsim-1536x1152-1-300x225.jpg",300,225,true],"medium_large":["https:\/\/veritasinfo.org\/wp-content\/uploads\/2026\/02\/komisiioni-per-arsim-1536x1152-1-768x576.jpg",640,480,true],"large":["https:\/\/veritasinfo.org\/wp-content\/uploads\/2026\/02\/komisiioni-per-arsim-1536x1152-1-1024x768.jpg",640,480,true],"1536x1536":["https:\/\/veritasinfo.org\/wp-content\/uploads\/2026\/02\/komisiioni-per-arsim-1536x1152-1.jpg",1536,1152,false],"2048x2048":["https:\/\/veritasinfo.org\/wp-content\/uploads\/2026\/02\/komisiioni-per-arsim-1536x1152-1.jpg",1536,1152,false],"kreeti-slider-full":["https:\/\/veritasinfo.org\/wp-content\/uploads\/2026\/02\/komisiioni-per-arsim-1536x1152-1.jpg",960,720,false],"kreeti-featured":["https:\/\/veritasinfo.org\/wp-content\/uploads\/2026\/02\/komisiioni-per-arsim-1536x1152-1.jpg",1024,768,false],"kreeti-medium":["https:\/\/veritasinfo.org\/wp-content\/uploads\/2026\/02\/komisiioni-per-arsim-1536x1152-1.jpg",707,530,false],"kreeti-medium-square":["https:\/\/veritasinfo.org\/wp-content\/uploads\/2026\/02\/komisiioni-per-arsim-1536x1152-1.jpg",350,263,false]},"author_info":{"info":["US5"]},"category_info":"<a href=\"https:\/\/veritasinfo.org\/?cat=60\" rel=\"category\">Shoq\u00ebrore<\/a>","tag_info":"Shoq\u00ebrore","comment_count":"0","_links":{"self":[{"href":"https:\/\/veritasinfo.org\/index.php?rest_route=\/wp\/v2\/posts\/34396","targetHints":{"allow":["GET"]}}],"collection":[{"href":"https:\/\/veritasinfo.org\/index.php?rest_route=\/wp\/v2\/posts"}],"about":[{"href":"https:\/\/veritasinfo.org\/index.php?rest_route=\/wp\/v2\/types\/post"}],"author":[{"embeddable":true,"href":"https:\/\/veritasinfo.org\/index.php?rest_route=\/wp\/v2\/users\/6"}],"replies":[{"embeddable":true,"href":"https:\/\/veritasinfo.org\/index.php?rest_route=%2Fwp%2Fv2%2Fcomments&post=34396"}],"version-history":[{"count":1,"href":"https:\/\/veritasinfo.org\/index.php?rest_route=\/wp\/v2\/posts\/34396\/revisions"}],"predecessor-version":[{"id":34398,"href":"https:\/\/veritasinfo.org\/index.php?rest_route=\/wp\/v2\/posts\/34396\/revisions\/34398"}],"wp:featuredmedia":[{"embeddable":true,"href":"https:\/\/veritasinfo.org\/index.php?rest_route=\/wp\/v2\/media\/34397"}],"wp:attachment":[{"href":"https:\/\/veritasinfo.org\/index.php?rest_route=%2Fwp%2Fv2%2Fmedia&parent=34396"}],"wp:term":[{"taxonomy":"category","embeddable":true,"href":"https:\/\/veritasinfo.org\/index.php?rest_route=%2Fwp%2Fv2%2Fcategories&post=34396"},{"taxonomy":"post_tag","embeddable":true,"href":"https:\/\/veritasinfo.org\/index.php?rest_route=%2Fwp%2Fv2%2Ftags&post=34396"}],"curies":[{"name":"wp","href":"https:\/\/api.w.org\/{rel}","templated":true}]}}