{"id":34373,"date":"2026-02-24T10:07:38","date_gmt":"2026-02-24T09:07:38","guid":{"rendered":"https:\/\/veritasinfo.org\/?p=34373"},"modified":"2026-02-24T10:07:38","modified_gmt":"2026-02-24T09:07:38","slug":"osmani-prania-e-kfor-it-amerikan-eshte-jetike-per-stabilitetin-ne-kosove","status":"publish","type":"post","link":"https:\/\/veritasinfo.org\/?p=34373","title":{"rendered":"Osmani: Prania e KFOR-it amerikan \u00ebsht\u00eb jetike p\u00ebr stabilitetin n\u00eb Kosov\u00eb"},"content":{"rendered":"<p>Prishtin\u00eb 24 Shkurt 2026 10:06<\/p>\n<p>Presidentja e Kosov\u00ebs, Vjosa Osmani, ka deklaruar se prania e Ushtris\u00eb s\u00eb Shteteve t\u00eb Bashkuara si pjes\u00eb e misionit t\u00eb KFOR \u00ebsht\u00eb jetike p\u00ebr paqen, sigurin\u00eb dhe stabilitetin n\u00eb Kosov\u00eb dhe rajon.<\/p>\n<p>K\u00ebt\u00eb deklarat\u00eb ajo e b\u00ebri gjat\u00eb takimit lamtumir\u00ebs me komandantin n\u00eb largim t\u00eb Komand\u00ebs Rajonale Lindje t\u00eb KFOR-it, kolonelin Jonathan Lloyd nga Garda Komb\u00ebtare e Louisiana, si dhe me pasuesin e tij, kolonelin Sam Sargeant.<\/p>\n<p>Gjat\u00eb takimit, presidentja Osmani e fal\u00ebnderoi kolonelin Lloyd p\u00ebr sh\u00ebrbimin dhe p\u00ebrkushtimin e tij gjat\u00eb mandatit n\u00eb Kosov\u00eb, duke vler\u00ebsuar kontributin e tij n\u00eb forcimin e siguris\u00eb dhe stabilitetit n\u00eb vend dhe rajon. N\u00eb shenj\u00eb mir\u00ebnjohjeje, ajo i ndau atij nj\u00eb mir\u00ebnjohje p\u00ebr angazhimin e \u00e7muar.<\/p>\n<p>M\u00eb tej, Osmani i uroi mir\u00ebseardhje kolonelit Sargeant, duke e siguruar p\u00ebr mb\u00ebshtetjen e plot\u00eb t\u00eb institucioneve t\u00eb Kosov\u00ebs n\u00eb p\u00ebrmbushjen e mandatit t\u00eb tij dhe t\u00eb misionit t\u00eb KFOR-it, t\u00eb udh\u00ebhequr nga NATO.<\/p>\n<p>Presidentja shprehu mir\u00ebnjohjen e thell\u00eb, n\u00eb em\u00ebr t\u00eb popullit t\u00eb Kosov\u00ebs, p\u00ebr vazhdimin e pranis\u00eb s\u00eb Ushtris\u00eb s\u00eb Shteteve t\u00eb Bashkuara n\u00eb vend, duke theksuar se kjo prani \u00ebsht\u00eb jetike p\u00ebr paqen, sigurin\u00eb dhe stabilitetin n\u00eb Kosov\u00eb dhe rajon.<\/p>\n<p>N\u00eb k\u00ebt\u00eb kontekst, Osmani theksoi se Kosova do t\u00eb mbetet gjithmon\u00eb mir\u00ebnjoh\u00ebse ndaj SHBA-s\u00eb p\u00ebr mb\u00ebshtetjen e pal\u00ebkundur n\u00eb t\u00eb gjitha etapat.<\/p>\n","protected":false},"excerpt":{"rendered":"<p>Prishtin\u00eb 24 Shkurt 2026 10:06 Presidentja e Kosov\u00ebs, Vjosa Osmani, ka deklaruar se prania e Ushtris\u00eb s\u00eb Shteteve t\u00eb Bashkuara si pjes\u00eb e misionit t\u00eb<\/p>\n","protected":false},"author":6,"featured_media":34374,"comment_status":"open","ping_status":"open","sticky":false,"template":"","format":"standard","meta":{"footnotes":""},"categories":[60],"tags":[],"class_list":["post-34373","post","type-post","status-publish","format-standard","has-post-thumbnail","hentry","category-shoqerore-sq"],"yoast_head":"<!-- This site is optimized with the Yoast SEO plugin v25.3.1 - https:\/\/yoast.com\/wordpress\/plugins\/seo\/ -->\n<title>Osmani: Prania e KFOR-it amerikan \u00ebsht\u00eb jetike p\u00ebr stabilitetin n\u00eb Kosov\u00eb -<\/title>\n<meta name=\"robots\" content=\"index, follow, max-snippet:-1, max-image-preview:large, max-video-preview:-1\" \/>\n<link rel=\"canonical\" href=\"https:\/\/veritasinfo.org\/?p=34373\" \/>\n<meta property=\"og:locale\" content=\"en_US\" \/>\n<meta property=\"og:type\" content=\"article\" \/>\n<meta property=\"og:title\" content=\"Osmani: Prania e KFOR-it amerikan \u00ebsht\u00eb jetike p\u00ebr stabilitetin n\u00eb Kosov\u00eb -\" \/>\n<meta property=\"og:description\" content=\"Prishtin\u00eb 24 Shkurt 2026 10:06 Presidentja e Kosov\u00ebs, Vjosa Osmani, ka deklaruar se prania e Ushtris\u00eb s\u00eb Shteteve t\u00eb Bashkuara si pjes\u00eb e misionit t\u00eb\" \/>\n<meta property=\"og:url\" content=\"https:\/\/veritasinfo.org\/?p=34373\" \/>\n<meta property=\"article:published_time\" content=\"2026-02-24T09:07:38+00:00\" \/>\n<meta property=\"og:image\" content=\"https:\/\/veritasinfo.org\/wp-content\/uploads\/2026\/02\/718022-zmITPEso9d.jpg\" \/>\n\t<meta property=\"og:image:width\" content=\"780\" \/>\n\t<meta property=\"og:image:height\" content=\"500\" \/>\n\t<meta property=\"og:image:type\" content=\"image\/jpeg\" \/>\n<meta name=\"author\" content=\"US5\" \/>\n<meta name=\"twitter:card\" content=\"summary_large_image\" \/>\n<meta name=\"twitter:label1\" content=\"Written by\" \/>\n\t<meta name=\"twitter:data1\" content=\"US5\" \/>\n\t<meta name=\"twitter:label2\" content=\"Est. reading time\" \/>\n\t<meta name=\"twitter:data2\" content=\"1 minute\" \/>\n<script type=\"application\/ld+json\" class=\"yoast-schema-graph\">{\"@context\":\"https:\/\/schema.org\",\"@graph\":[{\"@type\":\"WebPage\",\"@id\":\"https:\/\/veritasinfo.org\/?p=34373\",\"url\":\"https:\/\/veritasinfo.org\/?p=34373\",\"name\":\"Osmani: Prania e KFOR-it amerikan \u00ebsht\u00eb jetike p\u00ebr stabilitetin n\u00eb Kosov\u00eb -\",\"isPartOf\":{\"@id\":\"https:\/\/veritasinfo.org\/#website\"},\"primaryImageOfPage\":{\"@id\":\"https:\/\/veritasinfo.org\/?p=34373#primaryimage\"},\"image\":{\"@id\":\"https:\/\/veritasinfo.org\/?p=34373#primaryimage\"},\"thumbnailUrl\":\"https:\/\/veritasinfo.org\/wp-content\/uploads\/2026\/02\/718022-zmITPEso9d.jpg\",\"datePublished\":\"2026-02-24T09:07:38+00:00\",\"author\":{\"@id\":\"https:\/\/veritasinfo.org\/#\/schema\/person\/bc442336e35414d04494ab8fb45db4c6\"},\"breadcrumb\":{\"@id\":\"https:\/\/veritasinfo.org\/?p=34373#breadcrumb\"},\"inLanguage\":\"en-US\",\"potentialAction\":[{\"@type\":\"ReadAction\",\"target\":[\"https:\/\/veritasinfo.org\/?p=34373\"]}]},{\"@type\":\"ImageObject\",\"inLanguage\":\"en-US\",\"@id\":\"https:\/\/veritasinfo.org\/?p=34373#primaryimage\",\"url\":\"https:\/\/veritasinfo.org\/wp-content\/uploads\/2026\/02\/718022-zmITPEso9d.jpg\",\"contentUrl\":\"https:\/\/veritasinfo.org\/wp-content\/uploads\/2026\/02\/718022-zmITPEso9d.jpg\",\"width\":780,\"height\":500},{\"@type\":\"BreadcrumbList\",\"@id\":\"https:\/\/veritasinfo.org\/?p=34373#breadcrumb\",\"itemListElement\":[{\"@type\":\"ListItem\",\"position\":1,\"name\":\"Home\",\"item\":\"https:\/\/veritasinfo.org\/\"},{\"@type\":\"ListItem\",\"position\":2,\"name\":\"Osmani: Prania e KFOR-it amerikan \u00ebsht\u00eb jetike p\u00ebr stabilitetin n\u00eb Kosov\u00eb\"}]},{\"@type\":\"WebSite\",\"@id\":\"https:\/\/veritasinfo.org\/#website\",\"url\":\"https:\/\/veritasinfo.org\/\",\"name\":\"\",\"description\":\"\",\"potentialAction\":[{\"@type\":\"SearchAction\",\"target\":{\"@type\":\"EntryPoint\",\"urlTemplate\":\"https:\/\/veritasinfo.org\/?s={search_term_string}\"},\"query-input\":{\"@type\":\"PropertyValueSpecification\",\"valueRequired\":true,\"valueName\":\"search_term_string\"}}],\"inLanguage\":\"en-US\"},{\"@type\":\"Person\",\"@id\":\"https:\/\/veritasinfo.org\/#\/schema\/person\/bc442336e35414d04494ab8fb45db4c6\",\"name\":\"US5\",\"image\":{\"@type\":\"ImageObject\",\"inLanguage\":\"en-US\",\"@id\":\"https:\/\/veritasinfo.org\/#\/schema\/person\/image\/\",\"url\":\"https:\/\/secure.gravatar.com\/avatar\/16a61e7272a0c5d001121ebb9e60e925d5816e4ac1e443ed3e640d9a6ae55d0c?s=96&d=mm&r=g\",\"contentUrl\":\"https:\/\/secure.gravatar.com\/avatar\/16a61e7272a0c5d001121ebb9e60e925d5816e4ac1e443ed3e640d9a6ae55d0c?s=96&d=mm&r=g\",\"caption\":\"US5\"},\"url\":\"https:\/\/veritasinfo.org\/?author=6\"}]}<\/script>\n<!-- \/ Yoast SEO plugin. -->","yoast_head_json":{"title":"Osmani: Prania e KFOR-it amerikan \u00ebsht\u00eb jetike p\u00ebr stabilitetin n\u00eb Kosov\u00eb -","robots":{"index":"index","follow":"follow","max-snippet":"max-snippet:-1","max-image-preview":"max-image-preview:large","max-video-preview":"max-video-preview:-1"},"canonical":"https:\/\/veritasinfo.org\/?p=34373","og_locale":"en_US","og_type":"article","og_title":"Osmani: Prania e KFOR-it amerikan \u00ebsht\u00eb jetike p\u00ebr stabilitetin n\u00eb Kosov\u00eb -","og_description":"Prishtin\u00eb 24 Shkurt 2026 10:06 Presidentja e Kosov\u00ebs, Vjosa Osmani, ka deklaruar se prania e Ushtris\u00eb s\u00eb Shteteve t\u00eb Bashkuara si pjes\u00eb e misionit t\u00eb","og_url":"https:\/\/veritasinfo.org\/?p=34373","article_published_time":"2026-02-24T09:07:38+00:00","og_image":[{"width":780,"height":500,"url":"https:\/\/veritasinfo.org\/wp-content\/uploads\/2026\/02\/718022-zmITPEso9d.jpg","type":"image\/jpeg"}],"author":"US5","twitter_card":"summary_large_image","twitter_misc":{"Written by":"US5","Est. reading time":"1 minute"},"schema":{"@context":"https:\/\/schema.org","@graph":[{"@type":"WebPage","@id":"https:\/\/veritasinfo.org\/?p=34373","url":"https:\/\/veritasinfo.org\/?p=34373","name":"Osmani: Prania e KFOR-it amerikan \u00ebsht\u00eb jetike p\u00ebr stabilitetin n\u00eb Kosov\u00eb -","isPartOf":{"@id":"https:\/\/veritasinfo.org\/#website"},"primaryImageOfPage":{"@id":"https:\/\/veritasinfo.org\/?p=34373#primaryimage"},"image":{"@id":"https:\/\/veritasinfo.org\/?p=34373#primaryimage"},"thumbnailUrl":"https:\/\/veritasinfo.org\/wp-content\/uploads\/2026\/02\/718022-zmITPEso9d.jpg","datePublished":"2026-02-24T09:07:38+00:00","author":{"@id":"https:\/\/veritasinfo.org\/#\/schema\/person\/bc442336e35414d04494ab8fb45db4c6"},"breadcrumb":{"@id":"https:\/\/veritasinfo.org\/?p=34373#breadcrumb"},"inLanguage":"en-US","potentialAction":[{"@type":"ReadAction","target":["https:\/\/veritasinfo.org\/?p=34373"]}]},{"@type":"ImageObject","inLanguage":"en-US","@id":"https:\/\/veritasinfo.org\/?p=34373#primaryimage","url":"https:\/\/veritasinfo.org\/wp-content\/uploads\/2026\/02\/718022-zmITPEso9d.jpg","contentUrl":"https:\/\/veritasinfo.org\/wp-content\/uploads\/2026\/02\/718022-zmITPEso9d.jpg","width":780,"height":500},{"@type":"BreadcrumbList","@id":"https:\/\/veritasinfo.org\/?p=34373#breadcrumb","itemListElement":[{"@type":"ListItem","position":1,"name":"Home","item":"https:\/\/veritasinfo.org\/"},{"@type":"ListItem","position":2,"name":"Osmani: Prania e KFOR-it amerikan \u00ebsht\u00eb jetike p\u00ebr stabilitetin n\u00eb Kosov\u00eb"}]},{"@type":"WebSite","@id":"https:\/\/veritasinfo.org\/#website","url":"https:\/\/veritasinfo.org\/","name":"","description":"","potentialAction":[{"@type":"SearchAction","target":{"@type":"EntryPoint","urlTemplate":"https:\/\/veritasinfo.org\/?s={search_term_string}"},"query-input":{"@type":"PropertyValueSpecification","valueRequired":true,"valueName":"search_term_string"}}],"inLanguage":"en-US"},{"@type":"Person","@id":"https:\/\/veritasinfo.org\/#\/schema\/person\/bc442336e35414d04494ab8fb45db4c6","name":"US5","image":{"@type":"ImageObject","inLanguage":"en-US","@id":"https:\/\/veritasinfo.org\/#\/schema\/person\/image\/","url":"https:\/\/secure.gravatar.com\/avatar\/16a61e7272a0c5d001121ebb9e60e925d5816e4ac1e443ed3e640d9a6ae55d0c?s=96&d=mm&r=g","contentUrl":"https:\/\/secure.gravatar.com\/avatar\/16a61e7272a0c5d001121ebb9e60e925d5816e4ac1e443ed3e640d9a6ae55d0c?s=96&d=mm&r=g","caption":"US5"},"url":"https:\/\/veritasinfo.org\/?author=6"}]}},"featured_image_urls":{"full":["https:\/\/veritasinfo.org\/wp-content\/uploads\/2026\/02\/718022-zmITPEso9d.jpg",780,500,false],"thumbnail":["https:\/\/veritasinfo.org\/wp-content\/uploads\/2026\/02\/718022-zmITPEso9d-150x150.jpg",150,150,true],"medium":["https:\/\/veritasinfo.org\/wp-content\/uploads\/2026\/02\/718022-zmITPEso9d-300x192.jpg",300,192,true],"medium_large":["https:\/\/veritasinfo.org\/wp-content\/uploads\/2026\/02\/718022-zmITPEso9d-768x492.jpg",640,410,true],"large":["https:\/\/veritasinfo.org\/wp-content\/uploads\/2026\/02\/718022-zmITPEso9d.jpg",640,410,false],"1536x1536":["https:\/\/veritasinfo.org\/wp-content\/uploads\/2026\/02\/718022-zmITPEso9d.jpg",780,500,false],"2048x2048":["https:\/\/veritasinfo.org\/wp-content\/uploads\/2026\/02\/718022-zmITPEso9d.jpg",780,500,false],"kreeti-slider-full":["https:\/\/veritasinfo.org\/wp-content\/uploads\/2026\/02\/718022-zmITPEso9d.jpg",780,500,false],"kreeti-featured":["https:\/\/veritasinfo.org\/wp-content\/uploads\/2026\/02\/718022-zmITPEso9d.jpg",780,500,false],"kreeti-medium":["https:\/\/veritasinfo.org\/wp-content\/uploads\/2026\/02\/718022-zmITPEso9d.jpg",720,462,false],"kreeti-medium-square":["https:\/\/veritasinfo.org\/wp-content\/uploads\/2026\/02\/718022-zmITPEso9d.jpg",350,224,false]},"author_info":{"info":["US5"]},"category_info":"<a href=\"https:\/\/veritasinfo.org\/?cat=60\" rel=\"category\">Shoq\u00ebrore<\/a>","tag_info":"Shoq\u00ebrore","comment_count":"0","_links":{"self":[{"href":"https:\/\/veritasinfo.org\/index.php?rest_route=\/wp\/v2\/posts\/34373","targetHints":{"allow":["GET"]}}],"collection":[{"href":"https:\/\/veritasinfo.org\/index.php?rest_route=\/wp\/v2\/posts"}],"about":[{"href":"https:\/\/veritasinfo.org\/index.php?rest_route=\/wp\/v2\/types\/post"}],"author":[{"embeddable":true,"href":"https:\/\/veritasinfo.org\/index.php?rest_route=\/wp\/v2\/users\/6"}],"replies":[{"embeddable":true,"href":"https:\/\/veritasinfo.org\/index.php?rest_route=%2Fwp%2Fv2%2Fcomments&post=34373"}],"version-history":[{"count":1,"href":"https:\/\/veritasinfo.org\/index.php?rest_route=\/wp\/v2\/posts\/34373\/revisions"}],"predecessor-version":[{"id":34375,"href":"https:\/\/veritasinfo.org\/index.php?rest_route=\/wp\/v2\/posts\/34373\/revisions\/34375"}],"wp:featuredmedia":[{"embeddable":true,"href":"https:\/\/veritasinfo.org\/index.php?rest_route=\/wp\/v2\/media\/34374"}],"wp:attachment":[{"href":"https:\/\/veritasinfo.org\/index.php?rest_route=%2Fwp%2Fv2%2Fmedia&parent=34373"}],"wp:term":[{"taxonomy":"category","embeddable":true,"href":"https:\/\/veritasinfo.org\/index.php?rest_route=%2Fwp%2Fv2%2Fcategories&post=34373"},{"taxonomy":"post_tag","embeddable":true,"href":"https:\/\/veritasinfo.org\/index.php?rest_route=%2Fwp%2Fv2%2Ftags&post=34373"}],"curies":[{"name":"wp","href":"https:\/\/api.w.org\/{rel}","templated":true}]}}