{"id":34367,"date":"2026-02-24T10:03:37","date_gmt":"2026-02-24T09:03:37","guid":{"rendered":"https:\/\/veritasinfo.org\/?p=34367"},"modified":"2026-02-24T10:03:37","modified_gmt":"2026-02-24T09:03:37","slug":"bordi-i-paqes-lanson-faqen-zyrtare-vendosen-edhe-flamujt-e-kosoves-dhe-shqiperise-si-shtete-themeluese","status":"publish","type":"post","link":"https:\/\/veritasinfo.org\/?p=34367","title":{"rendered":"Bordi i Paqes lanson faqen zyrtare, vendosen edhe flamujt e Kosov\u00ebs dhe Shqip\u00ebris\u00eb si shtete themeluese"},"content":{"rendered":"<p>Prishtin\u00eb 24 Shkurt 2026 10:02<br \/>\nBordi i Paqes ka hapur zyrtarisht uebfaqen e tij, duke sh\u00ebnuar nj\u00eb hap t\u00eb ri n\u00eb angazhimin p\u00ebr nd\u00ebrtimin e nj\u00eb arkitekture m\u00eb efektive dhe pragmatike t\u00eb paqes n\u00eb nivel nd\u00ebrkomb\u00ebtar. N\u00eb faqen zyrtare jan\u00eb publikuar edhe 28 shtetet themeluese t\u00eb k\u00ebtij mekanizmi t\u00eb ri nd\u00ebrkomb\u00ebtar, ku mes tyre figurojn\u00eb edhe Kosova dhe Shqip\u00ebria.N\u00eb deklarat\u00ebn themeluese thuhet se paqja e q\u00ebndrueshme k\u00ebrkon gjykim pragmatik, zgjidhje me sens t\u00eb p\u00ebrbashk\u00ebt dhe guxim p\u00ebr t\u2019u larguar nga qasjet dhe institucionet q\u00eb shpesh kan\u00eb d\u00ebshtuar t\u00eb sjellin rezultate konkrete.<\/p>\n<p>Dokumenti thekson se paqja afatgjat\u00eb nd\u00ebrtohet kur qytetar\u00ebt fuqizohen p\u00ebr t\u00eb marr\u00eb p\u00ebrgjegj\u00ebsi mbi t\u00eb ardhmen e tyre, si dhe p\u00ebrmes partneriteteve t\u00eb q\u00ebndrueshme, t\u00eb orientuara drejt rezultateve dhe t\u00eb bazuara n\u00eb ndarjen e barr\u00ebs dhe p\u00ebrgjegj\u00ebsive.<\/p>\n<p>Po ashtu, theksohet nevoja p\u00ebr nj\u00eb trup\u00eb nd\u00ebrkomb\u00ebtare m\u00eb fleksibile dhe m\u00eb efektive n\u00eb fush\u00ebn e paqeb\u00ebrjes, duke kritikuar qasjet q\u00eb krijojn\u00eb var\u00ebsi t\u00eb p\u00ebrhershme dhe institucionalizojn\u00eb kriz\u00ebn, n\u00eb vend q\u00eb ta tejkalojn\u00eb at\u00eb.<\/p>\n<p>Sipas njoftimit, pal\u00ebt themeluese jan\u00eb zotuar t\u00eb krijojn\u00eb nj\u00eb koalicion shtetesh t\u00eb gatshme p\u00ebr bashk\u00ebpunim praktik dhe veprim efektiv, duke miratuar Kart\u00ebn e Bordit t\u00eb Paqes.<\/p>\n<p>N\u00eb mesin e 28 shteteve themeluese q\u00eb paraqiten n\u00eb uebfaqe jan\u00eb: Shtetet e Bashkuara t\u00eb Amerik\u00ebs, Shqip\u00ebria, Kosova, Turqia, Arabia Saudite, Katari, Emiratet e Bashkuara Arabe, Pakistani, Izraeli, Egjipti, Jordania, Kazakistani, Uzbekistani, Paraguai, Maroku, si dhe vende t\u00eb tjera nga Evropa, Azia, Afrika dhe Amerika Latine.<\/p>\n","protected":false},"excerpt":{"rendered":"<p>Prishtin\u00eb 24 Shkurt 2026 10:02 Bordi i Paqes ka hapur zyrtarisht uebfaqen e tij, duke sh\u00ebnuar nj\u00eb hap t\u00eb ri n\u00eb angazhimin p\u00ebr nd\u00ebrtimin e<\/p>\n","protected":false},"author":6,"featured_media":34368,"comment_status":"open","ping_status":"open","sticky":false,"template":"","format":"standard","meta":{"footnotes":""},"categories":[60],"tags":[],"class_list":["post-34367","post","type-post","status-publish","format-standard","has-post-thumbnail","hentry","category-shoqerore-sq"],"yoast_head":"<!-- This site is optimized with the Yoast SEO plugin v25.3.1 - https:\/\/yoast.com\/wordpress\/plugins\/seo\/ -->\n<title>Bordi i Paqes lanson faqen zyrtare, vendosen edhe flamujt e Kosov\u00ebs dhe Shqip\u00ebris\u00eb si shtete themeluese -<\/title>\n<meta name=\"robots\" content=\"index, follow, max-snippet:-1, max-image-preview:large, max-video-preview:-1\" \/>\n<link rel=\"canonical\" href=\"https:\/\/veritasinfo.org\/?p=34367\" \/>\n<meta property=\"og:locale\" content=\"en_US\" \/>\n<meta property=\"og:type\" content=\"article\" \/>\n<meta property=\"og:title\" content=\"Bordi i Paqes lanson faqen zyrtare, vendosen edhe flamujt e Kosov\u00ebs dhe Shqip\u00ebris\u00eb si shtete themeluese -\" \/>\n<meta property=\"og:description\" content=\"Prishtin\u00eb 24 Shkurt 2026 10:02 Bordi i Paqes ka hapur zyrtarisht uebfaqen e tij, duke sh\u00ebnuar nj\u00eb hap t\u00eb ri n\u00eb angazhimin p\u00ebr nd\u00ebrtimin e\" \/>\n<meta property=\"og:url\" content=\"https:\/\/veritasinfo.org\/?p=34367\" \/>\n<meta property=\"article:published_time\" content=\"2026-02-24T09:03:37+00:00\" \/>\n<meta property=\"og:image\" content=\"https:\/\/veritasinfo.org\/wp-content\/uploads\/2026\/02\/vjosaaa.jpg\" \/>\n\t<meta property=\"og:image:width\" content=\"780\" \/>\n\t<meta property=\"og:image:height\" content=\"462\" \/>\n\t<meta property=\"og:image:type\" content=\"image\/jpeg\" \/>\n<meta name=\"author\" content=\"US5\" \/>\n<meta name=\"twitter:card\" content=\"summary_large_image\" \/>\n<meta name=\"twitter:label1\" content=\"Written by\" \/>\n\t<meta name=\"twitter:data1\" content=\"US5\" \/>\n<script type=\"application\/ld+json\" class=\"yoast-schema-graph\">{\"@context\":\"https:\/\/schema.org\",\"@graph\":[{\"@type\":\"WebPage\",\"@id\":\"https:\/\/veritasinfo.org\/?p=34367\",\"url\":\"https:\/\/veritasinfo.org\/?p=34367\",\"name\":\"Bordi i Paqes lanson faqen zyrtare, vendosen edhe flamujt e Kosov\u00ebs dhe Shqip\u00ebris\u00eb si shtete themeluese -\",\"isPartOf\":{\"@id\":\"https:\/\/veritasinfo.org\/#website\"},\"primaryImageOfPage\":{\"@id\":\"https:\/\/veritasinfo.org\/?p=34367#primaryimage\"},\"image\":{\"@id\":\"https:\/\/veritasinfo.org\/?p=34367#primaryimage\"},\"thumbnailUrl\":\"https:\/\/veritasinfo.org\/wp-content\/uploads\/2026\/02\/vjosaaa.jpg\",\"datePublished\":\"2026-02-24T09:03:37+00:00\",\"author\":{\"@id\":\"https:\/\/veritasinfo.org\/#\/schema\/person\/bc442336e35414d04494ab8fb45db4c6\"},\"breadcrumb\":{\"@id\":\"https:\/\/veritasinfo.org\/?p=34367#breadcrumb\"},\"inLanguage\":\"en-US\",\"potentialAction\":[{\"@type\":\"ReadAction\",\"target\":[\"https:\/\/veritasinfo.org\/?p=34367\"]}]},{\"@type\":\"ImageObject\",\"inLanguage\":\"en-US\",\"@id\":\"https:\/\/veritasinfo.org\/?p=34367#primaryimage\",\"url\":\"https:\/\/veritasinfo.org\/wp-content\/uploads\/2026\/02\/vjosaaa.jpg\",\"contentUrl\":\"https:\/\/veritasinfo.org\/wp-content\/uploads\/2026\/02\/vjosaaa.jpg\",\"width\":780,\"height\":462},{\"@type\":\"BreadcrumbList\",\"@id\":\"https:\/\/veritasinfo.org\/?p=34367#breadcrumb\",\"itemListElement\":[{\"@type\":\"ListItem\",\"position\":1,\"name\":\"Home\",\"item\":\"https:\/\/veritasinfo.org\/\"},{\"@type\":\"ListItem\",\"position\":2,\"name\":\"Bordi i Paqes lanson faqen zyrtare, vendosen edhe flamujt e Kosov\u00ebs dhe Shqip\u00ebris\u00eb si shtete themeluese\"}]},{\"@type\":\"WebSite\",\"@id\":\"https:\/\/veritasinfo.org\/#website\",\"url\":\"https:\/\/veritasinfo.org\/\",\"name\":\"\",\"description\":\"\",\"potentialAction\":[{\"@type\":\"SearchAction\",\"target\":{\"@type\":\"EntryPoint\",\"urlTemplate\":\"https:\/\/veritasinfo.org\/?s={search_term_string}\"},\"query-input\":{\"@type\":\"PropertyValueSpecification\",\"valueRequired\":true,\"valueName\":\"search_term_string\"}}],\"inLanguage\":\"en-US\"},{\"@type\":\"Person\",\"@id\":\"https:\/\/veritasinfo.org\/#\/schema\/person\/bc442336e35414d04494ab8fb45db4c6\",\"name\":\"US5\",\"image\":{\"@type\":\"ImageObject\",\"inLanguage\":\"en-US\",\"@id\":\"https:\/\/veritasinfo.org\/#\/schema\/person\/image\/\",\"url\":\"https:\/\/secure.gravatar.com\/avatar\/16a61e7272a0c5d001121ebb9e60e925d5816e4ac1e443ed3e640d9a6ae55d0c?s=96&d=mm&r=g\",\"contentUrl\":\"https:\/\/secure.gravatar.com\/avatar\/16a61e7272a0c5d001121ebb9e60e925d5816e4ac1e443ed3e640d9a6ae55d0c?s=96&d=mm&r=g\",\"caption\":\"US5\"},\"url\":\"https:\/\/veritasinfo.org\/?author=6\"}]}<\/script>\n<!-- \/ Yoast SEO plugin. -->","yoast_head_json":{"title":"Bordi i Paqes lanson faqen zyrtare, vendosen edhe flamujt e Kosov\u00ebs dhe Shqip\u00ebris\u00eb si shtete themeluese -","robots":{"index":"index","follow":"follow","max-snippet":"max-snippet:-1","max-image-preview":"max-image-preview:large","max-video-preview":"max-video-preview:-1"},"canonical":"https:\/\/veritasinfo.org\/?p=34367","og_locale":"en_US","og_type":"article","og_title":"Bordi i Paqes lanson faqen zyrtare, vendosen edhe flamujt e Kosov\u00ebs dhe Shqip\u00ebris\u00eb si shtete themeluese -","og_description":"Prishtin\u00eb 24 Shkurt 2026 10:02 Bordi i Paqes ka hapur zyrtarisht uebfaqen e tij, duke sh\u00ebnuar nj\u00eb hap t\u00eb ri n\u00eb angazhimin p\u00ebr nd\u00ebrtimin e","og_url":"https:\/\/veritasinfo.org\/?p=34367","article_published_time":"2026-02-24T09:03:37+00:00","og_image":[{"width":780,"height":462,"url":"https:\/\/veritasinfo.org\/wp-content\/uploads\/2026\/02\/vjosaaa.jpg","type":"image\/jpeg"}],"author":"US5","twitter_card":"summary_large_image","twitter_misc":{"Written by":"US5"},"schema":{"@context":"https:\/\/schema.org","@graph":[{"@type":"WebPage","@id":"https:\/\/veritasinfo.org\/?p=34367","url":"https:\/\/veritasinfo.org\/?p=34367","name":"Bordi i Paqes lanson faqen zyrtare, vendosen edhe flamujt e Kosov\u00ebs dhe Shqip\u00ebris\u00eb si shtete themeluese -","isPartOf":{"@id":"https:\/\/veritasinfo.org\/#website"},"primaryImageOfPage":{"@id":"https:\/\/veritasinfo.org\/?p=34367#primaryimage"},"image":{"@id":"https:\/\/veritasinfo.org\/?p=34367#primaryimage"},"thumbnailUrl":"https:\/\/veritasinfo.org\/wp-content\/uploads\/2026\/02\/vjosaaa.jpg","datePublished":"2026-02-24T09:03:37+00:00","author":{"@id":"https:\/\/veritasinfo.org\/#\/schema\/person\/bc442336e35414d04494ab8fb45db4c6"},"breadcrumb":{"@id":"https:\/\/veritasinfo.org\/?p=34367#breadcrumb"},"inLanguage":"en-US","potentialAction":[{"@type":"ReadAction","target":["https:\/\/veritasinfo.org\/?p=34367"]}]},{"@type":"ImageObject","inLanguage":"en-US","@id":"https:\/\/veritasinfo.org\/?p=34367#primaryimage","url":"https:\/\/veritasinfo.org\/wp-content\/uploads\/2026\/02\/vjosaaa.jpg","contentUrl":"https:\/\/veritasinfo.org\/wp-content\/uploads\/2026\/02\/vjosaaa.jpg","width":780,"height":462},{"@type":"BreadcrumbList","@id":"https:\/\/veritasinfo.org\/?p=34367#breadcrumb","itemListElement":[{"@type":"ListItem","position":1,"name":"Home","item":"https:\/\/veritasinfo.org\/"},{"@type":"ListItem","position":2,"name":"Bordi i Paqes lanson faqen zyrtare, vendosen edhe flamujt e Kosov\u00ebs dhe Shqip\u00ebris\u00eb si shtete themeluese"}]},{"@type":"WebSite","@id":"https:\/\/veritasinfo.org\/#website","url":"https:\/\/veritasinfo.org\/","name":"","description":"","potentialAction":[{"@type":"SearchAction","target":{"@type":"EntryPoint","urlTemplate":"https:\/\/veritasinfo.org\/?s={search_term_string}"},"query-input":{"@type":"PropertyValueSpecification","valueRequired":true,"valueName":"search_term_string"}}],"inLanguage":"en-US"},{"@type":"Person","@id":"https:\/\/veritasinfo.org\/#\/schema\/person\/bc442336e35414d04494ab8fb45db4c6","name":"US5","image":{"@type":"ImageObject","inLanguage":"en-US","@id":"https:\/\/veritasinfo.org\/#\/schema\/person\/image\/","url":"https:\/\/secure.gravatar.com\/avatar\/16a61e7272a0c5d001121ebb9e60e925d5816e4ac1e443ed3e640d9a6ae55d0c?s=96&d=mm&r=g","contentUrl":"https:\/\/secure.gravatar.com\/avatar\/16a61e7272a0c5d001121ebb9e60e925d5816e4ac1e443ed3e640d9a6ae55d0c?s=96&d=mm&r=g","caption":"US5"},"url":"https:\/\/veritasinfo.org\/?author=6"}]}},"featured_image_urls":{"full":["https:\/\/veritasinfo.org\/wp-content\/uploads\/2026\/02\/vjosaaa.jpg",780,462,false],"thumbnail":["https:\/\/veritasinfo.org\/wp-content\/uploads\/2026\/02\/vjosaaa-150x150.jpg",150,150,true],"medium":["https:\/\/veritasinfo.org\/wp-content\/uploads\/2026\/02\/vjosaaa-300x178.jpg",300,178,true],"medium_large":["https:\/\/veritasinfo.org\/wp-content\/uploads\/2026\/02\/vjosaaa-768x455.jpg",640,379,true],"large":["https:\/\/veritasinfo.org\/wp-content\/uploads\/2026\/02\/vjosaaa.jpg",640,379,false],"1536x1536":["https:\/\/veritasinfo.org\/wp-content\/uploads\/2026\/02\/vjosaaa.jpg",780,462,false],"2048x2048":["https:\/\/veritasinfo.org\/wp-content\/uploads\/2026\/02\/vjosaaa.jpg",780,462,false],"kreeti-slider-full":["https:\/\/veritasinfo.org\/wp-content\/uploads\/2026\/02\/vjosaaa.jpg",780,462,false],"kreeti-featured":["https:\/\/veritasinfo.org\/wp-content\/uploads\/2026\/02\/vjosaaa.jpg",780,462,false],"kreeti-medium":["https:\/\/veritasinfo.org\/wp-content\/uploads\/2026\/02\/vjosaaa.jpg",720,426,false],"kreeti-medium-square":["https:\/\/veritasinfo.org\/wp-content\/uploads\/2026\/02\/vjosaaa.jpg",350,207,false]},"author_info":{"info":["US5"]},"category_info":"<a href=\"https:\/\/veritasinfo.org\/?cat=60\" rel=\"category\">Shoq\u00ebrore<\/a>","tag_info":"Shoq\u00ebrore","comment_count":"0","_links":{"self":[{"href":"https:\/\/veritasinfo.org\/index.php?rest_route=\/wp\/v2\/posts\/34367","targetHints":{"allow":["GET"]}}],"collection":[{"href":"https:\/\/veritasinfo.org\/index.php?rest_route=\/wp\/v2\/posts"}],"about":[{"href":"https:\/\/veritasinfo.org\/index.php?rest_route=\/wp\/v2\/types\/post"}],"author":[{"embeddable":true,"href":"https:\/\/veritasinfo.org\/index.php?rest_route=\/wp\/v2\/users\/6"}],"replies":[{"embeddable":true,"href":"https:\/\/veritasinfo.org\/index.php?rest_route=%2Fwp%2Fv2%2Fcomments&post=34367"}],"version-history":[{"count":1,"href":"https:\/\/veritasinfo.org\/index.php?rest_route=\/wp\/v2\/posts\/34367\/revisions"}],"predecessor-version":[{"id":34369,"href":"https:\/\/veritasinfo.org\/index.php?rest_route=\/wp\/v2\/posts\/34367\/revisions\/34369"}],"wp:featuredmedia":[{"embeddable":true,"href":"https:\/\/veritasinfo.org\/index.php?rest_route=\/wp\/v2\/media\/34368"}],"wp:attachment":[{"href":"https:\/\/veritasinfo.org\/index.php?rest_route=%2Fwp%2Fv2%2Fmedia&parent=34367"}],"wp:term":[{"taxonomy":"category","embeddable":true,"href":"https:\/\/veritasinfo.org\/index.php?rest_route=%2Fwp%2Fv2%2Fcategories&post=34367"},{"taxonomy":"post_tag","embeddable":true,"href":"https:\/\/veritasinfo.org\/index.php?rest_route=%2Fwp%2Fv2%2Ftags&post=34367"}],"curies":[{"name":"wp","href":"https:\/\/api.w.org\/{rel}","templated":true}]}}