{"id":34356,"date":"2026-02-24T08:55:25","date_gmt":"2026-02-24T07:55:25","guid":{"rendered":"https:\/\/veritasinfo.org\/?p=34356"},"modified":"2026-02-24T08:55:25","modified_gmt":"2026-02-24T07:55:25","slug":"osmani-forcon-kosoven-ne-uashington-shba-e-vendos-ne-qender-te-politikes-nderkombetare-dhe-nato-s","status":"publish","type":"post","link":"https:\/\/veritasinfo.org\/?p=34356","title":{"rendered":"Osmani forcon Kosov\u00ebn n\u00eb Uashington: SHBA e vendos n\u00eb qend\u00ebr t\u00eb politik\u00ebs nd\u00ebrkomb\u00ebtare dhe NATO-s"},"content":{"rendered":"<p>Prishtin\u00eb, 24 shkurt 2026 08:50<\/p>\n<p>Dit\u00eb m\u00eb par\u00eb, presidentja e Kosov\u00ebs, Vjosa Osmani, u takua me kryediplomatin amerikan, Marco Rubio, n\u00eb Departamentin amerikan t\u00eb Shtetit.<\/p>\n<p>Osmani tha se me sekretarin amerikan t\u00eb Shtetit ka diskutuar p\u00ebr mund\u00ebsit\u00eb e forcimit t\u00eb \u201caleanc\u00ebs son\u00eb si dhe si dhe hapat konkret\u00eb n\u00eb k\u00ebt\u00eb drejtim q\u00eb kan\u00eb r\u00ebnd\u00ebsi jetike p\u00ebr popullin ton\u00eb\u201d.<\/p>\n<p>\u201cN\u00eb ve\u00e7anti, e fal\u00ebnderova p\u00ebr p\u00ebrfshirjen e Kosov\u00ebs n\u00eb Bordin e Paqes, p\u00ebr mb\u00ebshtetjen vendimtare amerikane p\u00ebr sovranitetin dhe integritetin territorial t\u00eb Kosov\u00ebs, si dhe p\u00ebr prezenc\u00ebn ushtarake amerikane n\u00eb Kosov\u00eb si prezenc\u00eb ky\u00e7 p\u00ebr paqen e stabilitetin n\u00eb rajon. Diskutuam p\u00ebr r\u00ebnd\u00ebsin\u00eb e madhe t\u00eb an\u00ebtar\u00ebsimit t\u00eb Kosov\u00ebs n\u00eb NATO, si dhe p\u00ebr hapjen e kapitujve t\u00eb ri t\u00eb bashk\u00ebpunimit n\u00eb ekonomi e mbrojtje, si pjes\u00eb e partneritetit ton\u00eb strategjik\u201d, tha Osmani p\u00ebrmes nj\u00eb postimi n\u00eb Facebook.<\/p>\n<p>Nd\u00ebrsa, Departamenti i Shtetit njoftoi m\u00eb von\u00eb n\u00eb nj\u00eb komunikat\u00eb se Rubio i fal\u00ebnderoi Osmanin dhe popullin e Kosov\u00ebs p\u00ebr kontributin e vendit t\u00eb tyre n\u00eb Bordin e Paqes si an\u00ebtare themeluese dhe pjes\u00eb e Forc\u00ebs Nd\u00ebrkomb\u00ebtare t\u00eb Stabilizimit n\u00eb Gaz\u00eb.<\/p>\n<p>Takimi Ruboi-Osmani u zhvillua n\u00eb nj\u00eb moment t\u00eb ndjesh\u00ebm p\u00ebr zhvillimet rajonale dhe raportet nd\u00ebrkomb\u00ebtare. Takimi, i cil\u00ebsuar si nj\u00eb hap drejt forcimit t\u00eb aleanc\u00ebs strategjike mes dy vendeve, erdhi n\u00eb nj\u00eb koh\u00eb kur Kosova synon t\u00eb konsolidoj\u00eb pozicionin e saj nd\u00ebrkomb\u00ebtar dhe t\u00eb siguroj\u00eb mb\u00ebshtetje t\u00eb vazhdueshme nga partneri i saj kryesor.<\/p>\n<p>Deklaratat p\u00ebr \u201chapa konkret\u00eb\u201d dhe p\u00ebr thellimin e bashk\u00ebpunimit kan\u00eb ngritur pritshm\u00ebri p\u00ebr efekte t\u00eb prekshme n\u00eb diplomacin\u00eb dhe sigurin\u00eb e vendit. Por sa pesh\u00eb reale ka ky takim p\u00ebr Kosov\u00ebn dhe \u00e7far\u00eb mesazhesh d\u00ebrgon ai p\u00ebr raportet me SHBA-n\u00eb dhe p\u00ebr t\u00eb ardhmen e politik\u00ebs s\u00eb jashtme t\u00eb shtetit?<\/p>\n<p>Koci: Takimi Rubio &#8211; Osmani \u00ebsht\u00eb i nj\u00eb r\u00ebnd\u00ebsie t\u00eb jasht\u00ebzakonshme<\/p>\n<p>E p\u00ebr k\u00ebt\u00eb tem\u00eb p\u00ebr \u201cBota sot\u201d foli Melazim Koci, i cili fillimisht u shpreh se takimi Osmano-Rubio ka nj\u00eb r\u00ebnd\u00ebsi t\u00eb madhe.<\/p>\n<p>Sipas tij, ky takim d\u00ebshmoi q\u00eb SHBA ende e ka n\u00eb agjend\u00eb Kosov\u00ebn dhe k\u00ebshtu hedh posht\u00eb pretendimet q\u00eb kan\u00eb qarkulluar se Trump nuk do e ket\u00eb shtetin ton\u00eb n\u00eb fokus.<\/p>\n<p>Krahas k\u00ebsaj, Koci vler\u00ebson se Osmani e ka prezantuar mjaft mir\u00eb Kosov\u00ebn n\u00eb aren\u00ebn nd\u00ebrkomb\u00ebtare, m\u00eb sakt\u00eb n\u00eb SHBA.<\/p>\n<p class=\" aBigClassNameToAvoidCollisionInText\">\u201c<em>Takimi Rubio &#8211; Osmani \u00ebsht\u00eb i nj\u00eb r\u00ebnd\u00ebsie t\u00eb jasht\u00ebzakonshme. Ai s\u00ebrish d\u00ebshmoi q\u00eb Kosova \u00ebsht\u00eb n\u00eb agjend\u00ebn e politik\u00ebs s\u00eb jashtme t\u00eb SHBA-ve. Pohimet e disave q\u00eb me largimin e Presidentit Biden dhe ardhjen e Presidentit Trump, Kosova nuk do t\u00eb jet\u00eb n\u00eb fokusin e politik\u00ebs s\u00eb jashtme amerikane, jan\u00eb treguar t\u00eb huqura. Ftesa e Presidentit Trump q\u00eb Kosova t\u00eb jet\u00eb an\u00ebtare e \u201cBordit t\u00eb Paqes\u201d, ka b\u00ebr\u00eb q\u00eb Kosova t\u00eb sh\u00ebnoj\u00eb suksesin m\u00eb t\u00eb madh n\u00eb politik\u00ebn e jashtme nga shpallja e pavar\u00ebsis\u00eb.<\/em><\/p>\n<p><em>N\u00eb k\u00ebt\u00eb kontekst, Presidentja Osmani e ka prezantuar shum\u00eb mir\u00eb Kosov\u00ebn n\u00eb Davos dhe Uashington. Pavar\u00ebsisht k\u00ebsaj, prania e Kosov\u00ebs n\u00eb \u201cBordin e Paqes\u201d nuk \u00ebsht\u00eb merit\u00eb e askujt n\u00eb Kosov\u00eb, por p\u00ebrkushtim i SHBA-ve p\u00ebr ta avancuar Kosov\u00ebn n\u00eb rrafshin nd\u00ebrkomb\u00ebta<\/em>r\u201d, shtjelloi ai.<\/p>\n<p>Gjithashtu, Koci foli edhe p\u00ebr p\u00ebrfshirjen e Kosov\u00ebs n\u00eb Bordin e Paqes, derisa tha se me k\u00ebt\u00eb veprim SHBA e ka priviligjuar shtetin ton\u00eb, pasi n\u00eb k\u00ebt\u00eb Bord nuk jan\u00eb ftuar Serbia, Maqedonia e Veriut, Bosnja dhe Mali i Zi.<\/p>\n<p>Me an\u00ebtar\u00ebsimin n\u00eb \u201cBordin e Paqes\u201d, SHBA e ka b\u00ebr\u00eb t\u00eb ditur se Kosov\u00ebn e konsideron shtet funksional dhe demokratik, se e konsideron partner strategjik n\u00eb Ballkan dhe se Kosova duhet t\u00eb p\u00ebrfshihet n\u00eb t\u00eb gjitha nivelet nd\u00ebrkomb\u00ebtare.<\/p>\n<p>Duke e b\u00ebr\u00eb an\u00ebtare t\u00eb \u201cBordit t\u00eb Paqes\u201d, SHBA kan\u00eb privilegjuar Kosov\u00ebn, sepse n\u00eb k\u00ebt\u00eb Bord nuk jan\u00eb ftuar Serbia, Maqedonia e Veriut, Bosnja dhe Mali i Zi.<\/p>\n<p>Nga ana tjet\u00ebr, d\u00ebrgimi i pjes\u00ebtar\u00ebve t\u00eb FSK-s\u00eb n\u00eb Gaza, e b\u00ebn Kosov\u00ebn eksportuese t\u00eb siguris\u00eb dhe e afron me NATO-n\u201d, p\u00ebrfundoi Melazim Koci.<\/p>\n","protected":false},"excerpt":{"rendered":"<p>Prishtin\u00eb, 24 shkurt 2026 08:50 Dit\u00eb m\u00eb par\u00eb, presidentja e Kosov\u00ebs, Vjosa Osmani, u takua me kryediplomatin amerikan, Marco Rubio, n\u00eb Departamentin amerikan t\u00eb Shtetit.<\/p>\n","protected":false},"author":7,"featured_media":34361,"comment_status":"open","ping_status":"open","sticky":false,"template":"","format":"standard","meta":{"footnotes":""},"categories":[58],"tags":[],"class_list":["post-34356","post","type-post","status-publish","format-standard","has-post-thumbnail","hentry","category-politike-sq"],"yoast_head":"<!-- This site is optimized with the Yoast SEO plugin v25.3.1 - https:\/\/yoast.com\/wordpress\/plugins\/seo\/ -->\n<title>Osmani forcon Kosov\u00ebn n\u00eb Uashington: SHBA e vendos n\u00eb qend\u00ebr t\u00eb politik\u00ebs nd\u00ebrkomb\u00ebtare dhe NATO-s -<\/title>\n<meta name=\"robots\" content=\"index, follow, max-snippet:-1, max-image-preview:large, max-video-preview:-1\" \/>\n<link rel=\"canonical\" href=\"https:\/\/veritasinfo.org\/?p=34356\" \/>\n<meta property=\"og:locale\" content=\"en_US\" \/>\n<meta property=\"og:type\" content=\"article\" \/>\n<meta property=\"og:title\" content=\"Osmani forcon Kosov\u00ebn n\u00eb Uashington: SHBA e vendos n\u00eb qend\u00ebr t\u00eb politik\u00ebs nd\u00ebrkomb\u00ebtare dhe NATO-s -\" \/>\n<meta property=\"og:description\" content=\"Prishtin\u00eb, 24 shkurt 2026 08:50 Dit\u00eb m\u00eb par\u00eb, presidentja e Kosov\u00ebs, Vjosa Osmani, u takua me kryediplomatin amerikan, Marco Rubio, n\u00eb Departamentin amerikan t\u00eb Shtetit.\" \/>\n<meta property=\"og:url\" content=\"https:\/\/veritasinfo.org\/?p=34356\" \/>\n<meta property=\"article:published_time\" content=\"2026-02-24T07:55:25+00:00\" \/>\n<meta property=\"og:image\" content=\"https:\/\/veritasinfo.org\/wp-content\/uploads\/2026\/02\/auto_6011771916320.jpg\" \/>\n\t<meta property=\"og:image:width\" content=\"850\" \/>\n\t<meta property=\"og:image:height\" content=\"562\" \/>\n\t<meta property=\"og:image:type\" content=\"image\/jpeg\" \/>\n<meta name=\"author\" content=\"US6\" \/>\n<meta name=\"twitter:card\" content=\"summary_large_image\" \/>\n<meta name=\"twitter:label1\" content=\"Written by\" \/>\n\t<meta name=\"twitter:data1\" content=\"US6\" \/>\n\t<meta name=\"twitter:label2\" content=\"Est. reading time\" \/>\n\t<meta name=\"twitter:data2\" content=\"3 minutes\" \/>\n<script type=\"application\/ld+json\" class=\"yoast-schema-graph\">{\"@context\":\"https:\/\/schema.org\",\"@graph\":[{\"@type\":\"WebPage\",\"@id\":\"https:\/\/veritasinfo.org\/?p=34356\",\"url\":\"https:\/\/veritasinfo.org\/?p=34356\",\"name\":\"Osmani forcon Kosov\u00ebn n\u00eb Uashington: SHBA e vendos n\u00eb qend\u00ebr t\u00eb politik\u00ebs nd\u00ebrkomb\u00ebtare dhe NATO-s -\",\"isPartOf\":{\"@id\":\"https:\/\/veritasinfo.org\/#website\"},\"primaryImageOfPage\":{\"@id\":\"https:\/\/veritasinfo.org\/?p=34356#primaryimage\"},\"image\":{\"@id\":\"https:\/\/veritasinfo.org\/?p=34356#primaryimage\"},\"thumbnailUrl\":\"https:\/\/veritasinfo.org\/wp-content\/uploads\/2026\/02\/auto_6011771916320.jpg\",\"datePublished\":\"2026-02-24T07:55:25+00:00\",\"author\":{\"@id\":\"https:\/\/veritasinfo.org\/#\/schema\/person\/fe199eede04c3937362892b7444747cc\"},\"breadcrumb\":{\"@id\":\"https:\/\/veritasinfo.org\/?p=34356#breadcrumb\"},\"inLanguage\":\"en-US\",\"potentialAction\":[{\"@type\":\"ReadAction\",\"target\":[\"https:\/\/veritasinfo.org\/?p=34356\"]}]},{\"@type\":\"ImageObject\",\"inLanguage\":\"en-US\",\"@id\":\"https:\/\/veritasinfo.org\/?p=34356#primaryimage\",\"url\":\"https:\/\/veritasinfo.org\/wp-content\/uploads\/2026\/02\/auto_6011771916320.jpg\",\"contentUrl\":\"https:\/\/veritasinfo.org\/wp-content\/uploads\/2026\/02\/auto_6011771916320.jpg\",\"width\":850,\"height\":562},{\"@type\":\"BreadcrumbList\",\"@id\":\"https:\/\/veritasinfo.org\/?p=34356#breadcrumb\",\"itemListElement\":[{\"@type\":\"ListItem\",\"position\":1,\"name\":\"Home\",\"item\":\"https:\/\/veritasinfo.org\/\"},{\"@type\":\"ListItem\",\"position\":2,\"name\":\"Osmani forcon Kosov\u00ebn n\u00eb Uashington: SHBA e vendos n\u00eb qend\u00ebr t\u00eb politik\u00ebs nd\u00ebrkomb\u00ebtare dhe NATO-s\"}]},{\"@type\":\"WebSite\",\"@id\":\"https:\/\/veritasinfo.org\/#website\",\"url\":\"https:\/\/veritasinfo.org\/\",\"name\":\"\",\"description\":\"\",\"potentialAction\":[{\"@type\":\"SearchAction\",\"target\":{\"@type\":\"EntryPoint\",\"urlTemplate\":\"https:\/\/veritasinfo.org\/?s={search_term_string}\"},\"query-input\":{\"@type\":\"PropertyValueSpecification\",\"valueRequired\":true,\"valueName\":\"search_term_string\"}}],\"inLanguage\":\"en-US\"},{\"@type\":\"Person\",\"@id\":\"https:\/\/veritasinfo.org\/#\/schema\/person\/fe199eede04c3937362892b7444747cc\",\"name\":\"US6\",\"image\":{\"@type\":\"ImageObject\",\"inLanguage\":\"en-US\",\"@id\":\"https:\/\/veritasinfo.org\/#\/schema\/person\/image\/\",\"url\":\"https:\/\/secure.gravatar.com\/avatar\/cb16c3c31c9d23b9b8c705964598220b3014e42ff51eb540ff23cefa3ae8c15f?s=96&d=mm&r=g\",\"contentUrl\":\"https:\/\/secure.gravatar.com\/avatar\/cb16c3c31c9d23b9b8c705964598220b3014e42ff51eb540ff23cefa3ae8c15f?s=96&d=mm&r=g\",\"caption\":\"US6\"},\"url\":\"https:\/\/veritasinfo.org\/?author=7\"}]}<\/script>\n<!-- \/ Yoast SEO plugin. -->","yoast_head_json":{"title":"Osmani forcon Kosov\u00ebn n\u00eb Uashington: SHBA e vendos n\u00eb qend\u00ebr t\u00eb politik\u00ebs nd\u00ebrkomb\u00ebtare dhe NATO-s -","robots":{"index":"index","follow":"follow","max-snippet":"max-snippet:-1","max-image-preview":"max-image-preview:large","max-video-preview":"max-video-preview:-1"},"canonical":"https:\/\/veritasinfo.org\/?p=34356","og_locale":"en_US","og_type":"article","og_title":"Osmani forcon Kosov\u00ebn n\u00eb Uashington: SHBA e vendos n\u00eb qend\u00ebr t\u00eb politik\u00ebs nd\u00ebrkomb\u00ebtare dhe NATO-s -","og_description":"Prishtin\u00eb, 24 shkurt 2026 08:50 Dit\u00eb m\u00eb par\u00eb, presidentja e Kosov\u00ebs, Vjosa Osmani, u takua me kryediplomatin amerikan, Marco Rubio, n\u00eb Departamentin amerikan t\u00eb Shtetit.","og_url":"https:\/\/veritasinfo.org\/?p=34356","article_published_time":"2026-02-24T07:55:25+00:00","og_image":[{"width":850,"height":562,"url":"https:\/\/veritasinfo.org\/wp-content\/uploads\/2026\/02\/auto_6011771916320.jpg","type":"image\/jpeg"}],"author":"US6","twitter_card":"summary_large_image","twitter_misc":{"Written by":"US6","Est. reading time":"3 minutes"},"schema":{"@context":"https:\/\/schema.org","@graph":[{"@type":"WebPage","@id":"https:\/\/veritasinfo.org\/?p=34356","url":"https:\/\/veritasinfo.org\/?p=34356","name":"Osmani forcon Kosov\u00ebn n\u00eb Uashington: SHBA e vendos n\u00eb qend\u00ebr t\u00eb politik\u00ebs nd\u00ebrkomb\u00ebtare dhe NATO-s -","isPartOf":{"@id":"https:\/\/veritasinfo.org\/#website"},"primaryImageOfPage":{"@id":"https:\/\/veritasinfo.org\/?p=34356#primaryimage"},"image":{"@id":"https:\/\/veritasinfo.org\/?p=34356#primaryimage"},"thumbnailUrl":"https:\/\/veritasinfo.org\/wp-content\/uploads\/2026\/02\/auto_6011771916320.jpg","datePublished":"2026-02-24T07:55:25+00:00","author":{"@id":"https:\/\/veritasinfo.org\/#\/schema\/person\/fe199eede04c3937362892b7444747cc"},"breadcrumb":{"@id":"https:\/\/veritasinfo.org\/?p=34356#breadcrumb"},"inLanguage":"en-US","potentialAction":[{"@type":"ReadAction","target":["https:\/\/veritasinfo.org\/?p=34356"]}]},{"@type":"ImageObject","inLanguage":"en-US","@id":"https:\/\/veritasinfo.org\/?p=34356#primaryimage","url":"https:\/\/veritasinfo.org\/wp-content\/uploads\/2026\/02\/auto_6011771916320.jpg","contentUrl":"https:\/\/veritasinfo.org\/wp-content\/uploads\/2026\/02\/auto_6011771916320.jpg","width":850,"height":562},{"@type":"BreadcrumbList","@id":"https:\/\/veritasinfo.org\/?p=34356#breadcrumb","itemListElement":[{"@type":"ListItem","position":1,"name":"Home","item":"https:\/\/veritasinfo.org\/"},{"@type":"ListItem","position":2,"name":"Osmani forcon Kosov\u00ebn n\u00eb Uashington: SHBA e vendos n\u00eb qend\u00ebr t\u00eb politik\u00ebs nd\u00ebrkomb\u00ebtare dhe NATO-s"}]},{"@type":"WebSite","@id":"https:\/\/veritasinfo.org\/#website","url":"https:\/\/veritasinfo.org\/","name":"","description":"","potentialAction":[{"@type":"SearchAction","target":{"@type":"EntryPoint","urlTemplate":"https:\/\/veritasinfo.org\/?s={search_term_string}"},"query-input":{"@type":"PropertyValueSpecification","valueRequired":true,"valueName":"search_term_string"}}],"inLanguage":"en-US"},{"@type":"Person","@id":"https:\/\/veritasinfo.org\/#\/schema\/person\/fe199eede04c3937362892b7444747cc","name":"US6","image":{"@type":"ImageObject","inLanguage":"en-US","@id":"https:\/\/veritasinfo.org\/#\/schema\/person\/image\/","url":"https:\/\/secure.gravatar.com\/avatar\/cb16c3c31c9d23b9b8c705964598220b3014e42ff51eb540ff23cefa3ae8c15f?s=96&d=mm&r=g","contentUrl":"https:\/\/secure.gravatar.com\/avatar\/cb16c3c31c9d23b9b8c705964598220b3014e42ff51eb540ff23cefa3ae8c15f?s=96&d=mm&r=g","caption":"US6"},"url":"https:\/\/veritasinfo.org\/?author=7"}]}},"featured_image_urls":{"full":["https:\/\/veritasinfo.org\/wp-content\/uploads\/2026\/02\/auto_6011771916320.jpg",850,562,false],"thumbnail":["https:\/\/veritasinfo.org\/wp-content\/uploads\/2026\/02\/auto_6011771916320-150x150.jpg",150,150,true],"medium":["https:\/\/veritasinfo.org\/wp-content\/uploads\/2026\/02\/auto_6011771916320-300x198.jpg",300,198,true],"medium_large":["https:\/\/veritasinfo.org\/wp-content\/uploads\/2026\/02\/auto_6011771916320-768x508.jpg",640,423,true],"large":["https:\/\/veritasinfo.org\/wp-content\/uploads\/2026\/02\/auto_6011771916320.jpg",640,423,false],"1536x1536":["https:\/\/veritasinfo.org\/wp-content\/uploads\/2026\/02\/auto_6011771916320.jpg",850,562,false],"2048x2048":["https:\/\/veritasinfo.org\/wp-content\/uploads\/2026\/02\/auto_6011771916320.jpg",850,562,false],"kreeti-slider-full":["https:\/\/veritasinfo.org\/wp-content\/uploads\/2026\/02\/auto_6011771916320.jpg",850,562,false],"kreeti-featured":["https:\/\/veritasinfo.org\/wp-content\/uploads\/2026\/02\/auto_6011771916320.jpg",850,562,false],"kreeti-medium":["https:\/\/veritasinfo.org\/wp-content\/uploads\/2026\/02\/auto_6011771916320.jpg",720,476,false],"kreeti-medium-square":["https:\/\/veritasinfo.org\/wp-content\/uploads\/2026\/02\/auto_6011771916320.jpg",350,231,false]},"author_info":{"info":["US6"]},"category_info":"<a href=\"https:\/\/veritasinfo.org\/?cat=58\" rel=\"category\">Politik\u00eb<\/a>","tag_info":"Politik\u00eb","comment_count":"0","_links":{"self":[{"href":"https:\/\/veritasinfo.org\/index.php?rest_route=\/wp\/v2\/posts\/34356","targetHints":{"allow":["GET"]}}],"collection":[{"href":"https:\/\/veritasinfo.org\/index.php?rest_route=\/wp\/v2\/posts"}],"about":[{"href":"https:\/\/veritasinfo.org\/index.php?rest_route=\/wp\/v2\/types\/post"}],"author":[{"embeddable":true,"href":"https:\/\/veritasinfo.org\/index.php?rest_route=\/wp\/v2\/users\/7"}],"replies":[{"embeddable":true,"href":"https:\/\/veritasinfo.org\/index.php?rest_route=%2Fwp%2Fv2%2Fcomments&post=34356"}],"version-history":[{"count":1,"href":"https:\/\/veritasinfo.org\/index.php?rest_route=\/wp\/v2\/posts\/34356\/revisions"}],"predecessor-version":[{"id":34362,"href":"https:\/\/veritasinfo.org\/index.php?rest_route=\/wp\/v2\/posts\/34356\/revisions\/34362"}],"wp:featuredmedia":[{"embeddable":true,"href":"https:\/\/veritasinfo.org\/index.php?rest_route=\/wp\/v2\/media\/34361"}],"wp:attachment":[{"href":"https:\/\/veritasinfo.org\/index.php?rest_route=%2Fwp%2Fv2%2Fmedia&parent=34356"}],"wp:term":[{"taxonomy":"category","embeddable":true,"href":"https:\/\/veritasinfo.org\/index.php?rest_route=%2Fwp%2Fv2%2Fcategories&post=34356"},{"taxonomy":"post_tag","embeddable":true,"href":"https:\/\/veritasinfo.org\/index.php?rest_route=%2Fwp%2Fv2%2Ftags&post=34356"}],"curies":[{"name":"wp","href":"https:\/\/api.w.org\/{rel}","templated":true}]}}