{"id":34347,"date":"2026-02-24T08:41:33","date_gmt":"2026-02-24T07:41:33","guid":{"rendered":"https:\/\/veritasinfo.org\/?p=34347"},"modified":"2026-02-24T08:41:33","modified_gmt":"2026-02-24T07:41:33","slug":"lista-serbe-vazhdon-praktiken-e-vjeter-te-anulimit-te-vendimeve-te-paraardhesve-te-saj","status":"publish","type":"post","link":"https:\/\/veritasinfo.org\/?p=34347","title":{"rendered":"Lista Serbe vazhdon praktik\u00ebn e vjet\u00ebr t\u00eb anulimit t\u00eb vendimeve t\u00eb paraardh\u00ebsve t\u00eb saj"},"content":{"rendered":"<p>Prishtin\u00eb 24 Shkurt 2026 8:38<br \/>\nSipas praktik\u00ebs s\u00eb vjet\u00ebr, Lista Serbe vazhdon t\u00eb anuloj\u00eb vendimet e paraardh\u00ebsve t\u00eb saj. Kuvendi i Komun\u00ebs s\u00eb Leposaviqit mbajti seanc\u00ebn e dyt\u00eb t\u00eb rregullt m\u00eb 20 shkurt, ku, nd\u00ebr t\u00eb tjera, pati propozime p\u00ebr vendime p\u00ebr t\u00eb pavlefsh\u00ebm disa marr\u00ebveshje bashk\u00ebpunimi t\u00eb n\u00ebnshkruara nga qeveria e m\u00ebparshme lokale.<\/p>\n<p>K\u00ebshilltar\u00ebt e opozit\u00ebs n\u00eb Leposaviq i interpretojn\u00eb ato si vazhdim t\u00eb praktik\u00ebs s\u00eb revanshizmit politik dhe anulimit t\u00eb vendimeve t\u00eb administrat\u00ebs s\u00eb m\u00ebparshme, pa nj\u00eb shpjegim t\u00eb qart\u00eb t\u00eb efekteve konkrete t\u00eb k\u00ebtyre marr\u00ebveshjeve.<br \/>\n&#8220;N\u00eb vend q\u00eb t\u00eb analizojn\u00eb se \u00e7far\u00eb u zbatua nga ato marr\u00ebveshje dhe si p\u00ebrfituan qytetar\u00ebt, ata drejtohen n\u00eb anulimin automatik t\u00eb gjith\u00e7kaje q\u00eb u n\u00ebnshkrua n\u00eb mandatin e m\u00ebparsh\u00ebm. Kjo tregon se politika zhvillohet sipas interesit t\u00eb partis\u00eb, jo interesit publik&#8221;, thot\u00eb partia p\u00ebr Liri, Drejt\u00ebsi dhe Mbijetes\u00eb.<\/p>\n<p>Nga ana tjet\u00ebr, p\u00ebrfaq\u00ebsuesit e shumic\u00ebs aktuale nga Lista Serbe deklarojn\u00eb jozyrtarisht se marr\u00ebveshjet ishin &#8220;t\u00eb papajtueshme me rrethanat e reja&#8221; dhe se bashk\u00ebpunimi me komunat dhe nd\u00ebrmarrjet e tjera publike duhet t\u00eb rip\u00ebrcaktohet.<\/p>\n<p>N\u00eb nj\u00eb intervist\u00eb me \u201cVeritasinfo\u201d, L\u00ebvizja Popullore Serbe tha se ata jan\u00eb m\u00eb pak t\u00eb interesuar se kush e n\u00ebnshkroi cilin dokument, dhe m\u00eb shum\u00eb t\u00eb interesuar n\u00ebse vendimet specifike do t\u00eb sjellin vende t\u00eb reja pune, investime dhe stabilitet.<\/p>\n<p>Seanca ishte e hapur p\u00ebr publikun, por mbetet t\u00eb shihet n\u00ebse k\u00ebshilltar\u00ebt e List\u00ebs Serbe do t\u00eb ofrojn\u00eb nj\u00eb shpjegim t\u00eb detajuar pse marr\u00ebveshjet e miratuara m\u00eb par\u00eb tani jan\u00eb t\u00eb pavlefshme dhe n\u00ebse \u00ebsht\u00eb nj\u00eb rishikim themelor apo nj\u00eb vazhdim i praktik\u00ebs politike n\u00eb t\u00eb cil\u00ebn, me ndryshimin e qeveris\u00eb, gjith\u00e7ka e l\u00ebn\u00eb nga qeveria e m\u00ebparshme fshihet.<\/p>\n","protected":false},"excerpt":{"rendered":"<p>Prishtin\u00eb 24 Shkurt 2026 8:38 Sipas praktik\u00ebs s\u00eb vjet\u00ebr, Lista Serbe vazhdon t\u00eb anuloj\u00eb vendimet e paraardh\u00ebsve t\u00eb saj. Kuvendi i Komun\u00ebs s\u00eb Leposaviqit mbajti<\/p>\n","protected":false},"author":6,"featured_media":34348,"comment_status":"open","ping_status":"open","sticky":false,"template":"","format":"standard","meta":{"footnotes":""},"categories":[52],"tags":[],"class_list":["post-34347","post","type-post","status-publish","format-standard","has-post-thumbnail","hentry","category-komunat-sq"],"yoast_head":"<!-- This site is optimized with the Yoast SEO plugin v25.3.1 - https:\/\/yoast.com\/wordpress\/plugins\/seo\/ -->\n<title>Lista Serbe vazhdon praktik\u00ebn e vjet\u00ebr t\u00eb anulimit t\u00eb vendimeve t\u00eb paraardh\u00ebsve t\u00eb saj -<\/title>\n<meta name=\"robots\" content=\"index, follow, max-snippet:-1, max-image-preview:large, max-video-preview:-1\" \/>\n<link rel=\"canonical\" href=\"https:\/\/veritasinfo.org\/?p=34347\" \/>\n<meta property=\"og:locale\" content=\"en_US\" \/>\n<meta property=\"og:type\" content=\"article\" \/>\n<meta property=\"og:title\" content=\"Lista Serbe vazhdon praktik\u00ebn e vjet\u00ebr t\u00eb anulimit t\u00eb vendimeve t\u00eb paraardh\u00ebsve t\u00eb saj -\" \/>\n<meta property=\"og:description\" content=\"Prishtin\u00eb 24 Shkurt 2026 8:38 Sipas praktik\u00ebs s\u00eb vjet\u00ebr, Lista Serbe vazhdon t\u00eb anuloj\u00eb vendimet e paraardh\u00ebsve t\u00eb saj. Kuvendi i Komun\u00ebs s\u00eb Leposaviqit mbajti\" \/>\n<meta property=\"og:url\" content=\"https:\/\/veritasinfo.org\/?p=34347\" \/>\n<meta property=\"article:published_time\" content=\"2026-02-24T07:41:33+00:00\" \/>\n<meta property=\"og:image\" content=\"https:\/\/veritasinfo.org\/wp-content\/uploads\/2026\/02\/IMG-20260224-WA0002-1.jpg\" \/>\n\t<meta property=\"og:image:width\" content=\"1056\" \/>\n\t<meta property=\"og:image:height\" content=\"722\" \/>\n\t<meta property=\"og:image:type\" content=\"image\/jpeg\" \/>\n<meta name=\"author\" content=\"US5\" \/>\n<meta name=\"twitter:card\" content=\"summary_large_image\" \/>\n<meta name=\"twitter:label1\" content=\"Written by\" \/>\n\t<meta name=\"twitter:data1\" content=\"US5\" \/>\n<script type=\"application\/ld+json\" class=\"yoast-schema-graph\">{\"@context\":\"https:\/\/schema.org\",\"@graph\":[{\"@type\":\"WebPage\",\"@id\":\"https:\/\/veritasinfo.org\/?p=34347\",\"url\":\"https:\/\/veritasinfo.org\/?p=34347\",\"name\":\"Lista Serbe vazhdon praktik\u00ebn e vjet\u00ebr t\u00eb anulimit t\u00eb vendimeve t\u00eb paraardh\u00ebsve t\u00eb saj -\",\"isPartOf\":{\"@id\":\"https:\/\/veritasinfo.org\/#website\"},\"primaryImageOfPage\":{\"@id\":\"https:\/\/veritasinfo.org\/?p=34347#primaryimage\"},\"image\":{\"@id\":\"https:\/\/veritasinfo.org\/?p=34347#primaryimage\"},\"thumbnailUrl\":\"https:\/\/veritasinfo.org\/wp-content\/uploads\/2026\/02\/IMG-20260224-WA0002-1.jpg\",\"datePublished\":\"2026-02-24T07:41:33+00:00\",\"author\":{\"@id\":\"https:\/\/veritasinfo.org\/#\/schema\/person\/bc442336e35414d04494ab8fb45db4c6\"},\"breadcrumb\":{\"@id\":\"https:\/\/veritasinfo.org\/?p=34347#breadcrumb\"},\"inLanguage\":\"en-US\",\"potentialAction\":[{\"@type\":\"ReadAction\",\"target\":[\"https:\/\/veritasinfo.org\/?p=34347\"]}]},{\"@type\":\"ImageObject\",\"inLanguage\":\"en-US\",\"@id\":\"https:\/\/veritasinfo.org\/?p=34347#primaryimage\",\"url\":\"https:\/\/veritasinfo.org\/wp-content\/uploads\/2026\/02\/IMG-20260224-WA0002-1.jpg\",\"contentUrl\":\"https:\/\/veritasinfo.org\/wp-content\/uploads\/2026\/02\/IMG-20260224-WA0002-1.jpg\",\"width\":1056,\"height\":722},{\"@type\":\"BreadcrumbList\",\"@id\":\"https:\/\/veritasinfo.org\/?p=34347#breadcrumb\",\"itemListElement\":[{\"@type\":\"ListItem\",\"position\":1,\"name\":\"Home\",\"item\":\"https:\/\/veritasinfo.org\/\"},{\"@type\":\"ListItem\",\"position\":2,\"name\":\"Lista Serbe vazhdon praktik\u00ebn e vjet\u00ebr t\u00eb anulimit t\u00eb vendimeve t\u00eb paraardh\u00ebsve t\u00eb saj\"}]},{\"@type\":\"WebSite\",\"@id\":\"https:\/\/veritasinfo.org\/#website\",\"url\":\"https:\/\/veritasinfo.org\/\",\"name\":\"\",\"description\":\"\",\"potentialAction\":[{\"@type\":\"SearchAction\",\"target\":{\"@type\":\"EntryPoint\",\"urlTemplate\":\"https:\/\/veritasinfo.org\/?s={search_term_string}\"},\"query-input\":{\"@type\":\"PropertyValueSpecification\",\"valueRequired\":true,\"valueName\":\"search_term_string\"}}],\"inLanguage\":\"en-US\"},{\"@type\":\"Person\",\"@id\":\"https:\/\/veritasinfo.org\/#\/schema\/person\/bc442336e35414d04494ab8fb45db4c6\",\"name\":\"US5\",\"image\":{\"@type\":\"ImageObject\",\"inLanguage\":\"en-US\",\"@id\":\"https:\/\/veritasinfo.org\/#\/schema\/person\/image\/\",\"url\":\"https:\/\/secure.gravatar.com\/avatar\/16a61e7272a0c5d001121ebb9e60e925d5816e4ac1e443ed3e640d9a6ae55d0c?s=96&d=mm&r=g\",\"contentUrl\":\"https:\/\/secure.gravatar.com\/avatar\/16a61e7272a0c5d001121ebb9e60e925d5816e4ac1e443ed3e640d9a6ae55d0c?s=96&d=mm&r=g\",\"caption\":\"US5\"},\"url\":\"https:\/\/veritasinfo.org\/?author=6\"}]}<\/script>\n<!-- \/ Yoast SEO plugin. -->","yoast_head_json":{"title":"Lista Serbe vazhdon praktik\u00ebn e vjet\u00ebr t\u00eb anulimit t\u00eb vendimeve t\u00eb paraardh\u00ebsve t\u00eb saj -","robots":{"index":"index","follow":"follow","max-snippet":"max-snippet:-1","max-image-preview":"max-image-preview:large","max-video-preview":"max-video-preview:-1"},"canonical":"https:\/\/veritasinfo.org\/?p=34347","og_locale":"en_US","og_type":"article","og_title":"Lista Serbe vazhdon praktik\u00ebn e vjet\u00ebr t\u00eb anulimit t\u00eb vendimeve t\u00eb paraardh\u00ebsve t\u00eb saj -","og_description":"Prishtin\u00eb 24 Shkurt 2026 8:38 Sipas praktik\u00ebs s\u00eb vjet\u00ebr, Lista Serbe vazhdon t\u00eb anuloj\u00eb vendimet e paraardh\u00ebsve t\u00eb saj. Kuvendi i Komun\u00ebs s\u00eb Leposaviqit mbajti","og_url":"https:\/\/veritasinfo.org\/?p=34347","article_published_time":"2026-02-24T07:41:33+00:00","og_image":[{"width":1056,"height":722,"url":"https:\/\/veritasinfo.org\/wp-content\/uploads\/2026\/02\/IMG-20260224-WA0002-1.jpg","type":"image\/jpeg"}],"author":"US5","twitter_card":"summary_large_image","twitter_misc":{"Written by":"US5"},"schema":{"@context":"https:\/\/schema.org","@graph":[{"@type":"WebPage","@id":"https:\/\/veritasinfo.org\/?p=34347","url":"https:\/\/veritasinfo.org\/?p=34347","name":"Lista Serbe vazhdon praktik\u00ebn e vjet\u00ebr t\u00eb anulimit t\u00eb vendimeve t\u00eb paraardh\u00ebsve t\u00eb saj -","isPartOf":{"@id":"https:\/\/veritasinfo.org\/#website"},"primaryImageOfPage":{"@id":"https:\/\/veritasinfo.org\/?p=34347#primaryimage"},"image":{"@id":"https:\/\/veritasinfo.org\/?p=34347#primaryimage"},"thumbnailUrl":"https:\/\/veritasinfo.org\/wp-content\/uploads\/2026\/02\/IMG-20260224-WA0002-1.jpg","datePublished":"2026-02-24T07:41:33+00:00","author":{"@id":"https:\/\/veritasinfo.org\/#\/schema\/person\/bc442336e35414d04494ab8fb45db4c6"},"breadcrumb":{"@id":"https:\/\/veritasinfo.org\/?p=34347#breadcrumb"},"inLanguage":"en-US","potentialAction":[{"@type":"ReadAction","target":["https:\/\/veritasinfo.org\/?p=34347"]}]},{"@type":"ImageObject","inLanguage":"en-US","@id":"https:\/\/veritasinfo.org\/?p=34347#primaryimage","url":"https:\/\/veritasinfo.org\/wp-content\/uploads\/2026\/02\/IMG-20260224-WA0002-1.jpg","contentUrl":"https:\/\/veritasinfo.org\/wp-content\/uploads\/2026\/02\/IMG-20260224-WA0002-1.jpg","width":1056,"height":722},{"@type":"BreadcrumbList","@id":"https:\/\/veritasinfo.org\/?p=34347#breadcrumb","itemListElement":[{"@type":"ListItem","position":1,"name":"Home","item":"https:\/\/veritasinfo.org\/"},{"@type":"ListItem","position":2,"name":"Lista Serbe vazhdon praktik\u00ebn e vjet\u00ebr t\u00eb anulimit t\u00eb vendimeve t\u00eb paraardh\u00ebsve t\u00eb saj"}]},{"@type":"WebSite","@id":"https:\/\/veritasinfo.org\/#website","url":"https:\/\/veritasinfo.org\/","name":"","description":"","potentialAction":[{"@type":"SearchAction","target":{"@type":"EntryPoint","urlTemplate":"https:\/\/veritasinfo.org\/?s={search_term_string}"},"query-input":{"@type":"PropertyValueSpecification","valueRequired":true,"valueName":"search_term_string"}}],"inLanguage":"en-US"},{"@type":"Person","@id":"https:\/\/veritasinfo.org\/#\/schema\/person\/bc442336e35414d04494ab8fb45db4c6","name":"US5","image":{"@type":"ImageObject","inLanguage":"en-US","@id":"https:\/\/veritasinfo.org\/#\/schema\/person\/image\/","url":"https:\/\/secure.gravatar.com\/avatar\/16a61e7272a0c5d001121ebb9e60e925d5816e4ac1e443ed3e640d9a6ae55d0c?s=96&d=mm&r=g","contentUrl":"https:\/\/secure.gravatar.com\/avatar\/16a61e7272a0c5d001121ebb9e60e925d5816e4ac1e443ed3e640d9a6ae55d0c?s=96&d=mm&r=g","caption":"US5"},"url":"https:\/\/veritasinfo.org\/?author=6"}]}},"featured_image_urls":{"full":["https:\/\/veritasinfo.org\/wp-content\/uploads\/2026\/02\/IMG-20260224-WA0002-1.jpg",1056,722,false],"thumbnail":["https:\/\/veritasinfo.org\/wp-content\/uploads\/2026\/02\/IMG-20260224-WA0002-1-150x150.jpg",150,150,true],"medium":["https:\/\/veritasinfo.org\/wp-content\/uploads\/2026\/02\/IMG-20260224-WA0002-1-300x205.jpg",300,205,true],"medium_large":["https:\/\/veritasinfo.org\/wp-content\/uploads\/2026\/02\/IMG-20260224-WA0002-1-768x525.jpg",640,438,true],"large":["https:\/\/veritasinfo.org\/wp-content\/uploads\/2026\/02\/IMG-20260224-WA0002-1-1024x700.jpg",640,438,true],"1536x1536":["https:\/\/veritasinfo.org\/wp-content\/uploads\/2026\/02\/IMG-20260224-WA0002-1.jpg",1056,722,false],"2048x2048":["https:\/\/veritasinfo.org\/wp-content\/uploads\/2026\/02\/IMG-20260224-WA0002-1.jpg",1056,722,false],"kreeti-slider-full":["https:\/\/veritasinfo.org\/wp-content\/uploads\/2026\/02\/IMG-20260224-WA0002-1.jpg",1053,720,false],"kreeti-featured":["https:\/\/veritasinfo.org\/wp-content\/uploads\/2026\/02\/IMG-20260224-WA0002-1.jpg",1024,700,false],"kreeti-medium":["https:\/\/veritasinfo.org\/wp-content\/uploads\/2026\/02\/IMG-20260224-WA0002-1.jpg",720,492,false],"kreeti-medium-square":["https:\/\/veritasinfo.org\/wp-content\/uploads\/2026\/02\/IMG-20260224-WA0002-1.jpg",350,239,false]},"author_info":{"info":["US5"]},"category_info":"<a href=\"https:\/\/veritasinfo.org\/?cat=52\" rel=\"category\">Komunat<\/a>","tag_info":"Komunat","comment_count":"0","_links":{"self":[{"href":"https:\/\/veritasinfo.org\/index.php?rest_route=\/wp\/v2\/posts\/34347","targetHints":{"allow":["GET"]}}],"collection":[{"href":"https:\/\/veritasinfo.org\/index.php?rest_route=\/wp\/v2\/posts"}],"about":[{"href":"https:\/\/veritasinfo.org\/index.php?rest_route=\/wp\/v2\/types\/post"}],"author":[{"embeddable":true,"href":"https:\/\/veritasinfo.org\/index.php?rest_route=\/wp\/v2\/users\/6"}],"replies":[{"embeddable":true,"href":"https:\/\/veritasinfo.org\/index.php?rest_route=%2Fwp%2Fv2%2Fcomments&post=34347"}],"version-history":[{"count":1,"href":"https:\/\/veritasinfo.org\/index.php?rest_route=\/wp\/v2\/posts\/34347\/revisions"}],"predecessor-version":[{"id":34349,"href":"https:\/\/veritasinfo.org\/index.php?rest_route=\/wp\/v2\/posts\/34347\/revisions\/34349"}],"wp:featuredmedia":[{"embeddable":true,"href":"https:\/\/veritasinfo.org\/index.php?rest_route=\/wp\/v2\/media\/34348"}],"wp:attachment":[{"href":"https:\/\/veritasinfo.org\/index.php?rest_route=%2Fwp%2Fv2%2Fmedia&parent=34347"}],"wp:term":[{"taxonomy":"category","embeddable":true,"href":"https:\/\/veritasinfo.org\/index.php?rest_route=%2Fwp%2Fv2%2Fcategories&post=34347"},{"taxonomy":"post_tag","embeddable":true,"href":"https:\/\/veritasinfo.org\/index.php?rest_route=%2Fwp%2Fv2%2Ftags&post=34347"}],"curies":[{"name":"wp","href":"https:\/\/api.w.org\/{rel}","templated":true}]}}