{"id":34314,"date":"2026-02-24T08:16:49","date_gmt":"2026-02-24T07:16:49","guid":{"rendered":"https:\/\/veritasinfo.org\/?p=34314"},"modified":"2026-02-24T08:16:49","modified_gmt":"2026-02-24T07:16:49","slug":"janjiq-ndarja-apo-asociacioni-ne-kosove-nuk-e-zgjidh-ceshtjen-e-serbeve","status":"publish","type":"post","link":"https:\/\/veritasinfo.org\/?p=34314","title":{"rendered":"Janjiq: Ndarja apo Asociacioni n\u00eb Kosov\u00eb nuk e zgjidh \u00e7\u00ebshtjen e serb\u00ebve"},"content":{"rendered":"<p>Prishtin\u00eb, 24 shkurt 2026 08:12<\/p>\n<p>N\u00eb nj\u00eb bashk\u00ebbisedim n\u00eb podcastin PIK\u00cb me publicistin Veton Surroi, sociologu serb Dushan Janjiq ka shpjeguar pse ishte kund\u00ebr dy projekteve politike p\u00ebr Kosov\u00ebn q\u00eb, sipas tij, jan\u00eb promovuar n\u00ebn iden\u00eb \u201ct\u00eb gjith\u00eb serb\u00ebt n\u00ebn nj\u00eb kumbull\u201d: cop\u00ebtimi i Kosov\u00ebs\/ricaktimi etnik i kufijve dhe territorializimi etnik p\u00ebrmes Asociacionit.<\/p>\n<p>Janjiqi theksoi se p\u00ebrve\u00e7 k\u00ebtyre dy opsioneve ka ekzistuar edhe nj\u00eb i tret\u00eb \u2013 ndarja e Kosov\u00ebs p\u00ebrgjat\u00eb lumit Ib\u00ebr \u2013 por as ky, sipas tij, nuk do ta zgjidhte problemin komb\u00ebtar serb.<\/p>\n<p>\u201cShumica e serb\u00ebve jeton n\u00eb jug t\u00eb Ibrit, p\u00ebrfshir\u00eb n\u00eb Gra\u00e7anic\u00eb\u201d, ka th\u00ebn\u00eb ai, duke argumentuar se ndarja territoriale nuk do t\u00eb p\u00ebrfshinte realitetin demografik n\u00eb terren.<\/p>\n<p>Ai shtoi se nd\u00ebrtimi i nj\u00eb shteti mbi baza etnike \u00ebsht\u00eb i paq\u00ebndruesh\u00ebm.<\/p>\n<p>Mbi baza t\u00eb etnis\u00eb nuk mund t\u00eb nd\u00ebrtosh shtet. Shtetin e b\u00ebn shtet\u00ebsia\u201d, u shpreh Janjiqi, duke theksuar se identiteti, kultura dhe gjuha mund t\u00eb zhvillohen edhe pa projekte territoriale ekskluzive.<\/p>\n<p>&nbsp;<\/p>\n<p>Duke folur p\u00ebr periudh\u00ebn e shp\u00ebrb\u00ebrjes s\u00eb Jugosllavis\u00eb dhe politikat e Slloboan Millosheviqit, ai kritikoi p\u00ebrpjekjet p\u00ebr t\u2019i n\u00ebnshtruar shqiptar\u00ebt dhe p\u00ebr t\u2019i shnd\u00ebrruar n\u00eb \u201cqytetar\u00eb t\u00eb rendit t\u00eb dyt\u00eb\u201d. Sipas tij, k\u00ebto politika jo vet\u00ebm q\u00eb d\u00ebshtuan, por prodhuan pasoja q\u00eb, si\u00e7 tha, po i paguan edhe vet\u00eb kombi serb.<\/p>\n<p>Janjiqi theksoi se alternativa e vetme e q\u00ebndrueshme ka qen\u00eb riorganizimi i sinqert\u00eb i shoq\u00ebris\u00eb mbi baza demokratike, ekonomike dhe pluraliste, dhe jo projekte q\u00eb synojn\u00eb ndarje etnike apo kontroll territorial.<\/p>\n<p>&nbsp;<\/p>\n","protected":false},"excerpt":{"rendered":"<p>Prishtin\u00eb, 24 shkurt 2026 08:12 N\u00eb nj\u00eb bashk\u00ebbisedim n\u00eb podcastin PIK\u00cb me publicistin Veton Surroi, sociologu serb Dushan Janjiq ka shpjeguar pse ishte kund\u00ebr dy<\/p>\n","protected":false},"author":7,"featured_media":34318,"comment_status":"open","ping_status":"open","sticky":false,"template":"","format":"standard","meta":{"footnotes":""},"categories":[58],"tags":[],"class_list":["post-34314","post","type-post","status-publish","format-standard","has-post-thumbnail","hentry","category-politike-sq"],"yoast_head":"<!-- This site is optimized with the Yoast SEO plugin v25.3.1 - https:\/\/yoast.com\/wordpress\/plugins\/seo\/ -->\n<title>Janjiq: Ndarja apo Asociacioni n\u00eb Kosov\u00eb nuk e zgjidh \u00e7\u00ebshtjen e serb\u00ebve -<\/title>\n<meta name=\"robots\" content=\"index, follow, max-snippet:-1, max-image-preview:large, max-video-preview:-1\" \/>\n<link rel=\"canonical\" href=\"https:\/\/veritasinfo.org\/?p=34314\" \/>\n<meta property=\"og:locale\" content=\"en_US\" \/>\n<meta property=\"og:type\" content=\"article\" \/>\n<meta property=\"og:title\" content=\"Janjiq: Ndarja apo Asociacioni n\u00eb Kosov\u00eb nuk e zgjidh \u00e7\u00ebshtjen e serb\u00ebve -\" \/>\n<meta property=\"og:description\" content=\"Prishtin\u00eb, 24 shkurt 2026 08:12 N\u00eb nj\u00eb bashk\u00ebbisedim n\u00eb podcastin PIK\u00cb me publicistin Veton Surroi, sociologu serb Dushan Janjiq ka shpjeguar pse ishte kund\u00ebr dy\" \/>\n<meta property=\"og:url\" content=\"https:\/\/veritasinfo.org\/?p=34314\" \/>\n<meta property=\"article:published_time\" content=\"2026-02-24T07:16:49+00:00\" \/>\n<meta property=\"og:image\" content=\"https:\/\/veritasinfo.org\/wp-content\/uploads\/2026\/02\/images-1-7.jpeg\" \/>\n\t<meta property=\"og:image:width\" content=\"600\" \/>\n\t<meta property=\"og:image:height\" content=\"360\" \/>\n\t<meta property=\"og:image:type\" content=\"image\/jpeg\" \/>\n<meta name=\"author\" content=\"US6\" \/>\n<meta name=\"twitter:card\" content=\"summary_large_image\" \/>\n<meta name=\"twitter:label1\" content=\"Written by\" \/>\n\t<meta name=\"twitter:data1\" content=\"US6\" \/>\n\t<meta name=\"twitter:label2\" content=\"Est. reading time\" \/>\n\t<meta name=\"twitter:data2\" content=\"2 minutes\" \/>\n<script type=\"application\/ld+json\" class=\"yoast-schema-graph\">{\"@context\":\"https:\/\/schema.org\",\"@graph\":[{\"@type\":\"WebPage\",\"@id\":\"https:\/\/veritasinfo.org\/?p=34314\",\"url\":\"https:\/\/veritasinfo.org\/?p=34314\",\"name\":\"Janjiq: Ndarja apo Asociacioni n\u00eb Kosov\u00eb nuk e zgjidh \u00e7\u00ebshtjen e serb\u00ebve -\",\"isPartOf\":{\"@id\":\"https:\/\/veritasinfo.org\/#website\"},\"primaryImageOfPage\":{\"@id\":\"https:\/\/veritasinfo.org\/?p=34314#primaryimage\"},\"image\":{\"@id\":\"https:\/\/veritasinfo.org\/?p=34314#primaryimage\"},\"thumbnailUrl\":\"https:\/\/veritasinfo.org\/wp-content\/uploads\/2026\/02\/images-1-7.jpeg\",\"datePublished\":\"2026-02-24T07:16:49+00:00\",\"author\":{\"@id\":\"https:\/\/veritasinfo.org\/#\/schema\/person\/fe199eede04c3937362892b7444747cc\"},\"breadcrumb\":{\"@id\":\"https:\/\/veritasinfo.org\/?p=34314#breadcrumb\"},\"inLanguage\":\"en-US\",\"potentialAction\":[{\"@type\":\"ReadAction\",\"target\":[\"https:\/\/veritasinfo.org\/?p=34314\"]}]},{\"@type\":\"ImageObject\",\"inLanguage\":\"en-US\",\"@id\":\"https:\/\/veritasinfo.org\/?p=34314#primaryimage\",\"url\":\"https:\/\/veritasinfo.org\/wp-content\/uploads\/2026\/02\/images-1-7.jpeg\",\"contentUrl\":\"https:\/\/veritasinfo.org\/wp-content\/uploads\/2026\/02\/images-1-7.jpeg\",\"width\":600,\"height\":360},{\"@type\":\"BreadcrumbList\",\"@id\":\"https:\/\/veritasinfo.org\/?p=34314#breadcrumb\",\"itemListElement\":[{\"@type\":\"ListItem\",\"position\":1,\"name\":\"Home\",\"item\":\"https:\/\/veritasinfo.org\/\"},{\"@type\":\"ListItem\",\"position\":2,\"name\":\"Janjiq: Ndarja apo Asociacioni n\u00eb Kosov\u00eb nuk e zgjidh \u00e7\u00ebshtjen e serb\u00ebve\"}]},{\"@type\":\"WebSite\",\"@id\":\"https:\/\/veritasinfo.org\/#website\",\"url\":\"https:\/\/veritasinfo.org\/\",\"name\":\"\",\"description\":\"\",\"potentialAction\":[{\"@type\":\"SearchAction\",\"target\":{\"@type\":\"EntryPoint\",\"urlTemplate\":\"https:\/\/veritasinfo.org\/?s={search_term_string}\"},\"query-input\":{\"@type\":\"PropertyValueSpecification\",\"valueRequired\":true,\"valueName\":\"search_term_string\"}}],\"inLanguage\":\"en-US\"},{\"@type\":\"Person\",\"@id\":\"https:\/\/veritasinfo.org\/#\/schema\/person\/fe199eede04c3937362892b7444747cc\",\"name\":\"US6\",\"image\":{\"@type\":\"ImageObject\",\"inLanguage\":\"en-US\",\"@id\":\"https:\/\/veritasinfo.org\/#\/schema\/person\/image\/\",\"url\":\"https:\/\/secure.gravatar.com\/avatar\/cb16c3c31c9d23b9b8c705964598220b3014e42ff51eb540ff23cefa3ae8c15f?s=96&d=mm&r=g\",\"contentUrl\":\"https:\/\/secure.gravatar.com\/avatar\/cb16c3c31c9d23b9b8c705964598220b3014e42ff51eb540ff23cefa3ae8c15f?s=96&d=mm&r=g\",\"caption\":\"US6\"},\"url\":\"https:\/\/veritasinfo.org\/?author=7\"}]}<\/script>\n<!-- \/ Yoast SEO plugin. -->","yoast_head_json":{"title":"Janjiq: Ndarja apo Asociacioni n\u00eb Kosov\u00eb nuk e zgjidh \u00e7\u00ebshtjen e serb\u00ebve -","robots":{"index":"index","follow":"follow","max-snippet":"max-snippet:-1","max-image-preview":"max-image-preview:large","max-video-preview":"max-video-preview:-1"},"canonical":"https:\/\/veritasinfo.org\/?p=34314","og_locale":"en_US","og_type":"article","og_title":"Janjiq: Ndarja apo Asociacioni n\u00eb Kosov\u00eb nuk e zgjidh \u00e7\u00ebshtjen e serb\u00ebve -","og_description":"Prishtin\u00eb, 24 shkurt 2026 08:12 N\u00eb nj\u00eb bashk\u00ebbisedim n\u00eb podcastin PIK\u00cb me publicistin Veton Surroi, sociologu serb Dushan Janjiq ka shpjeguar pse ishte kund\u00ebr dy","og_url":"https:\/\/veritasinfo.org\/?p=34314","article_published_time":"2026-02-24T07:16:49+00:00","og_image":[{"width":600,"height":360,"url":"https:\/\/veritasinfo.org\/wp-content\/uploads\/2026\/02\/images-1-7.jpeg","type":"image\/jpeg"}],"author":"US6","twitter_card":"summary_large_image","twitter_misc":{"Written by":"US6","Est. reading time":"2 minutes"},"schema":{"@context":"https:\/\/schema.org","@graph":[{"@type":"WebPage","@id":"https:\/\/veritasinfo.org\/?p=34314","url":"https:\/\/veritasinfo.org\/?p=34314","name":"Janjiq: Ndarja apo Asociacioni n\u00eb Kosov\u00eb nuk e zgjidh \u00e7\u00ebshtjen e serb\u00ebve -","isPartOf":{"@id":"https:\/\/veritasinfo.org\/#website"},"primaryImageOfPage":{"@id":"https:\/\/veritasinfo.org\/?p=34314#primaryimage"},"image":{"@id":"https:\/\/veritasinfo.org\/?p=34314#primaryimage"},"thumbnailUrl":"https:\/\/veritasinfo.org\/wp-content\/uploads\/2026\/02\/images-1-7.jpeg","datePublished":"2026-02-24T07:16:49+00:00","author":{"@id":"https:\/\/veritasinfo.org\/#\/schema\/person\/fe199eede04c3937362892b7444747cc"},"breadcrumb":{"@id":"https:\/\/veritasinfo.org\/?p=34314#breadcrumb"},"inLanguage":"en-US","potentialAction":[{"@type":"ReadAction","target":["https:\/\/veritasinfo.org\/?p=34314"]}]},{"@type":"ImageObject","inLanguage":"en-US","@id":"https:\/\/veritasinfo.org\/?p=34314#primaryimage","url":"https:\/\/veritasinfo.org\/wp-content\/uploads\/2026\/02\/images-1-7.jpeg","contentUrl":"https:\/\/veritasinfo.org\/wp-content\/uploads\/2026\/02\/images-1-7.jpeg","width":600,"height":360},{"@type":"BreadcrumbList","@id":"https:\/\/veritasinfo.org\/?p=34314#breadcrumb","itemListElement":[{"@type":"ListItem","position":1,"name":"Home","item":"https:\/\/veritasinfo.org\/"},{"@type":"ListItem","position":2,"name":"Janjiq: Ndarja apo Asociacioni n\u00eb Kosov\u00eb nuk e zgjidh \u00e7\u00ebshtjen e serb\u00ebve"}]},{"@type":"WebSite","@id":"https:\/\/veritasinfo.org\/#website","url":"https:\/\/veritasinfo.org\/","name":"","description":"","potentialAction":[{"@type":"SearchAction","target":{"@type":"EntryPoint","urlTemplate":"https:\/\/veritasinfo.org\/?s={search_term_string}"},"query-input":{"@type":"PropertyValueSpecification","valueRequired":true,"valueName":"search_term_string"}}],"inLanguage":"en-US"},{"@type":"Person","@id":"https:\/\/veritasinfo.org\/#\/schema\/person\/fe199eede04c3937362892b7444747cc","name":"US6","image":{"@type":"ImageObject","inLanguage":"en-US","@id":"https:\/\/veritasinfo.org\/#\/schema\/person\/image\/","url":"https:\/\/secure.gravatar.com\/avatar\/cb16c3c31c9d23b9b8c705964598220b3014e42ff51eb540ff23cefa3ae8c15f?s=96&d=mm&r=g","contentUrl":"https:\/\/secure.gravatar.com\/avatar\/cb16c3c31c9d23b9b8c705964598220b3014e42ff51eb540ff23cefa3ae8c15f?s=96&d=mm&r=g","caption":"US6"},"url":"https:\/\/veritasinfo.org\/?author=7"}]}},"featured_image_urls":{"full":["https:\/\/veritasinfo.org\/wp-content\/uploads\/2026\/02\/images-1-7.jpeg",600,360,false],"thumbnail":["https:\/\/veritasinfo.org\/wp-content\/uploads\/2026\/02\/images-1-7-150x150.jpeg",150,150,true],"medium":["https:\/\/veritasinfo.org\/wp-content\/uploads\/2026\/02\/images-1-7-300x180.jpeg",300,180,true],"medium_large":["https:\/\/veritasinfo.org\/wp-content\/uploads\/2026\/02\/images-1-7.jpeg",600,360,false],"large":["https:\/\/veritasinfo.org\/wp-content\/uploads\/2026\/02\/images-1-7.jpeg",600,360,false],"1536x1536":["https:\/\/veritasinfo.org\/wp-content\/uploads\/2026\/02\/images-1-7.jpeg",600,360,false],"2048x2048":["https:\/\/veritasinfo.org\/wp-content\/uploads\/2026\/02\/images-1-7.jpeg",600,360,false],"kreeti-slider-full":["https:\/\/veritasinfo.org\/wp-content\/uploads\/2026\/02\/images-1-7.jpeg",600,360,false],"kreeti-featured":["https:\/\/veritasinfo.org\/wp-content\/uploads\/2026\/02\/images-1-7.jpeg",600,360,false],"kreeti-medium":["https:\/\/veritasinfo.org\/wp-content\/uploads\/2026\/02\/images-1-7.jpeg",600,360,false],"kreeti-medium-square":["https:\/\/veritasinfo.org\/wp-content\/uploads\/2026\/02\/images-1-7.jpeg",350,210,false]},"author_info":{"info":["US6"]},"category_info":"<a href=\"https:\/\/veritasinfo.org\/?cat=58\" rel=\"category\">Politik\u00eb<\/a>","tag_info":"Politik\u00eb","comment_count":"0","_links":{"self":[{"href":"https:\/\/veritasinfo.org\/index.php?rest_route=\/wp\/v2\/posts\/34314","targetHints":{"allow":["GET"]}}],"collection":[{"href":"https:\/\/veritasinfo.org\/index.php?rest_route=\/wp\/v2\/posts"}],"about":[{"href":"https:\/\/veritasinfo.org\/index.php?rest_route=\/wp\/v2\/types\/post"}],"author":[{"embeddable":true,"href":"https:\/\/veritasinfo.org\/index.php?rest_route=\/wp\/v2\/users\/7"}],"replies":[{"embeddable":true,"href":"https:\/\/veritasinfo.org\/index.php?rest_route=%2Fwp%2Fv2%2Fcomments&post=34314"}],"version-history":[{"count":1,"href":"https:\/\/veritasinfo.org\/index.php?rest_route=\/wp\/v2\/posts\/34314\/revisions"}],"predecessor-version":[{"id":34319,"href":"https:\/\/veritasinfo.org\/index.php?rest_route=\/wp\/v2\/posts\/34314\/revisions\/34319"}],"wp:featuredmedia":[{"embeddable":true,"href":"https:\/\/veritasinfo.org\/index.php?rest_route=\/wp\/v2\/media\/34318"}],"wp:attachment":[{"href":"https:\/\/veritasinfo.org\/index.php?rest_route=%2Fwp%2Fv2%2Fmedia&parent=34314"}],"wp:term":[{"taxonomy":"category","embeddable":true,"href":"https:\/\/veritasinfo.org\/index.php?rest_route=%2Fwp%2Fv2%2Fcategories&post=34314"},{"taxonomy":"post_tag","embeddable":true,"href":"https:\/\/veritasinfo.org\/index.php?rest_route=%2Fwp%2Fv2%2Ftags&post=34314"}],"curies":[{"name":"wp","href":"https:\/\/api.w.org\/{rel}","templated":true}]}}